{"id":93948,"date":"2016-01-11T16:21:35","date_gmt":"2016-01-11T15:21:35","guid":{"rendered":"http:\/\/www.visit-ulcinj.com\/blog\/?p=93948"},"modified":"2016-01-11T16:32:17","modified_gmt":"2016-01-11T15:32:17","slug":"gazeta-dan-akuzon-gjeken-per-blerje-votash","status":"publish","type":"post","link":"https:\/\/www.visit-ulcinj.com\/blog\/2016\/01\/11\/gazeta-dan-akuzon-gjeken-per-blerje-votash\/","title":{"rendered":"Gazeta &#8220;DAN&#8221; akuzon Gjek\u00ebn p\u00ebr blerje votash"},"content":{"rendered":"<article id=\"post-12897\" class=\"post-12897 post type-post status-publish format-standard has-post-thumbnail category-aktuale category-ekonomi-ulqin category-politike-ulqin category-ulqin tag-fatmir-gjeka\">\n<div class=\"entry-content clearfix\">\n<p><a href=\"http:\/\/www.visit-ulcinj.com\/blog\/wp-content\/uploads\/2016\/01\/Blerja-e-votash.jpg\"><img loading=\"lazy\" class=\"alignleft wp-image-93949\" src=\"http:\/\/www.visit-ulcinj.com\/blog\/wp-content\/uploads\/2016\/01\/Blerja-e-votash.jpg\" alt=\"Blerja e votash\" width=\"508\" height=\"294\" \/><\/a>Gazeta e p\u00ebrditshme malazeze \u201cDan\u201d, ka dal\u00eb sot me nj\u00eb artikull ku akuzon r\u00ebnd\u00eb kryetarin aktual t\u00eb Komun\u00ebs Fatmir Gjeka, p\u00ebr keqp\u00ebrdorim t\u00eb mjeteve financiare t\u00eb Komun\u00ebs p\u00ebr blerje votash para zgjedhjeve n\u00eb vitet 2009 dhe 2010, raporton portali informativ Lajm.me.<\/p>\n<p>Sipas k\u00ebsaj gazete, aktivist\u00ebt e UDSH-s, n\u00eb koh\u00ebn kur Gjeka ishte sekretar p\u00ebr financa, kan\u00eb marr\u00eb material nd\u00ebrtimor nga kompania \u201cGradja Comerce\u201d dhe e kan\u00eb shp\u00ebrndar\u00eb n\u00eb k\u00ebmbim t\u00eb votave.<\/p>\n<p>N\u00eb total b\u00ebhet fjal\u00eb p\u00ebr 150 faktura t\u00eb l\u00ebshuara nga kjo kompani, me vler\u00eb 2000-3000 euro secila, duke arritur n\u00eb shifra skandaloze prej af\u00ebr gjys\u00ebm milioni.<br \/>\nFakturat jan\u00eb miratuar nga sekretari i at\u00ebhersh\u00ebm p\u00ebr financa Fatmir Gjeka, edhe pse ky aktivitet \u00ebsht\u00eb detyr\u00eb e Sekretariatit p\u00ebr veprimtari komunale.<\/p>\n<p>T\u00eb gjitha fakturat jan\u00eb n\u00ebn vler\u00ebn e 5000 eurove, pasi p\u00ebr vlera m\u00eb t\u00eb larta nevojitet procedura e prokurimit, \u00e7ka si duket tentohej t\u00eb shmangej.<\/p>\n<p>\u201cDan\u201d ka dal\u00eb edhe me emrat e personave q\u00eb kan\u00eb marr\u00eb materialim nga \u201cGradja Comerce\u201d q\u00eb i cil\u00ebson si bashk\u00ebpuntor\u00eb t\u00eb tij t\u00eb ngusht\u00eb. Ato jan\u00eb:<br \/>\nAsllan Alaj, Aljo Lukoviq, Islam Xhurretoviq, Azem \u00c7obi, Brahim Laloviq, Shaban Lleshi, Mustaf Aloshi, Myzafer Aloshi, Esat Gjeka, Enver Rexha, Samir Ceni, Azem Kollari dhe Amir Mehmedoviq.<\/p>\n<p><strong>Lajm.me<\/strong><\/p>\n<p>&nbsp;<\/p>\n<p><strong>\u201cDan\u201d: Partner\u00ebt e koalicionit t\u00eb PDS-s\u00eb blenin vota me material nd\u00ebrtimor<\/strong><\/p>\n<p>Aktivist\u00ebt e Unionit demokratik t\u00eb Shqiptar\u00ebve, partnerit t\u00eb koalicionit t\u00eb PDS-s\u00eb, kan\u00eb organizuar blerjen e votave para zgjedhjeve lokale dhe parlamentare n\u00eb Ulqin duke i mund\u00ebsuar votuesve q\u00eb pak para zgjedhjeve t\u00eb marrin material nd\u00ebrtues n\u00eb nj\u00eb kompani t\u00eb Ulqinit, nd\u00ebrsa shpenzimet i ka mbuluar Komuna, thuhet n\u00eb dokumentet e dor\u00ebzuara redaksis\u00eb s\u00eb gazet\u00ebs \u201cDan\u201d.<\/p>\n<p>Si\u00e7 thuhet, p\u00ebrgjegj\u00ebs p\u00ebr gjith\u00e7ka asokohe ishte funksionari i UDSH-s\u00eb dhe sekretari komunal p\u00ebr buxhet dhe financa, nd\u00ebrsa lideri i tanish\u00ebm i Partis\u00eb demokratike dhe kryetari i komun\u00ebs s\u00eb Ulqinit Fatmir Gjeka.<\/p>\n<p>Shtohet q\u00eb b\u00ebhet fjal\u00eb p\u00ebr rreth 150 fatura n\u00eb vlerat prej dy deri n\u00eb tre mij\u00eb euro, e t\u00eb cilat jan\u00eb l\u00ebshuar menj\u00ebher\u00eb para zgjedhjeve parlamentare n\u00eb mars t\u00eb vitit 2009 dhe zgjedhje lokale t\u00eb cilat n\u00eb Ulqin jan\u00eb mbajtur n\u00eb vitin 2010, fillimisht n\u00eb maj, e pastaj edhe n\u00eb tetor.<\/p>\n<p><strong>Ul.Info<\/strong><\/p>\n<div class=\"clearfix\"><\/div>\n<\/div>\n<\/article>\n<div class=\"clear\"><\/div>\n<div class=\"entry-tag-links\"><\/div>\n","protected":false},"excerpt":{"rendered":"<p>Gazeta e p\u00ebrditshme malazeze \u201cDan\u201d, ka dal\u00eb sot me nj\u00eb artikull ku akuzon r\u00ebnd\u00eb kryetarin aktual t\u00eb Komun\u00ebs Fatmir Gjeka, p\u00ebr keqp\u00ebrdorim t\u00eb mjeteve financiare t\u00eb Komun\u00ebs p\u00ebr blerje votash para zgjedhjeve n\u00eb vitet 2009 dhe 2010, raporton portali informativ Lajm.me. Sipas k\u00ebsaj gazete, aktivist\u00ebt e UDSH-s, n\u00eb koh\u00ebn kur Gjeka ishte sekretar p\u00ebr financa, [&hellip;]<\/p>\n","protected":false},"author":1,"featured_media":0,"comment_status":"closed","ping_status":"closed","sticky":false,"template":"","format":"standard","meta":{"spay_email":"","jetpack_publicize_message":"","jetpack_is_tweetstorm":false,"jetpack_publicize_feature_enabled":true},"categories":[12],"tags":[],"jetpack_publicize_connections":[],"yoast_head":"<!-- This site is optimized with the Yoast SEO plugin v19.1 - https:\/\/yoast.com\/wordpress\/plugins\/seo\/ -->\n<title>Gazeta &quot;DAN&quot; akuzon Gjek\u00ebn p\u00ebr blerje votash - Lajme nga Ulqini<\/title>\n<meta name=\"description\" content=\"Gazeta e p\u00ebrditshme malazeze \u201cDan\u201d, ka dal\u00eb sot me nj\u00eb artikull ku akuzon r\u00ebnd\u00eb kryetarin aktual t\u00eb Komun\u00ebs Fatmir Gjeka, p\u00ebr keqp\u00ebrdorim t\u00eb mjeteve\" \/>\n<meta name=\"robots\" content=\"index, follow, max-snippet:-1, max-image-preview:large, max-video-preview:-1\" \/>\n<link rel=\"canonical\" href=\"https:\/\/www.visit-ulcinj.com\/blog\/2016\/01\/11\/gazeta-dan-akuzon-gjeken-per-blerje-votash\/\" \/>\n<meta property=\"og:locale\" content=\"en_US\" \/>\n<meta property=\"og:type\" content=\"article\" \/>\n<meta property=\"og:title\" content=\"Gazeta &quot;DAN&quot; akuzon Gjek\u00ebn p\u00ebr blerje votash - Lajme nga Ulqini\" \/>\n<meta property=\"og:description\" content=\"Gazeta e p\u00ebrditshme malazeze \u201cDan\u201d, ka dal\u00eb sot me nj\u00eb artikull ku akuzon r\u00ebnd\u00eb kryetarin aktual t\u00eb Komun\u00ebs Fatmir Gjeka, p\u00ebr keqp\u00ebrdorim t\u00eb mjeteve\" \/>\n<meta property=\"og:url\" content=\"https:\/\/www.visit-ulcinj.com\/blog\/2016\/01\/11\/gazeta-dan-akuzon-gjeken-per-blerje-votash\/\" \/>\n<meta property=\"og:site_name\" content=\"Lajme nga Ulqini\" \/>\n<meta property=\"article:published_time\" content=\"2016-01-11T15:21:35+00:00\" \/>\n<meta property=\"article:modified_time\" content=\"2016-01-11T15:32:17+00:00\" \/>\n<meta property=\"og:image\" content=\"http:\/\/www.visit-ulcinj.com\/blog\/wp-content\/uploads\/2016\/01\/Blerja-e-votash.jpg\" \/>\n<meta name=\"twitter:label1\" content=\"Written by\" \/>\n\t<meta name=\"twitter:data1\" content=\"ulqini\" \/>\n\t<meta name=\"twitter:label2\" content=\"Est. reading time\" \/>\n\t<meta name=\"twitter:data2\" content=\"2 minutes\" \/>\n<script type=\"application\/ld+json\" class=\"yoast-schema-graph\">{\"@context\":\"https:\/\/schema.org\",\"@graph\":[{\"@type\":\"WebSite\",\"@id\":\"https:\/\/www.visit-ulcinj.com\/blog\/#website\",\"url\":\"https:\/\/www.visit-ulcinj.com\/blog\/\",\"name\":\"Lajme nga Ulqini\",\"description\":\"Lajme,Vijesti,Ulqini,Ulqin,Crna Gora,Mali i Zi\",\"potentialAction\":[{\"@type\":\"SearchAction\",\"target\":{\"@type\":\"EntryPoint\",\"urlTemplate\":\"https:\/\/www.visit-ulcinj.com\/blog\/?s={search_term_string}\"},\"query-input\":\"required name=search_term_string\"}],\"inLanguage\":\"en-US\"},{\"@type\":\"ImageObject\",\"inLanguage\":\"en-US\",\"@id\":\"https:\/\/www.visit-ulcinj.com\/blog\/2016\/01\/11\/gazeta-dan-akuzon-gjeken-per-blerje-votash\/#primaryimage\",\"url\":\"http:\/\/www.visit-ulcinj.com\/blog\/wp-content\/uploads\/2016\/01\/Blerja-e-votash.jpg\",\"contentUrl\":\"http:\/\/www.visit-ulcinj.com\/blog\/wp-content\/uploads\/2016\/01\/Blerja-e-votash.jpg\"},{\"@type\":\"WebPage\",\"@id\":\"https:\/\/www.visit-ulcinj.com\/blog\/2016\/01\/11\/gazeta-dan-akuzon-gjeken-per-blerje-votash\/#webpage\",\"url\":\"https:\/\/www.visit-ulcinj.com\/blog\/2016\/01\/11\/gazeta-dan-akuzon-gjeken-per-blerje-votash\/\",\"name\":\"Gazeta \\\"DAN\\\" akuzon Gjek\u00ebn p\u00ebr blerje votash - Lajme nga Ulqini\",\"isPartOf\":{\"@id\":\"https:\/\/www.visit-ulcinj.com\/blog\/#website\"},\"primaryImageOfPage\":{\"@id\":\"https:\/\/www.visit-ulcinj.com\/blog\/2016\/01\/11\/gazeta-dan-akuzon-gjeken-per-blerje-votash\/#primaryimage\"},\"datePublished\":\"2016-01-11T15:21:35+00:00\",\"dateModified\":\"2016-01-11T15:32:17+00:00\",\"author\":{\"@id\":\"https:\/\/www.visit-ulcinj.com\/blog\/#\/schema\/person\/dcab619c614d3038751c63bc2aadc06d\"},\"description\":\"Gazeta e p\u00ebrditshme malazeze \u201cDan\u201d, ka dal\u00eb sot me nj\u00eb artikull ku akuzon r\u00ebnd\u00eb kryetarin aktual t\u00eb Komun\u00ebs Fatmir Gjeka, p\u00ebr keqp\u00ebrdorim t\u00eb mjeteve\",\"breadcrumb\":{\"@id\":\"https:\/\/www.visit-ulcinj.com\/blog\/2016\/01\/11\/gazeta-dan-akuzon-gjeken-per-blerje-votash\/#breadcrumb\"},\"inLanguage\":\"en-US\",\"potentialAction\":[{\"@type\":\"ReadAction\",\"target\":[\"https:\/\/www.visit-ulcinj.com\/blog\/2016\/01\/11\/gazeta-dan-akuzon-gjeken-per-blerje-votash\/\"]}]},{\"@type\":\"BreadcrumbList\",\"@id\":\"https:\/\/www.visit-ulcinj.com\/blog\/2016\/01\/11\/gazeta-dan-akuzon-gjeken-per-blerje-votash\/#breadcrumb\",\"itemListElement\":[{\"@type\":\"ListItem\",\"position\":1,\"name\":\"Gazeta &#8220;DAN&#8221; akuzon Gjek\u00ebn p\u00ebr blerje votash\"}]},{\"@type\":\"Person\",\"@id\":\"https:\/\/www.visit-ulcinj.com\/blog\/#\/schema\/person\/dcab619c614d3038751c63bc2aadc06d\",\"name\":\"ulqini\",\"sameAs\":[\"http:\/\/www.visit-ulcinj.com\"],\"url\":\"https:\/\/www.visit-ulcinj.com\/blog\/author\/admin\/\"}]}<\/script>\n<!-- \/ Yoast SEO plugin. -->","yoast_head_json":{"title":"Gazeta \"DAN\" akuzon Gjek\u00ebn p\u00ebr blerje votash - Lajme nga Ulqini","description":"Gazeta e p\u00ebrditshme malazeze \u201cDan\u201d, ka dal\u00eb sot me nj\u00eb artikull ku akuzon r\u00ebnd\u00eb kryetarin aktual t\u00eb Komun\u00ebs Fatmir Gjeka, p\u00ebr keqp\u00ebrdorim t\u00eb mjeteve","robots":{"index":"index","follow":"follow","max-snippet":"max-snippet:-1","max-image-preview":"max-image-preview:large","max-video-preview":"max-video-preview:-1"},"canonical":"https:\/\/www.visit-ulcinj.com\/blog\/2016\/01\/11\/gazeta-dan-akuzon-gjeken-per-blerje-votash\/","og_locale":"en_US","og_type":"article","og_title":"Gazeta \"DAN\" akuzon Gjek\u00ebn p\u00ebr blerje votash - Lajme nga Ulqini","og_description":"Gazeta e p\u00ebrditshme malazeze \u201cDan\u201d, ka dal\u00eb sot me nj\u00eb artikull ku akuzon r\u00ebnd\u00eb kryetarin aktual t\u00eb Komun\u00ebs Fatmir Gjeka, p\u00ebr keqp\u00ebrdorim t\u00eb mjeteve","og_url":"https:\/\/www.visit-ulcinj.com\/blog\/2016\/01\/11\/gazeta-dan-akuzon-gjeken-per-blerje-votash\/","og_site_name":"Lajme nga Ulqini","article_published_time":"2016-01-11T15:21:35+00:00","article_modified_time":"2016-01-11T15:32:17+00:00","og_image":[{"url":"http:\/\/www.visit-ulcinj.com\/blog\/wp-content\/uploads\/2016\/01\/Blerja-e-votash.jpg"}],"twitter_misc":{"Written by":"ulqini","Est. reading time":"2 minutes"},"schema":{"@context":"https:\/\/schema.org","@graph":[{"@type":"WebSite","@id":"https:\/\/www.visit-ulcinj.com\/blog\/#website","url":"https:\/\/www.visit-ulcinj.com\/blog\/","name":"Lajme nga Ulqini","description":"Lajme,Vijesti,Ulqini,Ulqin,Crna Gora,Mali i Zi","potentialAction":[{"@type":"SearchAction","target":{"@type":"EntryPoint","urlTemplate":"https:\/\/www.visit-ulcinj.com\/blog\/?s={search_term_string}"},"query-input":"required name=search_term_string"}],"inLanguage":"en-US"},{"@type":"ImageObject","inLanguage":"en-US","@id":"https:\/\/www.visit-ulcinj.com\/blog\/2016\/01\/11\/gazeta-dan-akuzon-gjeken-per-blerje-votash\/#primaryimage","url":"http:\/\/www.visit-ulcinj.com\/blog\/wp-content\/uploads\/2016\/01\/Blerja-e-votash.jpg","contentUrl":"http:\/\/www.visit-ulcinj.com\/blog\/wp-content\/uploads\/2016\/01\/Blerja-e-votash.jpg"},{"@type":"WebPage","@id":"https:\/\/www.visit-ulcinj.com\/blog\/2016\/01\/11\/gazeta-dan-akuzon-gjeken-per-blerje-votash\/#webpage","url":"https:\/\/www.visit-ulcinj.com\/blog\/2016\/01\/11\/gazeta-dan-akuzon-gjeken-per-blerje-votash\/","name":"Gazeta \"DAN\" akuzon Gjek\u00ebn p\u00ebr blerje votash - Lajme nga Ulqini","isPartOf":{"@id":"https:\/\/www.visit-ulcinj.com\/blog\/#website"},"primaryImageOfPage":{"@id":"https:\/\/www.visit-ulcinj.com\/blog\/2016\/01\/11\/gazeta-dan-akuzon-gjeken-per-blerje-votash\/#primaryimage"},"datePublished":"2016-01-11T15:21:35+00:00","dateModified":"2016-01-11T15:32:17+00:00","author":{"@id":"https:\/\/www.visit-ulcinj.com\/blog\/#\/schema\/person\/dcab619c614d3038751c63bc2aadc06d"},"description":"Gazeta e p\u00ebrditshme malazeze \u201cDan\u201d, ka dal\u00eb sot me nj\u00eb artikull ku akuzon r\u00ebnd\u00eb kryetarin aktual t\u00eb Komun\u00ebs Fatmir Gjeka, p\u00ebr keqp\u00ebrdorim t\u00eb mjeteve","breadcrumb":{"@id":"https:\/\/www.visit-ulcinj.com\/blog\/2016\/01\/11\/gazeta-dan-akuzon-gjeken-per-blerje-votash\/#breadcrumb"},"inLanguage":"en-US","potentialAction":[{"@type":"ReadAction","target":["https:\/\/www.visit-ulcinj.com\/blog\/2016\/01\/11\/gazeta-dan-akuzon-gjeken-per-blerje-votash\/"]}]},{"@type":"BreadcrumbList","@id":"https:\/\/www.visit-ulcinj.com\/blog\/2016\/01\/11\/gazeta-dan-akuzon-gjeken-per-blerje-votash\/#breadcrumb","itemListElement":[{"@type":"ListItem","position":1,"name":"Gazeta &#8220;DAN&#8221; akuzon Gjek\u00ebn p\u00ebr blerje votash"}]},{"@type":"Person","@id":"https:\/\/www.visit-ulcinj.com\/blog\/#\/schema\/person\/dcab619c614d3038751c63bc2aadc06d","name":"ulqini","sameAs":["http:\/\/www.visit-ulcinj.com"],"url":"https:\/\/www.visit-ulcinj.com\/blog\/author\/admin\/"}]}},"jetpack_featured_media_url":"","jetpack_sharing_enabled":true,"jetpack_shortlink":"https:\/\/wp.me\/pe6lTn-ori","_links":{"self":[{"href":"https:\/\/www.visit-ulcinj.com\/blog\/wp-json\/wp\/v2\/posts\/93948"}],"collection":[{"href":"https:\/\/www.visit-ulcinj.com\/blog\/wp-json\/wp\/v2\/posts"}],"about":[{"href":"https:\/\/www.visit-ulcinj.com\/blog\/wp-json\/wp\/v2\/types\/post"}],"author":[{"embeddable":true,"href":"https:\/\/www.visit-ulcinj.com\/blog\/wp-json\/wp\/v2\/users\/1"}],"replies":[{"embeddable":true,"href":"https:\/\/www.visit-ulcinj.com\/blog\/wp-json\/wp\/v2\/comments?post=93948"}],"version-history":[{"count":3,"href":"https:\/\/www.visit-ulcinj.com\/blog\/wp-json\/wp\/v2\/posts\/93948\/revisions"}],"predecessor-version":[{"id":93955,"href":"https:\/\/www.visit-ulcinj.com\/blog\/wp-json\/wp\/v2\/posts\/93948\/revisions\/93955"}],"wp:attachment":[{"href":"https:\/\/www.visit-ulcinj.com\/blog\/wp-json\/wp\/v2\/media?parent=93948"}],"wp:term":[{"taxonomy":"category","embeddable":true,"href":"https:\/\/www.visit-ulcinj.com\/blog\/wp-json\/wp\/v2\/categories?post=93948"},{"taxonomy":"post_tag","embeddable":true,"href":"https:\/\/www.visit-ulcinj.com\/blog\/wp-json\/wp\/v2\/tags?post=93948"}],"curies":[{"name":"wp","href":"https:\/\/api.w.org\/{rel}","templated":true}]}}