{"id":93951,"date":"2016-01-11T16:27:30","date_gmt":"2016-01-11T15:27:30","guid":{"rendered":"http:\/\/www.visit-ulcinj.com\/blog\/?p=93951"},"modified":"2016-01-11T16:27:30","modified_gmt":"2016-01-11T15:27:30","slug":"fatmir-gjeka-mohon-akuzat-per-blerje-votash","status":"publish","type":"post","link":"https:\/\/www.visit-ulcinj.com\/blog\/2016\/01\/11\/fatmir-gjeka-mohon-akuzat-per-blerje-votash\/","title":{"rendered":"Fatmir Gjeka mohon akuzat p\u00ebr blerje votash"},"content":{"rendered":"<p><a href=\"http:\/\/www.visit-ulcinj.com\/blog\/wp-content\/uploads\/2016\/01\/Fatmir-Gjeka-Ulqin.jpg\"><img loading=\"lazy\" class=\"alignleft wp-image-93952\" src=\"http:\/\/www.visit-ulcinj.com\/blog\/wp-content\/uploads\/2016\/01\/Fatmir-Gjeka-Ulqin.jpg\" alt=\"Fatmir-Gjeka-Ulqin\" width=\"508\" height=\"319\" srcset=\"https:\/\/www.visit-ulcinj.com\/blog\/wp-content\/uploads\/2016\/01\/Fatmir-Gjeka-Ulqin.jpg 560w, https:\/\/www.visit-ulcinj.com\/blog\/wp-content\/uploads\/2016\/01\/Fatmir-Gjeka-Ulqin-300x189.jpg 300w\" sizes=\"(max-width: 508px) 100vw, 508px\" \/><\/a>Kryetari i komun\u00ebs s\u00eb Ulqinit dhe lideri i Partis\u00eb demokratike Fatmir Gjeka ka mohuar th\u00ebniet q\u00eb para gjasht\u00eb viteve, kur ishte n\u00eb funksionin e sekretarit p\u00ebr buxhet dhe financa, Komuna ka paguar fatura me q\u00ebllim blerjen e votave. Vjet\u00ebrsuan<\/p>\n<p>\u201cFaturat pas tre viteve jan\u00eb vjet\u00ebrsuar dhe nuk ka nevoj\u00eb t\u00eb ruhen. K\u00ebtu nuk kam asnj\u00eb lloj p\u00ebrgjegj\u00ebsie. Si sekretar at\u00ebher\u00eb, un\u00eb nuk jam marr\u00eb me k\u00ebto pun\u00eb\u201d, u shpreh Gjeka p\u00ebr \u201cDan\u201d duke th\u00ebn\u00eb se dyshon n\u00eb besueshm\u00ebrin\u00eb e dokumentacionit.<\/p>\n<p>Sipas fjal\u00ebve t\u00eb tija, b\u00ebhet fjal\u00eb p\u00ebr amputime t\u00eb dob\u00ebsirave politike nga Ulqini t\u00eb cil\u00ebt me dokumente t\u00eb shpikura, duke u sh\u00ebrbyer me marifete, tentojn\u00eb t\u2019i shkaktojn\u00eb d\u00ebm personal dhe politik.<\/p>\n<p>Ul.info<\/p>\n","protected":false},"excerpt":{"rendered":"<p>Kryetari i komun\u00ebs s\u00eb Ulqinit dhe lideri i Partis\u00eb demokratike Fatmir Gjeka ka mohuar th\u00ebniet q\u00eb para gjasht\u00eb viteve, kur ishte n\u00eb funksionin e sekretarit p\u00ebr buxhet dhe financa, Komuna ka paguar fatura me q\u00ebllim blerjen e votave. Vjet\u00ebrsuan \u201cFaturat pas tre viteve jan\u00eb vjet\u00ebrsuar dhe nuk ka nevoj\u00eb t\u00eb ruhen. K\u00ebtu nuk kam asnj\u00eb [&hellip;]<\/p>\n","protected":false},"author":1,"featured_media":0,"comment_status":"closed","ping_status":"closed","sticky":false,"template":"","format":"standard","meta":{"spay_email":"","jetpack_publicize_message":"","jetpack_is_tweetstorm":false,"jetpack_publicize_feature_enabled":true},"categories":[6],"tags":[],"jetpack_publicize_connections":[],"yoast_head":"<!-- This site is optimized with the Yoast SEO plugin v19.1 - https:\/\/yoast.com\/wordpress\/plugins\/seo\/ -->\n<title>Fatmir Gjeka mohon akuzat p\u00ebr blerje votash - Lajme nga Ulqini<\/title>\n<meta name=\"description\" content=\"Kryetari i komun\u00ebs s\u00eb Ulqinit dhe lideri i Partis\u00eb demokratike Fatmir Gjeka ka mohuar th\u00ebniet q\u00eb para gjasht\u00eb viteve, kur ishte n\u00eb funksionin e sekretarit\" \/>\n<meta name=\"robots\" content=\"index, follow, max-snippet:-1, max-image-preview:large, max-video-preview:-1\" \/>\n<link rel=\"canonical\" href=\"https:\/\/www.visit-ulcinj.com\/blog\/2016\/01\/11\/fatmir-gjeka-mohon-akuzat-per-blerje-votash\/\" \/>\n<meta property=\"og:locale\" content=\"en_US\" \/>\n<meta property=\"og:type\" content=\"article\" \/>\n<meta property=\"og:title\" content=\"Fatmir Gjeka mohon akuzat p\u00ebr blerje votash - Lajme nga Ulqini\" \/>\n<meta property=\"og:description\" content=\"Kryetari i komun\u00ebs s\u00eb Ulqinit dhe lideri i Partis\u00eb demokratike Fatmir Gjeka ka mohuar th\u00ebniet q\u00eb para gjasht\u00eb viteve, kur ishte n\u00eb funksionin e sekretarit\" \/>\n<meta property=\"og:url\" content=\"https:\/\/www.visit-ulcinj.com\/blog\/2016\/01\/11\/fatmir-gjeka-mohon-akuzat-per-blerje-votash\/\" \/>\n<meta property=\"og:site_name\" content=\"Lajme nga Ulqini\" \/>\n<meta property=\"article:published_time\" content=\"2016-01-11T15:27:30+00:00\" \/>\n<meta property=\"og:image\" content=\"http:\/\/www.visit-ulcinj.com\/blog\/wp-content\/uploads\/2016\/01\/Fatmir-Gjeka-Ulqin.jpg\" \/>\n<meta name=\"twitter:label1\" content=\"Written by\" \/>\n\t<meta name=\"twitter:data1\" content=\"ulqini\" \/>\n\t<meta name=\"twitter:label2\" content=\"Est. reading time\" \/>\n\t<meta name=\"twitter:data2\" content=\"1 minute\" \/>\n<script type=\"application\/ld+json\" class=\"yoast-schema-graph\">{\"@context\":\"https:\/\/schema.org\",\"@graph\":[{\"@type\":\"WebSite\",\"@id\":\"https:\/\/www.visit-ulcinj.com\/blog\/#website\",\"url\":\"https:\/\/www.visit-ulcinj.com\/blog\/\",\"name\":\"Lajme nga Ulqini\",\"description\":\"Lajme,Vijesti,Ulqini,Ulqin,Crna Gora,Mali i Zi\",\"potentialAction\":[{\"@type\":\"SearchAction\",\"target\":{\"@type\":\"EntryPoint\",\"urlTemplate\":\"https:\/\/www.visit-ulcinj.com\/blog\/?s={search_term_string}\"},\"query-input\":\"required name=search_term_string\"}],\"inLanguage\":\"en-US\"},{\"@type\":\"ImageObject\",\"inLanguage\":\"en-US\",\"@id\":\"https:\/\/www.visit-ulcinj.com\/blog\/2016\/01\/11\/fatmir-gjeka-mohon-akuzat-per-blerje-votash\/#primaryimage\",\"url\":\"https:\/\/www.visit-ulcinj.com\/blog\/wp-content\/uploads\/2016\/01\/Fatmir-Gjeka-Ulqin.jpg\",\"contentUrl\":\"https:\/\/www.visit-ulcinj.com\/blog\/wp-content\/uploads\/2016\/01\/Fatmir-Gjeka-Ulqin.jpg\",\"width\":560,\"height\":352},{\"@type\":\"WebPage\",\"@id\":\"https:\/\/www.visit-ulcinj.com\/blog\/2016\/01\/11\/fatmir-gjeka-mohon-akuzat-per-blerje-votash\/#webpage\",\"url\":\"https:\/\/www.visit-ulcinj.com\/blog\/2016\/01\/11\/fatmir-gjeka-mohon-akuzat-per-blerje-votash\/\",\"name\":\"Fatmir Gjeka mohon akuzat p\u00ebr blerje votash - Lajme nga Ulqini\",\"isPartOf\":{\"@id\":\"https:\/\/www.visit-ulcinj.com\/blog\/#website\"},\"primaryImageOfPage\":{\"@id\":\"https:\/\/www.visit-ulcinj.com\/blog\/2016\/01\/11\/fatmir-gjeka-mohon-akuzat-per-blerje-votash\/#primaryimage\"},\"datePublished\":\"2016-01-11T15:27:30+00:00\",\"dateModified\":\"2016-01-11T15:27:30+00:00\",\"author\":{\"@id\":\"https:\/\/www.visit-ulcinj.com\/blog\/#\/schema\/person\/dcab619c614d3038751c63bc2aadc06d\"},\"description\":\"Kryetari i komun\u00ebs s\u00eb Ulqinit dhe lideri i Partis\u00eb demokratike Fatmir Gjeka ka mohuar th\u00ebniet q\u00eb para gjasht\u00eb viteve, kur ishte n\u00eb funksionin e sekretarit\",\"breadcrumb\":{\"@id\":\"https:\/\/www.visit-ulcinj.com\/blog\/2016\/01\/11\/fatmir-gjeka-mohon-akuzat-per-blerje-votash\/#breadcrumb\"},\"inLanguage\":\"en-US\",\"potentialAction\":[{\"@type\":\"ReadAction\",\"target\":[\"https:\/\/www.visit-ulcinj.com\/blog\/2016\/01\/11\/fatmir-gjeka-mohon-akuzat-per-blerje-votash\/\"]}]},{\"@type\":\"BreadcrumbList\",\"@id\":\"https:\/\/www.visit-ulcinj.com\/blog\/2016\/01\/11\/fatmir-gjeka-mohon-akuzat-per-blerje-votash\/#breadcrumb\",\"itemListElement\":[{\"@type\":\"ListItem\",\"position\":1,\"name\":\"Fatmir Gjeka mohon akuzat p\u00ebr blerje votash\"}]},{\"@type\":\"Person\",\"@id\":\"https:\/\/www.visit-ulcinj.com\/blog\/#\/schema\/person\/dcab619c614d3038751c63bc2aadc06d\",\"name\":\"ulqini\",\"sameAs\":[\"http:\/\/www.visit-ulcinj.com\"],\"url\":\"https:\/\/www.visit-ulcinj.com\/blog\/author\/admin\/\"}]}<\/script>\n<!-- \/ Yoast SEO plugin. -->","yoast_head_json":{"title":"Fatmir Gjeka mohon akuzat p\u00ebr blerje votash - Lajme nga Ulqini","description":"Kryetari i komun\u00ebs s\u00eb Ulqinit dhe lideri i Partis\u00eb demokratike Fatmir Gjeka ka mohuar th\u00ebniet q\u00eb para gjasht\u00eb viteve, kur ishte n\u00eb funksionin e sekretarit","robots":{"index":"index","follow":"follow","max-snippet":"max-snippet:-1","max-image-preview":"max-image-preview:large","max-video-preview":"max-video-preview:-1"},"canonical":"https:\/\/www.visit-ulcinj.com\/blog\/2016\/01\/11\/fatmir-gjeka-mohon-akuzat-per-blerje-votash\/","og_locale":"en_US","og_type":"article","og_title":"Fatmir Gjeka mohon akuzat p\u00ebr blerje votash - Lajme nga Ulqini","og_description":"Kryetari i komun\u00ebs s\u00eb Ulqinit dhe lideri i Partis\u00eb demokratike Fatmir Gjeka ka mohuar th\u00ebniet q\u00eb para gjasht\u00eb viteve, kur ishte n\u00eb funksionin e sekretarit","og_url":"https:\/\/www.visit-ulcinj.com\/blog\/2016\/01\/11\/fatmir-gjeka-mohon-akuzat-per-blerje-votash\/","og_site_name":"Lajme nga Ulqini","article_published_time":"2016-01-11T15:27:30+00:00","og_image":[{"url":"http:\/\/www.visit-ulcinj.com\/blog\/wp-content\/uploads\/2016\/01\/Fatmir-Gjeka-Ulqin.jpg"}],"twitter_misc":{"Written by":"ulqini","Est. reading time":"1 minute"},"schema":{"@context":"https:\/\/schema.org","@graph":[{"@type":"WebSite","@id":"https:\/\/www.visit-ulcinj.com\/blog\/#website","url":"https:\/\/www.visit-ulcinj.com\/blog\/","name":"Lajme nga Ulqini","description":"Lajme,Vijesti,Ulqini,Ulqin,Crna Gora,Mali i Zi","potentialAction":[{"@type":"SearchAction","target":{"@type":"EntryPoint","urlTemplate":"https:\/\/www.visit-ulcinj.com\/blog\/?s={search_term_string}"},"query-input":"required name=search_term_string"}],"inLanguage":"en-US"},{"@type":"ImageObject","inLanguage":"en-US","@id":"https:\/\/www.visit-ulcinj.com\/blog\/2016\/01\/11\/fatmir-gjeka-mohon-akuzat-per-blerje-votash\/#primaryimage","url":"https:\/\/www.visit-ulcinj.com\/blog\/wp-content\/uploads\/2016\/01\/Fatmir-Gjeka-Ulqin.jpg","contentUrl":"https:\/\/www.visit-ulcinj.com\/blog\/wp-content\/uploads\/2016\/01\/Fatmir-Gjeka-Ulqin.jpg","width":560,"height":352},{"@type":"WebPage","@id":"https:\/\/www.visit-ulcinj.com\/blog\/2016\/01\/11\/fatmir-gjeka-mohon-akuzat-per-blerje-votash\/#webpage","url":"https:\/\/www.visit-ulcinj.com\/blog\/2016\/01\/11\/fatmir-gjeka-mohon-akuzat-per-blerje-votash\/","name":"Fatmir Gjeka mohon akuzat p\u00ebr blerje votash - Lajme nga Ulqini","isPartOf":{"@id":"https:\/\/www.visit-ulcinj.com\/blog\/#website"},"primaryImageOfPage":{"@id":"https:\/\/www.visit-ulcinj.com\/blog\/2016\/01\/11\/fatmir-gjeka-mohon-akuzat-per-blerje-votash\/#primaryimage"},"datePublished":"2016-01-11T15:27:30+00:00","dateModified":"2016-01-11T15:27:30+00:00","author":{"@id":"https:\/\/www.visit-ulcinj.com\/blog\/#\/schema\/person\/dcab619c614d3038751c63bc2aadc06d"},"description":"Kryetari i komun\u00ebs s\u00eb Ulqinit dhe lideri i Partis\u00eb demokratike Fatmir Gjeka ka mohuar th\u00ebniet q\u00eb para gjasht\u00eb viteve, kur ishte n\u00eb funksionin e sekretarit","breadcrumb":{"@id":"https:\/\/www.visit-ulcinj.com\/blog\/2016\/01\/11\/fatmir-gjeka-mohon-akuzat-per-blerje-votash\/#breadcrumb"},"inLanguage":"en-US","potentialAction":[{"@type":"ReadAction","target":["https:\/\/www.visit-ulcinj.com\/blog\/2016\/01\/11\/fatmir-gjeka-mohon-akuzat-per-blerje-votash\/"]}]},{"@type":"BreadcrumbList","@id":"https:\/\/www.visit-ulcinj.com\/blog\/2016\/01\/11\/fatmir-gjeka-mohon-akuzat-per-blerje-votash\/#breadcrumb","itemListElement":[{"@type":"ListItem","position":1,"name":"Fatmir Gjeka mohon akuzat p\u00ebr blerje votash"}]},{"@type":"Person","@id":"https:\/\/www.visit-ulcinj.com\/blog\/#\/schema\/person\/dcab619c614d3038751c63bc2aadc06d","name":"ulqini","sameAs":["http:\/\/www.visit-ulcinj.com"],"url":"https:\/\/www.visit-ulcinj.com\/blog\/author\/admin\/"}]}},"jetpack_featured_media_url":"","jetpack_sharing_enabled":true,"jetpack_shortlink":"https:\/\/wp.me\/pe6lTn-orl","_links":{"self":[{"href":"https:\/\/www.visit-ulcinj.com\/blog\/wp-json\/wp\/v2\/posts\/93951"}],"collection":[{"href":"https:\/\/www.visit-ulcinj.com\/blog\/wp-json\/wp\/v2\/posts"}],"about":[{"href":"https:\/\/www.visit-ulcinj.com\/blog\/wp-json\/wp\/v2\/types\/post"}],"author":[{"embeddable":true,"href":"https:\/\/www.visit-ulcinj.com\/blog\/wp-json\/wp\/v2\/users\/1"}],"replies":[{"embeddable":true,"href":"https:\/\/www.visit-ulcinj.com\/blog\/wp-json\/wp\/v2\/comments?post=93951"}],"version-history":[{"count":1,"href":"https:\/\/www.visit-ulcinj.com\/blog\/wp-json\/wp\/v2\/posts\/93951\/revisions"}],"predecessor-version":[{"id":93953,"href":"https:\/\/www.visit-ulcinj.com\/blog\/wp-json\/wp\/v2\/posts\/93951\/revisions\/93953"}],"wp:attachment":[{"href":"https:\/\/www.visit-ulcinj.com\/blog\/wp-json\/wp\/v2\/media?parent=93951"}],"wp:term":[{"taxonomy":"category","embeddable":true,"href":"https:\/\/www.visit-ulcinj.com\/blog\/wp-json\/wp\/v2\/categories?post=93951"},{"taxonomy":"post_tag","embeddable":true,"href":"https:\/\/www.visit-ulcinj.com\/blog\/wp-json\/wp\/v2\/tags?post=93951"}],"curies":[{"name":"wp","href":"https:\/\/api.w.org\/{rel}","templated":true}]}}