{"id":93970,"date":"2016-01-11T18:58:55","date_gmt":"2016-01-11T17:58:55","guid":{"rendered":"http:\/\/www.visit-ulcinj.com\/blog\/?p=93970"},"modified":"2016-01-11T18:58:55","modified_gmt":"2016-01-11T17:58:55","slug":"mali-zi-dhe-shqiperia-rruge-te-re-prek-edhe-decanin","status":"publish","type":"post","link":"https:\/\/www.visit-ulcinj.com\/blog\/2016\/01\/11\/mali-zi-dhe-shqiperia-rruge-te-re-prek-edhe-decanin\/","title":{"rendered":"Mali i Zi dhe Shqip\u00ebria me rrug\u00eb t\u00eb re, prek edhe De\u00e7anin"},"content":{"rendered":"<p><a href=\"http:\/\/www.visit-ulcinj.com\/blog\/wp-content\/uploads\/2016\/01\/Vermosh-decan_grabom.jpg\"><img loading=\"lazy\" class=\"alignleft wp-image-93971\" src=\"http:\/\/www.visit-ulcinj.com\/blog\/wp-content\/uploads\/2016\/01\/Vermosh-decan_grabom.jpg\" alt=\"Vermosh-decan_grabom\" width=\"508\" height=\"484\" \/><\/a>Mali i Zi dhe Shqip\u00ebria kan\u00eb nj\u00eb bashk\u00ebpunim t\u00eb mir\u00eb n\u00eb infrastruktur\u00ebn rrugore.<\/p>\n<p><strong>Nga Ali Salaj<\/strong><\/p>\n<p>Deri n\u00eb fund t\u00eb k\u00ebtij viti pritet q\u00eb t\u00eb p\u00ebrfundoj\u00eb segmenti rrugor q\u00eb lidh zonat ku jetojn\u00eb shqiptar\u00ebt: Podgoric\u00eb, Mal\u00ebsi, Vermosh, Plav\u00eb e Guci, e deri n\u00eb De\u00e7an. N\u00eb k\u00ebt\u00eb kuad\u00ebr jan\u00eb b\u00ebr\u00eb p\u00ebrgatitjet e duhura teknike edhe p\u00ebr korridorin e njohur Adriatiko-Jonian, i cili do t\u00eb lidh\u00eb bregdetin e Malit t\u00eb Zi me at\u00eb t\u00eb Shqip\u00ebris\u00eb.<\/p>\n<p>Ky bashk\u00ebpunim po thellohet edhe si pasoj\u00eb e hapjes s\u00eb dy kapitujve t\u00eb negociatave p\u00ebr an\u00ebtar\u00ebsim t\u00eb Malit t\u00eb Zi me BE-n\u00eb, t\u00eb cilat i kushtohen politik\u00ebs s\u00eb komunikacionit n\u00eb rajon.<\/p>\n<p>VAO<\/p>\n<p><iframe loading=\"lazy\" src=\"http:\/\/zeriamerikes.share.voanews.eu\/flashembed.aspx?t=vid&amp;id=3138995&amp;w=640&amp;h=363&amp;skin=embeded\" scrolling=\"no\" frameborder=\"0\" width=\"508\" height=\"363\"><\/iframe><\/p>\n","protected":false},"excerpt":{"rendered":"<p>Mali i Zi dhe Shqip\u00ebria kan\u00eb nj\u00eb bashk\u00ebpunim t\u00eb mir\u00eb n\u00eb infrastruktur\u00ebn rrugore. Nga Ali Salaj Deri n\u00eb fund t\u00eb k\u00ebtij viti pritet q\u00eb t\u00eb p\u00ebrfundoj\u00eb segmenti rrugor q\u00eb lidh zonat ku jetojn\u00eb shqiptar\u00ebt: Podgoric\u00eb, Mal\u00ebsi, Vermosh, Plav\u00eb e Guci, e deri n\u00eb De\u00e7an. N\u00eb k\u00ebt\u00eb kuad\u00ebr jan\u00eb b\u00ebr\u00eb p\u00ebrgatitjet e duhura teknike edhe p\u00ebr [&hellip;]<\/p>\n","protected":false},"author":1,"featured_media":0,"comment_status":"closed","ping_status":"closed","sticky":false,"template":"","format":"standard","meta":{"spay_email":"","jetpack_publicize_message":"","jetpack_is_tweetstorm":false,"jetpack_publicize_feature_enabled":true},"categories":[11],"tags":[],"jetpack_publicize_connections":[],"yoast_head":"<!-- This site is optimized with the Yoast SEO plugin v19.1 - https:\/\/yoast.com\/wordpress\/plugins\/seo\/ -->\n<title>Mali i Zi dhe Shqip\u00ebria me rrug\u00eb t\u00eb re, prek edhe De\u00e7anin - Lajme nga Ulqini<\/title>\n<meta name=\"description\" content=\"Mali i Zi dhe Shqip\u00ebria kan\u00eb nj\u00eb bashk\u00ebpunim t\u00eb mir\u00eb n\u00eb infrastruktur\u00ebn rrugore. Nga Ali Salaj Deri n\u00eb fund t\u00eb k\u00ebtij viti pritet q\u00eb t\u00eb p\u00ebrfundoj\u00eb segmenti\" \/>\n<meta name=\"robots\" content=\"index, follow, max-snippet:-1, max-image-preview:large, max-video-preview:-1\" \/>\n<link rel=\"canonical\" href=\"https:\/\/www.visit-ulcinj.com\/blog\/2016\/01\/11\/mali-zi-dhe-shqiperia-rruge-te-re-prek-edhe-decanin\/\" \/>\n<meta property=\"og:locale\" content=\"en_US\" \/>\n<meta property=\"og:type\" content=\"article\" \/>\n<meta property=\"og:title\" content=\"Mali i Zi dhe Shqip\u00ebria me rrug\u00eb t\u00eb re, prek edhe De\u00e7anin - Lajme nga Ulqini\" \/>\n<meta property=\"og:description\" content=\"Mali i Zi dhe Shqip\u00ebria kan\u00eb nj\u00eb bashk\u00ebpunim t\u00eb mir\u00eb n\u00eb infrastruktur\u00ebn rrugore. Nga Ali Salaj Deri n\u00eb fund t\u00eb k\u00ebtij viti pritet q\u00eb t\u00eb p\u00ebrfundoj\u00eb segmenti\" \/>\n<meta property=\"og:url\" content=\"https:\/\/www.visit-ulcinj.com\/blog\/2016\/01\/11\/mali-zi-dhe-shqiperia-rruge-te-re-prek-edhe-decanin\/\" \/>\n<meta property=\"og:site_name\" content=\"Lajme nga Ulqini\" \/>\n<meta property=\"article:published_time\" content=\"2016-01-11T17:58:55+00:00\" \/>\n<meta property=\"og:image\" content=\"http:\/\/www.visit-ulcinj.com\/blog\/wp-content\/uploads\/2016\/01\/Vermosh-decan_grabom.jpg\" \/>\n<meta name=\"twitter:label1\" content=\"Written by\" \/>\n\t<meta name=\"twitter:data1\" content=\"ulqini\" \/>\n\t<meta name=\"twitter:label2\" content=\"Est. reading time\" \/>\n\t<meta name=\"twitter:data2\" content=\"1 minute\" \/>\n<script type=\"application\/ld+json\" class=\"yoast-schema-graph\">{\"@context\":\"https:\/\/schema.org\",\"@graph\":[{\"@type\":\"WebSite\",\"@id\":\"https:\/\/www.visit-ulcinj.com\/blog\/#website\",\"url\":\"https:\/\/www.visit-ulcinj.com\/blog\/\",\"name\":\"Lajme nga Ulqini\",\"description\":\"Lajme,Vijesti,Ulqini,Ulqin,Crna Gora,Mali i Zi\",\"potentialAction\":[{\"@type\":\"SearchAction\",\"target\":{\"@type\":\"EntryPoint\",\"urlTemplate\":\"https:\/\/www.visit-ulcinj.com\/blog\/?s={search_term_string}\"},\"query-input\":\"required name=search_term_string\"}],\"inLanguage\":\"en-US\"},{\"@type\":\"ImageObject\",\"inLanguage\":\"en-US\",\"@id\":\"https:\/\/www.visit-ulcinj.com\/blog\/2016\/01\/11\/mali-zi-dhe-shqiperia-rruge-te-re-prek-edhe-decanin\/#primaryimage\",\"url\":\"http:\/\/www.visit-ulcinj.com\/blog\/wp-content\/uploads\/2016\/01\/Vermosh-decan_grabom.jpg\",\"contentUrl\":\"http:\/\/www.visit-ulcinj.com\/blog\/wp-content\/uploads\/2016\/01\/Vermosh-decan_grabom.jpg\"},{\"@type\":\"WebPage\",\"@id\":\"https:\/\/www.visit-ulcinj.com\/blog\/2016\/01\/11\/mali-zi-dhe-shqiperia-rruge-te-re-prek-edhe-decanin\/#webpage\",\"url\":\"https:\/\/www.visit-ulcinj.com\/blog\/2016\/01\/11\/mali-zi-dhe-shqiperia-rruge-te-re-prek-edhe-decanin\/\",\"name\":\"Mali i Zi dhe Shqip\u00ebria me rrug\u00eb t\u00eb re, prek edhe De\u00e7anin - Lajme nga Ulqini\",\"isPartOf\":{\"@id\":\"https:\/\/www.visit-ulcinj.com\/blog\/#website\"},\"primaryImageOfPage\":{\"@id\":\"https:\/\/www.visit-ulcinj.com\/blog\/2016\/01\/11\/mali-zi-dhe-shqiperia-rruge-te-re-prek-edhe-decanin\/#primaryimage\"},\"datePublished\":\"2016-01-11T17:58:55+00:00\",\"dateModified\":\"2016-01-11T17:58:55+00:00\",\"author\":{\"@id\":\"https:\/\/www.visit-ulcinj.com\/blog\/#\/schema\/person\/dcab619c614d3038751c63bc2aadc06d\"},\"description\":\"Mali i Zi dhe Shqip\u00ebria kan\u00eb nj\u00eb bashk\u00ebpunim t\u00eb mir\u00eb n\u00eb infrastruktur\u00ebn rrugore. Nga Ali Salaj Deri n\u00eb fund t\u00eb k\u00ebtij viti pritet q\u00eb t\u00eb p\u00ebrfundoj\u00eb segmenti\",\"breadcrumb\":{\"@id\":\"https:\/\/www.visit-ulcinj.com\/blog\/2016\/01\/11\/mali-zi-dhe-shqiperia-rruge-te-re-prek-edhe-decanin\/#breadcrumb\"},\"inLanguage\":\"en-US\",\"potentialAction\":[{\"@type\":\"ReadAction\",\"target\":[\"https:\/\/www.visit-ulcinj.com\/blog\/2016\/01\/11\/mali-zi-dhe-shqiperia-rruge-te-re-prek-edhe-decanin\/\"]}]},{\"@type\":\"BreadcrumbList\",\"@id\":\"https:\/\/www.visit-ulcinj.com\/blog\/2016\/01\/11\/mali-zi-dhe-shqiperia-rruge-te-re-prek-edhe-decanin\/#breadcrumb\",\"itemListElement\":[{\"@type\":\"ListItem\",\"position\":1,\"name\":\"Mali i Zi dhe Shqip\u00ebria me rrug\u00eb t\u00eb re, prek edhe De\u00e7anin\"}]},{\"@type\":\"Person\",\"@id\":\"https:\/\/www.visit-ulcinj.com\/blog\/#\/schema\/person\/dcab619c614d3038751c63bc2aadc06d\",\"name\":\"ulqini\",\"sameAs\":[\"http:\/\/www.visit-ulcinj.com\"],\"url\":\"https:\/\/www.visit-ulcinj.com\/blog\/author\/admin\/\"}]}<\/script>\n<!-- \/ Yoast SEO plugin. -->","yoast_head_json":{"title":"Mali i Zi dhe Shqip\u00ebria me rrug\u00eb t\u00eb re, prek edhe De\u00e7anin - Lajme nga Ulqini","description":"Mali i Zi dhe Shqip\u00ebria kan\u00eb nj\u00eb bashk\u00ebpunim t\u00eb mir\u00eb n\u00eb infrastruktur\u00ebn rrugore. Nga Ali Salaj Deri n\u00eb fund t\u00eb k\u00ebtij viti pritet q\u00eb t\u00eb p\u00ebrfundoj\u00eb segmenti","robots":{"index":"index","follow":"follow","max-snippet":"max-snippet:-1","max-image-preview":"max-image-preview:large","max-video-preview":"max-video-preview:-1"},"canonical":"https:\/\/www.visit-ulcinj.com\/blog\/2016\/01\/11\/mali-zi-dhe-shqiperia-rruge-te-re-prek-edhe-decanin\/","og_locale":"en_US","og_type":"article","og_title":"Mali i Zi dhe Shqip\u00ebria me rrug\u00eb t\u00eb re, prek edhe De\u00e7anin - Lajme nga Ulqini","og_description":"Mali i Zi dhe Shqip\u00ebria kan\u00eb nj\u00eb bashk\u00ebpunim t\u00eb mir\u00eb n\u00eb infrastruktur\u00ebn rrugore. Nga Ali Salaj Deri n\u00eb fund t\u00eb k\u00ebtij viti pritet q\u00eb t\u00eb p\u00ebrfundoj\u00eb segmenti","og_url":"https:\/\/www.visit-ulcinj.com\/blog\/2016\/01\/11\/mali-zi-dhe-shqiperia-rruge-te-re-prek-edhe-decanin\/","og_site_name":"Lajme nga Ulqini","article_published_time":"2016-01-11T17:58:55+00:00","og_image":[{"url":"http:\/\/www.visit-ulcinj.com\/blog\/wp-content\/uploads\/2016\/01\/Vermosh-decan_grabom.jpg"}],"twitter_misc":{"Written by":"ulqini","Est. reading time":"1 minute"},"schema":{"@context":"https:\/\/schema.org","@graph":[{"@type":"WebSite","@id":"https:\/\/www.visit-ulcinj.com\/blog\/#website","url":"https:\/\/www.visit-ulcinj.com\/blog\/","name":"Lajme nga Ulqini","description":"Lajme,Vijesti,Ulqini,Ulqin,Crna Gora,Mali i Zi","potentialAction":[{"@type":"SearchAction","target":{"@type":"EntryPoint","urlTemplate":"https:\/\/www.visit-ulcinj.com\/blog\/?s={search_term_string}"},"query-input":"required name=search_term_string"}],"inLanguage":"en-US"},{"@type":"ImageObject","inLanguage":"en-US","@id":"https:\/\/www.visit-ulcinj.com\/blog\/2016\/01\/11\/mali-zi-dhe-shqiperia-rruge-te-re-prek-edhe-decanin\/#primaryimage","url":"http:\/\/www.visit-ulcinj.com\/blog\/wp-content\/uploads\/2016\/01\/Vermosh-decan_grabom.jpg","contentUrl":"http:\/\/www.visit-ulcinj.com\/blog\/wp-content\/uploads\/2016\/01\/Vermosh-decan_grabom.jpg"},{"@type":"WebPage","@id":"https:\/\/www.visit-ulcinj.com\/blog\/2016\/01\/11\/mali-zi-dhe-shqiperia-rruge-te-re-prek-edhe-decanin\/#webpage","url":"https:\/\/www.visit-ulcinj.com\/blog\/2016\/01\/11\/mali-zi-dhe-shqiperia-rruge-te-re-prek-edhe-decanin\/","name":"Mali i Zi dhe Shqip\u00ebria me rrug\u00eb t\u00eb re, prek edhe De\u00e7anin - Lajme nga Ulqini","isPartOf":{"@id":"https:\/\/www.visit-ulcinj.com\/blog\/#website"},"primaryImageOfPage":{"@id":"https:\/\/www.visit-ulcinj.com\/blog\/2016\/01\/11\/mali-zi-dhe-shqiperia-rruge-te-re-prek-edhe-decanin\/#primaryimage"},"datePublished":"2016-01-11T17:58:55+00:00","dateModified":"2016-01-11T17:58:55+00:00","author":{"@id":"https:\/\/www.visit-ulcinj.com\/blog\/#\/schema\/person\/dcab619c614d3038751c63bc2aadc06d"},"description":"Mali i Zi dhe Shqip\u00ebria kan\u00eb nj\u00eb bashk\u00ebpunim t\u00eb mir\u00eb n\u00eb infrastruktur\u00ebn rrugore. Nga Ali Salaj Deri n\u00eb fund t\u00eb k\u00ebtij viti pritet q\u00eb t\u00eb p\u00ebrfundoj\u00eb segmenti","breadcrumb":{"@id":"https:\/\/www.visit-ulcinj.com\/blog\/2016\/01\/11\/mali-zi-dhe-shqiperia-rruge-te-re-prek-edhe-decanin\/#breadcrumb"},"inLanguage":"en-US","potentialAction":[{"@type":"ReadAction","target":["https:\/\/www.visit-ulcinj.com\/blog\/2016\/01\/11\/mali-zi-dhe-shqiperia-rruge-te-re-prek-edhe-decanin\/"]}]},{"@type":"BreadcrumbList","@id":"https:\/\/www.visit-ulcinj.com\/blog\/2016\/01\/11\/mali-zi-dhe-shqiperia-rruge-te-re-prek-edhe-decanin\/#breadcrumb","itemListElement":[{"@type":"ListItem","position":1,"name":"Mali i Zi dhe Shqip\u00ebria me rrug\u00eb t\u00eb re, prek edhe De\u00e7anin"}]},{"@type":"Person","@id":"https:\/\/www.visit-ulcinj.com\/blog\/#\/schema\/person\/dcab619c614d3038751c63bc2aadc06d","name":"ulqini","sameAs":["http:\/\/www.visit-ulcinj.com"],"url":"https:\/\/www.visit-ulcinj.com\/blog\/author\/admin\/"}]}},"jetpack_featured_media_url":"","jetpack_sharing_enabled":true,"jetpack_shortlink":"https:\/\/wp.me\/pe6lTn-orE","_links":{"self":[{"href":"https:\/\/www.visit-ulcinj.com\/blog\/wp-json\/wp\/v2\/posts\/93970"}],"collection":[{"href":"https:\/\/www.visit-ulcinj.com\/blog\/wp-json\/wp\/v2\/posts"}],"about":[{"href":"https:\/\/www.visit-ulcinj.com\/blog\/wp-json\/wp\/v2\/types\/post"}],"author":[{"embeddable":true,"href":"https:\/\/www.visit-ulcinj.com\/blog\/wp-json\/wp\/v2\/users\/1"}],"replies":[{"embeddable":true,"href":"https:\/\/www.visit-ulcinj.com\/blog\/wp-json\/wp\/v2\/comments?post=93970"}],"version-history":[{"count":1,"href":"https:\/\/www.visit-ulcinj.com\/blog\/wp-json\/wp\/v2\/posts\/93970\/revisions"}],"predecessor-version":[{"id":93972,"href":"https:\/\/www.visit-ulcinj.com\/blog\/wp-json\/wp\/v2\/posts\/93970\/revisions\/93972"}],"wp:attachment":[{"href":"https:\/\/www.visit-ulcinj.com\/blog\/wp-json\/wp\/v2\/media?parent=93970"}],"wp:term":[{"taxonomy":"category","embeddable":true,"href":"https:\/\/www.visit-ulcinj.com\/blog\/wp-json\/wp\/v2\/categories?post=93970"},{"taxonomy":"post_tag","embeddable":true,"href":"https:\/\/www.visit-ulcinj.com\/blog\/wp-json\/wp\/v2\/tags?post=93970"}],"curies":[{"name":"wp","href":"https:\/\/api.w.org\/{rel}","templated":true}]}}