{"id":93976,"date":"2016-01-11T19:14:16","date_gmt":"2016-01-11T18:14:16","guid":{"rendered":"http:\/\/www.visit-ulcinj.com\/blog\/?p=93976"},"modified":"2016-01-11T19:14:16","modified_gmt":"2016-01-11T18:14:16","slug":"abazovic-samostalni-poslanici-glasace-protiv-vlade","status":"publish","type":"post","link":"https:\/\/www.visit-ulcinj.com\/blog\/2016\/01\/11\/abazovic-samostalni-poslanici-glasace-protiv-vlade\/","title":{"rendered":"Abazovic: Samostalni poslanici glasa\u0107e protiv Vlade"},"content":{"rendered":"<p><a href=\"http:\/\/www.visit-ulcinj.com\/blog\/wp-content\/uploads\/2016\/01\/dritan-abazoviq.jpg\"><img loading=\"lazy\" class=\"alignleft wp-image-93974\" src=\"http:\/\/www.visit-ulcinj.com\/blog\/wp-content\/uploads\/2016\/01\/dritan-abazoviq.jpg\" alt=\"dritan-abazoviq\" width=\"508\" height=\"422\" srcset=\"https:\/\/www.visit-ulcinj.com\/blog\/wp-content\/uploads\/2016\/01\/dritan-abazoviq.jpg 735w, https:\/\/www.visit-ulcinj.com\/blog\/wp-content\/uploads\/2016\/01\/dritan-abazoviq-300x249.jpg 300w\" sizes=\"(max-width: 508px) 100vw, 508px\" \/><\/a>Klub samostalnih poslanika u crnogorskom parlamentu glasa\u0107e protiv opstanka Vlade, najavio je Dritan Abazovi\u0107. On je kazao da je ve\u0107 poznato ko \u0107e dati glas za a ko protiv kada se bude raspravljalo o povjerenju Vladi<\/p>\n<p>&#8220;Ne ra\u010dunaju\u0107i, naravno dvojicu kolega koji su predstavnici Socijaldemokrata, svi ostali \u0107e glasati protiv. To je jedina logi\u010dna odluka koja ne zahtjeva \u0161ire obrazlo\u017eenje&#8221;, kazao je Abazovi\u0107 radiju Antena M.<\/p>\n<p>On je naglasio da je Vlada odavno zaslu\u017eila da izgubi povjerenje.<\/p>\n<p>&#8220;Ona ga nikad nije ni imala jer ga je stekla na izborima \u010diji je legitimitet jako sporan. Sva doga\u0111anja u posljednje dvije godine zapravo su gurnula zemlju u politi\u010dku krizu\u201c, rekao je Abazovi\u0107.<\/p>\n<p>Abazovi\u0107 je komentarisao i to \u0161to je Pozitivna najavila da \u0107e o povjerenju Vladi odlu\u010diti 20. januara, ali da su im na prvom mjestu dr\u017eavni a ne partijski interesi.<\/p>\n<p>Prema njegovim rije\u010dima, to je najsmje\u0161niji argument od svih smije\u0161nih argumenata koje Pozitivna mo\u017ee da iznjedri u ovom trenutku. &#8220;To prevazilazi ne\u0161to \u0161to je dio politi\u010dke taktike&#8221;.<\/p>\n<p>&#8220;U politi\u010dkoj teoriji je poznato da uvijek kada \u017eelite da zadovoljite li\u010dni interes, bilo materijalne ili nematerijalne prirode, onda se poziva na dr\u017eavni interes. Najve\u0107i interes dr\u017eave Crne Gore je da ima slobodne institucije \u010diji legitimitet ne\u0107e biti sporan,\u201c zaklju\u010dio je Abazovi\u0107.<\/p>\n<p><strong>Izvor: Mina \/ TVCG<\/strong><\/p>\n","protected":false},"excerpt":{"rendered":"<p>Klub samostalnih poslanika u crnogorskom parlamentu glasa\u0107e protiv opstanka Vlade, najavio je Dritan Abazovi\u0107. On je kazao da je ve\u0107 poznato ko \u0107e dati glas za a ko protiv kada se bude raspravljalo o povjerenju Vladi &#8220;Ne ra\u010dunaju\u0107i, naravno dvojicu kolega koji su predstavnici Socijaldemokrata, svi ostali \u0107e glasati protiv. To je jedina logi\u010dna odluka [&hellip;]<\/p>\n","protected":false},"author":1,"featured_media":0,"comment_status":"closed","ping_status":"closed","sticky":false,"template":"","format":"standard","meta":{"spay_email":"","jetpack_publicize_message":"","jetpack_is_tweetstorm":false,"jetpack_publicize_feature_enabled":true},"categories":[8337],"tags":[],"jetpack_publicize_connections":[],"yoast_head":"<!-- This site is optimized with the Yoast SEO plugin v19.1 - https:\/\/yoast.com\/wordpress\/plugins\/seo\/ -->\n<title>Abazovic: Samostalni poslanici glasa\u0107e protiv Vlade - Lajme nga Ulqini<\/title>\n<meta name=\"description\" content=\"Klub samostalnih poslanika u crnogorskom parlamentu glasa\u0107e protiv opstanka Vlade, najavio je Dritan Abazovi\u0107. On je kazao da je ve\u0107 poznato ko \u0107e dati\" \/>\n<meta name=\"robots\" content=\"index, follow, max-snippet:-1, max-image-preview:large, max-video-preview:-1\" \/>\n<link rel=\"canonical\" href=\"https:\/\/www.visit-ulcinj.com\/blog\/2016\/01\/11\/abazovic-samostalni-poslanici-glasace-protiv-vlade\/\" \/>\n<meta property=\"og:locale\" content=\"en_US\" \/>\n<meta property=\"og:type\" content=\"article\" \/>\n<meta property=\"og:title\" content=\"Abazovic: Samostalni poslanici glasa\u0107e protiv Vlade - Lajme nga Ulqini\" \/>\n<meta property=\"og:description\" content=\"Klub samostalnih poslanika u crnogorskom parlamentu glasa\u0107e protiv opstanka Vlade, najavio je Dritan Abazovi\u0107. On je kazao da je ve\u0107 poznato ko \u0107e dati\" \/>\n<meta property=\"og:url\" content=\"https:\/\/www.visit-ulcinj.com\/blog\/2016\/01\/11\/abazovic-samostalni-poslanici-glasace-protiv-vlade\/\" \/>\n<meta property=\"og:site_name\" content=\"Lajme nga Ulqini\" \/>\n<meta property=\"article:published_time\" content=\"2016-01-11T18:14:16+00:00\" \/>\n<meta property=\"og:image\" content=\"http:\/\/www.visit-ulcinj.com\/blog\/wp-content\/uploads\/2016\/01\/dritan-abazoviq.jpg\" \/>\n<meta name=\"twitter:label1\" content=\"Written by\" \/>\n\t<meta name=\"twitter:data1\" content=\"ulqini\" \/>\n\t<meta name=\"twitter:label2\" content=\"Est. reading time\" \/>\n\t<meta name=\"twitter:data2\" content=\"1 minute\" \/>\n<script type=\"application\/ld+json\" class=\"yoast-schema-graph\">{\"@context\":\"https:\/\/schema.org\",\"@graph\":[{\"@type\":\"WebSite\",\"@id\":\"https:\/\/www.visit-ulcinj.com\/blog\/#website\",\"url\":\"https:\/\/www.visit-ulcinj.com\/blog\/\",\"name\":\"Lajme nga Ulqini\",\"description\":\"Lajme,Vijesti,Ulqini,Ulqin,Crna Gora,Mali i Zi\",\"potentialAction\":[{\"@type\":\"SearchAction\",\"target\":{\"@type\":\"EntryPoint\",\"urlTemplate\":\"https:\/\/www.visit-ulcinj.com\/blog\/?s={search_term_string}\"},\"query-input\":\"required name=search_term_string\"}],\"inLanguage\":\"en-US\"},{\"@type\":\"ImageObject\",\"inLanguage\":\"en-US\",\"@id\":\"https:\/\/www.visit-ulcinj.com\/blog\/2016\/01\/11\/abazovic-samostalni-poslanici-glasace-protiv-vlade\/#primaryimage\",\"url\":\"https:\/\/www.visit-ulcinj.com\/blog\/wp-content\/uploads\/2016\/01\/dritan-abazoviq.jpg\",\"contentUrl\":\"https:\/\/www.visit-ulcinj.com\/blog\/wp-content\/uploads\/2016\/01\/dritan-abazoviq.jpg\",\"width\":735,\"height\":611},{\"@type\":\"WebPage\",\"@id\":\"https:\/\/www.visit-ulcinj.com\/blog\/2016\/01\/11\/abazovic-samostalni-poslanici-glasace-protiv-vlade\/#webpage\",\"url\":\"https:\/\/www.visit-ulcinj.com\/blog\/2016\/01\/11\/abazovic-samostalni-poslanici-glasace-protiv-vlade\/\",\"name\":\"Abazovic: Samostalni poslanici glasa\u0107e protiv Vlade - Lajme nga Ulqini\",\"isPartOf\":{\"@id\":\"https:\/\/www.visit-ulcinj.com\/blog\/#website\"},\"primaryImageOfPage\":{\"@id\":\"https:\/\/www.visit-ulcinj.com\/blog\/2016\/01\/11\/abazovic-samostalni-poslanici-glasace-protiv-vlade\/#primaryimage\"},\"datePublished\":\"2016-01-11T18:14:16+00:00\",\"dateModified\":\"2016-01-11T18:14:16+00:00\",\"author\":{\"@id\":\"https:\/\/www.visit-ulcinj.com\/blog\/#\/schema\/person\/dcab619c614d3038751c63bc2aadc06d\"},\"description\":\"Klub samostalnih poslanika u crnogorskom parlamentu glasa\u0107e protiv opstanka Vlade, najavio je Dritan Abazovi\u0107. On je kazao da je ve\u0107 poznato ko \u0107e dati\",\"breadcrumb\":{\"@id\":\"https:\/\/www.visit-ulcinj.com\/blog\/2016\/01\/11\/abazovic-samostalni-poslanici-glasace-protiv-vlade\/#breadcrumb\"},\"inLanguage\":\"en-US\",\"potentialAction\":[{\"@type\":\"ReadAction\",\"target\":[\"https:\/\/www.visit-ulcinj.com\/blog\/2016\/01\/11\/abazovic-samostalni-poslanici-glasace-protiv-vlade\/\"]}]},{\"@type\":\"BreadcrumbList\",\"@id\":\"https:\/\/www.visit-ulcinj.com\/blog\/2016\/01\/11\/abazovic-samostalni-poslanici-glasace-protiv-vlade\/#breadcrumb\",\"itemListElement\":[{\"@type\":\"ListItem\",\"position\":1,\"name\":\"Abazovic: Samostalni poslanici glasa\u0107e protiv Vlade\"}]},{\"@type\":\"Person\",\"@id\":\"https:\/\/www.visit-ulcinj.com\/blog\/#\/schema\/person\/dcab619c614d3038751c63bc2aadc06d\",\"name\":\"ulqini\",\"sameAs\":[\"http:\/\/www.visit-ulcinj.com\"],\"url\":\"https:\/\/www.visit-ulcinj.com\/blog\/author\/admin\/\"}]}<\/script>\n<!-- \/ Yoast SEO plugin. -->","yoast_head_json":{"title":"Abazovic: Samostalni poslanici glasa\u0107e protiv Vlade - Lajme nga Ulqini","description":"Klub samostalnih poslanika u crnogorskom parlamentu glasa\u0107e protiv opstanka Vlade, najavio je Dritan Abazovi\u0107. On je kazao da je ve\u0107 poznato ko \u0107e dati","robots":{"index":"index","follow":"follow","max-snippet":"max-snippet:-1","max-image-preview":"max-image-preview:large","max-video-preview":"max-video-preview:-1"},"canonical":"https:\/\/www.visit-ulcinj.com\/blog\/2016\/01\/11\/abazovic-samostalni-poslanici-glasace-protiv-vlade\/","og_locale":"en_US","og_type":"article","og_title":"Abazovic: Samostalni poslanici glasa\u0107e protiv Vlade - Lajme nga Ulqini","og_description":"Klub samostalnih poslanika u crnogorskom parlamentu glasa\u0107e protiv opstanka Vlade, najavio je Dritan Abazovi\u0107. On je kazao da je ve\u0107 poznato ko \u0107e dati","og_url":"https:\/\/www.visit-ulcinj.com\/blog\/2016\/01\/11\/abazovic-samostalni-poslanici-glasace-protiv-vlade\/","og_site_name":"Lajme nga Ulqini","article_published_time":"2016-01-11T18:14:16+00:00","og_image":[{"url":"http:\/\/www.visit-ulcinj.com\/blog\/wp-content\/uploads\/2016\/01\/dritan-abazoviq.jpg"}],"twitter_misc":{"Written by":"ulqini","Est. reading time":"1 minute"},"schema":{"@context":"https:\/\/schema.org","@graph":[{"@type":"WebSite","@id":"https:\/\/www.visit-ulcinj.com\/blog\/#website","url":"https:\/\/www.visit-ulcinj.com\/blog\/","name":"Lajme nga Ulqini","description":"Lajme,Vijesti,Ulqini,Ulqin,Crna Gora,Mali i Zi","potentialAction":[{"@type":"SearchAction","target":{"@type":"EntryPoint","urlTemplate":"https:\/\/www.visit-ulcinj.com\/blog\/?s={search_term_string}"},"query-input":"required name=search_term_string"}],"inLanguage":"en-US"},{"@type":"ImageObject","inLanguage":"en-US","@id":"https:\/\/www.visit-ulcinj.com\/blog\/2016\/01\/11\/abazovic-samostalni-poslanici-glasace-protiv-vlade\/#primaryimage","url":"https:\/\/www.visit-ulcinj.com\/blog\/wp-content\/uploads\/2016\/01\/dritan-abazoviq.jpg","contentUrl":"https:\/\/www.visit-ulcinj.com\/blog\/wp-content\/uploads\/2016\/01\/dritan-abazoviq.jpg","width":735,"height":611},{"@type":"WebPage","@id":"https:\/\/www.visit-ulcinj.com\/blog\/2016\/01\/11\/abazovic-samostalni-poslanici-glasace-protiv-vlade\/#webpage","url":"https:\/\/www.visit-ulcinj.com\/blog\/2016\/01\/11\/abazovic-samostalni-poslanici-glasace-protiv-vlade\/","name":"Abazovic: Samostalni poslanici glasa\u0107e protiv Vlade - Lajme nga Ulqini","isPartOf":{"@id":"https:\/\/www.visit-ulcinj.com\/blog\/#website"},"primaryImageOfPage":{"@id":"https:\/\/www.visit-ulcinj.com\/blog\/2016\/01\/11\/abazovic-samostalni-poslanici-glasace-protiv-vlade\/#primaryimage"},"datePublished":"2016-01-11T18:14:16+00:00","dateModified":"2016-01-11T18:14:16+00:00","author":{"@id":"https:\/\/www.visit-ulcinj.com\/blog\/#\/schema\/person\/dcab619c614d3038751c63bc2aadc06d"},"description":"Klub samostalnih poslanika u crnogorskom parlamentu glasa\u0107e protiv opstanka Vlade, najavio je Dritan Abazovi\u0107. On je kazao da je ve\u0107 poznato ko \u0107e dati","breadcrumb":{"@id":"https:\/\/www.visit-ulcinj.com\/blog\/2016\/01\/11\/abazovic-samostalni-poslanici-glasace-protiv-vlade\/#breadcrumb"},"inLanguage":"en-US","potentialAction":[{"@type":"ReadAction","target":["https:\/\/www.visit-ulcinj.com\/blog\/2016\/01\/11\/abazovic-samostalni-poslanici-glasace-protiv-vlade\/"]}]},{"@type":"BreadcrumbList","@id":"https:\/\/www.visit-ulcinj.com\/blog\/2016\/01\/11\/abazovic-samostalni-poslanici-glasace-protiv-vlade\/#breadcrumb","itemListElement":[{"@type":"ListItem","position":1,"name":"Abazovic: Samostalni poslanici glasa\u0107e protiv Vlade"}]},{"@type":"Person","@id":"https:\/\/www.visit-ulcinj.com\/blog\/#\/schema\/person\/dcab619c614d3038751c63bc2aadc06d","name":"ulqini","sameAs":["http:\/\/www.visit-ulcinj.com"],"url":"https:\/\/www.visit-ulcinj.com\/blog\/author\/admin\/"}]}},"jetpack_featured_media_url":"","jetpack_sharing_enabled":true,"jetpack_shortlink":"https:\/\/wp.me\/pe6lTn-orK","_links":{"self":[{"href":"https:\/\/www.visit-ulcinj.com\/blog\/wp-json\/wp\/v2\/posts\/93976"}],"collection":[{"href":"https:\/\/www.visit-ulcinj.com\/blog\/wp-json\/wp\/v2\/posts"}],"about":[{"href":"https:\/\/www.visit-ulcinj.com\/blog\/wp-json\/wp\/v2\/types\/post"}],"author":[{"embeddable":true,"href":"https:\/\/www.visit-ulcinj.com\/blog\/wp-json\/wp\/v2\/users\/1"}],"replies":[{"embeddable":true,"href":"https:\/\/www.visit-ulcinj.com\/blog\/wp-json\/wp\/v2\/comments?post=93976"}],"version-history":[{"count":1,"href":"https:\/\/www.visit-ulcinj.com\/blog\/wp-json\/wp\/v2\/posts\/93976\/revisions"}],"predecessor-version":[{"id":93977,"href":"https:\/\/www.visit-ulcinj.com\/blog\/wp-json\/wp\/v2\/posts\/93976\/revisions\/93977"}],"wp:attachment":[{"href":"https:\/\/www.visit-ulcinj.com\/blog\/wp-json\/wp\/v2\/media?parent=93976"}],"wp:term":[{"taxonomy":"category","embeddable":true,"href":"https:\/\/www.visit-ulcinj.com\/blog\/wp-json\/wp\/v2\/categories?post=93976"},{"taxonomy":"post_tag","embeddable":true,"href":"https:\/\/www.visit-ulcinj.com\/blog\/wp-json\/wp\/v2\/tags?post=93976"}],"curies":[{"name":"wp","href":"https:\/\/api.w.org\/{rel}","templated":true}]}}