{"id":93978,"date":"2016-01-12T16:43:23","date_gmt":"2016-01-12T15:43:23","guid":{"rendered":"http:\/\/www.visit-ulcinj.com\/blog\/?p=93978"},"modified":"2016-01-12T18:22:01","modified_gmt":"2016-01-12T17:22:01","slug":"bilansi-finansiar-i-qendres-ditore-per-femije-sirena-ne-ulqin","status":"publish","type":"post","link":"https:\/\/www.visit-ulcinj.com\/blog\/2016\/01\/12\/bilansi-finansiar-i-qendres-ditore-per-femije-sirena-ne-ulqin\/","title":{"rendered":"Bilansi finansiar i Qendres ditore p\u00ebr f\u00ebmij\u00eb &#8220;Sirena&#8221; n\u00eb Ulqin"},"content":{"rendered":"<p><strong><a href=\"http:\/\/www.visit-ulcinj.com\/blog\/wp-content\/uploads\/2014\/07\/Dnevni-Centar-Sirena-Qendra-Ditore-Sirena-Ulqin-Ulcinj.jpg\"><img loading=\"lazy\" class=\"alignleft wp-image-83741\" src=\"http:\/\/www.visit-ulcinj.com\/blog\/wp-content\/uploads\/2014\/07\/Dnevni-Centar-Sirena-Qendra-Ditore-Sirena-Ulqin-Ulcinj.jpg\" alt=\"Dnevni Centar -Sirena- Qendra Ditore-Sirena-Ulqin-Ulcinj\" width=\"508\" height=\"465\" srcset=\"https:\/\/www.visit-ulcinj.com\/blog\/wp-content\/uploads\/2014\/07\/Dnevni-Centar-Sirena-Qendra-Ditore-Sirena-Ulqin-Ulcinj.jpg 720w, https:\/\/www.visit-ulcinj.com\/blog\/wp-content\/uploads\/2014\/07\/Dnevni-Centar-Sirena-Qendra-Ditore-Sirena-Ulqin-Ulcinj-300x274.jpg 300w\" sizes=\"(max-width: 508px) 100vw, 508px\" \/><\/a>Informat\u00eb e pun\u00ebs s\u00eb Qendres ditore p\u00ebr f\u00ebmij\u00eb dhe t\u00eb rinj me pengesa dhe v\u00ebshtir\u00ebsi n\u00eb zhvillim \u201cSirena\u201d Ulqin n\u00eb gjasht\u00ebmujorshin e dyt\u00eb p\u00ebr vitin 2015.<\/strong><\/p>\n<p>Plani vjetor I pun\u00ebs p\u00ebr vitin 2015 u realizua n\u00eb t\u00ebr\u00ebsi,Jan\u00eb realizuar disa projekte dhe aktivitete t\u00eb cilat duksh\u00ebm kan\u00eb ndikuar n\u00eb p\u00ebrmir\u00ebsimin e kushteve t\u00eb q\u00ebndrimit dhe pun\u00ebs profesionale n\u00eb k\u00ebt\u00eb qender.<\/p>\n<p>Me ndihm\u00ebn e donator\u00ebve jan\u00eb adaptuar tri zyra p\u00ebr pun\u00ebn e administrat\u00ebs n\u00eb qender.<\/p>\n<p>N\u00eb k\u00ebt\u00eb periudh\u00eb kohore,drejtori I qendres ditore \u201cSirena\u201d me 07.12.2015,n\u00eb Ministrin\u00eb e Finansave t\u00eb Malit t\u00eb Zi ka n\u00ebnshkruar kontraten nr.01-16451 n\u00eb vler\u00eb prej 14985.67\u20ac.K\u00ebto mjete jan\u00eb t\u00eb parapara p\u00ebr sigurimin e dhom\u00ebs senzorike.<\/p>\n<p>S\u00eb shpejti qendra ditore \u201cSirena\u201d do t\u00eb pajiset edhe me k\u00ebt\u00eb mjet bashk\u00ebkohor I cili do t\u2019u sh\u00ebrbej\u00eb f\u00ebmij\u00ebve dhe t\u00eb rinj\u00ebve me pengesa dhe v\u00ebshtir\u00ebsi n\u00eb zhvillim.<\/p>\n<p>Ambasada e Polonis\u00eb n\u00eb Mal t\u00eb Zi realizon projektin n\u00eb vler\u00eb prej 7031.00\u20ac duke pajisur sall\u00ebn e fizioterapis\u00eb me rekvizita bashk\u00ebkohore.Tani qendra jon\u00eb disponon mjete t\u00eb fizioterapis\u00eb shum\u00eb efikase p\u00ebr trajtimin e f\u00ebmij\u00ebve dhe p\u00ebr arritjen e nj\u00eb rezultati t\u00eb k\u00ebnaqsh\u00ebm.Nga ky donacion fituam mjete q\u00eb na mund\u00ebsojn\u00eb ushtrimet kinezioterapike apo e quajtur ndryshe lamia e kinezioterapis\u00eb q\u00eb \u00ebsht\u00eb nj\u00eb segment shum\u00eb I r\u00ebnd\u00ebsish\u00ebm n\u00eb rehabilitimin dhe trajtimin fizioterapik.<\/p>\n<p>Si cdo her\u00eb p\u00ebrkujdesja e donator\u00ebve nuk mungoj as n\u00eb k\u00ebt\u00eb gjasht\u00ebmujorsh.<\/p>\n<p>Donator\u00ebt vendas dhe ata n\u00eb diaspor\u00eb jan\u00eb duke u p\u00ebrkujdesur n\u00eb p\u00ebrmir\u00ebsimin e kushteve n\u00eb qendren ditore \u201cSirena\u201d n\u00eb Ulqin.<\/p>\n<p>Kolektivi I Qendres ditore \u201cSirena\u201d p\u00ebrzem\u00ebrsisht falenderon t\u00eb gjith\u00eb donator\u00ebt p\u00ebr p\u00ebrkujdesjen q\u00eb jan\u00eb duke treguar n\u00eb p\u00ebrmir\u00ebsimin e kushteve n\u00eb k\u00ebt\u00eb qender.<\/p>\n<p>&nbsp;<\/p>\n<p>Me rrespekt,<\/p>\n<p>&nbsp;<\/p>\n<p><strong> Drejtori<\/strong><\/p>\n<p><strong>\u00a0 Bilal Alaj<\/strong><\/p>\n<p>___________<\/p>\n","protected":false},"excerpt":{"rendered":"<p>Informat\u00eb e pun\u00ebs s\u00eb Qendres ditore p\u00ebr f\u00ebmij\u00eb dhe t\u00eb rinj me pengesa dhe v\u00ebshtir\u00ebsi n\u00eb zhvillim \u201cSirena\u201d Ulqin n\u00eb gjasht\u00ebmujorshin e dyt\u00eb p\u00ebr vitin 2015. Plani vjetor I pun\u00ebs p\u00ebr vitin 2015 u realizua n\u00eb t\u00ebr\u00ebsi,Jan\u00eb realizuar disa projekte dhe aktivitete t\u00eb cilat duksh\u00ebm kan\u00eb ndikuar n\u00eb p\u00ebrmir\u00ebsimin e kushteve t\u00eb q\u00ebndrimit dhe pun\u00ebs [&hellip;]<\/p>\n","protected":false},"author":1,"featured_media":0,"comment_status":"closed","ping_status":"closed","sticky":false,"template":"","format":"standard","meta":{"spay_email":"","jetpack_publicize_message":"","jetpack_is_tweetstorm":false,"jetpack_publicize_feature_enabled":true},"categories":[1],"tags":[],"jetpack_publicize_connections":[],"yoast_head":"<!-- This site is optimized with the Yoast SEO plugin v19.1 - https:\/\/yoast.com\/wordpress\/plugins\/seo\/ -->\n<title>Bilansi finansiar i Qendres ditore p\u00ebr f\u00ebmij\u00eb &quot;Sirena&quot; n\u00eb Ulqin - Lajme nga Ulqini<\/title>\n<meta name=\"description\" content=\"Informat\u00eb e pun\u00ebs s\u00eb Qendres ditore p\u00ebr f\u00ebmij\u00eb dhe t\u00eb rinj me pengesa dhe v\u00ebshtir\u00ebsi n\u00eb zhvillim \u201cSirena\u201d Ulqin n\u00eb gjasht\u00ebmujorshin e dyt\u00eb p\u00ebr vitin 2015.\" \/>\n<meta name=\"robots\" content=\"index, follow, max-snippet:-1, max-image-preview:large, max-video-preview:-1\" \/>\n<link rel=\"canonical\" href=\"https:\/\/www.visit-ulcinj.com\/blog\/2016\/01\/12\/bilansi-finansiar-i-qendres-ditore-per-femije-sirena-ne-ulqin\/\" \/>\n<meta property=\"og:locale\" content=\"en_US\" \/>\n<meta property=\"og:type\" content=\"article\" \/>\n<meta property=\"og:title\" content=\"Bilansi finansiar i Qendres ditore p\u00ebr f\u00ebmij\u00eb &quot;Sirena&quot; n\u00eb Ulqin - Lajme nga Ulqini\" \/>\n<meta property=\"og:description\" content=\"Informat\u00eb e pun\u00ebs s\u00eb Qendres ditore p\u00ebr f\u00ebmij\u00eb dhe t\u00eb rinj me pengesa dhe v\u00ebshtir\u00ebsi n\u00eb zhvillim \u201cSirena\u201d Ulqin n\u00eb gjasht\u00ebmujorshin e dyt\u00eb p\u00ebr vitin 2015.\" \/>\n<meta property=\"og:url\" content=\"https:\/\/www.visit-ulcinj.com\/blog\/2016\/01\/12\/bilansi-finansiar-i-qendres-ditore-per-femije-sirena-ne-ulqin\/\" \/>\n<meta property=\"og:site_name\" content=\"Lajme nga Ulqini\" \/>\n<meta property=\"article:published_time\" content=\"2016-01-12T15:43:23+00:00\" \/>\n<meta property=\"article:modified_time\" content=\"2016-01-12T17:22:01+00:00\" \/>\n<meta property=\"og:image\" content=\"http:\/\/www.visit-ulcinj.com\/blog\/wp-content\/uploads\/2014\/07\/Dnevni-Centar-Sirena-Qendra-Ditore-Sirena-Ulqin-Ulcinj.jpg\" \/>\n<meta name=\"twitter:label1\" content=\"Written by\" \/>\n\t<meta name=\"twitter:data1\" content=\"ulqini\" \/>\n\t<meta name=\"twitter:label2\" content=\"Est. reading time\" \/>\n\t<meta name=\"twitter:data2\" content=\"2 minutes\" \/>\n<script type=\"application\/ld+json\" class=\"yoast-schema-graph\">{\"@context\":\"https:\/\/schema.org\",\"@graph\":[{\"@type\":\"WebSite\",\"@id\":\"https:\/\/www.visit-ulcinj.com\/blog\/#website\",\"url\":\"https:\/\/www.visit-ulcinj.com\/blog\/\",\"name\":\"Lajme nga Ulqini\",\"description\":\"Lajme,Vijesti,Ulqini,Ulqin,Crna Gora,Mali i Zi\",\"potentialAction\":[{\"@type\":\"SearchAction\",\"target\":{\"@type\":\"EntryPoint\",\"urlTemplate\":\"https:\/\/www.visit-ulcinj.com\/blog\/?s={search_term_string}\"},\"query-input\":\"required name=search_term_string\"}],\"inLanguage\":\"en-US\"},{\"@type\":\"ImageObject\",\"inLanguage\":\"en-US\",\"@id\":\"https:\/\/www.visit-ulcinj.com\/blog\/2016\/01\/12\/bilansi-finansiar-i-qendres-ditore-per-femije-sirena-ne-ulqin\/#primaryimage\",\"url\":\"https:\/\/www.visit-ulcinj.com\/blog\/wp-content\/uploads\/2014\/07\/Dnevni-Centar-Sirena-Qendra-Ditore-Sirena-Ulqin-Ulcinj.jpg\",\"contentUrl\":\"https:\/\/www.visit-ulcinj.com\/blog\/wp-content\/uploads\/2014\/07\/Dnevni-Centar-Sirena-Qendra-Ditore-Sirena-Ulqin-Ulcinj.jpg\",\"width\":720,\"height\":659},{\"@type\":\"WebPage\",\"@id\":\"https:\/\/www.visit-ulcinj.com\/blog\/2016\/01\/12\/bilansi-finansiar-i-qendres-ditore-per-femije-sirena-ne-ulqin\/#webpage\",\"url\":\"https:\/\/www.visit-ulcinj.com\/blog\/2016\/01\/12\/bilansi-finansiar-i-qendres-ditore-per-femije-sirena-ne-ulqin\/\",\"name\":\"Bilansi finansiar i Qendres ditore p\u00ebr f\u00ebmij\u00eb \\\"Sirena\\\" n\u00eb Ulqin - Lajme nga Ulqini\",\"isPartOf\":{\"@id\":\"https:\/\/www.visit-ulcinj.com\/blog\/#website\"},\"primaryImageOfPage\":{\"@id\":\"https:\/\/www.visit-ulcinj.com\/blog\/2016\/01\/12\/bilansi-finansiar-i-qendres-ditore-per-femije-sirena-ne-ulqin\/#primaryimage\"},\"datePublished\":\"2016-01-12T15:43:23+00:00\",\"dateModified\":\"2016-01-12T17:22:01+00:00\",\"author\":{\"@id\":\"https:\/\/www.visit-ulcinj.com\/blog\/#\/schema\/person\/dcab619c614d3038751c63bc2aadc06d\"},\"description\":\"Informat\u00eb e pun\u00ebs s\u00eb Qendres ditore p\u00ebr f\u00ebmij\u00eb dhe t\u00eb rinj me pengesa dhe v\u00ebshtir\u00ebsi n\u00eb zhvillim \u201cSirena\u201d Ulqin n\u00eb gjasht\u00ebmujorshin e dyt\u00eb p\u00ebr vitin 2015.\",\"breadcrumb\":{\"@id\":\"https:\/\/www.visit-ulcinj.com\/blog\/2016\/01\/12\/bilansi-finansiar-i-qendres-ditore-per-femije-sirena-ne-ulqin\/#breadcrumb\"},\"inLanguage\":\"en-US\",\"potentialAction\":[{\"@type\":\"ReadAction\",\"target\":[\"https:\/\/www.visit-ulcinj.com\/blog\/2016\/01\/12\/bilansi-finansiar-i-qendres-ditore-per-femije-sirena-ne-ulqin\/\"]}]},{\"@type\":\"BreadcrumbList\",\"@id\":\"https:\/\/www.visit-ulcinj.com\/blog\/2016\/01\/12\/bilansi-finansiar-i-qendres-ditore-per-femije-sirena-ne-ulqin\/#breadcrumb\",\"itemListElement\":[{\"@type\":\"ListItem\",\"position\":1,\"name\":\"Bilansi finansiar i Qendres ditore p\u00ebr f\u00ebmij\u00eb &#8220;Sirena&#8221; n\u00eb Ulqin\"}]},{\"@type\":\"Person\",\"@id\":\"https:\/\/www.visit-ulcinj.com\/blog\/#\/schema\/person\/dcab619c614d3038751c63bc2aadc06d\",\"name\":\"ulqini\",\"sameAs\":[\"http:\/\/www.visit-ulcinj.com\"],\"url\":\"https:\/\/www.visit-ulcinj.com\/blog\/author\/admin\/\"}]}<\/script>\n<!-- \/ Yoast SEO plugin. -->","yoast_head_json":{"title":"Bilansi finansiar i Qendres ditore p\u00ebr f\u00ebmij\u00eb \"Sirena\" n\u00eb Ulqin - Lajme nga Ulqini","description":"Informat\u00eb e pun\u00ebs s\u00eb Qendres ditore p\u00ebr f\u00ebmij\u00eb dhe t\u00eb rinj me pengesa dhe v\u00ebshtir\u00ebsi n\u00eb zhvillim \u201cSirena\u201d Ulqin n\u00eb gjasht\u00ebmujorshin e dyt\u00eb p\u00ebr vitin 2015.","robots":{"index":"index","follow":"follow","max-snippet":"max-snippet:-1","max-image-preview":"max-image-preview:large","max-video-preview":"max-video-preview:-1"},"canonical":"https:\/\/www.visit-ulcinj.com\/blog\/2016\/01\/12\/bilansi-finansiar-i-qendres-ditore-per-femije-sirena-ne-ulqin\/","og_locale":"en_US","og_type":"article","og_title":"Bilansi finansiar i Qendres ditore p\u00ebr f\u00ebmij\u00eb \"Sirena\" n\u00eb Ulqin - Lajme nga Ulqini","og_description":"Informat\u00eb e pun\u00ebs s\u00eb Qendres ditore p\u00ebr f\u00ebmij\u00eb dhe t\u00eb rinj me pengesa dhe v\u00ebshtir\u00ebsi n\u00eb zhvillim \u201cSirena\u201d Ulqin n\u00eb gjasht\u00ebmujorshin e dyt\u00eb p\u00ebr vitin 2015.","og_url":"https:\/\/www.visit-ulcinj.com\/blog\/2016\/01\/12\/bilansi-finansiar-i-qendres-ditore-per-femije-sirena-ne-ulqin\/","og_site_name":"Lajme nga Ulqini","article_published_time":"2016-01-12T15:43:23+00:00","article_modified_time":"2016-01-12T17:22:01+00:00","og_image":[{"url":"http:\/\/www.visit-ulcinj.com\/blog\/wp-content\/uploads\/2014\/07\/Dnevni-Centar-Sirena-Qendra-Ditore-Sirena-Ulqin-Ulcinj.jpg"}],"twitter_misc":{"Written by":"ulqini","Est. reading time":"2 minutes"},"schema":{"@context":"https:\/\/schema.org","@graph":[{"@type":"WebSite","@id":"https:\/\/www.visit-ulcinj.com\/blog\/#website","url":"https:\/\/www.visit-ulcinj.com\/blog\/","name":"Lajme nga Ulqini","description":"Lajme,Vijesti,Ulqini,Ulqin,Crna Gora,Mali i Zi","potentialAction":[{"@type":"SearchAction","target":{"@type":"EntryPoint","urlTemplate":"https:\/\/www.visit-ulcinj.com\/blog\/?s={search_term_string}"},"query-input":"required name=search_term_string"}],"inLanguage":"en-US"},{"@type":"ImageObject","inLanguage":"en-US","@id":"https:\/\/www.visit-ulcinj.com\/blog\/2016\/01\/12\/bilansi-finansiar-i-qendres-ditore-per-femije-sirena-ne-ulqin\/#primaryimage","url":"https:\/\/www.visit-ulcinj.com\/blog\/wp-content\/uploads\/2014\/07\/Dnevni-Centar-Sirena-Qendra-Ditore-Sirena-Ulqin-Ulcinj.jpg","contentUrl":"https:\/\/www.visit-ulcinj.com\/blog\/wp-content\/uploads\/2014\/07\/Dnevni-Centar-Sirena-Qendra-Ditore-Sirena-Ulqin-Ulcinj.jpg","width":720,"height":659},{"@type":"WebPage","@id":"https:\/\/www.visit-ulcinj.com\/blog\/2016\/01\/12\/bilansi-finansiar-i-qendres-ditore-per-femije-sirena-ne-ulqin\/#webpage","url":"https:\/\/www.visit-ulcinj.com\/blog\/2016\/01\/12\/bilansi-finansiar-i-qendres-ditore-per-femije-sirena-ne-ulqin\/","name":"Bilansi finansiar i Qendres ditore p\u00ebr f\u00ebmij\u00eb \"Sirena\" n\u00eb Ulqin - Lajme nga Ulqini","isPartOf":{"@id":"https:\/\/www.visit-ulcinj.com\/blog\/#website"},"primaryImageOfPage":{"@id":"https:\/\/www.visit-ulcinj.com\/blog\/2016\/01\/12\/bilansi-finansiar-i-qendres-ditore-per-femije-sirena-ne-ulqin\/#primaryimage"},"datePublished":"2016-01-12T15:43:23+00:00","dateModified":"2016-01-12T17:22:01+00:00","author":{"@id":"https:\/\/www.visit-ulcinj.com\/blog\/#\/schema\/person\/dcab619c614d3038751c63bc2aadc06d"},"description":"Informat\u00eb e pun\u00ebs s\u00eb Qendres ditore p\u00ebr f\u00ebmij\u00eb dhe t\u00eb rinj me pengesa dhe v\u00ebshtir\u00ebsi n\u00eb zhvillim \u201cSirena\u201d Ulqin n\u00eb gjasht\u00ebmujorshin e dyt\u00eb p\u00ebr vitin 2015.","breadcrumb":{"@id":"https:\/\/www.visit-ulcinj.com\/blog\/2016\/01\/12\/bilansi-finansiar-i-qendres-ditore-per-femije-sirena-ne-ulqin\/#breadcrumb"},"inLanguage":"en-US","potentialAction":[{"@type":"ReadAction","target":["https:\/\/www.visit-ulcinj.com\/blog\/2016\/01\/12\/bilansi-finansiar-i-qendres-ditore-per-femije-sirena-ne-ulqin\/"]}]},{"@type":"BreadcrumbList","@id":"https:\/\/www.visit-ulcinj.com\/blog\/2016\/01\/12\/bilansi-finansiar-i-qendres-ditore-per-femije-sirena-ne-ulqin\/#breadcrumb","itemListElement":[{"@type":"ListItem","position":1,"name":"Bilansi finansiar i Qendres ditore p\u00ebr f\u00ebmij\u00eb &#8220;Sirena&#8221; n\u00eb Ulqin"}]},{"@type":"Person","@id":"https:\/\/www.visit-ulcinj.com\/blog\/#\/schema\/person\/dcab619c614d3038751c63bc2aadc06d","name":"ulqini","sameAs":["http:\/\/www.visit-ulcinj.com"],"url":"https:\/\/www.visit-ulcinj.com\/blog\/author\/admin\/"}]}},"jetpack_featured_media_url":"","jetpack_sharing_enabled":true,"jetpack_shortlink":"https:\/\/wp.me\/pe6lTn-orM","_links":{"self":[{"href":"https:\/\/www.visit-ulcinj.com\/blog\/wp-json\/wp\/v2\/posts\/93978"}],"collection":[{"href":"https:\/\/www.visit-ulcinj.com\/blog\/wp-json\/wp\/v2\/posts"}],"about":[{"href":"https:\/\/www.visit-ulcinj.com\/blog\/wp-json\/wp\/v2\/types\/post"}],"author":[{"embeddable":true,"href":"https:\/\/www.visit-ulcinj.com\/blog\/wp-json\/wp\/v2\/users\/1"}],"replies":[{"embeddable":true,"href":"https:\/\/www.visit-ulcinj.com\/blog\/wp-json\/wp\/v2\/comments?post=93978"}],"version-history":[{"count":2,"href":"https:\/\/www.visit-ulcinj.com\/blog\/wp-json\/wp\/v2\/posts\/93978\/revisions"}],"predecessor-version":[{"id":93980,"href":"https:\/\/www.visit-ulcinj.com\/blog\/wp-json\/wp\/v2\/posts\/93978\/revisions\/93980"}],"wp:attachment":[{"href":"https:\/\/www.visit-ulcinj.com\/blog\/wp-json\/wp\/v2\/media?parent=93978"}],"wp:term":[{"taxonomy":"category","embeddable":true,"href":"https:\/\/www.visit-ulcinj.com\/blog\/wp-json\/wp\/v2\/categories?post=93978"},{"taxonomy":"post_tag","embeddable":true,"href":"https:\/\/www.visit-ulcinj.com\/blog\/wp-json\/wp\/v2\/tags?post=93978"}],"curies":[{"name":"wp","href":"https:\/\/api.w.org\/{rel}","templated":true}]}}