{"id":93981,"date":"2016-01-12T17:06:43","date_gmt":"2016-01-12T16:06:43","guid":{"rendered":"http:\/\/www.visit-ulcinj.com\/blog\/?p=93981"},"modified":"2016-01-12T17:06:43","modified_gmt":"2016-01-12T16:06:43","slug":"premijer-malte-obisao-mozuru","status":"publish","type":"post","link":"https:\/\/www.visit-ulcinj.com\/blog\/2016\/01\/12\/premijer-malte-obisao-mozuru\/","title":{"rendered":"Premijer Malte obi\u0161ao Mo\u017euru"},"content":{"rendered":"<p><strong><a href=\"http:\/\/www.visit-ulcinj.com\/blog\/wp-content\/uploads\/2016\/01\/Mazhura-1.jpg\"><img loading=\"lazy\" class=\"alignleft wp-image-93982\" src=\"http:\/\/www.visit-ulcinj.com\/blog\/wp-content\/uploads\/2016\/01\/Mazhura-1.jpg\" alt=\"Mazhura-1\" width=\"508\" height=\"342\" srcset=\"https:\/\/www.visit-ulcinj.com\/blog\/wp-content\/uploads\/2016\/01\/Mazhura-1.jpg 999w, https:\/\/www.visit-ulcinj.com\/blog\/wp-content\/uploads\/2016\/01\/Mazhura-1-300x202.jpg 300w\" sizes=\"(max-width: 508px) 100vw, 508px\" \/><\/a>Premijera Malte na Mo\u017euri, koja je na granici ulcinjske i barske op\u0161tine, do\u010dekali su gradona\u010delnici ta dva grada, Fatmir \u0110eka i Zoran Srzenti\u0107<\/strong><\/p>\n<p><span class=\"credits__author\"><strong> Autor: Samir Adrovi\u0107<\/strong> <\/span><\/p>\n<p>Premijer Malte D\u017eozef Muskat obi\u0161ao je danas sa saradnicima brdo Mo\u017euru kod Ulcinja gdje u martu po\u010dinje gradnja vjetroelektrana.<\/p>\n<p>Vrijednost projekta, koji \u0107e realizovati kompanija &#8220;Enemalta plc&#8221; u ve\u0107inskom vlasni\u0161tvu dr\u017eave Malte, iznosi oko 80 miliona eura.<\/p>\n<p>Premijera Malte na Mo\u017euri, koja je na granici ulcinjske i barske op\u0161tine, do\u010dekali su gradona\u010delnici ta dva grada, Fatmir \u0110eka i Zoran Srzenti\u0107.<\/p>\n<p><strong>Izvor: Vijesti Online<\/strong><\/p>\n","protected":false},"excerpt":{"rendered":"<p>Premijera Malte na Mo\u017euri, koja je na granici ulcinjske i barske op\u0161tine, do\u010dekali su gradona\u010delnici ta dva grada, Fatmir \u0110eka i Zoran Srzenti\u0107 Autor: Samir Adrovi\u0107 Premijer Malte D\u017eozef Muskat obi\u0161ao je danas sa saradnicima brdo Mo\u017euru kod Ulcinja gdje u martu po\u010dinje gradnja vjetroelektrana. Vrijednost projekta, koji \u0107e realizovati kompanija &#8220;Enemalta plc&#8221; u ve\u0107inskom [&hellip;]<\/p>\n","protected":false},"author":1,"featured_media":0,"comment_status":"closed","ping_status":"closed","sticky":false,"template":"","format":"standard","meta":{"spay_email":"","jetpack_publicize_message":"","jetpack_is_tweetstorm":false,"jetpack_publicize_feature_enabled":true},"categories":[8337],"tags":[],"jetpack_publicize_connections":[],"yoast_head":"<!-- This site is optimized with the Yoast SEO plugin v19.1 - https:\/\/yoast.com\/wordpress\/plugins\/seo\/ -->\n<title>Premijer Malte obi\u0161ao Mo\u017euru - Lajme nga Ulqini<\/title>\n<meta name=\"description\" content=\"Premijera Malte na Mo\u017euri, koja je na granici ulcinjske i barske op\u0161tine, do\u010dekali su gradona\u010delnici ta dva grada, Fatmir \u0110eka i Zoran Srzenti\u0107 Autor:\" \/>\n<meta name=\"robots\" content=\"index, follow, max-snippet:-1, max-image-preview:large, max-video-preview:-1\" \/>\n<link rel=\"canonical\" href=\"https:\/\/www.visit-ulcinj.com\/blog\/2016\/01\/12\/premijer-malte-obisao-mozuru\/\" \/>\n<meta property=\"og:locale\" content=\"en_US\" \/>\n<meta property=\"og:type\" content=\"article\" \/>\n<meta property=\"og:title\" content=\"Premijer Malte obi\u0161ao Mo\u017euru - Lajme nga Ulqini\" \/>\n<meta property=\"og:description\" content=\"Premijera Malte na Mo\u017euri, koja je na granici ulcinjske i barske op\u0161tine, do\u010dekali su gradona\u010delnici ta dva grada, Fatmir \u0110eka i Zoran Srzenti\u0107 Autor:\" \/>\n<meta property=\"og:url\" content=\"https:\/\/www.visit-ulcinj.com\/blog\/2016\/01\/12\/premijer-malte-obisao-mozuru\/\" \/>\n<meta property=\"og:site_name\" content=\"Lajme nga Ulqini\" \/>\n<meta property=\"article:published_time\" content=\"2016-01-12T16:06:43+00:00\" \/>\n<meta property=\"og:image\" content=\"http:\/\/www.visit-ulcinj.com\/blog\/wp-content\/uploads\/2016\/01\/Mazhura-1.jpg\" \/>\n<meta name=\"twitter:label1\" content=\"Written by\" \/>\n\t<meta name=\"twitter:data1\" content=\"ulqini\" \/>\n\t<meta name=\"twitter:label2\" content=\"Est. reading time\" \/>\n\t<meta name=\"twitter:data2\" content=\"1 minute\" \/>\n<script type=\"application\/ld+json\" class=\"yoast-schema-graph\">{\"@context\":\"https:\/\/schema.org\",\"@graph\":[{\"@type\":\"WebSite\",\"@id\":\"https:\/\/www.visit-ulcinj.com\/blog\/#website\",\"url\":\"https:\/\/www.visit-ulcinj.com\/blog\/\",\"name\":\"Lajme nga Ulqini\",\"description\":\"Lajme,Vijesti,Ulqini,Ulqin,Crna Gora,Mali i Zi\",\"potentialAction\":[{\"@type\":\"SearchAction\",\"target\":{\"@type\":\"EntryPoint\",\"urlTemplate\":\"https:\/\/www.visit-ulcinj.com\/blog\/?s={search_term_string}\"},\"query-input\":\"required name=search_term_string\"}],\"inLanguage\":\"en-US\"},{\"@type\":\"ImageObject\",\"inLanguage\":\"en-US\",\"@id\":\"https:\/\/www.visit-ulcinj.com\/blog\/2016\/01\/12\/premijer-malte-obisao-mozuru\/#primaryimage\",\"url\":\"https:\/\/www.visit-ulcinj.com\/blog\/wp-content\/uploads\/2016\/01\/Mazhura-1.jpg\",\"contentUrl\":\"https:\/\/www.visit-ulcinj.com\/blog\/wp-content\/uploads\/2016\/01\/Mazhura-1.jpg\",\"width\":999,\"height\":672},{\"@type\":\"WebPage\",\"@id\":\"https:\/\/www.visit-ulcinj.com\/blog\/2016\/01\/12\/premijer-malte-obisao-mozuru\/#webpage\",\"url\":\"https:\/\/www.visit-ulcinj.com\/blog\/2016\/01\/12\/premijer-malte-obisao-mozuru\/\",\"name\":\"Premijer Malte obi\u0161ao Mo\u017euru - Lajme nga Ulqini\",\"isPartOf\":{\"@id\":\"https:\/\/www.visit-ulcinj.com\/blog\/#website\"},\"primaryImageOfPage\":{\"@id\":\"https:\/\/www.visit-ulcinj.com\/blog\/2016\/01\/12\/premijer-malte-obisao-mozuru\/#primaryimage\"},\"datePublished\":\"2016-01-12T16:06:43+00:00\",\"dateModified\":\"2016-01-12T16:06:43+00:00\",\"author\":{\"@id\":\"https:\/\/www.visit-ulcinj.com\/blog\/#\/schema\/person\/dcab619c614d3038751c63bc2aadc06d\"},\"description\":\"Premijera Malte na Mo\u017euri, koja je na granici ulcinjske i barske op\u0161tine, do\u010dekali su gradona\u010delnici ta dva grada, Fatmir \u0110eka i Zoran Srzenti\u0107 Autor:\",\"breadcrumb\":{\"@id\":\"https:\/\/www.visit-ulcinj.com\/blog\/2016\/01\/12\/premijer-malte-obisao-mozuru\/#breadcrumb\"},\"inLanguage\":\"en-US\",\"potentialAction\":[{\"@type\":\"ReadAction\",\"target\":[\"https:\/\/www.visit-ulcinj.com\/blog\/2016\/01\/12\/premijer-malte-obisao-mozuru\/\"]}]},{\"@type\":\"BreadcrumbList\",\"@id\":\"https:\/\/www.visit-ulcinj.com\/blog\/2016\/01\/12\/premijer-malte-obisao-mozuru\/#breadcrumb\",\"itemListElement\":[{\"@type\":\"ListItem\",\"position\":1,\"name\":\"Premijer Malte obi\u0161ao Mo\u017euru\"}]},{\"@type\":\"Person\",\"@id\":\"https:\/\/www.visit-ulcinj.com\/blog\/#\/schema\/person\/dcab619c614d3038751c63bc2aadc06d\",\"name\":\"ulqini\",\"sameAs\":[\"http:\/\/www.visit-ulcinj.com\"],\"url\":\"https:\/\/www.visit-ulcinj.com\/blog\/author\/admin\/\"}]}<\/script>\n<!-- \/ Yoast SEO plugin. -->","yoast_head_json":{"title":"Premijer Malte obi\u0161ao Mo\u017euru - Lajme nga Ulqini","description":"Premijera Malte na Mo\u017euri, koja je na granici ulcinjske i barske op\u0161tine, do\u010dekali su gradona\u010delnici ta dva grada, Fatmir \u0110eka i Zoran Srzenti\u0107 Autor:","robots":{"index":"index","follow":"follow","max-snippet":"max-snippet:-1","max-image-preview":"max-image-preview:large","max-video-preview":"max-video-preview:-1"},"canonical":"https:\/\/www.visit-ulcinj.com\/blog\/2016\/01\/12\/premijer-malte-obisao-mozuru\/","og_locale":"en_US","og_type":"article","og_title":"Premijer Malte obi\u0161ao Mo\u017euru - Lajme nga Ulqini","og_description":"Premijera Malte na Mo\u017euri, koja je na granici ulcinjske i barske op\u0161tine, do\u010dekali su gradona\u010delnici ta dva grada, Fatmir \u0110eka i Zoran Srzenti\u0107 Autor:","og_url":"https:\/\/www.visit-ulcinj.com\/blog\/2016\/01\/12\/premijer-malte-obisao-mozuru\/","og_site_name":"Lajme nga Ulqini","article_published_time":"2016-01-12T16:06:43+00:00","og_image":[{"url":"http:\/\/www.visit-ulcinj.com\/blog\/wp-content\/uploads\/2016\/01\/Mazhura-1.jpg"}],"twitter_misc":{"Written by":"ulqini","Est. reading time":"1 minute"},"schema":{"@context":"https:\/\/schema.org","@graph":[{"@type":"WebSite","@id":"https:\/\/www.visit-ulcinj.com\/blog\/#website","url":"https:\/\/www.visit-ulcinj.com\/blog\/","name":"Lajme nga Ulqini","description":"Lajme,Vijesti,Ulqini,Ulqin,Crna Gora,Mali i Zi","potentialAction":[{"@type":"SearchAction","target":{"@type":"EntryPoint","urlTemplate":"https:\/\/www.visit-ulcinj.com\/blog\/?s={search_term_string}"},"query-input":"required name=search_term_string"}],"inLanguage":"en-US"},{"@type":"ImageObject","inLanguage":"en-US","@id":"https:\/\/www.visit-ulcinj.com\/blog\/2016\/01\/12\/premijer-malte-obisao-mozuru\/#primaryimage","url":"https:\/\/www.visit-ulcinj.com\/blog\/wp-content\/uploads\/2016\/01\/Mazhura-1.jpg","contentUrl":"https:\/\/www.visit-ulcinj.com\/blog\/wp-content\/uploads\/2016\/01\/Mazhura-1.jpg","width":999,"height":672},{"@type":"WebPage","@id":"https:\/\/www.visit-ulcinj.com\/blog\/2016\/01\/12\/premijer-malte-obisao-mozuru\/#webpage","url":"https:\/\/www.visit-ulcinj.com\/blog\/2016\/01\/12\/premijer-malte-obisao-mozuru\/","name":"Premijer Malte obi\u0161ao Mo\u017euru - Lajme nga Ulqini","isPartOf":{"@id":"https:\/\/www.visit-ulcinj.com\/blog\/#website"},"primaryImageOfPage":{"@id":"https:\/\/www.visit-ulcinj.com\/blog\/2016\/01\/12\/premijer-malte-obisao-mozuru\/#primaryimage"},"datePublished":"2016-01-12T16:06:43+00:00","dateModified":"2016-01-12T16:06:43+00:00","author":{"@id":"https:\/\/www.visit-ulcinj.com\/blog\/#\/schema\/person\/dcab619c614d3038751c63bc2aadc06d"},"description":"Premijera Malte na Mo\u017euri, koja je na granici ulcinjske i barske op\u0161tine, do\u010dekali su gradona\u010delnici ta dva grada, Fatmir \u0110eka i Zoran Srzenti\u0107 Autor:","breadcrumb":{"@id":"https:\/\/www.visit-ulcinj.com\/blog\/2016\/01\/12\/premijer-malte-obisao-mozuru\/#breadcrumb"},"inLanguage":"en-US","potentialAction":[{"@type":"ReadAction","target":["https:\/\/www.visit-ulcinj.com\/blog\/2016\/01\/12\/premijer-malte-obisao-mozuru\/"]}]},{"@type":"BreadcrumbList","@id":"https:\/\/www.visit-ulcinj.com\/blog\/2016\/01\/12\/premijer-malte-obisao-mozuru\/#breadcrumb","itemListElement":[{"@type":"ListItem","position":1,"name":"Premijer Malte obi\u0161ao Mo\u017euru"}]},{"@type":"Person","@id":"https:\/\/www.visit-ulcinj.com\/blog\/#\/schema\/person\/dcab619c614d3038751c63bc2aadc06d","name":"ulqini","sameAs":["http:\/\/www.visit-ulcinj.com"],"url":"https:\/\/www.visit-ulcinj.com\/blog\/author\/admin\/"}]}},"jetpack_featured_media_url":"","jetpack_sharing_enabled":true,"jetpack_shortlink":"https:\/\/wp.me\/pe6lTn-orP","_links":{"self":[{"href":"https:\/\/www.visit-ulcinj.com\/blog\/wp-json\/wp\/v2\/posts\/93981"}],"collection":[{"href":"https:\/\/www.visit-ulcinj.com\/blog\/wp-json\/wp\/v2\/posts"}],"about":[{"href":"https:\/\/www.visit-ulcinj.com\/blog\/wp-json\/wp\/v2\/types\/post"}],"author":[{"embeddable":true,"href":"https:\/\/www.visit-ulcinj.com\/blog\/wp-json\/wp\/v2\/users\/1"}],"replies":[{"embeddable":true,"href":"https:\/\/www.visit-ulcinj.com\/blog\/wp-json\/wp\/v2\/comments?post=93981"}],"version-history":[{"count":1,"href":"https:\/\/www.visit-ulcinj.com\/blog\/wp-json\/wp\/v2\/posts\/93981\/revisions"}],"predecessor-version":[{"id":93983,"href":"https:\/\/www.visit-ulcinj.com\/blog\/wp-json\/wp\/v2\/posts\/93981\/revisions\/93983"}],"wp:attachment":[{"href":"https:\/\/www.visit-ulcinj.com\/blog\/wp-json\/wp\/v2\/media?parent=93981"}],"wp:term":[{"taxonomy":"category","embeddable":true,"href":"https:\/\/www.visit-ulcinj.com\/blog\/wp-json\/wp\/v2\/categories?post=93981"},{"taxonomy":"post_tag","embeddable":true,"href":"https:\/\/www.visit-ulcinj.com\/blog\/wp-json\/wp\/v2\/tags?post=93981"}],"curies":[{"name":"wp","href":"https:\/\/api.w.org\/{rel}","templated":true}]}}