{"id":93984,"date":"2016-01-12T17:19:59","date_gmt":"2016-01-12T16:19:59","guid":{"rendered":"http:\/\/www.visit-ulcinj.com\/blog\/?p=93984"},"modified":"2016-01-12T19:26:10","modified_gmt":"2016-01-12T18:26:10","slug":"marsal-prkosio-vremenu-pa-izgorio-u-pozaru","status":"publish","type":"post","link":"https:\/\/www.visit-ulcinj.com\/blog\/2016\/01\/12\/marsal-prkosio-vremenu-pa-izgorio-u-pozaru\/","title":{"rendered":"Mar\u0161al prkosio vremenu, pa izgorio u po\u017earu"},"content":{"rendered":"<p><strong><a href=\"http:\/\/www.visit-ulcinj.com\/blog\/wp-content\/uploads\/2016\/01\/TITO-MAZHURA.jpg\"><img loading=\"lazy\" class=\"alignleft wp-image-93985\" src=\"http:\/\/www.visit-ulcinj.com\/blog\/wp-content\/uploads\/2016\/01\/TITO-MAZHURA.jpg\" alt=\"TITO-MAZHURA\" width=\"508\" height=\"319\" srcset=\"https:\/\/www.visit-ulcinj.com\/blog\/wp-content\/uploads\/2016\/01\/TITO-MAZHURA.jpg 560w, https:\/\/www.visit-ulcinj.com\/blog\/wp-content\/uploads\/2016\/01\/TITO-MAZHURA-300x189.jpg 300w\" sizes=\"(max-width: 508px) 100vw, 508px\" \/><\/a>Sa Titovim likom sa Mo\u017eure na turisti\u010dom prospektu, Ulcinj je osamdesetih godina pro\u0161log vijeka obarao rekorde po broju turista iz Evrope, pogotovo iz Njema\u010dke<\/strong><\/p>\n<p><strong><span class=\"credits__author\"> Autor: Samir Adrovi\u0107 <\/span><\/strong><\/p>\n<p>Grupa brigadira vje\u0161to se kretala uskom stazicom po slabo pristupa\u010dnom terenu.<\/p>\n<p>Kameniti i niskim rastinjem obrasli obronak Mo\u017eure kraj Ulcinja, za njih je zna\u010dio vi\u0161e od \u017eivota, iako su se tog sun\u010danog junskog jutra 1982. prvi put obreli na njemu.<\/p>\n<p>Najve\u0107i dio gra\u0111ana Crne Gore, a kamoli Jugoslavije, nije znao &#8230;<\/p>\n<div class=\"register_info\">\n<h3 class=\"register_info__heading\"><a href=\"http:\/\/www.vijesti.me\/vijesti\/marsal-prkosio-vremenu-pa-izgorio-u-pozaru-869585\" target=\"_blank\">Da biste pro\u010ditali kompletan sadr\u017eaj PREMIUM \u010dlanka potrebno je da se pretplatite.<\/a><\/h3>\n<p><strong>Izvor: Vijesti Online<\/strong><\/p>\n<\/div>\n","protected":false},"excerpt":{"rendered":"<p>Sa Titovim likom sa Mo\u017eure na turisti\u010dom prospektu, Ulcinj je osamdesetih godina pro\u0161log vijeka obarao rekorde po broju turista iz Evrope, pogotovo iz Njema\u010dke Autor: Samir Adrovi\u0107 Grupa brigadira vje\u0161to se kretala uskom stazicom po slabo pristupa\u010dnom terenu. Kameniti i niskim rastinjem obrasli obronak Mo\u017eure kraj Ulcinja, za njih je zna\u010dio vi\u0161e od \u017eivota, iako [&hellip;]<\/p>\n","protected":false},"author":1,"featured_media":0,"comment_status":"closed","ping_status":"closed","sticky":false,"template":"","format":"standard","meta":{"spay_email":"","jetpack_publicize_message":"","jetpack_is_tweetstorm":false,"jetpack_publicize_feature_enabled":true},"categories":[6950],"tags":[],"jetpack_publicize_connections":[],"yoast_head":"<!-- This site is optimized with the Yoast SEO plugin v19.1 - https:\/\/yoast.com\/wordpress\/plugins\/seo\/ -->\n<title>Mar\u0161al prkosio vremenu, pa izgorio u po\u017earu - Lajme nga Ulqini<\/title>\n<meta name=\"description\" content=\"Sa Titovim likom sa Mo\u017eure na turisti\u010dom prospektu, Ulcinj je osamdesetih godina pro\u0161log vijeka obarao rekorde po broju turista iz Evrope, pogotovo iz\" \/>\n<meta name=\"robots\" content=\"index, follow, max-snippet:-1, max-image-preview:large, max-video-preview:-1\" \/>\n<link rel=\"canonical\" href=\"https:\/\/www.visit-ulcinj.com\/blog\/2016\/01\/12\/marsal-prkosio-vremenu-pa-izgorio-u-pozaru\/\" \/>\n<meta property=\"og:locale\" content=\"en_US\" \/>\n<meta property=\"og:type\" content=\"article\" \/>\n<meta property=\"og:title\" content=\"Mar\u0161al prkosio vremenu, pa izgorio u po\u017earu - Lajme nga Ulqini\" \/>\n<meta property=\"og:description\" content=\"Sa Titovim likom sa Mo\u017eure na turisti\u010dom prospektu, Ulcinj je osamdesetih godina pro\u0161log vijeka obarao rekorde po broju turista iz Evrope, pogotovo iz\" \/>\n<meta property=\"og:url\" content=\"https:\/\/www.visit-ulcinj.com\/blog\/2016\/01\/12\/marsal-prkosio-vremenu-pa-izgorio-u-pozaru\/\" \/>\n<meta property=\"og:site_name\" content=\"Lajme nga Ulqini\" \/>\n<meta property=\"article:published_time\" content=\"2016-01-12T16:19:59+00:00\" \/>\n<meta property=\"article:modified_time\" content=\"2016-01-12T18:26:10+00:00\" \/>\n<meta property=\"og:image\" content=\"http:\/\/www.visit-ulcinj.com\/blog\/wp-content\/uploads\/2016\/01\/TITO-MAZHURA.jpg\" \/>\n<meta name=\"twitter:label1\" content=\"Written by\" \/>\n\t<meta name=\"twitter:data1\" content=\"ulqini\" \/>\n\t<meta name=\"twitter:label2\" content=\"Est. reading time\" \/>\n\t<meta name=\"twitter:data2\" content=\"1 minute\" \/>\n<script type=\"application\/ld+json\" class=\"yoast-schema-graph\">{\"@context\":\"https:\/\/schema.org\",\"@graph\":[{\"@type\":\"WebSite\",\"@id\":\"https:\/\/www.visit-ulcinj.com\/blog\/#website\",\"url\":\"https:\/\/www.visit-ulcinj.com\/blog\/\",\"name\":\"Lajme nga Ulqini\",\"description\":\"Lajme,Vijesti,Ulqini,Ulqin,Crna Gora,Mali i Zi\",\"potentialAction\":[{\"@type\":\"SearchAction\",\"target\":{\"@type\":\"EntryPoint\",\"urlTemplate\":\"https:\/\/www.visit-ulcinj.com\/blog\/?s={search_term_string}\"},\"query-input\":\"required name=search_term_string\"}],\"inLanguage\":\"en-US\"},{\"@type\":\"ImageObject\",\"inLanguage\":\"en-US\",\"@id\":\"https:\/\/www.visit-ulcinj.com\/blog\/2016\/01\/12\/marsal-prkosio-vremenu-pa-izgorio-u-pozaru\/#primaryimage\",\"url\":\"https:\/\/www.visit-ulcinj.com\/blog\/wp-content\/uploads\/2016\/01\/TITO-MAZHURA.jpg\",\"contentUrl\":\"https:\/\/www.visit-ulcinj.com\/blog\/wp-content\/uploads\/2016\/01\/TITO-MAZHURA.jpg\",\"width\":560,\"height\":352},{\"@type\":\"WebPage\",\"@id\":\"https:\/\/www.visit-ulcinj.com\/blog\/2016\/01\/12\/marsal-prkosio-vremenu-pa-izgorio-u-pozaru\/#webpage\",\"url\":\"https:\/\/www.visit-ulcinj.com\/blog\/2016\/01\/12\/marsal-prkosio-vremenu-pa-izgorio-u-pozaru\/\",\"name\":\"Mar\u0161al prkosio vremenu, pa izgorio u po\u017earu - Lajme nga Ulqini\",\"isPartOf\":{\"@id\":\"https:\/\/www.visit-ulcinj.com\/blog\/#website\"},\"primaryImageOfPage\":{\"@id\":\"https:\/\/www.visit-ulcinj.com\/blog\/2016\/01\/12\/marsal-prkosio-vremenu-pa-izgorio-u-pozaru\/#primaryimage\"},\"datePublished\":\"2016-01-12T16:19:59+00:00\",\"dateModified\":\"2016-01-12T18:26:10+00:00\",\"author\":{\"@id\":\"https:\/\/www.visit-ulcinj.com\/blog\/#\/schema\/person\/dcab619c614d3038751c63bc2aadc06d\"},\"description\":\"Sa Titovim likom sa Mo\u017eure na turisti\u010dom prospektu, Ulcinj je osamdesetih godina pro\u0161log vijeka obarao rekorde po broju turista iz Evrope, pogotovo iz\",\"breadcrumb\":{\"@id\":\"https:\/\/www.visit-ulcinj.com\/blog\/2016\/01\/12\/marsal-prkosio-vremenu-pa-izgorio-u-pozaru\/#breadcrumb\"},\"inLanguage\":\"en-US\",\"potentialAction\":[{\"@type\":\"ReadAction\",\"target\":[\"https:\/\/www.visit-ulcinj.com\/blog\/2016\/01\/12\/marsal-prkosio-vremenu-pa-izgorio-u-pozaru\/\"]}]},{\"@type\":\"BreadcrumbList\",\"@id\":\"https:\/\/www.visit-ulcinj.com\/blog\/2016\/01\/12\/marsal-prkosio-vremenu-pa-izgorio-u-pozaru\/#breadcrumb\",\"itemListElement\":[{\"@type\":\"ListItem\",\"position\":1,\"name\":\"Mar\u0161al prkosio vremenu, pa izgorio u po\u017earu\"}]},{\"@type\":\"Person\",\"@id\":\"https:\/\/www.visit-ulcinj.com\/blog\/#\/schema\/person\/dcab619c614d3038751c63bc2aadc06d\",\"name\":\"ulqini\",\"sameAs\":[\"http:\/\/www.visit-ulcinj.com\"],\"url\":\"https:\/\/www.visit-ulcinj.com\/blog\/author\/admin\/\"}]}<\/script>\n<!-- \/ Yoast SEO plugin. -->","yoast_head_json":{"title":"Mar\u0161al prkosio vremenu, pa izgorio u po\u017earu - Lajme nga Ulqini","description":"Sa Titovim likom sa Mo\u017eure na turisti\u010dom prospektu, Ulcinj je osamdesetih godina pro\u0161log vijeka obarao rekorde po broju turista iz Evrope, pogotovo iz","robots":{"index":"index","follow":"follow","max-snippet":"max-snippet:-1","max-image-preview":"max-image-preview:large","max-video-preview":"max-video-preview:-1"},"canonical":"https:\/\/www.visit-ulcinj.com\/blog\/2016\/01\/12\/marsal-prkosio-vremenu-pa-izgorio-u-pozaru\/","og_locale":"en_US","og_type":"article","og_title":"Mar\u0161al prkosio vremenu, pa izgorio u po\u017earu - Lajme nga Ulqini","og_description":"Sa Titovim likom sa Mo\u017eure na turisti\u010dom prospektu, Ulcinj je osamdesetih godina pro\u0161log vijeka obarao rekorde po broju turista iz Evrope, pogotovo iz","og_url":"https:\/\/www.visit-ulcinj.com\/blog\/2016\/01\/12\/marsal-prkosio-vremenu-pa-izgorio-u-pozaru\/","og_site_name":"Lajme nga Ulqini","article_published_time":"2016-01-12T16:19:59+00:00","article_modified_time":"2016-01-12T18:26:10+00:00","og_image":[{"url":"http:\/\/www.visit-ulcinj.com\/blog\/wp-content\/uploads\/2016\/01\/TITO-MAZHURA.jpg"}],"twitter_misc":{"Written by":"ulqini","Est. reading time":"1 minute"},"schema":{"@context":"https:\/\/schema.org","@graph":[{"@type":"WebSite","@id":"https:\/\/www.visit-ulcinj.com\/blog\/#website","url":"https:\/\/www.visit-ulcinj.com\/blog\/","name":"Lajme nga Ulqini","description":"Lajme,Vijesti,Ulqini,Ulqin,Crna Gora,Mali i Zi","potentialAction":[{"@type":"SearchAction","target":{"@type":"EntryPoint","urlTemplate":"https:\/\/www.visit-ulcinj.com\/blog\/?s={search_term_string}"},"query-input":"required name=search_term_string"}],"inLanguage":"en-US"},{"@type":"ImageObject","inLanguage":"en-US","@id":"https:\/\/www.visit-ulcinj.com\/blog\/2016\/01\/12\/marsal-prkosio-vremenu-pa-izgorio-u-pozaru\/#primaryimage","url":"https:\/\/www.visit-ulcinj.com\/blog\/wp-content\/uploads\/2016\/01\/TITO-MAZHURA.jpg","contentUrl":"https:\/\/www.visit-ulcinj.com\/blog\/wp-content\/uploads\/2016\/01\/TITO-MAZHURA.jpg","width":560,"height":352},{"@type":"WebPage","@id":"https:\/\/www.visit-ulcinj.com\/blog\/2016\/01\/12\/marsal-prkosio-vremenu-pa-izgorio-u-pozaru\/#webpage","url":"https:\/\/www.visit-ulcinj.com\/blog\/2016\/01\/12\/marsal-prkosio-vremenu-pa-izgorio-u-pozaru\/","name":"Mar\u0161al prkosio vremenu, pa izgorio u po\u017earu - Lajme nga Ulqini","isPartOf":{"@id":"https:\/\/www.visit-ulcinj.com\/blog\/#website"},"primaryImageOfPage":{"@id":"https:\/\/www.visit-ulcinj.com\/blog\/2016\/01\/12\/marsal-prkosio-vremenu-pa-izgorio-u-pozaru\/#primaryimage"},"datePublished":"2016-01-12T16:19:59+00:00","dateModified":"2016-01-12T18:26:10+00:00","author":{"@id":"https:\/\/www.visit-ulcinj.com\/blog\/#\/schema\/person\/dcab619c614d3038751c63bc2aadc06d"},"description":"Sa Titovim likom sa Mo\u017eure na turisti\u010dom prospektu, Ulcinj je osamdesetih godina pro\u0161log vijeka obarao rekorde po broju turista iz Evrope, pogotovo iz","breadcrumb":{"@id":"https:\/\/www.visit-ulcinj.com\/blog\/2016\/01\/12\/marsal-prkosio-vremenu-pa-izgorio-u-pozaru\/#breadcrumb"},"inLanguage":"en-US","potentialAction":[{"@type":"ReadAction","target":["https:\/\/www.visit-ulcinj.com\/blog\/2016\/01\/12\/marsal-prkosio-vremenu-pa-izgorio-u-pozaru\/"]}]},{"@type":"BreadcrumbList","@id":"https:\/\/www.visit-ulcinj.com\/blog\/2016\/01\/12\/marsal-prkosio-vremenu-pa-izgorio-u-pozaru\/#breadcrumb","itemListElement":[{"@type":"ListItem","position":1,"name":"Mar\u0161al prkosio vremenu, pa izgorio u po\u017earu"}]},{"@type":"Person","@id":"https:\/\/www.visit-ulcinj.com\/blog\/#\/schema\/person\/dcab619c614d3038751c63bc2aadc06d","name":"ulqini","sameAs":["http:\/\/www.visit-ulcinj.com"],"url":"https:\/\/www.visit-ulcinj.com\/blog\/author\/admin\/"}]}},"jetpack_featured_media_url":"","jetpack_sharing_enabled":true,"jetpack_shortlink":"https:\/\/wp.me\/pe6lTn-orS","_links":{"self":[{"href":"https:\/\/www.visit-ulcinj.com\/blog\/wp-json\/wp\/v2\/posts\/93984"}],"collection":[{"href":"https:\/\/www.visit-ulcinj.com\/blog\/wp-json\/wp\/v2\/posts"}],"about":[{"href":"https:\/\/www.visit-ulcinj.com\/blog\/wp-json\/wp\/v2\/types\/post"}],"author":[{"embeddable":true,"href":"https:\/\/www.visit-ulcinj.com\/blog\/wp-json\/wp\/v2\/users\/1"}],"replies":[{"embeddable":true,"href":"https:\/\/www.visit-ulcinj.com\/blog\/wp-json\/wp\/v2\/comments?post=93984"}],"version-history":[{"count":2,"href":"https:\/\/www.visit-ulcinj.com\/blog\/wp-json\/wp\/v2\/posts\/93984\/revisions"}],"predecessor-version":[{"id":93987,"href":"https:\/\/www.visit-ulcinj.com\/blog\/wp-json\/wp\/v2\/posts\/93984\/revisions\/93987"}],"wp:attachment":[{"href":"https:\/\/www.visit-ulcinj.com\/blog\/wp-json\/wp\/v2\/media?parent=93984"}],"wp:term":[{"taxonomy":"category","embeddable":true,"href":"https:\/\/www.visit-ulcinj.com\/blog\/wp-json\/wp\/v2\/categories?post=93984"},{"taxonomy":"post_tag","embeddable":true,"href":"https:\/\/www.visit-ulcinj.com\/blog\/wp-json\/wp\/v2\/tags?post=93984"}],"curies":[{"name":"wp","href":"https:\/\/api.w.org\/{rel}","templated":true}]}}