{"id":93988,"date":"2016-01-12T18:17:10","date_gmt":"2016-01-12T17:17:10","guid":{"rendered":"http:\/\/www.visit-ulcinj.com\/blog\/?p=93988"},"modified":"2016-01-13T15:31:05","modified_gmt":"2016-01-13T14:31:05","slug":"gjeka-ne-viziten-xhozef-muskat-ne-malin-mozhur","status":"publish","type":"post","link":"https:\/\/www.visit-ulcinj.com\/blog\/2016\/01\/12\/gjeka-ne-viziten-xhozef-muskat-ne-malin-mozhur\/","title":{"rendered":"Gjeka n\u00eb vizit\u00ebn me Xhozef Muskat n\u00eb malin Mozhur"},"content":{"rendered":"<p><a href=\"http:\/\/www.visit-ulcinj.com\/blog\/wp-content\/uploads\/2016\/01\/Mazhura-2.jpg\"><img loading=\"lazy\" class=\"alignleft wp-image-93989\" src=\"http:\/\/www.visit-ulcinj.com\/blog\/wp-content\/uploads\/2016\/01\/Mazhura-2.jpg\" alt=\"Mazhura-2\" width=\"508\" height=\"520\" srcset=\"https:\/\/www.visit-ulcinj.com\/blog\/wp-content\/uploads\/2016\/01\/Mazhura-2.jpg 386w, https:\/\/www.visit-ulcinj.com\/blog\/wp-content\/uploads\/2016\/01\/Mazhura-2-293x300.jpg 293w\" sizes=\"(max-width: 508px) 100vw, 508px\" \/><\/a>Sot n\u00eb malin Mozhur i cili pjes\u00ebn m\u00eb t\u00eb madhe ndodhet n\u00eb territorin e komun\u00ebs s\u00eb Ulqinit, nd\u00ebrsa pjes\u00ebrisht edhe n\u00eb at\u00eb t\u00eb Tivarit , ishte p\u00ebr vizit kryeministri I Malt\u00ebs Xhozef Muskat . N\u00eb k\u00ebt\u00eb hap\u00ebsir\u00eb \u00ebsht\u00eb parashikuar q\u00eb n\u00eb mars t\u00eb nis realizimi i nd\u00ebrtimit t\u00eb centraleve me er\u00eb.<br \/>\nInvestitor \u00ebsht\u00eb kompania \u201cEnemalta plc\u201d, e cila \u00ebsht\u00eb n\u00eb pron\u00ebsi shumic\u00eb t\u00eb shtetit t\u00eb Malt\u00ebs. Sipas kryeministrit t\u00eb Malit t\u00eb Zi Millo Gjukanoviq ,e t\u00ebr puna kap vler\u00ebn prej 80 milion euro . Sot me Xhozef Muskat ,dhe zyrtar\u00ebt e qeveris\u00eb s\u00eb Malit t\u00eb Zi ,ishte prezent edhe kryetari i Komun\u00eb s\u00eb Ulqinit poashtu dhe I Partis Demokratike Z. Fatmir Gjeka ,si dhe kryetari I Komun\u00ebs s\u00eb Tivarit Z. Zoran Srzentiq .<\/p>\n<p id=\"js_w\" class=\"_5pbw _11dd\" data-ft=\"{&quot;tn&quot;:&quot;C&quot;}\"><strong><span class=\"fwn fcg\"><span class=\"fwb fcg\" data-ft=\"{&quot;tn&quot;:&quot;k&quot;}\"><a id=\"js_1e\" href=\"https:\/\/www.facebook.com\/Partia-Demokratike-938706886221156\/?fref=nf\" data-hovercard=\"\/ajax\/hovercard\/page.php?id=938706886221156&amp;extragetparams=%7B%22fref%22%3A%22nf%22%7D\">Partia Demokratike Facebook<\/a><\/span><\/span><\/strong><\/p>\n","protected":false},"excerpt":{"rendered":"<p>Sot n\u00eb malin Mozhur i cili pjes\u00ebn m\u00eb t\u00eb madhe ndodhet n\u00eb territorin e komun\u00ebs s\u00eb Ulqinit, nd\u00ebrsa pjes\u00ebrisht edhe n\u00eb at\u00eb t\u00eb Tivarit , ishte p\u00ebr vizit kryeministri I Malt\u00ebs Xhozef Muskat . N\u00eb k\u00ebt\u00eb hap\u00ebsir\u00eb \u00ebsht\u00eb parashikuar q\u00eb n\u00eb mars t\u00eb nis realizimi i nd\u00ebrtimit t\u00eb centraleve me er\u00eb. Investitor \u00ebsht\u00eb kompania \u201cEnemalta [&hellip;]<\/p>\n","protected":false},"author":1,"featured_media":0,"comment_status":"closed","ping_status":"closed","sticky":false,"template":"","format":"standard","meta":{"spay_email":"","jetpack_publicize_message":"","jetpack_is_tweetstorm":false,"jetpack_publicize_feature_enabled":true},"categories":[1,12],"tags":[],"jetpack_publicize_connections":[],"yoast_head":"<!-- This site is optimized with the Yoast SEO plugin v19.1 - https:\/\/yoast.com\/wordpress\/plugins\/seo\/ -->\n<title>Gjeka n\u00eb vizit\u00ebn me Xhozef Muskat n\u00eb malin Mozhur - Lajme nga Ulqini<\/title>\n<meta name=\"description\" content=\"Sot n\u00eb malin Mozhur i cili pjes\u00ebn m\u00eb t\u00eb madhe ndodhet n\u00eb territorin e komun\u00ebs s\u00eb Ulqinit, nd\u00ebrsa pjes\u00ebrisht edhe n\u00eb at\u00eb t\u00eb Tivarit , ishte p\u00ebr vizit\" \/>\n<meta name=\"robots\" content=\"index, follow, max-snippet:-1, max-image-preview:large, max-video-preview:-1\" \/>\n<link rel=\"canonical\" href=\"https:\/\/www.visit-ulcinj.com\/blog\/2016\/01\/12\/gjeka-ne-viziten-xhozef-muskat-ne-malin-mozhur\/\" \/>\n<meta property=\"og:locale\" content=\"en_US\" \/>\n<meta property=\"og:type\" content=\"article\" \/>\n<meta property=\"og:title\" content=\"Gjeka n\u00eb vizit\u00ebn me Xhozef Muskat n\u00eb malin Mozhur - Lajme nga Ulqini\" \/>\n<meta property=\"og:description\" content=\"Sot n\u00eb malin Mozhur i cili pjes\u00ebn m\u00eb t\u00eb madhe ndodhet n\u00eb territorin e komun\u00ebs s\u00eb Ulqinit, nd\u00ebrsa pjes\u00ebrisht edhe n\u00eb at\u00eb t\u00eb Tivarit , ishte p\u00ebr vizit\" \/>\n<meta property=\"og:url\" content=\"https:\/\/www.visit-ulcinj.com\/blog\/2016\/01\/12\/gjeka-ne-viziten-xhozef-muskat-ne-malin-mozhur\/\" \/>\n<meta property=\"og:site_name\" content=\"Lajme nga Ulqini\" \/>\n<meta property=\"article:published_time\" content=\"2016-01-12T17:17:10+00:00\" \/>\n<meta property=\"article:modified_time\" content=\"2016-01-13T14:31:05+00:00\" \/>\n<meta property=\"og:image\" content=\"http:\/\/www.visit-ulcinj.com\/blog\/wp-content\/uploads\/2016\/01\/Mazhura-2.jpg\" \/>\n<meta name=\"twitter:label1\" content=\"Written by\" \/>\n\t<meta name=\"twitter:data1\" content=\"ulqini\" \/>\n\t<meta name=\"twitter:label2\" content=\"Est. reading time\" \/>\n\t<meta name=\"twitter:data2\" content=\"1 minute\" \/>\n<script type=\"application\/ld+json\" class=\"yoast-schema-graph\">{\"@context\":\"https:\/\/schema.org\",\"@graph\":[{\"@type\":\"WebSite\",\"@id\":\"https:\/\/www.visit-ulcinj.com\/blog\/#website\",\"url\":\"https:\/\/www.visit-ulcinj.com\/blog\/\",\"name\":\"Lajme nga Ulqini\",\"description\":\"Lajme,Vijesti,Ulqini,Ulqin,Crna Gora,Mali i Zi\",\"potentialAction\":[{\"@type\":\"SearchAction\",\"target\":{\"@type\":\"EntryPoint\",\"urlTemplate\":\"https:\/\/www.visit-ulcinj.com\/blog\/?s={search_term_string}\"},\"query-input\":\"required name=search_term_string\"}],\"inLanguage\":\"en-US\"},{\"@type\":\"ImageObject\",\"inLanguage\":\"en-US\",\"@id\":\"https:\/\/www.visit-ulcinj.com\/blog\/2016\/01\/12\/gjeka-ne-viziten-xhozef-muskat-ne-malin-mozhur\/#primaryimage\",\"url\":\"https:\/\/www.visit-ulcinj.com\/blog\/wp-content\/uploads\/2016\/01\/Mazhura-2.jpg\",\"contentUrl\":\"https:\/\/www.visit-ulcinj.com\/blog\/wp-content\/uploads\/2016\/01\/Mazhura-2.jpg\",\"width\":386,\"height\":395},{\"@type\":\"WebPage\",\"@id\":\"https:\/\/www.visit-ulcinj.com\/blog\/2016\/01\/12\/gjeka-ne-viziten-xhozef-muskat-ne-malin-mozhur\/#webpage\",\"url\":\"https:\/\/www.visit-ulcinj.com\/blog\/2016\/01\/12\/gjeka-ne-viziten-xhozef-muskat-ne-malin-mozhur\/\",\"name\":\"Gjeka n\u00eb vizit\u00ebn me Xhozef Muskat n\u00eb malin Mozhur - Lajme nga Ulqini\",\"isPartOf\":{\"@id\":\"https:\/\/www.visit-ulcinj.com\/blog\/#website\"},\"primaryImageOfPage\":{\"@id\":\"https:\/\/www.visit-ulcinj.com\/blog\/2016\/01\/12\/gjeka-ne-viziten-xhozef-muskat-ne-malin-mozhur\/#primaryimage\"},\"datePublished\":\"2016-01-12T17:17:10+00:00\",\"dateModified\":\"2016-01-13T14:31:05+00:00\",\"author\":{\"@id\":\"https:\/\/www.visit-ulcinj.com\/blog\/#\/schema\/person\/dcab619c614d3038751c63bc2aadc06d\"},\"description\":\"Sot n\u00eb malin Mozhur i cili pjes\u00ebn m\u00eb t\u00eb madhe ndodhet n\u00eb territorin e komun\u00ebs s\u00eb Ulqinit, nd\u00ebrsa pjes\u00ebrisht edhe n\u00eb at\u00eb t\u00eb Tivarit , ishte p\u00ebr vizit\",\"breadcrumb\":{\"@id\":\"https:\/\/www.visit-ulcinj.com\/blog\/2016\/01\/12\/gjeka-ne-viziten-xhozef-muskat-ne-malin-mozhur\/#breadcrumb\"},\"inLanguage\":\"en-US\",\"potentialAction\":[{\"@type\":\"ReadAction\",\"target\":[\"https:\/\/www.visit-ulcinj.com\/blog\/2016\/01\/12\/gjeka-ne-viziten-xhozef-muskat-ne-malin-mozhur\/\"]}]},{\"@type\":\"BreadcrumbList\",\"@id\":\"https:\/\/www.visit-ulcinj.com\/blog\/2016\/01\/12\/gjeka-ne-viziten-xhozef-muskat-ne-malin-mozhur\/#breadcrumb\",\"itemListElement\":[{\"@type\":\"ListItem\",\"position\":1,\"name\":\"Gjeka n\u00eb vizit\u00ebn me Xhozef Muskat n\u00eb malin Mozhur\"}]},{\"@type\":\"Person\",\"@id\":\"https:\/\/www.visit-ulcinj.com\/blog\/#\/schema\/person\/dcab619c614d3038751c63bc2aadc06d\",\"name\":\"ulqini\",\"sameAs\":[\"http:\/\/www.visit-ulcinj.com\"],\"url\":\"https:\/\/www.visit-ulcinj.com\/blog\/author\/admin\/\"}]}<\/script>\n<!-- \/ Yoast SEO plugin. -->","yoast_head_json":{"title":"Gjeka n\u00eb vizit\u00ebn me Xhozef Muskat n\u00eb malin Mozhur - Lajme nga Ulqini","description":"Sot n\u00eb malin Mozhur i cili pjes\u00ebn m\u00eb t\u00eb madhe ndodhet n\u00eb territorin e komun\u00ebs s\u00eb Ulqinit, nd\u00ebrsa pjes\u00ebrisht edhe n\u00eb at\u00eb t\u00eb Tivarit , ishte p\u00ebr vizit","robots":{"index":"index","follow":"follow","max-snippet":"max-snippet:-1","max-image-preview":"max-image-preview:large","max-video-preview":"max-video-preview:-1"},"canonical":"https:\/\/www.visit-ulcinj.com\/blog\/2016\/01\/12\/gjeka-ne-viziten-xhozef-muskat-ne-malin-mozhur\/","og_locale":"en_US","og_type":"article","og_title":"Gjeka n\u00eb vizit\u00ebn me Xhozef Muskat n\u00eb malin Mozhur - Lajme nga Ulqini","og_description":"Sot n\u00eb malin Mozhur i cili pjes\u00ebn m\u00eb t\u00eb madhe ndodhet n\u00eb territorin e komun\u00ebs s\u00eb Ulqinit, nd\u00ebrsa pjes\u00ebrisht edhe n\u00eb at\u00eb t\u00eb Tivarit , ishte p\u00ebr vizit","og_url":"https:\/\/www.visit-ulcinj.com\/blog\/2016\/01\/12\/gjeka-ne-viziten-xhozef-muskat-ne-malin-mozhur\/","og_site_name":"Lajme nga Ulqini","article_published_time":"2016-01-12T17:17:10+00:00","article_modified_time":"2016-01-13T14:31:05+00:00","og_image":[{"url":"http:\/\/www.visit-ulcinj.com\/blog\/wp-content\/uploads\/2016\/01\/Mazhura-2.jpg"}],"twitter_misc":{"Written by":"ulqini","Est. reading time":"1 minute"},"schema":{"@context":"https:\/\/schema.org","@graph":[{"@type":"WebSite","@id":"https:\/\/www.visit-ulcinj.com\/blog\/#website","url":"https:\/\/www.visit-ulcinj.com\/blog\/","name":"Lajme nga Ulqini","description":"Lajme,Vijesti,Ulqini,Ulqin,Crna Gora,Mali i Zi","potentialAction":[{"@type":"SearchAction","target":{"@type":"EntryPoint","urlTemplate":"https:\/\/www.visit-ulcinj.com\/blog\/?s={search_term_string}"},"query-input":"required name=search_term_string"}],"inLanguage":"en-US"},{"@type":"ImageObject","inLanguage":"en-US","@id":"https:\/\/www.visit-ulcinj.com\/blog\/2016\/01\/12\/gjeka-ne-viziten-xhozef-muskat-ne-malin-mozhur\/#primaryimage","url":"https:\/\/www.visit-ulcinj.com\/blog\/wp-content\/uploads\/2016\/01\/Mazhura-2.jpg","contentUrl":"https:\/\/www.visit-ulcinj.com\/blog\/wp-content\/uploads\/2016\/01\/Mazhura-2.jpg","width":386,"height":395},{"@type":"WebPage","@id":"https:\/\/www.visit-ulcinj.com\/blog\/2016\/01\/12\/gjeka-ne-viziten-xhozef-muskat-ne-malin-mozhur\/#webpage","url":"https:\/\/www.visit-ulcinj.com\/blog\/2016\/01\/12\/gjeka-ne-viziten-xhozef-muskat-ne-malin-mozhur\/","name":"Gjeka n\u00eb vizit\u00ebn me Xhozef Muskat n\u00eb malin Mozhur - Lajme nga Ulqini","isPartOf":{"@id":"https:\/\/www.visit-ulcinj.com\/blog\/#website"},"primaryImageOfPage":{"@id":"https:\/\/www.visit-ulcinj.com\/blog\/2016\/01\/12\/gjeka-ne-viziten-xhozef-muskat-ne-malin-mozhur\/#primaryimage"},"datePublished":"2016-01-12T17:17:10+00:00","dateModified":"2016-01-13T14:31:05+00:00","author":{"@id":"https:\/\/www.visit-ulcinj.com\/blog\/#\/schema\/person\/dcab619c614d3038751c63bc2aadc06d"},"description":"Sot n\u00eb malin Mozhur i cili pjes\u00ebn m\u00eb t\u00eb madhe ndodhet n\u00eb territorin e komun\u00ebs s\u00eb Ulqinit, nd\u00ebrsa pjes\u00ebrisht edhe n\u00eb at\u00eb t\u00eb Tivarit , ishte p\u00ebr vizit","breadcrumb":{"@id":"https:\/\/www.visit-ulcinj.com\/blog\/2016\/01\/12\/gjeka-ne-viziten-xhozef-muskat-ne-malin-mozhur\/#breadcrumb"},"inLanguage":"en-US","potentialAction":[{"@type":"ReadAction","target":["https:\/\/www.visit-ulcinj.com\/blog\/2016\/01\/12\/gjeka-ne-viziten-xhozef-muskat-ne-malin-mozhur\/"]}]},{"@type":"BreadcrumbList","@id":"https:\/\/www.visit-ulcinj.com\/blog\/2016\/01\/12\/gjeka-ne-viziten-xhozef-muskat-ne-malin-mozhur\/#breadcrumb","itemListElement":[{"@type":"ListItem","position":1,"name":"Gjeka n\u00eb vizit\u00ebn me Xhozef Muskat n\u00eb malin Mozhur"}]},{"@type":"Person","@id":"https:\/\/www.visit-ulcinj.com\/blog\/#\/schema\/person\/dcab619c614d3038751c63bc2aadc06d","name":"ulqini","sameAs":["http:\/\/www.visit-ulcinj.com"],"url":"https:\/\/www.visit-ulcinj.com\/blog\/author\/admin\/"}]}},"jetpack_featured_media_url":"","jetpack_sharing_enabled":true,"jetpack_shortlink":"https:\/\/wp.me\/pe6lTn-orW","_links":{"self":[{"href":"https:\/\/www.visit-ulcinj.com\/blog\/wp-json\/wp\/v2\/posts\/93988"}],"collection":[{"href":"https:\/\/www.visit-ulcinj.com\/blog\/wp-json\/wp\/v2\/posts"}],"about":[{"href":"https:\/\/www.visit-ulcinj.com\/blog\/wp-json\/wp\/v2\/types\/post"}],"author":[{"embeddable":true,"href":"https:\/\/www.visit-ulcinj.com\/blog\/wp-json\/wp\/v2\/users\/1"}],"replies":[{"embeddable":true,"href":"https:\/\/www.visit-ulcinj.com\/blog\/wp-json\/wp\/v2\/comments?post=93988"}],"version-history":[{"count":1,"href":"https:\/\/www.visit-ulcinj.com\/blog\/wp-json\/wp\/v2\/posts\/93988\/revisions"}],"predecessor-version":[{"id":93990,"href":"https:\/\/www.visit-ulcinj.com\/blog\/wp-json\/wp\/v2\/posts\/93988\/revisions\/93990"}],"wp:attachment":[{"href":"https:\/\/www.visit-ulcinj.com\/blog\/wp-json\/wp\/v2\/media?parent=93988"}],"wp:term":[{"taxonomy":"category","embeddable":true,"href":"https:\/\/www.visit-ulcinj.com\/blog\/wp-json\/wp\/v2\/categories?post=93988"},{"taxonomy":"post_tag","embeddable":true,"href":"https:\/\/www.visit-ulcinj.com\/blog\/wp-json\/wp\/v2\/tags?post=93988"}],"curies":[{"name":"wp","href":"https:\/\/api.w.org\/{rel}","templated":true}]}}