{"id":93992,"date":"2016-01-13T15:14:02","date_gmt":"2016-01-13T14:14:02","guid":{"rendered":"http:\/\/www.visit-ulcinj.com\/blog\/?p=93992"},"modified":"2016-01-14T14:38:20","modified_gmt":"2016-01-14T13:38:20","slug":"nika-avanti-populus","status":"publish","type":"post","link":"https:\/\/www.visit-ulcinj.com\/blog\/2016\/01\/13\/nika-avanti-populus\/","title":{"rendered":"Nika: Avanti Populus"},"content":{"rendered":"<p><strong><a href=\"http:\/\/www.visit-ulcinj.com\/blog\/wp-content\/uploads\/2014\/11\/Muhamet-Nika.jpg\"><img loading=\"lazy\" class=\"alignleft wp-image-86143 size-full\" src=\"http:\/\/www.visit-ulcinj.com\/blog\/wp-content\/uploads\/2014\/11\/Muhamet-Nika.jpg\" alt=\"Muhamet Nika\" width=\"256\" height=\"319\" srcset=\"https:\/\/www.visit-ulcinj.com\/blog\/wp-content\/uploads\/2014\/11\/Muhamet-Nika.jpg 256w, https:\/\/www.visit-ulcinj.com\/blog\/wp-content\/uploads\/2014\/11\/Muhamet-Nika-240x300.jpg 240w\" sizes=\"(max-width: 256px) 100vw, 256px\" \/><\/a>AVANTI\u00a0\u00a0 POPULUS (1)<\/strong><\/p>\n<p>Sot arrita t\u00eb kuptoj , p\u00ebrse m\u00eb p\u00eblqente vjersha p\u00ebr f\u00ebmij\u00eb : <strong>mi un mram t\u00eb kam shiku\/ mishin vjerr tuj ngran\u00eb\/ pa nji dhim kam me tcaptu\/ nbasha ty met zan\/por sa erdhi mramja tjet\u00ebr\/ maca nej mi tra\/ sa me shpejt e pa kujtu \/ robi saj ai ra?!<\/strong><\/p>\n<p>Pasi gjeta koh\u00eb , q\u00eb t\u2019ju marr pak koh\u00eb , prap\u00eb rreth asaj q\u00eb un\u00eb Muhamet Nika, paskam marr\u00eb 1800\u20ac , nga kryetari i komun\u00ebs , p\u00ebr botim libri duke mos vuajtur problemin e rrogave t\u00eb te pun\u00ebsuarve tjer\u00eb e duke argumentuar krejt\u00ebsisht t\u00eb kund\u00ebrt\u00ebn po sjell t\u00eb skanuar nj\u00eb let\u00ebr drejtuar Fatmir Gjek\u00ebs , me t\u00eb cil\u00ebn t\u00ebrhiqet v\u00ebrejtja , p\u00ebr dh\u00ebnien e nj\u00eb akontacioni t\u00eb menj\u00ebhersh\u00ebm- p\u00ebr rrogat e z\u00ebna peng nga blokadat gjyq\u00ebsore \u201ct\u00eb l\u00ebnd\u00ebve t\u00eb humbura..\u201d, e t\u00eb cil\u00ebn un\u00eb dhe pun\u00ebtor\u00ebt e pa privilegjuar t\u00eb komun\u00ebs, nuk mundemi ta tolerojm\u00eb m\u00eb gjat\u00eb &#8230;?!<\/p>\n<p>Andaj , p\u00ebr t\u00eb dal\u00eb nga kjo situat\u00eb- <strong><em>masa e fundit mbrojt\u00ebse<\/em><\/strong> , pa dyshim q\u00eb do jet\u00eb bllokimi i komun\u00ebs\u00a0\u00a0 p\u00ebr nj\u00eb periudh\u00eb kohore \u00a0bukur t\u00eb gjat\u00eb \u2013 p\u00ebr 6 rrogat e mandatit t\u00eb Fatmirit, dhe t\u00eb nj\u00eb rroge t\u00eb trash\u00ebguar nga koha e Cungut.<\/p>\n<p>Ky i fundit na detyrohet sepse n\u00eb m\u00ebnyr\u00eb t\u00eb paligjshme na e zbriti at\u00eb- her\u00ebn e fundit, p\u00ebr nj\u00eb rrog\u00eb vjetore duke mbuluar me te, rrogat e militant\u00ebve t\u00eb tij partiak\u00eb- t\u00eb pun\u00ebsuar edhe TE PORTALI LAJME .ME&#8230;?!! Gjyqi e rr\u00ebzoi vendimin e uljes &#8230;,si t\u00eb paligjsh\u00ebm- pas ankes\u00ebs kolektive t\u00eb pun\u00ebtor\u00ebve .Andaj \u00a0mbase p\u00ebr k\u00ebt\u00eb edhe nj\u00eb padi tjet\u00ebr penale e radh\u00ebs , nuk \u00ebsht\u00eb e do t\u2019i b\u00ebnte keq ..?! Sepse me k\u00ebt\u00eb , keqp\u00ebrdori pozit\u00ebn e tij, duke d\u00ebmtuar \u00a0interesin e komun\u00ebs p\u00ebr 150 mij\u00eb euro dhe duke mos llogaritur k\u00ebtu edhe dy uljet tjera t\u00eb koh\u00ebs s\u00eb tij n\u00eb mas\u00ebn 20 p\u00ebrqind n\u00eb t\u00eb cilat pun\u00ebtor\u00ebt nuk u ankuan?!<\/p>\n<p><strong><em>\u00c7far\u00eb ndodhi me automatin e hyrje- daljeve n\u00eb komun\u00eb \u2013 t\u00eb v\u00ebn\u00eb nga administrata e tij&#8230;?!<\/em><\/strong><\/p>\n<p>Statusin e keqp\u00ebrdorimit, duhet ta ket\u00eb edhe blerja e automatit p\u00ebr t\u00eb kontrolluar hyrje daljet e pun\u00ebtor\u00ebve t\u00eb komun\u00ebs q\u00eb (s)<strong>dihet <\/strong> sa kushtoi dhe i cili pas ankes\u00eb s\u00eb pun\u00ebtor\u00ebve, gjithashtu nuk \u00ebsht\u00eb m\u00eb n\u00eb funksion , ngase gjyqi e hodhi posht\u00eb si t\u00eb paligjsh\u00ebm?\u201d<strong><em> &#8211; KOMUNA NUK \u00cbSHT\u00cb BAZ\u00cb USHTARAKE..?!!<\/em><\/strong><\/p>\n<p>Tjet\u00ebr , p\u00ebr automatin duhet shtuar se ne nuk dim\u00eb &#8211; ku \u00ebsht\u00eb dhe n\u00eb se \u00ebsht\u00eb- A \u00ebsht\u00eb me t\u00eb gjitha *azadet-organet sh\u00ebndosh dhe pa <strong><em><span style=\"text-decoration: underline;\">transplantim organesh..?!!<\/span><\/em><\/strong><\/p>\n<p><strong><em> Pse jam(jemi) t\u00eb detyruar n\u00eb k\u00ebt\u00eb hap..?!<\/em><\/strong><\/p>\n<p>K\u00ebt\u00eb jam i detyruar ta b\u00ebj , sepse\u00a0\u00a0 gjyqi i Ulqinit ia ka b\u00ebr\u00eb t\u00eb mundshme <strong><em>EKZEKUTUSESIT PUBLIK<\/em><\/strong> ; q\u00eb ai n\u00eb em\u00ebr t\u00eb detyrimit ndaj borxhit q\u00eb kam ndaj Elektro distribucioni , t\u00eb dal\u00eb n\u00eb vend ngjarje e t\u00eb m\u00eb pla\u00e7kit\u00eb\u00a0\u00a0 sendet me vler\u00eb nga pasuria e pajisjeve t\u00eb gjetura sht\u00ebpiake n\u00eb shum\u00ebn prej 1.518,63. Ekzekutimi ishte caktuar, m\u00eb dat\u00eb 3.12.2015 n\u00eb or\u00ebn 11-30&#8230;?!<\/p>\n<p><a href=\"http:\/\/www.visit-ulcinj.com\/blog\/wp-content\/uploads\/2016\/01\/osnovni-sud-ulcinj.jpg\"><img loading=\"lazy\" class=\"alignleft wp-image-93996\" src=\"http:\/\/www.visit-ulcinj.com\/blog\/wp-content\/uploads\/2016\/01\/osnovni-sud-ulcinj.jpg\" alt=\"osnovni-sud-ulcinj\" width=\"508\" height=\"702\" srcset=\"https:\/\/www.visit-ulcinj.com\/blog\/wp-content\/uploads\/2016\/01\/osnovni-sud-ulcinj.jpg 629w, https:\/\/www.visit-ulcinj.com\/blog\/wp-content\/uploads\/2016\/01\/osnovni-sud-ulcinj-217x300.jpg 217w\" sizes=\"(max-width: 508px) 100vw, 508px\" \/><\/a><\/p>\n<p>Plot\u00ebsoi se deri te kjo erdhi , pasi q\u00eb gjykata kish vendosur se pagesa do \u00a0t\u00eb b\u00ebhet edhe me dhun\u00eb \u2013\u00c7ka vet\u00eb kisha komentuar \u2013kuptuar se po m\u00eb priste bllokimi i t\u00eb ardhurave personale&#8230;?!! Me \u00e7ka edhe u pajtova &#8230;.?!!<\/p>\n<p>N\u00eb let\u00ebr t\u00ebrhoqa v\u00ebrejtjen se , po t\u00eb mos b\u00ebhet pagesa , rreth shlyerjes s\u00eb borxhit p\u00ebr rroga, at\u00ebher\u00eb do t\u00eb jem i detyruar q\u00eb t\u00eb k\u00ebrkoj edhe vet mbrojtjen e rrog\u00ebs- p\u00ebrmes ekzekutuesit publik duk provokuar efektin zinxhir.<\/p>\n<p>Pasi kjo nuk ndodhi dhe p\u00ebr arsye t\u00eb mosmarr\u00ebveshjeve ende nuk po realizohet as krediti i shum\u00eb p\u00ebrfolur, logjikisht m\u00eb(na duhet), q\u00eb me t\u00eb pun\u00ebsuarit tjer\u00eb t\u00eb aktivizojm\u00eb bllokad\u00ebn e paralajm\u00ebruar p\u00ebrmes pages\u00ebs s\u00eb dhunshme..?!!!<\/p>\n<p><strong>Ja dhe dy shkresat e mia&#8230;.?!!!<\/strong><\/p>\n<p><a href=\"http:\/\/www.visit-ulcinj.com\/blog\/wp-content\/uploads\/2016\/01\/Zahtjev-za-isplatu-licnih-dohotka-opstine-ulcinj.jpg\"><img loading=\"lazy\" class=\"alignleft wp-image-93995\" src=\"http:\/\/www.visit-ulcinj.com\/blog\/wp-content\/uploads\/2016\/01\/Zahtjev-za-isplatu-licnih-dohotka-opstine-ulcinj.jpg\" alt=\"Zahtjev-za-isplatu-licnih-dohotka-opstine-ulcinj\" width=\"508\" height=\"649\" srcset=\"https:\/\/www.visit-ulcinj.com\/blog\/wp-content\/uploads\/2016\/01\/Zahtjev-za-isplatu-licnih-dohotka-opstine-ulcinj.jpg 626w, https:\/\/www.visit-ulcinj.com\/blog\/wp-content\/uploads\/2016\/01\/Zahtjev-za-isplatu-licnih-dohotka-opstine-ulcinj-235x300.jpg 235w\" sizes=\"(max-width: 508px) 100vw, 508px\" \/><\/a><\/p>\n<p><strong>Pik\u00ebpamjet e shprehura n\u00eb faqen \u201cOPINIONE\u201d nuk p\u00ebrfaq\u00ebsojn\u00eb domosdoshm\u00ebrisht politik\u00ebn redaksionale t\u00eb \u201eLajmeve nga Ulqini\u201e<\/strong><\/p>\n","protected":false},"excerpt":{"rendered":"<p>AVANTI\u00a0\u00a0 POPULUS (1) Sot arrita t\u00eb kuptoj , p\u00ebrse m\u00eb p\u00eblqente vjersha p\u00ebr f\u00ebmij\u00eb : mi un mram t\u00eb kam shiku\/ mishin vjerr tuj ngran\u00eb\/ pa nji dhim kam me tcaptu\/ nbasha ty met zan\/por sa erdhi mramja tjet\u00ebr\/ maca nej mi tra\/ sa me shpejt e pa kujtu \/ robi saj ai ra?! Pasi [&hellip;]<\/p>\n","protected":false},"author":1,"featured_media":0,"comment_status":"closed","ping_status":"closed","sticky":false,"template":"","format":"standard","meta":{"spay_email":"","jetpack_publicize_message":"","jetpack_is_tweetstorm":false,"jetpack_publicize_feature_enabled":true},"categories":[1,14249],"tags":[],"jetpack_publicize_connections":[],"yoast_head":"<!-- This site is optimized with the Yoast SEO plugin v19.1 - https:\/\/yoast.com\/wordpress\/plugins\/seo\/ -->\n<title>Nika: Avanti Populus - Lajme nga Ulqini<\/title>\n<meta name=\"description\" content=\"AVANTI\u00a0\u00a0 POPULUS (1) Sot arrita t\u00eb kuptoj , p\u00ebrse m\u00eb p\u00eblqente vjersha p\u00ebr f\u00ebmij\u00eb : mi un mram t\u00eb kam shiku\/ mishin vjerr tuj ngran\u00eb\/ pa nji dhim kam me\" \/>\n<meta name=\"robots\" content=\"index, follow, max-snippet:-1, max-image-preview:large, max-video-preview:-1\" \/>\n<link rel=\"canonical\" href=\"https:\/\/www.visit-ulcinj.com\/blog\/2016\/01\/13\/nika-avanti-populus\/\" \/>\n<meta property=\"og:locale\" content=\"en_US\" \/>\n<meta property=\"og:type\" content=\"article\" \/>\n<meta property=\"og:title\" content=\"Nika: Avanti Populus - Lajme nga Ulqini\" \/>\n<meta property=\"og:description\" content=\"AVANTI\u00a0\u00a0 POPULUS (1) Sot arrita t\u00eb kuptoj , p\u00ebrse m\u00eb p\u00eblqente vjersha p\u00ebr f\u00ebmij\u00eb : mi un mram t\u00eb kam shiku\/ mishin vjerr tuj ngran\u00eb\/ pa nji dhim kam me\" \/>\n<meta property=\"og:url\" content=\"https:\/\/www.visit-ulcinj.com\/blog\/2016\/01\/13\/nika-avanti-populus\/\" \/>\n<meta property=\"og:site_name\" content=\"Lajme nga Ulqini\" \/>\n<meta property=\"article:published_time\" content=\"2016-01-13T14:14:02+00:00\" \/>\n<meta property=\"article:modified_time\" content=\"2016-01-14T13:38:20+00:00\" \/>\n<meta property=\"og:image\" content=\"http:\/\/www.visit-ulcinj.com\/blog\/wp-content\/uploads\/2014\/11\/Muhamet-Nika.jpg\" \/>\n<meta name=\"twitter:label1\" content=\"Written by\" \/>\n\t<meta name=\"twitter:data1\" content=\"ulqini\" \/>\n\t<meta name=\"twitter:label2\" content=\"Est. reading time\" \/>\n\t<meta name=\"twitter:data2\" content=\"3 minutes\" \/>\n<script type=\"application\/ld+json\" class=\"yoast-schema-graph\">{\"@context\":\"https:\/\/schema.org\",\"@graph\":[{\"@type\":\"WebSite\",\"@id\":\"https:\/\/www.visit-ulcinj.com\/blog\/#website\",\"url\":\"https:\/\/www.visit-ulcinj.com\/blog\/\",\"name\":\"Lajme nga Ulqini\",\"description\":\"Lajme,Vijesti,Ulqini,Ulqin,Crna Gora,Mali i Zi\",\"potentialAction\":[{\"@type\":\"SearchAction\",\"target\":{\"@type\":\"EntryPoint\",\"urlTemplate\":\"https:\/\/www.visit-ulcinj.com\/blog\/?s={search_term_string}\"},\"query-input\":\"required name=search_term_string\"}],\"inLanguage\":\"en-US\"},{\"@type\":\"ImageObject\",\"inLanguage\":\"en-US\",\"@id\":\"https:\/\/www.visit-ulcinj.com\/blog\/2016\/01\/13\/nika-avanti-populus\/#primaryimage\",\"url\":\"https:\/\/www.visit-ulcinj.com\/blog\/wp-content\/uploads\/2014\/11\/Muhamet-Nika.jpg\",\"contentUrl\":\"https:\/\/www.visit-ulcinj.com\/blog\/wp-content\/uploads\/2014\/11\/Muhamet-Nika.jpg\",\"width\":256,\"height\":319},{\"@type\":\"WebPage\",\"@id\":\"https:\/\/www.visit-ulcinj.com\/blog\/2016\/01\/13\/nika-avanti-populus\/#webpage\",\"url\":\"https:\/\/www.visit-ulcinj.com\/blog\/2016\/01\/13\/nika-avanti-populus\/\",\"name\":\"Nika: Avanti Populus - Lajme nga Ulqini\",\"isPartOf\":{\"@id\":\"https:\/\/www.visit-ulcinj.com\/blog\/#website\"},\"primaryImageOfPage\":{\"@id\":\"https:\/\/www.visit-ulcinj.com\/blog\/2016\/01\/13\/nika-avanti-populus\/#primaryimage\"},\"datePublished\":\"2016-01-13T14:14:02+00:00\",\"dateModified\":\"2016-01-14T13:38:20+00:00\",\"author\":{\"@id\":\"https:\/\/www.visit-ulcinj.com\/blog\/#\/schema\/person\/dcab619c614d3038751c63bc2aadc06d\"},\"description\":\"AVANTI\u00a0\u00a0 POPULUS (1) Sot arrita t\u00eb kuptoj , p\u00ebrse m\u00eb p\u00eblqente vjersha p\u00ebr f\u00ebmij\u00eb : mi un mram t\u00eb kam shiku\/ mishin vjerr tuj ngran\u00eb\/ pa nji dhim kam me\",\"breadcrumb\":{\"@id\":\"https:\/\/www.visit-ulcinj.com\/blog\/2016\/01\/13\/nika-avanti-populus\/#breadcrumb\"},\"inLanguage\":\"en-US\",\"potentialAction\":[{\"@type\":\"ReadAction\",\"target\":[\"https:\/\/www.visit-ulcinj.com\/blog\/2016\/01\/13\/nika-avanti-populus\/\"]}]},{\"@type\":\"BreadcrumbList\",\"@id\":\"https:\/\/www.visit-ulcinj.com\/blog\/2016\/01\/13\/nika-avanti-populus\/#breadcrumb\",\"itemListElement\":[{\"@type\":\"ListItem\",\"position\":1,\"name\":\"Nika: Avanti Populus\"}]},{\"@type\":\"Person\",\"@id\":\"https:\/\/www.visit-ulcinj.com\/blog\/#\/schema\/person\/dcab619c614d3038751c63bc2aadc06d\",\"name\":\"ulqini\",\"sameAs\":[\"http:\/\/www.visit-ulcinj.com\"],\"url\":\"https:\/\/www.visit-ulcinj.com\/blog\/author\/admin\/\"}]}<\/script>\n<!-- \/ Yoast SEO plugin. -->","yoast_head_json":{"title":"Nika: Avanti Populus - Lajme nga Ulqini","description":"AVANTI\u00a0\u00a0 POPULUS (1) Sot arrita t\u00eb kuptoj , p\u00ebrse m\u00eb p\u00eblqente vjersha p\u00ebr f\u00ebmij\u00eb : mi un mram t\u00eb kam shiku\/ mishin vjerr tuj ngran\u00eb\/ pa nji dhim kam me","robots":{"index":"index","follow":"follow","max-snippet":"max-snippet:-1","max-image-preview":"max-image-preview:large","max-video-preview":"max-video-preview:-1"},"canonical":"https:\/\/www.visit-ulcinj.com\/blog\/2016\/01\/13\/nika-avanti-populus\/","og_locale":"en_US","og_type":"article","og_title":"Nika: Avanti Populus - Lajme nga Ulqini","og_description":"AVANTI\u00a0\u00a0 POPULUS (1) Sot arrita t\u00eb kuptoj , p\u00ebrse m\u00eb p\u00eblqente vjersha p\u00ebr f\u00ebmij\u00eb : mi un mram t\u00eb kam shiku\/ mishin vjerr tuj ngran\u00eb\/ pa nji dhim kam me","og_url":"https:\/\/www.visit-ulcinj.com\/blog\/2016\/01\/13\/nika-avanti-populus\/","og_site_name":"Lajme nga Ulqini","article_published_time":"2016-01-13T14:14:02+00:00","article_modified_time":"2016-01-14T13:38:20+00:00","og_image":[{"url":"http:\/\/www.visit-ulcinj.com\/blog\/wp-content\/uploads\/2014\/11\/Muhamet-Nika.jpg"}],"twitter_misc":{"Written by":"ulqini","Est. reading time":"3 minutes"},"schema":{"@context":"https:\/\/schema.org","@graph":[{"@type":"WebSite","@id":"https:\/\/www.visit-ulcinj.com\/blog\/#website","url":"https:\/\/www.visit-ulcinj.com\/blog\/","name":"Lajme nga Ulqini","description":"Lajme,Vijesti,Ulqini,Ulqin,Crna Gora,Mali i Zi","potentialAction":[{"@type":"SearchAction","target":{"@type":"EntryPoint","urlTemplate":"https:\/\/www.visit-ulcinj.com\/blog\/?s={search_term_string}"},"query-input":"required name=search_term_string"}],"inLanguage":"en-US"},{"@type":"ImageObject","inLanguage":"en-US","@id":"https:\/\/www.visit-ulcinj.com\/blog\/2016\/01\/13\/nika-avanti-populus\/#primaryimage","url":"https:\/\/www.visit-ulcinj.com\/blog\/wp-content\/uploads\/2014\/11\/Muhamet-Nika.jpg","contentUrl":"https:\/\/www.visit-ulcinj.com\/blog\/wp-content\/uploads\/2014\/11\/Muhamet-Nika.jpg","width":256,"height":319},{"@type":"WebPage","@id":"https:\/\/www.visit-ulcinj.com\/blog\/2016\/01\/13\/nika-avanti-populus\/#webpage","url":"https:\/\/www.visit-ulcinj.com\/blog\/2016\/01\/13\/nika-avanti-populus\/","name":"Nika: Avanti Populus - Lajme nga Ulqini","isPartOf":{"@id":"https:\/\/www.visit-ulcinj.com\/blog\/#website"},"primaryImageOfPage":{"@id":"https:\/\/www.visit-ulcinj.com\/blog\/2016\/01\/13\/nika-avanti-populus\/#primaryimage"},"datePublished":"2016-01-13T14:14:02+00:00","dateModified":"2016-01-14T13:38:20+00:00","author":{"@id":"https:\/\/www.visit-ulcinj.com\/blog\/#\/schema\/person\/dcab619c614d3038751c63bc2aadc06d"},"description":"AVANTI\u00a0\u00a0 POPULUS (1) Sot arrita t\u00eb kuptoj , p\u00ebrse m\u00eb p\u00eblqente vjersha p\u00ebr f\u00ebmij\u00eb : mi un mram t\u00eb kam shiku\/ mishin vjerr tuj ngran\u00eb\/ pa nji dhim kam me","breadcrumb":{"@id":"https:\/\/www.visit-ulcinj.com\/blog\/2016\/01\/13\/nika-avanti-populus\/#breadcrumb"},"inLanguage":"en-US","potentialAction":[{"@type":"ReadAction","target":["https:\/\/www.visit-ulcinj.com\/blog\/2016\/01\/13\/nika-avanti-populus\/"]}]},{"@type":"BreadcrumbList","@id":"https:\/\/www.visit-ulcinj.com\/blog\/2016\/01\/13\/nika-avanti-populus\/#breadcrumb","itemListElement":[{"@type":"ListItem","position":1,"name":"Nika: Avanti Populus"}]},{"@type":"Person","@id":"https:\/\/www.visit-ulcinj.com\/blog\/#\/schema\/person\/dcab619c614d3038751c63bc2aadc06d","name":"ulqini","sameAs":["http:\/\/www.visit-ulcinj.com"],"url":"https:\/\/www.visit-ulcinj.com\/blog\/author\/admin\/"}]}},"jetpack_featured_media_url":"","jetpack_sharing_enabled":true,"jetpack_shortlink":"https:\/\/wp.me\/pe6lTn-os0","_links":{"self":[{"href":"https:\/\/www.visit-ulcinj.com\/blog\/wp-json\/wp\/v2\/posts\/93992"}],"collection":[{"href":"https:\/\/www.visit-ulcinj.com\/blog\/wp-json\/wp\/v2\/posts"}],"about":[{"href":"https:\/\/www.visit-ulcinj.com\/blog\/wp-json\/wp\/v2\/types\/post"}],"author":[{"embeddable":true,"href":"https:\/\/www.visit-ulcinj.com\/blog\/wp-json\/wp\/v2\/users\/1"}],"replies":[{"embeddable":true,"href":"https:\/\/www.visit-ulcinj.com\/blog\/wp-json\/wp\/v2\/comments?post=93992"}],"version-history":[{"count":5,"href":"https:\/\/www.visit-ulcinj.com\/blog\/wp-json\/wp\/v2\/posts\/93992\/revisions"}],"predecessor-version":[{"id":93999,"href":"https:\/\/www.visit-ulcinj.com\/blog\/wp-json\/wp\/v2\/posts\/93992\/revisions\/93999"}],"wp:attachment":[{"href":"https:\/\/www.visit-ulcinj.com\/blog\/wp-json\/wp\/v2\/media?parent=93992"}],"wp:term":[{"taxonomy":"category","embeddable":true,"href":"https:\/\/www.visit-ulcinj.com\/blog\/wp-json\/wp\/v2\/categories?post=93992"},{"taxonomy":"post_tag","embeddable":true,"href":"https:\/\/www.visit-ulcinj.com\/blog\/wp-json\/wp\/v2\/tags?post=93992"}],"curies":[{"name":"wp","href":"https:\/\/api.w.org\/{rel}","templated":true}]}}