{"id":94007,"date":"2016-01-14T14:36:29","date_gmt":"2016-01-14T13:36:29","guid":{"rendered":"http:\/\/www.visit-ulcinj.com\/blog\/?p=94007"},"modified":"2016-01-15T11:49:28","modified_gmt":"2016-01-15T10:49:28","slug":"gjeka-i-kerkon-cungut-ti-kerkoje-falje-qytetareve-te-ulqinit","status":"publish","type":"post","link":"https:\/\/www.visit-ulcinj.com\/blog\/2016\/01\/14\/gjeka-i-kerkon-cungut-ti-kerkoje-falje-qytetareve-te-ulqinit\/","title":{"rendered":"Gjeka i k\u00ebrkon Cungut t\u2019i k\u00ebrkoj\u00eb falje qytetar\u00ebve t\u00eb Ulqinit"},"content":{"rendered":"<p><strong><a href=\"http:\/\/www.visit-ulcinj.com\/blog\/wp-content\/uploads\/2016\/01\/Fatmir-Gjeka.jpg\"><img loading=\"lazy\" class=\"alignleft wp-image-94008\" src=\"http:\/\/www.visit-ulcinj.com\/blog\/wp-content\/uploads\/2016\/01\/Fatmir-Gjeka.jpg\" alt=\"Fatmir-Gjeka\" width=\"508\" height=\"380\" srcset=\"https:\/\/www.visit-ulcinj.com\/blog\/wp-content\/uploads\/2016\/01\/Fatmir-Gjeka.jpg 480w, https:\/\/www.visit-ulcinj.com\/blog\/wp-content\/uploads\/2016\/01\/Fatmir-Gjeka-300x224.jpg 300w\" sizes=\"(max-width: 508px) 100vw, 508px\" \/><\/a>F.Gjeka: CUNGU T\u00cb JAP DOR\u00cbHEQJE T\u00cb MENJ\u00cbHERSHME DHE T\u2019JU K\u00cbRKOJ\u00cb FALJE QYTETAR\u00cbVE<\/strong><\/p>\n<p>Kryetari i Komun\u00ebs s\u00eb Ulqinit dhe lideri i Partis\u00eb demokratike z. Fatmir Gjeka ka deklaruar se asnj\u00ebher\u00eb nuk ishte penges\u00eb p\u00ebr \u00e7far\u00eb do lloj marr\u00ebveshje politike dhe p\u00ebr t\u00eb mir\u00eb t\u00eb qytetit.<br \/>\nAi p\u00ebr \u201cVijesti\u201d tha se k\u00ebrkesa p\u00ebr dor\u00ebheqjen e tij \u00ebsht\u00eb tentim i Forc\u00ebs q\u00eb t\u00eb ridrejtoj\u00eb p\u00ebrgjegj\u00ebsin\u00eb n\u00eb partnerin konstruktiv t\u00eb koalicionit mbasi q\u00eb d\u00ebshtoj\u00eb iniciativa e k\u00ebsaj parti p\u00ebr mosbesimin e t<span class=\"text_exposed_show\">ij, e pastaj edhe t\u00eb bllokohet jeta n\u00eb komun\u00eb. \u201cP\u00ebr k\u00ebt\u00eb arsye n\u00eb interesin m\u00eb t\u00eb mir\u00eb e koalicionit dhe komun\u00ebs ton\u00eb do t\u00eb ishte q\u00eb lideri i tyre t\u00eb jap dor\u00ebheqje dhe t\u00eb k\u00ebrkoj\u00eb falje nga qytetar\u00ebt e Ulqinit\u201d, tha Gjeka.<br \/>\nSipas fjal\u00ebve t\u00eb tija, drejtuesit e Forc\u00ebs kan\u00eb luajtur letr\u00ebn e gabuar dhe i kan\u00eb shkaktuar d\u00ebm t\u00eb madh komun\u00ebs, pun\u00ebtor\u00ebve dhe t\u00ebr\u00eb qytetit.<br \/>\nGjeka shtoi se partia e tij \u00ebsht\u00eb e gatshme p\u00ebr zgjedhje t\u00eb jasht\u00ebzakonshme edhe p\u00ebr rikompozim t\u00eb pushtetit.<\/span><\/p>\n<p id=\"js_26\" class=\"_5pbw\" data-ft=\"{&quot;tn&quot;:&quot;C&quot;}\"><strong><span class=\"fwn fcg\"><span class=\"fwb fcg\" data-ft=\"{&quot;tn&quot;:&quot;k&quot;}\"><a id=\"js_36\" href=\"https:\/\/www.facebook.com\/Partia-Demokratike-938706886221156\/?fref=nf\" data-hovercard=\"\/ajax\/hovercard\/page.php?id=938706886221156&amp;extragetparams=%7B%22fref%22%3A%22nf%22%7D\">Partia Demokratike Facebook<\/a><\/span><\/span><\/strong><\/p>\n","protected":false},"excerpt":{"rendered":"<p>F.Gjeka: CUNGU T\u00cb JAP DOR\u00cbHEQJE T\u00cb MENJ\u00cbHERSHME DHE T\u2019JU K\u00cbRKOJ\u00cb FALJE QYTETAR\u00cbVE Kryetari i Komun\u00ebs s\u00eb Ulqinit dhe lideri i Partis\u00eb demokratike z. Fatmir Gjeka ka deklaruar se asnj\u00ebher\u00eb nuk ishte penges\u00eb p\u00ebr \u00e7far\u00eb do lloj marr\u00ebveshje politike dhe p\u00ebr t\u00eb mir\u00eb t\u00eb qytetit. Ai p\u00ebr \u201cVijesti\u201d tha se k\u00ebrkesa p\u00ebr dor\u00ebheqjen e tij \u00ebsht\u00eb [&hellip;]<\/p>\n","protected":false},"author":1,"featured_media":0,"comment_status":"closed","ping_status":"closed","sticky":false,"template":"","format":"standard","meta":{"spay_email":"","jetpack_publicize_message":"","jetpack_is_tweetstorm":false,"jetpack_publicize_feature_enabled":true},"categories":[1,6],"tags":[],"jetpack_publicize_connections":[],"yoast_head":"<!-- This site is optimized with the Yoast SEO plugin v19.1 - https:\/\/yoast.com\/wordpress\/plugins\/seo\/ -->\n<title>Gjeka i k\u00ebrkon Cungut t\u2019i k\u00ebrkoj\u00eb falje qytetar\u00ebve t\u00eb Ulqinit - Lajme nga Ulqini<\/title>\n<meta name=\"description\" content=\"F.Gjeka: CUNGU T\u00cb JAP DOR\u00cbHEQJE T\u00cb MENJ\u00cbHERSHME DHE T\u2019JU K\u00cbRKOJ\u00cb FALJE QYTETAR\u00cbVE Kryetari i Komun\u00ebs s\u00eb Ulqinit dhe lideri i Partis\u00eb demokratike z. Fatmir\" \/>\n<meta name=\"robots\" content=\"index, follow, max-snippet:-1, max-image-preview:large, max-video-preview:-1\" \/>\n<link rel=\"canonical\" href=\"https:\/\/www.visit-ulcinj.com\/blog\/2016\/01\/14\/gjeka-i-kerkon-cungut-ti-kerkoje-falje-qytetareve-te-ulqinit\/\" \/>\n<meta property=\"og:locale\" content=\"en_US\" \/>\n<meta property=\"og:type\" content=\"article\" \/>\n<meta property=\"og:title\" content=\"Gjeka i k\u00ebrkon Cungut t\u2019i k\u00ebrkoj\u00eb falje qytetar\u00ebve t\u00eb Ulqinit - Lajme nga Ulqini\" \/>\n<meta property=\"og:description\" content=\"F.Gjeka: CUNGU T\u00cb JAP DOR\u00cbHEQJE T\u00cb MENJ\u00cbHERSHME DHE T\u2019JU K\u00cbRKOJ\u00cb FALJE QYTETAR\u00cbVE Kryetari i Komun\u00ebs s\u00eb Ulqinit dhe lideri i Partis\u00eb demokratike z. Fatmir\" \/>\n<meta property=\"og:url\" content=\"https:\/\/www.visit-ulcinj.com\/blog\/2016\/01\/14\/gjeka-i-kerkon-cungut-ti-kerkoje-falje-qytetareve-te-ulqinit\/\" \/>\n<meta property=\"og:site_name\" content=\"Lajme nga Ulqini\" \/>\n<meta property=\"article:published_time\" content=\"2016-01-14T13:36:29+00:00\" \/>\n<meta property=\"article:modified_time\" content=\"2016-01-15T10:49:28+00:00\" \/>\n<meta property=\"og:image\" content=\"http:\/\/www.visit-ulcinj.com\/blog\/wp-content\/uploads\/2016\/01\/Fatmir-Gjeka.jpg\" \/>\n<meta name=\"twitter:label1\" content=\"Written by\" \/>\n\t<meta name=\"twitter:data1\" content=\"ulqini\" \/>\n\t<meta name=\"twitter:label2\" content=\"Est. reading time\" \/>\n\t<meta name=\"twitter:data2\" content=\"1 minute\" \/>\n<script type=\"application\/ld+json\" class=\"yoast-schema-graph\">{\"@context\":\"https:\/\/schema.org\",\"@graph\":[{\"@type\":\"WebSite\",\"@id\":\"https:\/\/www.visit-ulcinj.com\/blog\/#website\",\"url\":\"https:\/\/www.visit-ulcinj.com\/blog\/\",\"name\":\"Lajme nga Ulqini\",\"description\":\"Lajme,Vijesti,Ulqini,Ulqin,Crna Gora,Mali i Zi\",\"potentialAction\":[{\"@type\":\"SearchAction\",\"target\":{\"@type\":\"EntryPoint\",\"urlTemplate\":\"https:\/\/www.visit-ulcinj.com\/blog\/?s={search_term_string}\"},\"query-input\":\"required name=search_term_string\"}],\"inLanguage\":\"en-US\"},{\"@type\":\"ImageObject\",\"inLanguage\":\"en-US\",\"@id\":\"https:\/\/www.visit-ulcinj.com\/blog\/2016\/01\/14\/gjeka-i-kerkon-cungut-ti-kerkoje-falje-qytetareve-te-ulqinit\/#primaryimage\",\"url\":\"https:\/\/www.visit-ulcinj.com\/blog\/wp-content\/uploads\/2016\/01\/Fatmir-Gjeka.jpg\",\"contentUrl\":\"https:\/\/www.visit-ulcinj.com\/blog\/wp-content\/uploads\/2016\/01\/Fatmir-Gjeka.jpg\",\"width\":480,\"height\":359},{\"@type\":\"WebPage\",\"@id\":\"https:\/\/www.visit-ulcinj.com\/blog\/2016\/01\/14\/gjeka-i-kerkon-cungut-ti-kerkoje-falje-qytetareve-te-ulqinit\/#webpage\",\"url\":\"https:\/\/www.visit-ulcinj.com\/blog\/2016\/01\/14\/gjeka-i-kerkon-cungut-ti-kerkoje-falje-qytetareve-te-ulqinit\/\",\"name\":\"Gjeka i k\u00ebrkon Cungut t\u2019i k\u00ebrkoj\u00eb falje qytetar\u00ebve t\u00eb Ulqinit - Lajme nga Ulqini\",\"isPartOf\":{\"@id\":\"https:\/\/www.visit-ulcinj.com\/blog\/#website\"},\"primaryImageOfPage\":{\"@id\":\"https:\/\/www.visit-ulcinj.com\/blog\/2016\/01\/14\/gjeka-i-kerkon-cungut-ti-kerkoje-falje-qytetareve-te-ulqinit\/#primaryimage\"},\"datePublished\":\"2016-01-14T13:36:29+00:00\",\"dateModified\":\"2016-01-15T10:49:28+00:00\",\"author\":{\"@id\":\"https:\/\/www.visit-ulcinj.com\/blog\/#\/schema\/person\/dcab619c614d3038751c63bc2aadc06d\"},\"description\":\"F.Gjeka: CUNGU T\u00cb JAP DOR\u00cbHEQJE T\u00cb MENJ\u00cbHERSHME DHE T\u2019JU K\u00cbRKOJ\u00cb FALJE QYTETAR\u00cbVE Kryetari i Komun\u00ebs s\u00eb Ulqinit dhe lideri i Partis\u00eb demokratike z. Fatmir\",\"breadcrumb\":{\"@id\":\"https:\/\/www.visit-ulcinj.com\/blog\/2016\/01\/14\/gjeka-i-kerkon-cungut-ti-kerkoje-falje-qytetareve-te-ulqinit\/#breadcrumb\"},\"inLanguage\":\"en-US\",\"potentialAction\":[{\"@type\":\"ReadAction\",\"target\":[\"https:\/\/www.visit-ulcinj.com\/blog\/2016\/01\/14\/gjeka-i-kerkon-cungut-ti-kerkoje-falje-qytetareve-te-ulqinit\/\"]}]},{\"@type\":\"BreadcrumbList\",\"@id\":\"https:\/\/www.visit-ulcinj.com\/blog\/2016\/01\/14\/gjeka-i-kerkon-cungut-ti-kerkoje-falje-qytetareve-te-ulqinit\/#breadcrumb\",\"itemListElement\":[{\"@type\":\"ListItem\",\"position\":1,\"name\":\"Gjeka i k\u00ebrkon Cungut t\u2019i k\u00ebrkoj\u00eb falje qytetar\u00ebve t\u00eb Ulqinit\"}]},{\"@type\":\"Person\",\"@id\":\"https:\/\/www.visit-ulcinj.com\/blog\/#\/schema\/person\/dcab619c614d3038751c63bc2aadc06d\",\"name\":\"ulqini\",\"sameAs\":[\"http:\/\/www.visit-ulcinj.com\"],\"url\":\"https:\/\/www.visit-ulcinj.com\/blog\/author\/admin\/\"}]}<\/script>\n<!-- \/ Yoast SEO plugin. -->","yoast_head_json":{"title":"Gjeka i k\u00ebrkon Cungut t\u2019i k\u00ebrkoj\u00eb falje qytetar\u00ebve t\u00eb Ulqinit - Lajme nga Ulqini","description":"F.Gjeka: CUNGU T\u00cb JAP DOR\u00cbHEQJE T\u00cb MENJ\u00cbHERSHME DHE T\u2019JU K\u00cbRKOJ\u00cb FALJE QYTETAR\u00cbVE Kryetari i Komun\u00ebs s\u00eb Ulqinit dhe lideri i Partis\u00eb demokratike z. Fatmir","robots":{"index":"index","follow":"follow","max-snippet":"max-snippet:-1","max-image-preview":"max-image-preview:large","max-video-preview":"max-video-preview:-1"},"canonical":"https:\/\/www.visit-ulcinj.com\/blog\/2016\/01\/14\/gjeka-i-kerkon-cungut-ti-kerkoje-falje-qytetareve-te-ulqinit\/","og_locale":"en_US","og_type":"article","og_title":"Gjeka i k\u00ebrkon Cungut t\u2019i k\u00ebrkoj\u00eb falje qytetar\u00ebve t\u00eb Ulqinit - Lajme nga Ulqini","og_description":"F.Gjeka: CUNGU T\u00cb JAP DOR\u00cbHEQJE T\u00cb MENJ\u00cbHERSHME DHE T\u2019JU K\u00cbRKOJ\u00cb FALJE QYTETAR\u00cbVE Kryetari i Komun\u00ebs s\u00eb Ulqinit dhe lideri i Partis\u00eb demokratike z. Fatmir","og_url":"https:\/\/www.visit-ulcinj.com\/blog\/2016\/01\/14\/gjeka-i-kerkon-cungut-ti-kerkoje-falje-qytetareve-te-ulqinit\/","og_site_name":"Lajme nga Ulqini","article_published_time":"2016-01-14T13:36:29+00:00","article_modified_time":"2016-01-15T10:49:28+00:00","og_image":[{"url":"http:\/\/www.visit-ulcinj.com\/blog\/wp-content\/uploads\/2016\/01\/Fatmir-Gjeka.jpg"}],"twitter_misc":{"Written by":"ulqini","Est. reading time":"1 minute"},"schema":{"@context":"https:\/\/schema.org","@graph":[{"@type":"WebSite","@id":"https:\/\/www.visit-ulcinj.com\/blog\/#website","url":"https:\/\/www.visit-ulcinj.com\/blog\/","name":"Lajme nga Ulqini","description":"Lajme,Vijesti,Ulqini,Ulqin,Crna Gora,Mali i Zi","potentialAction":[{"@type":"SearchAction","target":{"@type":"EntryPoint","urlTemplate":"https:\/\/www.visit-ulcinj.com\/blog\/?s={search_term_string}"},"query-input":"required name=search_term_string"}],"inLanguage":"en-US"},{"@type":"ImageObject","inLanguage":"en-US","@id":"https:\/\/www.visit-ulcinj.com\/blog\/2016\/01\/14\/gjeka-i-kerkon-cungut-ti-kerkoje-falje-qytetareve-te-ulqinit\/#primaryimage","url":"https:\/\/www.visit-ulcinj.com\/blog\/wp-content\/uploads\/2016\/01\/Fatmir-Gjeka.jpg","contentUrl":"https:\/\/www.visit-ulcinj.com\/blog\/wp-content\/uploads\/2016\/01\/Fatmir-Gjeka.jpg","width":480,"height":359},{"@type":"WebPage","@id":"https:\/\/www.visit-ulcinj.com\/blog\/2016\/01\/14\/gjeka-i-kerkon-cungut-ti-kerkoje-falje-qytetareve-te-ulqinit\/#webpage","url":"https:\/\/www.visit-ulcinj.com\/blog\/2016\/01\/14\/gjeka-i-kerkon-cungut-ti-kerkoje-falje-qytetareve-te-ulqinit\/","name":"Gjeka i k\u00ebrkon Cungut t\u2019i k\u00ebrkoj\u00eb falje qytetar\u00ebve t\u00eb Ulqinit - Lajme nga Ulqini","isPartOf":{"@id":"https:\/\/www.visit-ulcinj.com\/blog\/#website"},"primaryImageOfPage":{"@id":"https:\/\/www.visit-ulcinj.com\/blog\/2016\/01\/14\/gjeka-i-kerkon-cungut-ti-kerkoje-falje-qytetareve-te-ulqinit\/#primaryimage"},"datePublished":"2016-01-14T13:36:29+00:00","dateModified":"2016-01-15T10:49:28+00:00","author":{"@id":"https:\/\/www.visit-ulcinj.com\/blog\/#\/schema\/person\/dcab619c614d3038751c63bc2aadc06d"},"description":"F.Gjeka: CUNGU T\u00cb JAP DOR\u00cbHEQJE T\u00cb MENJ\u00cbHERSHME DHE T\u2019JU K\u00cbRKOJ\u00cb FALJE QYTETAR\u00cbVE Kryetari i Komun\u00ebs s\u00eb Ulqinit dhe lideri i Partis\u00eb demokratike z. Fatmir","breadcrumb":{"@id":"https:\/\/www.visit-ulcinj.com\/blog\/2016\/01\/14\/gjeka-i-kerkon-cungut-ti-kerkoje-falje-qytetareve-te-ulqinit\/#breadcrumb"},"inLanguage":"en-US","potentialAction":[{"@type":"ReadAction","target":["https:\/\/www.visit-ulcinj.com\/blog\/2016\/01\/14\/gjeka-i-kerkon-cungut-ti-kerkoje-falje-qytetareve-te-ulqinit\/"]}]},{"@type":"BreadcrumbList","@id":"https:\/\/www.visit-ulcinj.com\/blog\/2016\/01\/14\/gjeka-i-kerkon-cungut-ti-kerkoje-falje-qytetareve-te-ulqinit\/#breadcrumb","itemListElement":[{"@type":"ListItem","position":1,"name":"Gjeka i k\u00ebrkon Cungut t\u2019i k\u00ebrkoj\u00eb falje qytetar\u00ebve t\u00eb Ulqinit"}]},{"@type":"Person","@id":"https:\/\/www.visit-ulcinj.com\/blog\/#\/schema\/person\/dcab619c614d3038751c63bc2aadc06d","name":"ulqini","sameAs":["http:\/\/www.visit-ulcinj.com"],"url":"https:\/\/www.visit-ulcinj.com\/blog\/author\/admin\/"}]}},"jetpack_featured_media_url":"","jetpack_sharing_enabled":true,"jetpack_shortlink":"https:\/\/wp.me\/pe6lTn-osf","_links":{"self":[{"href":"https:\/\/www.visit-ulcinj.com\/blog\/wp-json\/wp\/v2\/posts\/94007"}],"collection":[{"href":"https:\/\/www.visit-ulcinj.com\/blog\/wp-json\/wp\/v2\/posts"}],"about":[{"href":"https:\/\/www.visit-ulcinj.com\/blog\/wp-json\/wp\/v2\/types\/post"}],"author":[{"embeddable":true,"href":"https:\/\/www.visit-ulcinj.com\/blog\/wp-json\/wp\/v2\/users\/1"}],"replies":[{"embeddable":true,"href":"https:\/\/www.visit-ulcinj.com\/blog\/wp-json\/wp\/v2\/comments?post=94007"}],"version-history":[{"count":2,"href":"https:\/\/www.visit-ulcinj.com\/blog\/wp-json\/wp\/v2\/posts\/94007\/revisions"}],"predecessor-version":[{"id":94012,"href":"https:\/\/www.visit-ulcinj.com\/blog\/wp-json\/wp\/v2\/posts\/94007\/revisions\/94012"}],"wp:attachment":[{"href":"https:\/\/www.visit-ulcinj.com\/blog\/wp-json\/wp\/v2\/media?parent=94007"}],"wp:term":[{"taxonomy":"category","embeddable":true,"href":"https:\/\/www.visit-ulcinj.com\/blog\/wp-json\/wp\/v2\/categories?post=94007"},{"taxonomy":"post_tag","embeddable":true,"href":"https:\/\/www.visit-ulcinj.com\/blog\/wp-json\/wp\/v2\/tags?post=94007"}],"curies":[{"name":"wp","href":"https:\/\/api.w.org\/{rel}","templated":true}]}}