{"id":94017,"date":"2016-01-14T20:22:00","date_gmt":"2016-01-14T19:22:00","guid":{"rendered":"http:\/\/www.visit-ulcinj.com\/blog\/?p=94017"},"modified":"2016-01-14T20:22:00","modified_gmt":"2016-01-14T19:22:00","slug":"lovci-ne-postuju-zabranu-lova","status":"publish","type":"post","link":"https:\/\/www.visit-ulcinj.com\/blog\/2016\/01\/14\/lovci-ne-postuju-zabranu-lova\/","title":{"rendered":"Lovci ne po\u0161tuju zabranu lova na ulcinjskoj Solani"},"content":{"rendered":"<p><a href=\"http:\/\/www.visit-ulcinj.com\/blog\/wp-content\/uploads\/2012\/01\/Flamingosi-Ulcinjske-Solane.1.jpg\"><img loading=\"lazy\" class=\"alignleft wp-image-55862\" src=\"http:\/\/www.visit-ulcinj.com\/blog\/wp-content\/uploads\/2012\/01\/Flamingosi-Ulcinjske-Solane.1.jpg\" alt=\"Flamingosi Ulcinjske Solane.1\" width=\"508\" height=\"391\" srcset=\"https:\/\/www.visit-ulcinj.com\/blog\/wp-content\/uploads\/2012\/01\/Flamingosi-Ulcinjske-Solane.1.jpg 500w, https:\/\/www.visit-ulcinj.com\/blog\/wp-content\/uploads\/2012\/01\/Flamingosi-Ulcinjske-Solane.1-300x231.jpg 300w\" sizes=\"(max-width: 508px) 100vw, 508px\" \/><\/a>Tokom novogodi\u0161njih praznika sve je vi\u0161e lovaca na podru\u010dju Ulcinjske solane pa je ornitofauna na tom podru\u010dju ugro\u017eena, saop\u0161teno je iz Centra za za\u0161titu i prou\u010davanje ptica.<\/p>\n<p>Njihovi predstavnici su, kako se navodi, kontinuirano vr\u0161ili monitoring krivolova uklju\u010duju\u0107i i zimsko prebrojavanje ptica.<\/p>\n<p>\u201cNa\u017ealost rezultati su pokazali pove\u0107anu uznemirenost ptica koja je danas ali i prethodnih dana uzrokovana pucnjima i lave\u017eom lova\u010dkih pasa. Dokazi da se na Solani krivolovi pokazuju \u010daure na terenu koje su prona\u0111ene tik uz info table za turiste kao i nove lova\u010dke \u010deke koje ukazuju na poja\u010dane aktivnosti lovaca. Iako je ve\u0107 du\u017ee vrijeme lov na solani razlog velikog broja polemika izme\u0111u lovaca i za\u0161titara, ta\u010dku na sve dalje rasprave stavilo je Ministarstvo poljoprivrede i ruralnog razvoja, kao resor zadu\u017een za pitanja lova, daju\u0107i saglasnost za za\u0161titu Ulcinjske solane \u010dime je istovremeno prihva\u0107en zabran lova na njenoj teritoriji\u201d, poru\u010duji iz CZIP-a.<\/p>\n<p>Oni ocjenjuju da je situacija u Solani alarmantna, \u00a0pa 02. februara na svjetski Dan mo\u010dvarnih stani\u0161ta, planiraju da uklone nezakonito postavljene \u010deke, u nadi da \u0107e nam se u ovoj aktivnosti pridru\u017eiti sve relevantne institucije koje su uklju\u010dene i od kojih u kona\u010dnom zavisi formalno-pravna za\u0161tita Solane, po\u010dev od Ministarstva odr\u017eivog razvoja i turizma.<\/p>\n<p>\u201cTako\u0111e o\u010dekujemo poja\u010dane mjere nadzora nad solanom kojom trenutno upravljaju Nacionalni parkovi kako bi se izbjeglo dalje uznemiravanje ptica koje su razlog i uslov za\u0161tite ovog lokaliteta.Podsje\u0107amo da Ministarstvo odr\u017eivog razvoja i turizma jo\u0161 uvjek nije izdalo saglasnost za progla\u0161enje solane za\u0161ti\u0107enim podru\u010djem koje je shodno odredbama Zakona o za\u0161titi prirode zatra\u017eila Op\u0161tina Ulcinj, kao ni predalo zahtjev Ramsarskom sekretarijatu za upis na listu mo\u010dvarnih stani\u0161ta od me\u0111unarodnog zna\u010daja\u201d, navodi se u saop\u0161tenju.<\/p>\n<p>Izvor: RTCG<\/p>\n","protected":false},"excerpt":{"rendered":"<p>Tokom novogodi\u0161njih praznika sve je vi\u0161e lovaca na podru\u010dju Ulcinjske solane pa je ornitofauna na tom podru\u010dju ugro\u017eena, saop\u0161teno je iz Centra za za\u0161titu i prou\u010davanje ptica. Njihovi predstavnici su, kako se navodi, kontinuirano vr\u0161ili monitoring krivolova uklju\u010duju\u0107i i zimsko prebrojavanje ptica. \u201cNa\u017ealost rezultati su pokazali pove\u0107anu uznemirenost ptica koja je danas ali i prethodnih [&hellip;]<\/p>\n","protected":false},"author":1,"featured_media":0,"comment_status":"closed","ping_status":"closed","sticky":false,"template":"","format":"standard","meta":{"spay_email":"","jetpack_publicize_message":"","jetpack_is_tweetstorm":false,"jetpack_publicize_feature_enabled":true},"categories":[6950],"tags":[],"jetpack_publicize_connections":[],"yoast_head":"<!-- This site is optimized with the Yoast SEO plugin v19.1 - https:\/\/yoast.com\/wordpress\/plugins\/seo\/ -->\n<title>Lovci ne po\u0161tuju zabranu lova na ulcinjskoj Solani - Lajme nga Ulqini<\/title>\n<meta name=\"description\" content=\"Tokom novogodi\u0161njih praznika sve je vi\u0161e lovaca na podru\u010dju Ulcinjske solane pa je ornitofauna na tom podru\u010dju ugro\u017eena, saop\u0161teno je iz Centra za za\u0161titu\" \/>\n<meta name=\"robots\" content=\"index, follow, max-snippet:-1, max-image-preview:large, max-video-preview:-1\" \/>\n<link rel=\"canonical\" href=\"https:\/\/www.visit-ulcinj.com\/blog\/2016\/01\/14\/lovci-ne-postuju-zabranu-lova\/\" \/>\n<meta property=\"og:locale\" content=\"en_US\" \/>\n<meta property=\"og:type\" content=\"article\" \/>\n<meta property=\"og:title\" content=\"Lovci ne po\u0161tuju zabranu lova na ulcinjskoj Solani - Lajme nga Ulqini\" \/>\n<meta property=\"og:description\" content=\"Tokom novogodi\u0161njih praznika sve je vi\u0161e lovaca na podru\u010dju Ulcinjske solane pa je ornitofauna na tom podru\u010dju ugro\u017eena, saop\u0161teno je iz Centra za za\u0161titu\" \/>\n<meta property=\"og:url\" content=\"https:\/\/www.visit-ulcinj.com\/blog\/2016\/01\/14\/lovci-ne-postuju-zabranu-lova\/\" \/>\n<meta property=\"og:site_name\" content=\"Lajme nga Ulqini\" \/>\n<meta property=\"article:published_time\" content=\"2016-01-14T19:22:00+00:00\" \/>\n<meta property=\"og:image\" content=\"http:\/\/www.visit-ulcinj.com\/blog\/wp-content\/uploads\/2012\/01\/Flamingosi-Ulcinjske-Solane.1.jpg\" \/>\n<meta name=\"twitter:label1\" content=\"Written by\" \/>\n\t<meta name=\"twitter:data1\" content=\"ulqini\" \/>\n\t<meta name=\"twitter:label2\" content=\"Est. reading time\" \/>\n\t<meta name=\"twitter:data2\" content=\"2 minutes\" \/>\n<script type=\"application\/ld+json\" class=\"yoast-schema-graph\">{\"@context\":\"https:\/\/schema.org\",\"@graph\":[{\"@type\":\"WebSite\",\"@id\":\"https:\/\/www.visit-ulcinj.com\/blog\/#website\",\"url\":\"https:\/\/www.visit-ulcinj.com\/blog\/\",\"name\":\"Lajme nga Ulqini\",\"description\":\"Lajme,Vijesti,Ulqini,Ulqin,Crna Gora,Mali i Zi\",\"potentialAction\":[{\"@type\":\"SearchAction\",\"target\":{\"@type\":\"EntryPoint\",\"urlTemplate\":\"https:\/\/www.visit-ulcinj.com\/blog\/?s={search_term_string}\"},\"query-input\":\"required name=search_term_string\"}],\"inLanguage\":\"en-US\"},{\"@type\":\"ImageObject\",\"inLanguage\":\"en-US\",\"@id\":\"https:\/\/www.visit-ulcinj.com\/blog\/2016\/01\/14\/lovci-ne-postuju-zabranu-lova\/#primaryimage\",\"url\":\"https:\/\/www.visit-ulcinj.com\/blog\/wp-content\/uploads\/2012\/01\/Flamingosi-Ulcinjske-Solane.1.jpg\",\"contentUrl\":\"https:\/\/www.visit-ulcinj.com\/blog\/wp-content\/uploads\/2012\/01\/Flamingosi-Ulcinjske-Solane.1.jpg\",\"width\":\"500\",\"height\":\"385\"},{\"@type\":\"WebPage\",\"@id\":\"https:\/\/www.visit-ulcinj.com\/blog\/2016\/01\/14\/lovci-ne-postuju-zabranu-lova\/#webpage\",\"url\":\"https:\/\/www.visit-ulcinj.com\/blog\/2016\/01\/14\/lovci-ne-postuju-zabranu-lova\/\",\"name\":\"Lovci ne po\u0161tuju zabranu lova na ulcinjskoj Solani - Lajme nga Ulqini\",\"isPartOf\":{\"@id\":\"https:\/\/www.visit-ulcinj.com\/blog\/#website\"},\"primaryImageOfPage\":{\"@id\":\"https:\/\/www.visit-ulcinj.com\/blog\/2016\/01\/14\/lovci-ne-postuju-zabranu-lova\/#primaryimage\"},\"datePublished\":\"2016-01-14T19:22:00+00:00\",\"dateModified\":\"2016-01-14T19:22:00+00:00\",\"author\":{\"@id\":\"https:\/\/www.visit-ulcinj.com\/blog\/#\/schema\/person\/dcab619c614d3038751c63bc2aadc06d\"},\"description\":\"Tokom novogodi\u0161njih praznika sve je vi\u0161e lovaca na podru\u010dju Ulcinjske solane pa je ornitofauna na tom podru\u010dju ugro\u017eena, saop\u0161teno je iz Centra za za\u0161titu\",\"breadcrumb\":{\"@id\":\"https:\/\/www.visit-ulcinj.com\/blog\/2016\/01\/14\/lovci-ne-postuju-zabranu-lova\/#breadcrumb\"},\"inLanguage\":\"en-US\",\"potentialAction\":[{\"@type\":\"ReadAction\",\"target\":[\"https:\/\/www.visit-ulcinj.com\/blog\/2016\/01\/14\/lovci-ne-postuju-zabranu-lova\/\"]}]},{\"@type\":\"BreadcrumbList\",\"@id\":\"https:\/\/www.visit-ulcinj.com\/blog\/2016\/01\/14\/lovci-ne-postuju-zabranu-lova\/#breadcrumb\",\"itemListElement\":[{\"@type\":\"ListItem\",\"position\":1,\"name\":\"Lovci ne po\u0161tuju zabranu lova na ulcinjskoj Solani\"}]},{\"@type\":\"Person\",\"@id\":\"https:\/\/www.visit-ulcinj.com\/blog\/#\/schema\/person\/dcab619c614d3038751c63bc2aadc06d\",\"name\":\"ulqini\",\"sameAs\":[\"http:\/\/www.visit-ulcinj.com\"],\"url\":\"https:\/\/www.visit-ulcinj.com\/blog\/author\/admin\/\"}]}<\/script>\n<!-- \/ Yoast SEO plugin. -->","yoast_head_json":{"title":"Lovci ne po\u0161tuju zabranu lova na ulcinjskoj Solani - Lajme nga Ulqini","description":"Tokom novogodi\u0161njih praznika sve je vi\u0161e lovaca na podru\u010dju Ulcinjske solane pa je ornitofauna na tom podru\u010dju ugro\u017eena, saop\u0161teno je iz Centra za za\u0161titu","robots":{"index":"index","follow":"follow","max-snippet":"max-snippet:-1","max-image-preview":"max-image-preview:large","max-video-preview":"max-video-preview:-1"},"canonical":"https:\/\/www.visit-ulcinj.com\/blog\/2016\/01\/14\/lovci-ne-postuju-zabranu-lova\/","og_locale":"en_US","og_type":"article","og_title":"Lovci ne po\u0161tuju zabranu lova na ulcinjskoj Solani - Lajme nga Ulqini","og_description":"Tokom novogodi\u0161njih praznika sve je vi\u0161e lovaca na podru\u010dju Ulcinjske solane pa je ornitofauna na tom podru\u010dju ugro\u017eena, saop\u0161teno je iz Centra za za\u0161titu","og_url":"https:\/\/www.visit-ulcinj.com\/blog\/2016\/01\/14\/lovci-ne-postuju-zabranu-lova\/","og_site_name":"Lajme nga Ulqini","article_published_time":"2016-01-14T19:22:00+00:00","og_image":[{"url":"http:\/\/www.visit-ulcinj.com\/blog\/wp-content\/uploads\/2012\/01\/Flamingosi-Ulcinjske-Solane.1.jpg"}],"twitter_misc":{"Written by":"ulqini","Est. reading time":"2 minutes"},"schema":{"@context":"https:\/\/schema.org","@graph":[{"@type":"WebSite","@id":"https:\/\/www.visit-ulcinj.com\/blog\/#website","url":"https:\/\/www.visit-ulcinj.com\/blog\/","name":"Lajme nga Ulqini","description":"Lajme,Vijesti,Ulqini,Ulqin,Crna Gora,Mali i Zi","potentialAction":[{"@type":"SearchAction","target":{"@type":"EntryPoint","urlTemplate":"https:\/\/www.visit-ulcinj.com\/blog\/?s={search_term_string}"},"query-input":"required name=search_term_string"}],"inLanguage":"en-US"},{"@type":"ImageObject","inLanguage":"en-US","@id":"https:\/\/www.visit-ulcinj.com\/blog\/2016\/01\/14\/lovci-ne-postuju-zabranu-lova\/#primaryimage","url":"https:\/\/www.visit-ulcinj.com\/blog\/wp-content\/uploads\/2012\/01\/Flamingosi-Ulcinjske-Solane.1.jpg","contentUrl":"https:\/\/www.visit-ulcinj.com\/blog\/wp-content\/uploads\/2012\/01\/Flamingosi-Ulcinjske-Solane.1.jpg","width":"500","height":"385"},{"@type":"WebPage","@id":"https:\/\/www.visit-ulcinj.com\/blog\/2016\/01\/14\/lovci-ne-postuju-zabranu-lova\/#webpage","url":"https:\/\/www.visit-ulcinj.com\/blog\/2016\/01\/14\/lovci-ne-postuju-zabranu-lova\/","name":"Lovci ne po\u0161tuju zabranu lova na ulcinjskoj Solani - Lajme nga Ulqini","isPartOf":{"@id":"https:\/\/www.visit-ulcinj.com\/blog\/#website"},"primaryImageOfPage":{"@id":"https:\/\/www.visit-ulcinj.com\/blog\/2016\/01\/14\/lovci-ne-postuju-zabranu-lova\/#primaryimage"},"datePublished":"2016-01-14T19:22:00+00:00","dateModified":"2016-01-14T19:22:00+00:00","author":{"@id":"https:\/\/www.visit-ulcinj.com\/blog\/#\/schema\/person\/dcab619c614d3038751c63bc2aadc06d"},"description":"Tokom novogodi\u0161njih praznika sve je vi\u0161e lovaca na podru\u010dju Ulcinjske solane pa je ornitofauna na tom podru\u010dju ugro\u017eena, saop\u0161teno je iz Centra za za\u0161titu","breadcrumb":{"@id":"https:\/\/www.visit-ulcinj.com\/blog\/2016\/01\/14\/lovci-ne-postuju-zabranu-lova\/#breadcrumb"},"inLanguage":"en-US","potentialAction":[{"@type":"ReadAction","target":["https:\/\/www.visit-ulcinj.com\/blog\/2016\/01\/14\/lovci-ne-postuju-zabranu-lova\/"]}]},{"@type":"BreadcrumbList","@id":"https:\/\/www.visit-ulcinj.com\/blog\/2016\/01\/14\/lovci-ne-postuju-zabranu-lova\/#breadcrumb","itemListElement":[{"@type":"ListItem","position":1,"name":"Lovci ne po\u0161tuju zabranu lova na ulcinjskoj Solani"}]},{"@type":"Person","@id":"https:\/\/www.visit-ulcinj.com\/blog\/#\/schema\/person\/dcab619c614d3038751c63bc2aadc06d","name":"ulqini","sameAs":["http:\/\/www.visit-ulcinj.com"],"url":"https:\/\/www.visit-ulcinj.com\/blog\/author\/admin\/"}]}},"jetpack_featured_media_url":"","jetpack_sharing_enabled":true,"jetpack_shortlink":"https:\/\/wp.me\/pe6lTn-osp","_links":{"self":[{"href":"https:\/\/www.visit-ulcinj.com\/blog\/wp-json\/wp\/v2\/posts\/94017"}],"collection":[{"href":"https:\/\/www.visit-ulcinj.com\/blog\/wp-json\/wp\/v2\/posts"}],"about":[{"href":"https:\/\/www.visit-ulcinj.com\/blog\/wp-json\/wp\/v2\/types\/post"}],"author":[{"embeddable":true,"href":"https:\/\/www.visit-ulcinj.com\/blog\/wp-json\/wp\/v2\/users\/1"}],"replies":[{"embeddable":true,"href":"https:\/\/www.visit-ulcinj.com\/blog\/wp-json\/wp\/v2\/comments?post=94017"}],"version-history":[{"count":2,"href":"https:\/\/www.visit-ulcinj.com\/blog\/wp-json\/wp\/v2\/posts\/94017\/revisions"}],"predecessor-version":[{"id":94019,"href":"https:\/\/www.visit-ulcinj.com\/blog\/wp-json\/wp\/v2\/posts\/94017\/revisions\/94019"}],"wp:attachment":[{"href":"https:\/\/www.visit-ulcinj.com\/blog\/wp-json\/wp\/v2\/media?parent=94017"}],"wp:term":[{"taxonomy":"category","embeddable":true,"href":"https:\/\/www.visit-ulcinj.com\/blog\/wp-json\/wp\/v2\/categories?post=94017"},{"taxonomy":"post_tag","embeddable":true,"href":"https:\/\/www.visit-ulcinj.com\/blog\/wp-json\/wp\/v2\/tags?post=94017"}],"curies":[{"name":"wp","href":"https:\/\/api.w.org\/{rel}","templated":true}]}}