{"id":94020,"date":"2016-01-14T20:26:24","date_gmt":"2016-01-14T19:26:24","guid":{"rendered":"http:\/\/www.visit-ulcinj.com\/blog\/?p=94020"},"modified":"2016-01-14T20:26:24","modified_gmt":"2016-01-14T19:26:24","slug":"abazovic-sdp-dobrodosao-u-nas-blok","status":"publish","type":"post","link":"https:\/\/www.visit-ulcinj.com\/blog\/2016\/01\/14\/abazovic-sdp-dobrodosao-u-nas-blok\/","title":{"rendered":"Abazovic: &#8220;SDP dobrodo\u0161ao u na\u0161 blok&#8221;"},"content":{"rendered":"<p>Socijaldemokratska partija (SDP) je dobrodo\u0161la u gra\u0111anski blok za promjene, ako odlu\u010de da iza\u0111u iz Vlade, rekao je potpredsjednik Gra\u0111anskog pokreta URA Dritan Abazovi\u0107.<\/p>\n<p><a href=\"http:\/\/www.visit-ulcinj.com\/blog\/wp-content\/uploads\/2015\/10\/Dritan-Abazovic-Ulcinj-Ulqin.jpg\"><img loading=\"lazy\" class=\"alignleft wp-image-92828\" src=\"http:\/\/www.visit-ulcinj.com\/blog\/wp-content\/uploads\/2015\/10\/Dritan-Abazovic-Ulcinj-Ulqin.jpg\" alt=\"Dritan-Abazovic-Ulcinj-Ulqin\" width=\"508\" height=\"337\" srcset=\"https:\/\/www.visit-ulcinj.com\/blog\/wp-content\/uploads\/2015\/10\/Dritan-Abazovic-Ulcinj-Ulqin.jpg 960w, https:\/\/www.visit-ulcinj.com\/blog\/wp-content\/uploads\/2015\/10\/Dritan-Abazovic-Ulcinj-Ulqin-300x199.jpg 300w\" sizes=\"(max-width: 508px) 100vw, 508px\" \/><\/a>Abazovi\u0107 smatra da je aktuelna vlada odavno izgubila povjerenje, podsje\u0107aju\u0107i kako su tokom njenog mandata padali brojni va\u017eni zakoni. Ako bi, me\u0111utim, Vlada dobila podr\u0161ku u parlamentu, to bi, prema mi\u0161ljenju Abazovi\u0107a zna\u010dilo uvo\u0111enje politi\u010dke korupcije u dr\u017eavni parlament.<\/p>\n<p>&#8220;Kako se pribli\u017eava dan glasanja, sve sam vi\u0161e mi\u0161ljenja da \u0107e Vlada pasti, odnosno da \u0107e na scenu stupiti neki &#8216;plan B&#8217;. \u0160ta god se na kraju desilo, mislim da su se \u0110ukanovi\u0107 i njegov DPS ovoga puta prera\u010dunali&#8221;, kazao je Abazovi\u0107 za Dan.<\/p>\n<p>On smatra da Socijaldemokratska partija vi\u0161e nema kud.<\/p>\n<p>&#8220;Sabijeni su u politi\u010dki \u0107o\u0161ak iz kojeg ih mo\u017ee izvu\u0107i samo dobra volja opozicionih politi\u010dkih grupacija. Njihove odluke su sve manje bitne, naprosto, pro\u0161li su njihovi vozovi. U svakom slu\u010daju, dobrodo\u0161li su u gra\u0111anski blok za promjene, ako odlu\u010de da iza\u0111u iz Vlade. Prizna\u0107ete, ne mo\u017ee im se ni\u0161ta vjerovati sve dok se zaista ne ispostavi da su stvarno glasali protiv&#8221;, zaklju\u010dio je Abazovi\u0107.<\/p>\n<p>Izvor: RTCG<\/p>\n","protected":false},"excerpt":{"rendered":"<p>Socijaldemokratska partija (SDP) je dobrodo\u0161la u gra\u0111anski blok za promjene, ako odlu\u010de da iza\u0111u iz Vlade, rekao je potpredsjednik Gra\u0111anskog pokreta URA Dritan Abazovi\u0107. Abazovi\u0107 smatra da je aktuelna vlada odavno izgubila povjerenje, podsje\u0107aju\u0107i kako su tokom njenog mandata padali brojni va\u017eni zakoni. Ako bi, me\u0111utim, Vlada dobila podr\u0161ku u parlamentu, to bi, prema mi\u0161ljenju [&hellip;]<\/p>\n","protected":false},"author":1,"featured_media":0,"comment_status":"closed","ping_status":"closed","sticky":false,"template":"","format":"standard","meta":{"spay_email":"","jetpack_publicize_message":"","jetpack_is_tweetstorm":false,"jetpack_publicize_feature_enabled":true},"categories":[6950],"tags":[],"jetpack_publicize_connections":[],"yoast_head":"<!-- This site is optimized with the Yoast SEO plugin v19.1 - https:\/\/yoast.com\/wordpress\/plugins\/seo\/ -->\n<title>Abazovic: &quot;SDP dobrodo\u0161ao u na\u0161 blok&quot; - Lajme nga Ulqini<\/title>\n<meta name=\"description\" content=\"Socijaldemokratska partija (SDP) je dobrodo\u0161la u gra\u0111anski blok za promjene, ako odlu\u010de da iza\u0111u iz Vlade, rekao je potpredsjednik Gra\u0111anskog pokreta URA\" \/>\n<meta name=\"robots\" content=\"index, follow, max-snippet:-1, max-image-preview:large, max-video-preview:-1\" \/>\n<link rel=\"canonical\" href=\"https:\/\/www.visit-ulcinj.com\/blog\/2016\/01\/14\/abazovic-sdp-dobrodosao-u-nas-blok\/\" \/>\n<meta property=\"og:locale\" content=\"en_US\" \/>\n<meta property=\"og:type\" content=\"article\" \/>\n<meta property=\"og:title\" content=\"Abazovic: &quot;SDP dobrodo\u0161ao u na\u0161 blok&quot; - Lajme nga Ulqini\" \/>\n<meta property=\"og:description\" content=\"Socijaldemokratska partija (SDP) je dobrodo\u0161la u gra\u0111anski blok za promjene, ako odlu\u010de da iza\u0111u iz Vlade, rekao je potpredsjednik Gra\u0111anskog pokreta URA\" \/>\n<meta property=\"og:url\" content=\"https:\/\/www.visit-ulcinj.com\/blog\/2016\/01\/14\/abazovic-sdp-dobrodosao-u-nas-blok\/\" \/>\n<meta property=\"og:site_name\" content=\"Lajme nga Ulqini\" \/>\n<meta property=\"article:published_time\" content=\"2016-01-14T19:26:24+00:00\" \/>\n<meta property=\"og:image\" content=\"http:\/\/www.visit-ulcinj.com\/blog\/wp-content\/uploads\/2015\/10\/Dritan-Abazovic-Ulcinj-Ulqin.jpg\" \/>\n<meta name=\"twitter:label1\" content=\"Written by\" \/>\n\t<meta name=\"twitter:data1\" content=\"ulqini\" \/>\n\t<meta name=\"twitter:label2\" content=\"Est. reading time\" \/>\n\t<meta name=\"twitter:data2\" content=\"1 minute\" \/>\n<script type=\"application\/ld+json\" class=\"yoast-schema-graph\">{\"@context\":\"https:\/\/schema.org\",\"@graph\":[{\"@type\":\"WebSite\",\"@id\":\"https:\/\/www.visit-ulcinj.com\/blog\/#website\",\"url\":\"https:\/\/www.visit-ulcinj.com\/blog\/\",\"name\":\"Lajme nga Ulqini\",\"description\":\"Lajme,Vijesti,Ulqini,Ulqin,Crna Gora,Mali i Zi\",\"potentialAction\":[{\"@type\":\"SearchAction\",\"target\":{\"@type\":\"EntryPoint\",\"urlTemplate\":\"https:\/\/www.visit-ulcinj.com\/blog\/?s={search_term_string}\"},\"query-input\":\"required name=search_term_string\"}],\"inLanguage\":\"en-US\"},{\"@type\":\"ImageObject\",\"inLanguage\":\"en-US\",\"@id\":\"https:\/\/www.visit-ulcinj.com\/blog\/2016\/01\/14\/abazovic-sdp-dobrodosao-u-nas-blok\/#primaryimage\",\"url\":\"https:\/\/www.visit-ulcinj.com\/blog\/wp-content\/uploads\/2015\/10\/Dritan-Abazovic-Ulcinj-Ulqin.jpg\",\"contentUrl\":\"https:\/\/www.visit-ulcinj.com\/blog\/wp-content\/uploads\/2015\/10\/Dritan-Abazovic-Ulcinj-Ulqin.jpg\",\"width\":960,\"height\":637},{\"@type\":\"WebPage\",\"@id\":\"https:\/\/www.visit-ulcinj.com\/blog\/2016\/01\/14\/abazovic-sdp-dobrodosao-u-nas-blok\/#webpage\",\"url\":\"https:\/\/www.visit-ulcinj.com\/blog\/2016\/01\/14\/abazovic-sdp-dobrodosao-u-nas-blok\/\",\"name\":\"Abazovic: \\\"SDP dobrodo\u0161ao u na\u0161 blok\\\" - Lajme nga Ulqini\",\"isPartOf\":{\"@id\":\"https:\/\/www.visit-ulcinj.com\/blog\/#website\"},\"primaryImageOfPage\":{\"@id\":\"https:\/\/www.visit-ulcinj.com\/blog\/2016\/01\/14\/abazovic-sdp-dobrodosao-u-nas-blok\/#primaryimage\"},\"datePublished\":\"2016-01-14T19:26:24+00:00\",\"dateModified\":\"2016-01-14T19:26:24+00:00\",\"author\":{\"@id\":\"https:\/\/www.visit-ulcinj.com\/blog\/#\/schema\/person\/dcab619c614d3038751c63bc2aadc06d\"},\"description\":\"Socijaldemokratska partija (SDP) je dobrodo\u0161la u gra\u0111anski blok za promjene, ako odlu\u010de da iza\u0111u iz Vlade, rekao je potpredsjednik Gra\u0111anskog pokreta URA\",\"breadcrumb\":{\"@id\":\"https:\/\/www.visit-ulcinj.com\/blog\/2016\/01\/14\/abazovic-sdp-dobrodosao-u-nas-blok\/#breadcrumb\"},\"inLanguage\":\"en-US\",\"potentialAction\":[{\"@type\":\"ReadAction\",\"target\":[\"https:\/\/www.visit-ulcinj.com\/blog\/2016\/01\/14\/abazovic-sdp-dobrodosao-u-nas-blok\/\"]}]},{\"@type\":\"BreadcrumbList\",\"@id\":\"https:\/\/www.visit-ulcinj.com\/blog\/2016\/01\/14\/abazovic-sdp-dobrodosao-u-nas-blok\/#breadcrumb\",\"itemListElement\":[{\"@type\":\"ListItem\",\"position\":1,\"name\":\"Abazovic: &#8220;SDP dobrodo\u0161ao u na\u0161 blok&#8221;\"}]},{\"@type\":\"Person\",\"@id\":\"https:\/\/www.visit-ulcinj.com\/blog\/#\/schema\/person\/dcab619c614d3038751c63bc2aadc06d\",\"name\":\"ulqini\",\"sameAs\":[\"http:\/\/www.visit-ulcinj.com\"],\"url\":\"https:\/\/www.visit-ulcinj.com\/blog\/author\/admin\/\"}]}<\/script>\n<!-- \/ Yoast SEO plugin. -->","yoast_head_json":{"title":"Abazovic: \"SDP dobrodo\u0161ao u na\u0161 blok\" - Lajme nga Ulqini","description":"Socijaldemokratska partija (SDP) je dobrodo\u0161la u gra\u0111anski blok za promjene, ako odlu\u010de da iza\u0111u iz Vlade, rekao je potpredsjednik Gra\u0111anskog pokreta URA","robots":{"index":"index","follow":"follow","max-snippet":"max-snippet:-1","max-image-preview":"max-image-preview:large","max-video-preview":"max-video-preview:-1"},"canonical":"https:\/\/www.visit-ulcinj.com\/blog\/2016\/01\/14\/abazovic-sdp-dobrodosao-u-nas-blok\/","og_locale":"en_US","og_type":"article","og_title":"Abazovic: \"SDP dobrodo\u0161ao u na\u0161 blok\" - Lajme nga Ulqini","og_description":"Socijaldemokratska partija (SDP) je dobrodo\u0161la u gra\u0111anski blok za promjene, ako odlu\u010de da iza\u0111u iz Vlade, rekao je potpredsjednik Gra\u0111anskog pokreta URA","og_url":"https:\/\/www.visit-ulcinj.com\/blog\/2016\/01\/14\/abazovic-sdp-dobrodosao-u-nas-blok\/","og_site_name":"Lajme nga Ulqini","article_published_time":"2016-01-14T19:26:24+00:00","og_image":[{"url":"http:\/\/www.visit-ulcinj.com\/blog\/wp-content\/uploads\/2015\/10\/Dritan-Abazovic-Ulcinj-Ulqin.jpg"}],"twitter_misc":{"Written by":"ulqini","Est. reading time":"1 minute"},"schema":{"@context":"https:\/\/schema.org","@graph":[{"@type":"WebSite","@id":"https:\/\/www.visit-ulcinj.com\/blog\/#website","url":"https:\/\/www.visit-ulcinj.com\/blog\/","name":"Lajme nga Ulqini","description":"Lajme,Vijesti,Ulqini,Ulqin,Crna Gora,Mali i Zi","potentialAction":[{"@type":"SearchAction","target":{"@type":"EntryPoint","urlTemplate":"https:\/\/www.visit-ulcinj.com\/blog\/?s={search_term_string}"},"query-input":"required name=search_term_string"}],"inLanguage":"en-US"},{"@type":"ImageObject","inLanguage":"en-US","@id":"https:\/\/www.visit-ulcinj.com\/blog\/2016\/01\/14\/abazovic-sdp-dobrodosao-u-nas-blok\/#primaryimage","url":"https:\/\/www.visit-ulcinj.com\/blog\/wp-content\/uploads\/2015\/10\/Dritan-Abazovic-Ulcinj-Ulqin.jpg","contentUrl":"https:\/\/www.visit-ulcinj.com\/blog\/wp-content\/uploads\/2015\/10\/Dritan-Abazovic-Ulcinj-Ulqin.jpg","width":960,"height":637},{"@type":"WebPage","@id":"https:\/\/www.visit-ulcinj.com\/blog\/2016\/01\/14\/abazovic-sdp-dobrodosao-u-nas-blok\/#webpage","url":"https:\/\/www.visit-ulcinj.com\/blog\/2016\/01\/14\/abazovic-sdp-dobrodosao-u-nas-blok\/","name":"Abazovic: \"SDP dobrodo\u0161ao u na\u0161 blok\" - Lajme nga Ulqini","isPartOf":{"@id":"https:\/\/www.visit-ulcinj.com\/blog\/#website"},"primaryImageOfPage":{"@id":"https:\/\/www.visit-ulcinj.com\/blog\/2016\/01\/14\/abazovic-sdp-dobrodosao-u-nas-blok\/#primaryimage"},"datePublished":"2016-01-14T19:26:24+00:00","dateModified":"2016-01-14T19:26:24+00:00","author":{"@id":"https:\/\/www.visit-ulcinj.com\/blog\/#\/schema\/person\/dcab619c614d3038751c63bc2aadc06d"},"description":"Socijaldemokratska partija (SDP) je dobrodo\u0161la u gra\u0111anski blok za promjene, ako odlu\u010de da iza\u0111u iz Vlade, rekao je potpredsjednik Gra\u0111anskog pokreta URA","breadcrumb":{"@id":"https:\/\/www.visit-ulcinj.com\/blog\/2016\/01\/14\/abazovic-sdp-dobrodosao-u-nas-blok\/#breadcrumb"},"inLanguage":"en-US","potentialAction":[{"@type":"ReadAction","target":["https:\/\/www.visit-ulcinj.com\/blog\/2016\/01\/14\/abazovic-sdp-dobrodosao-u-nas-blok\/"]}]},{"@type":"BreadcrumbList","@id":"https:\/\/www.visit-ulcinj.com\/blog\/2016\/01\/14\/abazovic-sdp-dobrodosao-u-nas-blok\/#breadcrumb","itemListElement":[{"@type":"ListItem","position":1,"name":"Abazovic: &#8220;SDP dobrodo\u0161ao u na\u0161 blok&#8221;"}]},{"@type":"Person","@id":"https:\/\/www.visit-ulcinj.com\/blog\/#\/schema\/person\/dcab619c614d3038751c63bc2aadc06d","name":"ulqini","sameAs":["http:\/\/www.visit-ulcinj.com"],"url":"https:\/\/www.visit-ulcinj.com\/blog\/author\/admin\/"}]}},"jetpack_featured_media_url":"","jetpack_sharing_enabled":true,"jetpack_shortlink":"https:\/\/wp.me\/pe6lTn-oss","_links":{"self":[{"href":"https:\/\/www.visit-ulcinj.com\/blog\/wp-json\/wp\/v2\/posts\/94020"}],"collection":[{"href":"https:\/\/www.visit-ulcinj.com\/blog\/wp-json\/wp\/v2\/posts"}],"about":[{"href":"https:\/\/www.visit-ulcinj.com\/blog\/wp-json\/wp\/v2\/types\/post"}],"author":[{"embeddable":true,"href":"https:\/\/www.visit-ulcinj.com\/blog\/wp-json\/wp\/v2\/users\/1"}],"replies":[{"embeddable":true,"href":"https:\/\/www.visit-ulcinj.com\/blog\/wp-json\/wp\/v2\/comments?post=94020"}],"version-history":[{"count":1,"href":"https:\/\/www.visit-ulcinj.com\/blog\/wp-json\/wp\/v2\/posts\/94020\/revisions"}],"predecessor-version":[{"id":94021,"href":"https:\/\/www.visit-ulcinj.com\/blog\/wp-json\/wp\/v2\/posts\/94020\/revisions\/94021"}],"wp:attachment":[{"href":"https:\/\/www.visit-ulcinj.com\/blog\/wp-json\/wp\/v2\/media?parent=94020"}],"wp:term":[{"taxonomy":"category","embeddable":true,"href":"https:\/\/www.visit-ulcinj.com\/blog\/wp-json\/wp\/v2\/categories?post=94020"},{"taxonomy":"post_tag","embeddable":true,"href":"https:\/\/www.visit-ulcinj.com\/blog\/wp-json\/wp\/v2\/tags?post=94020"}],"curies":[{"name":"wp","href":"https:\/\/api.w.org\/{rel}","templated":true}]}}