{"id":94022,"date":"2016-01-14T20:34:35","date_gmt":"2016-01-14T19:34:35","guid":{"rendered":"http:\/\/www.visit-ulcinj.com\/blog\/?p=94022"},"modified":"2016-01-14T20:34:35","modified_gmt":"2016-01-14T19:34:35","slug":"nika-ku-rafte-tehnika-ku-rafte-politika-ulqinit-dhe-e-ures","status":"publish","type":"post","link":"https:\/\/www.visit-ulcinj.com\/blog\/2016\/01\/14\/nika-ku-rafte-tehnika-ku-rafte-politika-ulqinit-dhe-e-ures\/","title":{"rendered":"Nika: Ku rafte tehnika,  ku rafte politika Ulqinit dhe e Ur\u00ebs&#8230;?!!"},"content":{"rendered":"<p><a href=\"http:\/\/www.visit-ulcinj.com\/blog\/wp-content\/uploads\/2014\/11\/Muhamet-Nika.jpg\"><img loading=\"lazy\" class=\"alignleft wp-image-86143 size-full\" src=\"http:\/\/www.visit-ulcinj.com\/blog\/wp-content\/uploads\/2014\/11\/Muhamet-Nika.jpg\" alt=\"Muhamet Nika\" width=\"256\" height=\"319\" srcset=\"https:\/\/www.visit-ulcinj.com\/blog\/wp-content\/uploads\/2014\/11\/Muhamet-Nika.jpg 256w, https:\/\/www.visit-ulcinj.com\/blog\/wp-content\/uploads\/2014\/11\/Muhamet-Nika-240x300.jpg 240w\" sizes=\"(max-width: 256px) 100vw, 256px\" \/><\/a>Kujtoj se si duke vuajtur d\u00ebnimin , si i p\u00ebrndjekur politik\u00eb n\u00eb burgun e Spuzh\u00ebs, merret vesh q\u00eb aty kishim edhe t\u00eb d\u00ebnuar nga komuniteti i gabel\u00ebve, me t\u00eb cil\u00ebt ndanim t\u00eb mir\u00ebn dhe t\u00eb keq\u00ebn. Kurse p\u00ebr t\u00eb ma nxir\u00eb jet\u00ebn , sa m\u00eb tep\u00ebr&#8230; , edhe mua t\u00eb politik\u00ebs- politika e at\u00ebhershme m\u00eb futi n\u00eb dhom\u00eb bashk\u00eb me ta&#8230;?!<\/p>\n<p>Nd\u00ebrsa aty m\u00ebsova q\u00eb gabel\u00ebt- kur shaheshin , nuk p\u00ebrmendnin bab\u00eb dhe n\u00ebn\u00eb, sepse nuk e kishin k\u00ebt\u00eb sharje \u2013 mbase n\u00eb shenj bontoni? Por n\u00eb vend t\u00eb k\u00ebsaj p\u00ebrdornin sharjen e dy gj\u00ebrave tjera , m\u00eb t\u00eb urryera p\u00ebr ta, duke u shprehur me th\u00ebnien e sip\u00ebrme , p\u00ebr teknik\u00ebn dhe politik\u00ebn.<\/p>\n<p>K\u00ebt\u00eb ma udh\u00ebzuan edhe mua q\u00eb t\u2019i urrej si gj\u00ebrat m\u00eb t\u00eb poshtra, nga se ata vet nuk i kuptonin&#8230;.?!<\/p>\n<p>Dhe vet\u00eb arsyetova , q\u00eb sa p\u00ebr t\u00eb par\u00ebn- politik\u00ebn , kishin plot\u00ebsisht t\u00eb drejt\u00eb duke gjykuar nga ndodhia dhe p\u00ebrjetimi personal, por m\u00eb meti enigm\u00eb deri sot- kur d\u00ebgjova deklarat\u00ebn e n\u00ebnkryetar Becit, q\u00eb tha se t\u00ebrhiqen nga politika(koalicioni) , nd\u00ebrsa do t\u00eb p\u00ebrkrahin qeverin\u00eb teknike si politik\u00eb.<\/p>\n<p>Prandaj edhe mua sot po m\u00eb ndodh\u00eb \u2013 SI GABELVE, q\u00eb nuk po arri t\u00eb kuptoj k\u00ebt\u00eb teknik\u00eb t\u00eb Becit n\u00eb qeveri . E p\u00ebr pun\u00ebt tjera q\u00eb b\u00ebri n\u00eb qeveri dihet. Enigma aq m\u00eb tep\u00ebr ,vjen e m\u00eb shtohet- kur merret vesh q\u00eb funksionar\u00ebt e k\u00ebsaj partie , jan\u00eb \u201d teknikisht me parat\u00eb e politik\u00ebs..\u201d ,diku n\u00eb Vjen\u00eb duke shoq\u00ebruar drejtoresh\u00ebn e pushtetit lokal Zana Sarvan..?!<\/p>\n<p>At\u00ebher\u00eb n\u00ebse n\u00eb politik\u00eb dhe teknik\u00eb- e cila nuk qenka pun\u00eb gabelsh,\u00a0\u00a0 \u2013 b\u00ebka edhe k\u00ebshtu, po themi . TE URA , TE URA \u2013VRAPONI O BURRA&#8230;?!!!<\/p>\n<p>&nbsp;<\/p>\n<p><strong>Pik\u00ebpamjet e shprehura n\u00eb faqen \u201cOPINIONE\u201d nuk p\u00ebrfaq\u00ebsojn\u00eb domosdoshm\u00ebrisht politik\u00ebn redaksionale t\u00eb \u201eLajmeve nga Ulqini\u201e<\/strong><\/p>\n","protected":false},"excerpt":{"rendered":"<p>Kujtoj se si duke vuajtur d\u00ebnimin , si i p\u00ebrndjekur politik\u00eb n\u00eb burgun e Spuzh\u00ebs, merret vesh q\u00eb aty kishim edhe t\u00eb d\u00ebnuar nga komuniteti i gabel\u00ebve, me t\u00eb cil\u00ebt ndanim t\u00eb mir\u00ebn dhe t\u00eb keq\u00ebn. Kurse p\u00ebr t\u00eb ma nxir\u00eb jet\u00ebn , sa m\u00eb tep\u00ebr&#8230; , edhe mua t\u00eb politik\u00ebs- politika e at\u00ebhershme m\u00eb [&hellip;]<\/p>\n","protected":false},"author":1,"featured_media":0,"comment_status":"closed","ping_status":"closed","sticky":false,"template":"","format":"standard","meta":{"spay_email":"","jetpack_publicize_message":"","jetpack_is_tweetstorm":false,"jetpack_publicize_feature_enabled":true},"categories":[14249],"tags":[],"jetpack_publicize_connections":[],"yoast_head":"<!-- This site is optimized with the Yoast SEO plugin v19.1 - https:\/\/yoast.com\/wordpress\/plugins\/seo\/ -->\n<title>Nika: Ku rafte tehnika, ku rafte politika Ulqinit dhe e Ur\u00ebs...?!! - Lajme nga Ulqini<\/title>\n<meta name=\"description\" content=\"Kujtoj se si duke vuajtur d\u00ebnimin , si i p\u00ebrndjekur politik\u00eb n\u00eb burgun e Spuzh\u00ebs, merret vesh q\u00eb aty kishim edhe t\u00eb d\u00ebnuar nga komuniteti i gabel\u00ebve, me\" \/>\n<meta name=\"robots\" content=\"index, follow, max-snippet:-1, max-image-preview:large, max-video-preview:-1\" \/>\n<link rel=\"canonical\" href=\"https:\/\/www.visit-ulcinj.com\/blog\/2016\/01\/14\/nika-ku-rafte-tehnika-ku-rafte-politika-ulqinit-dhe-e-ures\/\" \/>\n<meta property=\"og:locale\" content=\"en_US\" \/>\n<meta property=\"og:type\" content=\"article\" \/>\n<meta property=\"og:title\" content=\"Nika: Ku rafte tehnika, ku rafte politika Ulqinit dhe e Ur\u00ebs...?!! - Lajme nga Ulqini\" \/>\n<meta property=\"og:description\" content=\"Kujtoj se si duke vuajtur d\u00ebnimin , si i p\u00ebrndjekur politik\u00eb n\u00eb burgun e Spuzh\u00ebs, merret vesh q\u00eb aty kishim edhe t\u00eb d\u00ebnuar nga komuniteti i gabel\u00ebve, me\" \/>\n<meta property=\"og:url\" content=\"https:\/\/www.visit-ulcinj.com\/blog\/2016\/01\/14\/nika-ku-rafte-tehnika-ku-rafte-politika-ulqinit-dhe-e-ures\/\" \/>\n<meta property=\"og:site_name\" content=\"Lajme nga Ulqini\" \/>\n<meta property=\"article:published_time\" content=\"2016-01-14T19:34:35+00:00\" \/>\n<meta property=\"og:image\" content=\"http:\/\/www.visit-ulcinj.com\/blog\/wp-content\/uploads\/2014\/11\/Muhamet-Nika.jpg\" \/>\n<meta name=\"twitter:label1\" content=\"Written by\" \/>\n\t<meta name=\"twitter:data1\" content=\"ulqini\" \/>\n\t<meta name=\"twitter:label2\" content=\"Est. reading time\" \/>\n\t<meta name=\"twitter:data2\" content=\"2 minutes\" \/>\n<script type=\"application\/ld+json\" class=\"yoast-schema-graph\">{\"@context\":\"https:\/\/schema.org\",\"@graph\":[{\"@type\":\"WebSite\",\"@id\":\"https:\/\/www.visit-ulcinj.com\/blog\/#website\",\"url\":\"https:\/\/www.visit-ulcinj.com\/blog\/\",\"name\":\"Lajme nga Ulqini\",\"description\":\"Lajme,Vijesti,Ulqini,Ulqin,Crna Gora,Mali i Zi\",\"potentialAction\":[{\"@type\":\"SearchAction\",\"target\":{\"@type\":\"EntryPoint\",\"urlTemplate\":\"https:\/\/www.visit-ulcinj.com\/blog\/?s={search_term_string}\"},\"query-input\":\"required name=search_term_string\"}],\"inLanguage\":\"en-US\"},{\"@type\":\"ImageObject\",\"inLanguage\":\"en-US\",\"@id\":\"https:\/\/www.visit-ulcinj.com\/blog\/2016\/01\/14\/nika-ku-rafte-tehnika-ku-rafte-politika-ulqinit-dhe-e-ures\/#primaryimage\",\"url\":\"https:\/\/www.visit-ulcinj.com\/blog\/wp-content\/uploads\/2014\/11\/Muhamet-Nika.jpg\",\"contentUrl\":\"https:\/\/www.visit-ulcinj.com\/blog\/wp-content\/uploads\/2014\/11\/Muhamet-Nika.jpg\",\"width\":256,\"height\":319},{\"@type\":\"WebPage\",\"@id\":\"https:\/\/www.visit-ulcinj.com\/blog\/2016\/01\/14\/nika-ku-rafte-tehnika-ku-rafte-politika-ulqinit-dhe-e-ures\/#webpage\",\"url\":\"https:\/\/www.visit-ulcinj.com\/blog\/2016\/01\/14\/nika-ku-rafte-tehnika-ku-rafte-politika-ulqinit-dhe-e-ures\/\",\"name\":\"Nika: Ku rafte tehnika, ku rafte politika Ulqinit dhe e Ur\u00ebs...?!! - Lajme nga Ulqini\",\"isPartOf\":{\"@id\":\"https:\/\/www.visit-ulcinj.com\/blog\/#website\"},\"primaryImageOfPage\":{\"@id\":\"https:\/\/www.visit-ulcinj.com\/blog\/2016\/01\/14\/nika-ku-rafte-tehnika-ku-rafte-politika-ulqinit-dhe-e-ures\/#primaryimage\"},\"datePublished\":\"2016-01-14T19:34:35+00:00\",\"dateModified\":\"2016-01-14T19:34:35+00:00\",\"author\":{\"@id\":\"https:\/\/www.visit-ulcinj.com\/blog\/#\/schema\/person\/dcab619c614d3038751c63bc2aadc06d\"},\"description\":\"Kujtoj se si duke vuajtur d\u00ebnimin , si i p\u00ebrndjekur politik\u00eb n\u00eb burgun e Spuzh\u00ebs, merret vesh q\u00eb aty kishim edhe t\u00eb d\u00ebnuar nga komuniteti i gabel\u00ebve, me\",\"breadcrumb\":{\"@id\":\"https:\/\/www.visit-ulcinj.com\/blog\/2016\/01\/14\/nika-ku-rafte-tehnika-ku-rafte-politika-ulqinit-dhe-e-ures\/#breadcrumb\"},\"inLanguage\":\"en-US\",\"potentialAction\":[{\"@type\":\"ReadAction\",\"target\":[\"https:\/\/www.visit-ulcinj.com\/blog\/2016\/01\/14\/nika-ku-rafte-tehnika-ku-rafte-politika-ulqinit-dhe-e-ures\/\"]}]},{\"@type\":\"BreadcrumbList\",\"@id\":\"https:\/\/www.visit-ulcinj.com\/blog\/2016\/01\/14\/nika-ku-rafte-tehnika-ku-rafte-politika-ulqinit-dhe-e-ures\/#breadcrumb\",\"itemListElement\":[{\"@type\":\"ListItem\",\"position\":1,\"name\":\"Nika: Ku rafte tehnika, ku rafte politika Ulqinit dhe e Ur\u00ebs&#8230;?!!\"}]},{\"@type\":\"Person\",\"@id\":\"https:\/\/www.visit-ulcinj.com\/blog\/#\/schema\/person\/dcab619c614d3038751c63bc2aadc06d\",\"name\":\"ulqini\",\"sameAs\":[\"http:\/\/www.visit-ulcinj.com\"],\"url\":\"https:\/\/www.visit-ulcinj.com\/blog\/author\/admin\/\"}]}<\/script>\n<!-- \/ Yoast SEO plugin. -->","yoast_head_json":{"title":"Nika: Ku rafte tehnika, ku rafte politika Ulqinit dhe e Ur\u00ebs...?!! - Lajme nga Ulqini","description":"Kujtoj se si duke vuajtur d\u00ebnimin , si i p\u00ebrndjekur politik\u00eb n\u00eb burgun e Spuzh\u00ebs, merret vesh q\u00eb aty kishim edhe t\u00eb d\u00ebnuar nga komuniteti i gabel\u00ebve, me","robots":{"index":"index","follow":"follow","max-snippet":"max-snippet:-1","max-image-preview":"max-image-preview:large","max-video-preview":"max-video-preview:-1"},"canonical":"https:\/\/www.visit-ulcinj.com\/blog\/2016\/01\/14\/nika-ku-rafte-tehnika-ku-rafte-politika-ulqinit-dhe-e-ures\/","og_locale":"en_US","og_type":"article","og_title":"Nika: Ku rafte tehnika, ku rafte politika Ulqinit dhe e Ur\u00ebs...?!! - Lajme nga Ulqini","og_description":"Kujtoj se si duke vuajtur d\u00ebnimin , si i p\u00ebrndjekur politik\u00eb n\u00eb burgun e Spuzh\u00ebs, merret vesh q\u00eb aty kishim edhe t\u00eb d\u00ebnuar nga komuniteti i gabel\u00ebve, me","og_url":"https:\/\/www.visit-ulcinj.com\/blog\/2016\/01\/14\/nika-ku-rafte-tehnika-ku-rafte-politika-ulqinit-dhe-e-ures\/","og_site_name":"Lajme nga Ulqini","article_published_time":"2016-01-14T19:34:35+00:00","og_image":[{"url":"http:\/\/www.visit-ulcinj.com\/blog\/wp-content\/uploads\/2014\/11\/Muhamet-Nika.jpg"}],"twitter_misc":{"Written by":"ulqini","Est. reading time":"2 minutes"},"schema":{"@context":"https:\/\/schema.org","@graph":[{"@type":"WebSite","@id":"https:\/\/www.visit-ulcinj.com\/blog\/#website","url":"https:\/\/www.visit-ulcinj.com\/blog\/","name":"Lajme nga Ulqini","description":"Lajme,Vijesti,Ulqini,Ulqin,Crna Gora,Mali i Zi","potentialAction":[{"@type":"SearchAction","target":{"@type":"EntryPoint","urlTemplate":"https:\/\/www.visit-ulcinj.com\/blog\/?s={search_term_string}"},"query-input":"required name=search_term_string"}],"inLanguage":"en-US"},{"@type":"ImageObject","inLanguage":"en-US","@id":"https:\/\/www.visit-ulcinj.com\/blog\/2016\/01\/14\/nika-ku-rafte-tehnika-ku-rafte-politika-ulqinit-dhe-e-ures\/#primaryimage","url":"https:\/\/www.visit-ulcinj.com\/blog\/wp-content\/uploads\/2014\/11\/Muhamet-Nika.jpg","contentUrl":"https:\/\/www.visit-ulcinj.com\/blog\/wp-content\/uploads\/2014\/11\/Muhamet-Nika.jpg","width":256,"height":319},{"@type":"WebPage","@id":"https:\/\/www.visit-ulcinj.com\/blog\/2016\/01\/14\/nika-ku-rafte-tehnika-ku-rafte-politika-ulqinit-dhe-e-ures\/#webpage","url":"https:\/\/www.visit-ulcinj.com\/blog\/2016\/01\/14\/nika-ku-rafte-tehnika-ku-rafte-politika-ulqinit-dhe-e-ures\/","name":"Nika: Ku rafte tehnika, ku rafte politika Ulqinit dhe e Ur\u00ebs...?!! - Lajme nga Ulqini","isPartOf":{"@id":"https:\/\/www.visit-ulcinj.com\/blog\/#website"},"primaryImageOfPage":{"@id":"https:\/\/www.visit-ulcinj.com\/blog\/2016\/01\/14\/nika-ku-rafte-tehnika-ku-rafte-politika-ulqinit-dhe-e-ures\/#primaryimage"},"datePublished":"2016-01-14T19:34:35+00:00","dateModified":"2016-01-14T19:34:35+00:00","author":{"@id":"https:\/\/www.visit-ulcinj.com\/blog\/#\/schema\/person\/dcab619c614d3038751c63bc2aadc06d"},"description":"Kujtoj se si duke vuajtur d\u00ebnimin , si i p\u00ebrndjekur politik\u00eb n\u00eb burgun e Spuzh\u00ebs, merret vesh q\u00eb aty kishim edhe t\u00eb d\u00ebnuar nga komuniteti i gabel\u00ebve, me","breadcrumb":{"@id":"https:\/\/www.visit-ulcinj.com\/blog\/2016\/01\/14\/nika-ku-rafte-tehnika-ku-rafte-politika-ulqinit-dhe-e-ures\/#breadcrumb"},"inLanguage":"en-US","potentialAction":[{"@type":"ReadAction","target":["https:\/\/www.visit-ulcinj.com\/blog\/2016\/01\/14\/nika-ku-rafte-tehnika-ku-rafte-politika-ulqinit-dhe-e-ures\/"]}]},{"@type":"BreadcrumbList","@id":"https:\/\/www.visit-ulcinj.com\/blog\/2016\/01\/14\/nika-ku-rafte-tehnika-ku-rafte-politika-ulqinit-dhe-e-ures\/#breadcrumb","itemListElement":[{"@type":"ListItem","position":1,"name":"Nika: Ku rafte tehnika, ku rafte politika Ulqinit dhe e Ur\u00ebs&#8230;?!!"}]},{"@type":"Person","@id":"https:\/\/www.visit-ulcinj.com\/blog\/#\/schema\/person\/dcab619c614d3038751c63bc2aadc06d","name":"ulqini","sameAs":["http:\/\/www.visit-ulcinj.com"],"url":"https:\/\/www.visit-ulcinj.com\/blog\/author\/admin\/"}]}},"jetpack_featured_media_url":"","jetpack_sharing_enabled":true,"jetpack_shortlink":"https:\/\/wp.me\/pe6lTn-osu","_links":{"self":[{"href":"https:\/\/www.visit-ulcinj.com\/blog\/wp-json\/wp\/v2\/posts\/94022"}],"collection":[{"href":"https:\/\/www.visit-ulcinj.com\/blog\/wp-json\/wp\/v2\/posts"}],"about":[{"href":"https:\/\/www.visit-ulcinj.com\/blog\/wp-json\/wp\/v2\/types\/post"}],"author":[{"embeddable":true,"href":"https:\/\/www.visit-ulcinj.com\/blog\/wp-json\/wp\/v2\/users\/1"}],"replies":[{"embeddable":true,"href":"https:\/\/www.visit-ulcinj.com\/blog\/wp-json\/wp\/v2\/comments?post=94022"}],"version-history":[{"count":1,"href":"https:\/\/www.visit-ulcinj.com\/blog\/wp-json\/wp\/v2\/posts\/94022\/revisions"}],"predecessor-version":[{"id":94023,"href":"https:\/\/www.visit-ulcinj.com\/blog\/wp-json\/wp\/v2\/posts\/94022\/revisions\/94023"}],"wp:attachment":[{"href":"https:\/\/www.visit-ulcinj.com\/blog\/wp-json\/wp\/v2\/media?parent=94022"}],"wp:term":[{"taxonomy":"category","embeddable":true,"href":"https:\/\/www.visit-ulcinj.com\/blog\/wp-json\/wp\/v2\/categories?post=94022"},{"taxonomy":"post_tag","embeddable":true,"href":"https:\/\/www.visit-ulcinj.com\/blog\/wp-json\/wp\/v2\/tags?post=94022"}],"curies":[{"name":"wp","href":"https:\/\/api.w.org\/{rel}","templated":true}]}}