{"id":94024,"date":"2016-01-14T20:45:22","date_gmt":"2016-01-14T19:45:22","guid":{"rendered":"http:\/\/www.visit-ulcinj.com\/blog\/?p=94024"},"modified":"2016-01-16T16:45:21","modified_gmt":"2016-01-16T15:45:21","slug":"fc-feniks-po-shkelqen-ne-turneun-e-ulqinit","status":"publish","type":"post","link":"https:\/\/www.visit-ulcinj.com\/blog\/2016\/01\/14\/fc-feniks-po-shkelqen-ne-turneun-e-ulqinit\/","title":{"rendered":"FC \u201cFeniks\u201d po shk\u00eblqen n\u00eb turneun e Ulqinit"},"content":{"rendered":"<div id=\"post-156146\" class=\"post-156146 post type-post status-publish format-standard has-post-thumbnail hentry category-sporti\">\n<div class=\"right-content\">\n<div class=\"content-wrap\">\n<p><a href=\"http:\/\/www.visit-ulcinj.com\/blog\/wp-content\/uploads\/2016\/01\/FC-Feniks-Ulqin.jpg\"><img loading=\"lazy\" class=\"alignleft wp-image-94025\" src=\"http:\/\/www.visit-ulcinj.com\/blog\/wp-content\/uploads\/2016\/01\/FC-Feniks-Ulqin.jpg\" alt=\"FC Feniks - Ulqin\" width=\"508\" height=\"381\" srcset=\"https:\/\/www.visit-ulcinj.com\/blog\/wp-content\/uploads\/2016\/01\/FC-Feniks-Ulqin.jpg 659w, https:\/\/www.visit-ulcinj.com\/blog\/wp-content\/uploads\/2016\/01\/FC-Feniks-Ulqin-300x225.jpg 300w\" sizes=\"(max-width: 508px) 100vw, 508px\" \/><\/a>Skuadra kosovare e futsalit<em> Feniksi<\/em>, \u00ebsht\u00eb duke marr\u00eb pjes\u00eb n\u00eb turneun komb\u00ebtar\u00eb \u2018Ulqini 2016\u2019 n\u00eb futboll t\u00eb vog\u00ebl i cili \u00ebsht\u00eb duke u mbajtur po n\u00eb k\u00ebt\u00eb qytet. Ekipi nga Drenasi \u00ebsht\u00eb skuadra e vetme kosovare e cila \u00ebsht\u00eb pjes\u00eb e k\u00ebtij turniri.<\/p>\n<p>Futbollist\u00ebt kosovar\u00eb jan\u00eb duke shk\u00eblqyer, e fal\u00eb paraqitjeve t\u00eb tyre t\u00eb jasht\u00ebzakonshme kan\u00eb arritur deri n\u00eb gjys\u00ebmfinale. Edhe vet\u00eb organizator\u00ebt e k\u00ebsaj ngjare futbollistike kam\u00eb th\u00ebn\u00eb se jan\u00eb skuadrat e Shqip\u00ebris\u00eb dhe ato kosovare t\u00eb cilat po e madh\u00ebshtojn\u00eb edhe m\u00eb shum\u00eb k\u00ebt\u00eb turne.<\/p>\n<p>\u00cbsht\u00eb pik\u00ebrisht skuadra e <em>Feniksit <\/em>ajo e cila ka arritur t\u2019i b\u00ebj\u00eb p\u00ebr vete edhe nj\u00eb num\u00ebr t\u00eb madh t\u00eb tifoz\u00ebve t\u00eb cil\u00ebt kan\u00eb shprehur shum\u00eb \u2018simpati\u2019 p\u00ebr skuadr\u00ebn kosovare.<\/p>\n<p>Pa marr\u00eb parasysh se a do t\u00eb kaloj\u00eb tutje <em>Feniksi<\/em> p\u00ebr n\u00eb faz\u00ebn tjet\u00ebr, futbollist\u00ebt kosovar\u00eb fal\u00eb cil\u00ebsis\u00eb s\u00eb tyre t\u00eb treguar n\u00eb k\u00ebt\u00eb gar\u00eb, kan\u00eb fituar zemrat e tifoz\u00ebve ulqinak.<\/p>\n<\/div>\n<\/div>\n<\/div>\n<div class=\"clear\"><strong>\u00a0KosovaLive360\u00a0<\/strong><\/div>\n<div class=\"clear\"><\/div>\n<div class=\"clear\"><span class=\"fbPhotosPhotoCaption\" tabindex=\"0\" data-ft=\"{&quot;tn&quot;:&quot;K&quot;}\"><span class=\"fbPhotosPhotoCaption\" tabindex=\"0\" data-ft=\"{&quot;tn&quot;:&quot;K&quot;}\"><span class=\"hasCaption\">REZULTATI:<\/span><\/span><\/span>18.00h Fc Feniks &#8211; KMF Budva 7-3<br \/>\n19.00h Podgorica &#8211; Vllaznia 3-1<br \/>\n20.00h Cungu&amp;Co &#8211; Ali Demi 0-1<\/p>\n<\/div>\n<div class=\"clear\"><a href=\"http:\/\/www.visit-ulcinj.com\/blog\/wp-content\/uploads\/2016\/01\/FC-Feniks-Ulqin-1.jpg\"><img loading=\"lazy\" class=\"alignleft wp-image-94028\" src=\"http:\/\/www.visit-ulcinj.com\/blog\/wp-content\/uploads\/2016\/01\/FC-Feniks-Ulqin-1.jpg\" alt=\"FC Feniks - Ulqin-1\" width=\"508\" height=\"543\" srcset=\"https:\/\/www.visit-ulcinj.com\/blog\/wp-content\/uploads\/2016\/01\/FC-Feniks-Ulqin-1.jpg 624w, https:\/\/www.visit-ulcinj.com\/blog\/wp-content\/uploads\/2016\/01\/FC-Feniks-Ulqin-1-281x300.jpg 281w\" sizes=\"(max-width: 508px) 100vw, 508px\" \/><\/a><\/div>\n","protected":false},"excerpt":{"rendered":"<p>Skuadra kosovare e futsalit Feniksi, \u00ebsht\u00eb duke marr\u00eb pjes\u00eb n\u00eb turneun komb\u00ebtar\u00eb \u2018Ulqini 2016\u2019 n\u00eb futboll t\u00eb vog\u00ebl i cili \u00ebsht\u00eb duke u mbajtur po n\u00eb k\u00ebt\u00eb qytet. Ekipi nga Drenasi \u00ebsht\u00eb skuadra e vetme kosovare e cila \u00ebsht\u00eb pjes\u00eb e k\u00ebtij turniri. Futbollist\u00ebt kosovar\u00eb jan\u00eb duke shk\u00eblqyer, e fal\u00eb paraqitjeve t\u00eb tyre t\u00eb jasht\u00ebzakonshme [&hellip;]<\/p>\n","protected":false},"author":1,"featured_media":0,"comment_status":"closed","ping_status":"closed","sticky":false,"template":"","format":"standard","meta":{"spay_email":"","jetpack_publicize_message":"","jetpack_is_tweetstorm":false,"jetpack_publicize_feature_enabled":true},"categories":[3],"tags":[],"jetpack_publicize_connections":[],"yoast_head":"<!-- This site is optimized with the Yoast SEO plugin v19.1 - https:\/\/yoast.com\/wordpress\/plugins\/seo\/ -->\n<title>FC \u201cFeniks\u201d po shk\u00eblqen n\u00eb turneun e Ulqinit - Lajme nga Ulqini<\/title>\n<meta name=\"description\" content=\"Skuadra kosovare e futsalit Feniksi, \u00ebsht\u00eb duke marr\u00eb pjes\u00eb n\u00eb turneun komb\u00ebtar\u00eb \u2018Ulqini 2016\u2019 n\u00eb futboll t\u00eb vog\u00ebl i cili \u00ebsht\u00eb duke u mbajtur po n\u00eb k\u00ebt\u00eb\" \/>\n<meta name=\"robots\" content=\"index, follow, max-snippet:-1, max-image-preview:large, max-video-preview:-1\" \/>\n<link rel=\"canonical\" href=\"https:\/\/www.visit-ulcinj.com\/blog\/2016\/01\/14\/fc-feniks-po-shkelqen-ne-turneun-e-ulqinit\/\" \/>\n<meta property=\"og:locale\" content=\"en_US\" \/>\n<meta property=\"og:type\" content=\"article\" \/>\n<meta property=\"og:title\" content=\"FC \u201cFeniks\u201d po shk\u00eblqen n\u00eb turneun e Ulqinit - Lajme nga Ulqini\" \/>\n<meta property=\"og:description\" content=\"Skuadra kosovare e futsalit Feniksi, \u00ebsht\u00eb duke marr\u00eb pjes\u00eb n\u00eb turneun komb\u00ebtar\u00eb \u2018Ulqini 2016\u2019 n\u00eb futboll t\u00eb vog\u00ebl i cili \u00ebsht\u00eb duke u mbajtur po n\u00eb k\u00ebt\u00eb\" \/>\n<meta property=\"og:url\" content=\"https:\/\/www.visit-ulcinj.com\/blog\/2016\/01\/14\/fc-feniks-po-shkelqen-ne-turneun-e-ulqinit\/\" \/>\n<meta property=\"og:site_name\" content=\"Lajme nga Ulqini\" \/>\n<meta property=\"article:published_time\" content=\"2016-01-14T19:45:22+00:00\" \/>\n<meta property=\"article:modified_time\" content=\"2016-01-16T15:45:21+00:00\" \/>\n<meta property=\"og:image\" content=\"http:\/\/www.visit-ulcinj.com\/blog\/wp-content\/uploads\/2016\/01\/FC-Feniks-Ulqin.jpg\" \/>\n<meta name=\"twitter:label1\" content=\"Written by\" \/>\n\t<meta name=\"twitter:data1\" content=\"ulqini\" \/>\n\t<meta name=\"twitter:label2\" content=\"Est. reading time\" \/>\n\t<meta name=\"twitter:data2\" content=\"1 minute\" \/>\n<script type=\"application\/ld+json\" class=\"yoast-schema-graph\">{\"@context\":\"https:\/\/schema.org\",\"@graph\":[{\"@type\":\"WebSite\",\"@id\":\"https:\/\/www.visit-ulcinj.com\/blog\/#website\",\"url\":\"https:\/\/www.visit-ulcinj.com\/blog\/\",\"name\":\"Lajme nga Ulqini\",\"description\":\"Lajme,Vijesti,Ulqini,Ulqin,Crna Gora,Mali i Zi\",\"potentialAction\":[{\"@type\":\"SearchAction\",\"target\":{\"@type\":\"EntryPoint\",\"urlTemplate\":\"https:\/\/www.visit-ulcinj.com\/blog\/?s={search_term_string}\"},\"query-input\":\"required name=search_term_string\"}],\"inLanguage\":\"en-US\"},{\"@type\":\"ImageObject\",\"inLanguage\":\"en-US\",\"@id\":\"https:\/\/www.visit-ulcinj.com\/blog\/2016\/01\/14\/fc-feniks-po-shkelqen-ne-turneun-e-ulqinit\/#primaryimage\",\"url\":\"https:\/\/www.visit-ulcinj.com\/blog\/wp-content\/uploads\/2016\/01\/FC-Feniks-Ulqin.jpg\",\"contentUrl\":\"https:\/\/www.visit-ulcinj.com\/blog\/wp-content\/uploads\/2016\/01\/FC-Feniks-Ulqin.jpg\",\"width\":659,\"height\":494},{\"@type\":\"WebPage\",\"@id\":\"https:\/\/www.visit-ulcinj.com\/blog\/2016\/01\/14\/fc-feniks-po-shkelqen-ne-turneun-e-ulqinit\/#webpage\",\"url\":\"https:\/\/www.visit-ulcinj.com\/blog\/2016\/01\/14\/fc-feniks-po-shkelqen-ne-turneun-e-ulqinit\/\",\"name\":\"FC \u201cFeniks\u201d po shk\u00eblqen n\u00eb turneun e Ulqinit - Lajme nga Ulqini\",\"isPartOf\":{\"@id\":\"https:\/\/www.visit-ulcinj.com\/blog\/#website\"},\"primaryImageOfPage\":{\"@id\":\"https:\/\/www.visit-ulcinj.com\/blog\/2016\/01\/14\/fc-feniks-po-shkelqen-ne-turneun-e-ulqinit\/#primaryimage\"},\"datePublished\":\"2016-01-14T19:45:22+00:00\",\"dateModified\":\"2016-01-16T15:45:21+00:00\",\"author\":{\"@id\":\"https:\/\/www.visit-ulcinj.com\/blog\/#\/schema\/person\/dcab619c614d3038751c63bc2aadc06d\"},\"description\":\"Skuadra kosovare e futsalit Feniksi, \u00ebsht\u00eb duke marr\u00eb pjes\u00eb n\u00eb turneun komb\u00ebtar\u00eb \u2018Ulqini 2016\u2019 n\u00eb futboll t\u00eb vog\u00ebl i cili \u00ebsht\u00eb duke u mbajtur po n\u00eb k\u00ebt\u00eb\",\"breadcrumb\":{\"@id\":\"https:\/\/www.visit-ulcinj.com\/blog\/2016\/01\/14\/fc-feniks-po-shkelqen-ne-turneun-e-ulqinit\/#breadcrumb\"},\"inLanguage\":\"en-US\",\"potentialAction\":[{\"@type\":\"ReadAction\",\"target\":[\"https:\/\/www.visit-ulcinj.com\/blog\/2016\/01\/14\/fc-feniks-po-shkelqen-ne-turneun-e-ulqinit\/\"]}]},{\"@type\":\"BreadcrumbList\",\"@id\":\"https:\/\/www.visit-ulcinj.com\/blog\/2016\/01\/14\/fc-feniks-po-shkelqen-ne-turneun-e-ulqinit\/#breadcrumb\",\"itemListElement\":[{\"@type\":\"ListItem\",\"position\":1,\"name\":\"FC \u201cFeniks\u201d po shk\u00eblqen n\u00eb turneun e Ulqinit\"}]},{\"@type\":\"Person\",\"@id\":\"https:\/\/www.visit-ulcinj.com\/blog\/#\/schema\/person\/dcab619c614d3038751c63bc2aadc06d\",\"name\":\"ulqini\",\"sameAs\":[\"http:\/\/www.visit-ulcinj.com\"],\"url\":\"https:\/\/www.visit-ulcinj.com\/blog\/author\/admin\/\"}]}<\/script>\n<!-- \/ Yoast SEO plugin. -->","yoast_head_json":{"title":"FC \u201cFeniks\u201d po shk\u00eblqen n\u00eb turneun e Ulqinit - Lajme nga Ulqini","description":"Skuadra kosovare e futsalit Feniksi, \u00ebsht\u00eb duke marr\u00eb pjes\u00eb n\u00eb turneun komb\u00ebtar\u00eb \u2018Ulqini 2016\u2019 n\u00eb futboll t\u00eb vog\u00ebl i cili \u00ebsht\u00eb duke u mbajtur po n\u00eb k\u00ebt\u00eb","robots":{"index":"index","follow":"follow","max-snippet":"max-snippet:-1","max-image-preview":"max-image-preview:large","max-video-preview":"max-video-preview:-1"},"canonical":"https:\/\/www.visit-ulcinj.com\/blog\/2016\/01\/14\/fc-feniks-po-shkelqen-ne-turneun-e-ulqinit\/","og_locale":"en_US","og_type":"article","og_title":"FC \u201cFeniks\u201d po shk\u00eblqen n\u00eb turneun e Ulqinit - Lajme nga Ulqini","og_description":"Skuadra kosovare e futsalit Feniksi, \u00ebsht\u00eb duke marr\u00eb pjes\u00eb n\u00eb turneun komb\u00ebtar\u00eb \u2018Ulqini 2016\u2019 n\u00eb futboll t\u00eb vog\u00ebl i cili \u00ebsht\u00eb duke u mbajtur po n\u00eb k\u00ebt\u00eb","og_url":"https:\/\/www.visit-ulcinj.com\/blog\/2016\/01\/14\/fc-feniks-po-shkelqen-ne-turneun-e-ulqinit\/","og_site_name":"Lajme nga Ulqini","article_published_time":"2016-01-14T19:45:22+00:00","article_modified_time":"2016-01-16T15:45:21+00:00","og_image":[{"url":"http:\/\/www.visit-ulcinj.com\/blog\/wp-content\/uploads\/2016\/01\/FC-Feniks-Ulqin.jpg"}],"twitter_misc":{"Written by":"ulqini","Est. reading time":"1 minute"},"schema":{"@context":"https:\/\/schema.org","@graph":[{"@type":"WebSite","@id":"https:\/\/www.visit-ulcinj.com\/blog\/#website","url":"https:\/\/www.visit-ulcinj.com\/blog\/","name":"Lajme nga Ulqini","description":"Lajme,Vijesti,Ulqini,Ulqin,Crna Gora,Mali i Zi","potentialAction":[{"@type":"SearchAction","target":{"@type":"EntryPoint","urlTemplate":"https:\/\/www.visit-ulcinj.com\/blog\/?s={search_term_string}"},"query-input":"required name=search_term_string"}],"inLanguage":"en-US"},{"@type":"ImageObject","inLanguage":"en-US","@id":"https:\/\/www.visit-ulcinj.com\/blog\/2016\/01\/14\/fc-feniks-po-shkelqen-ne-turneun-e-ulqinit\/#primaryimage","url":"https:\/\/www.visit-ulcinj.com\/blog\/wp-content\/uploads\/2016\/01\/FC-Feniks-Ulqin.jpg","contentUrl":"https:\/\/www.visit-ulcinj.com\/blog\/wp-content\/uploads\/2016\/01\/FC-Feniks-Ulqin.jpg","width":659,"height":494},{"@type":"WebPage","@id":"https:\/\/www.visit-ulcinj.com\/blog\/2016\/01\/14\/fc-feniks-po-shkelqen-ne-turneun-e-ulqinit\/#webpage","url":"https:\/\/www.visit-ulcinj.com\/blog\/2016\/01\/14\/fc-feniks-po-shkelqen-ne-turneun-e-ulqinit\/","name":"FC \u201cFeniks\u201d po shk\u00eblqen n\u00eb turneun e Ulqinit - Lajme nga Ulqini","isPartOf":{"@id":"https:\/\/www.visit-ulcinj.com\/blog\/#website"},"primaryImageOfPage":{"@id":"https:\/\/www.visit-ulcinj.com\/blog\/2016\/01\/14\/fc-feniks-po-shkelqen-ne-turneun-e-ulqinit\/#primaryimage"},"datePublished":"2016-01-14T19:45:22+00:00","dateModified":"2016-01-16T15:45:21+00:00","author":{"@id":"https:\/\/www.visit-ulcinj.com\/blog\/#\/schema\/person\/dcab619c614d3038751c63bc2aadc06d"},"description":"Skuadra kosovare e futsalit Feniksi, \u00ebsht\u00eb duke marr\u00eb pjes\u00eb n\u00eb turneun komb\u00ebtar\u00eb \u2018Ulqini 2016\u2019 n\u00eb futboll t\u00eb vog\u00ebl i cili \u00ebsht\u00eb duke u mbajtur po n\u00eb k\u00ebt\u00eb","breadcrumb":{"@id":"https:\/\/www.visit-ulcinj.com\/blog\/2016\/01\/14\/fc-feniks-po-shkelqen-ne-turneun-e-ulqinit\/#breadcrumb"},"inLanguage":"en-US","potentialAction":[{"@type":"ReadAction","target":["https:\/\/www.visit-ulcinj.com\/blog\/2016\/01\/14\/fc-feniks-po-shkelqen-ne-turneun-e-ulqinit\/"]}]},{"@type":"BreadcrumbList","@id":"https:\/\/www.visit-ulcinj.com\/blog\/2016\/01\/14\/fc-feniks-po-shkelqen-ne-turneun-e-ulqinit\/#breadcrumb","itemListElement":[{"@type":"ListItem","position":1,"name":"FC \u201cFeniks\u201d po shk\u00eblqen n\u00eb turneun e Ulqinit"}]},{"@type":"Person","@id":"https:\/\/www.visit-ulcinj.com\/blog\/#\/schema\/person\/dcab619c614d3038751c63bc2aadc06d","name":"ulqini","sameAs":["http:\/\/www.visit-ulcinj.com"],"url":"https:\/\/www.visit-ulcinj.com\/blog\/author\/admin\/"}]}},"jetpack_featured_media_url":"","jetpack_sharing_enabled":true,"jetpack_shortlink":"https:\/\/wp.me\/pe6lTn-osw","_links":{"self":[{"href":"https:\/\/www.visit-ulcinj.com\/blog\/wp-json\/wp\/v2\/posts\/94024"}],"collection":[{"href":"https:\/\/www.visit-ulcinj.com\/blog\/wp-json\/wp\/v2\/posts"}],"about":[{"href":"https:\/\/www.visit-ulcinj.com\/blog\/wp-json\/wp\/v2\/types\/post"}],"author":[{"embeddable":true,"href":"https:\/\/www.visit-ulcinj.com\/blog\/wp-json\/wp\/v2\/users\/1"}],"replies":[{"embeddable":true,"href":"https:\/\/www.visit-ulcinj.com\/blog\/wp-json\/wp\/v2\/comments?post=94024"}],"version-history":[{"count":4,"href":"https:\/\/www.visit-ulcinj.com\/blog\/wp-json\/wp\/v2\/posts\/94024\/revisions"}],"predecessor-version":[{"id":94064,"href":"https:\/\/www.visit-ulcinj.com\/blog\/wp-json\/wp\/v2\/posts\/94024\/revisions\/94064"}],"wp:attachment":[{"href":"https:\/\/www.visit-ulcinj.com\/blog\/wp-json\/wp\/v2\/media?parent=94024"}],"wp:term":[{"taxonomy":"category","embeddable":true,"href":"https:\/\/www.visit-ulcinj.com\/blog\/wp-json\/wp\/v2\/categories?post=94024"},{"taxonomy":"post_tag","embeddable":true,"href":"https:\/\/www.visit-ulcinj.com\/blog\/wp-json\/wp\/v2\/tags?post=94024"}],"curies":[{"name":"wp","href":"https:\/\/api.w.org\/{rel}","templated":true}]}}