{"id":94033,"date":"2016-01-15T11:52:18","date_gmt":"2016-01-15T10:52:18","guid":{"rendered":"http:\/\/www.visit-ulcinj.com\/blog\/?p=94033"},"modified":"2016-01-15T11:52:18","modified_gmt":"2016-01-15T10:52:18","slug":"ulcinj-na-sajmu-turizma-ferien-messe-wien-2016","status":"publish","type":"post","link":"https:\/\/www.visit-ulcinj.com\/blog\/2016\/01\/15\/ulcinj-na-sajmu-turizma-ferien-messe-wien-2016\/","title":{"rendered":"TO Ulcinj na sajmu turizma &#8220;\u201cFerien Messe Wien 2016 \u201c"},"content":{"rendered":"<p><strong><a href=\"http:\/\/www.visit-ulcinj.com\/blog\/wp-content\/uploads\/2016\/01\/TO-ULCINJ-Ferien-Messe-Wien-2016.jpg\"><img loading=\"lazy\" class=\"alignleft wp-image-94031\" src=\"http:\/\/www.visit-ulcinj.com\/blog\/wp-content\/uploads\/2016\/01\/TO-ULCINJ-Ferien-Messe-Wien-2016.jpg\" alt=\"TO-ULCINJ-Ferien Messe Wien 2016\" width=\"508\" height=\"381\" srcset=\"https:\/\/www.visit-ulcinj.com\/blog\/wp-content\/uploads\/2016\/01\/TO-ULCINJ-Ferien-Messe-Wien-2016.jpg 661w, https:\/\/www.visit-ulcinj.com\/blog\/wp-content\/uploads\/2016\/01\/TO-ULCINJ-Ferien-Messe-Wien-2016-300x225.jpg 300w\" sizes=\"(max-width: 508px) 100vw, 508px\" \/><\/a>Ferien Messe 2016 \u2013 Be\u010d, Austrija<\/strong><\/p>\n<p>Nacionalna turisti\u010dka organizacija Crne Gore i ove godine u saradnji sa lokalnim turisti\u010dkim organizacijama i turisti\u010dkom privredom predstavlja turisti\u010dku ponudu na me\u0111unarodnom sajmu turizma \u201eFerien 2016\u201c, koji se odr\u017eava u Be\u010du u periodu od 14 do 17.januara.<\/p>\n<p>&nbsp;<\/p>\n<p>Turisti\u010dka Organizacija Ulcinj po drugi put prema Planu i programu za 2016. godinu nastupa na Sajmu turizma u Be\u010du \u2013 Ferien Messe Wien, \u010dime i po\u010dinju sajamske prezentacije ulcinjske turisti\u010dke ponude za ovu godinu. <strong>Ferien Messe<\/strong> je vode\u0107i sajam u Austriji koji svake godine posjeti preko 100.000 posjetilaca i hiljade eksperata iz oblasti turizma koji dolaze da se informi\u0161u \u00a0o turisti\u010dkoj ponudi, kao i da odaberu svoju slede\u0107u destinaciju za odmor i razonodu. Okuplja 750 izlaga\u010da iz 70 zemalja koje predstavljaju najpopularnija odredi\u0161ta za odmor i putovanja. Poslovni korisnici imaju priliku da uspostave vrijedne kontakte sa turoperaterima i medijima sa tr\u017ei\u0161ta Austrije. Prvi dan sajma je isklju\u010divo posve\u0107en industriji i poslovnim sastancima.<\/p>\n<p>Zavisno od interesovanja, posjetioci crnogorskog \u0161tanda mogu dobiti informacije o ponudi namijenjenoj porodicama sa djecom, mladim ljudima, ljubiteljima rekreacije, biciklizma, pje\u0161a\u010denja, vina i kulinarskih putovanja, prazni\u010dnih de\u0161avanja i manifestacija i sl. Austrijanci vole putovati i ve\u0107ina njih ide na jedan glavni odmor godi\u0161nje i prema anketama organizatora ve\u0107ina njih preferira aktivan odmor (pje\u0161a\u010denje, biciklizam, Kite Surf).<\/p>\n<p>&nbsp;<\/p>\n<p>Do kraja sajma o\u010dekujemo veliki broj posjetilaca jer po prijavama koje imamo svake godine procenat turista iz ovog podru\u010dja je u porastu.<\/p>\n<p>&nbsp;<\/p>\n<p>Stru\u010dna slu\u017eba TO Ulcinj<\/p>\n","protected":false},"excerpt":{"rendered":"<p>Ferien Messe 2016 \u2013 Be\u010d, Austrija Nacionalna turisti\u010dka organizacija Crne Gore i ove godine u saradnji sa lokalnim turisti\u010dkim organizacijama i turisti\u010dkom privredom predstavlja turisti\u010dku ponudu na me\u0111unarodnom sajmu turizma \u201eFerien 2016\u201c, koji se odr\u017eava u Be\u010du u periodu od 14 do 17.januara. &nbsp; Turisti\u010dka Organizacija Ulcinj po drugi put prema Planu i programu za [&hellip;]<\/p>\n","protected":false},"author":1,"featured_media":0,"comment_status":"closed","ping_status":"closed","sticky":false,"template":"","format":"standard","meta":{"spay_email":"","jetpack_publicize_message":"","jetpack_is_tweetstorm":false,"jetpack_publicize_feature_enabled":true},"categories":[8337],"tags":[],"jetpack_publicize_connections":[],"yoast_head":"<!-- This site is optimized with the Yoast SEO plugin v19.1 - https:\/\/yoast.com\/wordpress\/plugins\/seo\/ -->\n<title>TO Ulcinj na sajmu turizma &quot;\u201cFerien Messe Wien 2016 \u201c - Lajme nga Ulqini<\/title>\n<meta name=\"description\" content=\"Ferien Messe 2016 \u2013 Be\u010d, Austrija Nacionalna turisti\u010dka organizacija Crne Gore i ove godine u saradnji sa lokalnim turisti\u010dkim organizacijama i\" \/>\n<meta name=\"robots\" content=\"index, follow, max-snippet:-1, max-image-preview:large, max-video-preview:-1\" \/>\n<link rel=\"canonical\" href=\"https:\/\/www.visit-ulcinj.com\/blog\/2016\/01\/15\/ulcinj-na-sajmu-turizma-ferien-messe-wien-2016\/\" \/>\n<meta property=\"og:locale\" content=\"en_US\" \/>\n<meta property=\"og:type\" content=\"article\" \/>\n<meta property=\"og:title\" content=\"TO Ulcinj na sajmu turizma &quot;\u201cFerien Messe Wien 2016 \u201c - Lajme nga Ulqini\" \/>\n<meta property=\"og:description\" content=\"Ferien Messe 2016 \u2013 Be\u010d, Austrija Nacionalna turisti\u010dka organizacija Crne Gore i ove godine u saradnji sa lokalnim turisti\u010dkim organizacijama i\" \/>\n<meta property=\"og:url\" content=\"https:\/\/www.visit-ulcinj.com\/blog\/2016\/01\/15\/ulcinj-na-sajmu-turizma-ferien-messe-wien-2016\/\" \/>\n<meta property=\"og:site_name\" content=\"Lajme nga Ulqini\" \/>\n<meta property=\"article:published_time\" content=\"2016-01-15T10:52:18+00:00\" \/>\n<meta property=\"og:image\" content=\"http:\/\/www.visit-ulcinj.com\/blog\/wp-content\/uploads\/2016\/01\/TO-ULCINJ-Ferien-Messe-Wien-2016.jpg\" \/>\n<meta name=\"twitter:label1\" content=\"Written by\" \/>\n\t<meta name=\"twitter:data1\" content=\"ulqini\" \/>\n\t<meta name=\"twitter:label2\" content=\"Est. reading time\" \/>\n\t<meta name=\"twitter:data2\" content=\"1 minute\" \/>\n<script type=\"application\/ld+json\" class=\"yoast-schema-graph\">{\"@context\":\"https:\/\/schema.org\",\"@graph\":[{\"@type\":\"WebSite\",\"@id\":\"https:\/\/www.visit-ulcinj.com\/blog\/#website\",\"url\":\"https:\/\/www.visit-ulcinj.com\/blog\/\",\"name\":\"Lajme nga Ulqini\",\"description\":\"Lajme,Vijesti,Ulqini,Ulqin,Crna Gora,Mali i Zi\",\"potentialAction\":[{\"@type\":\"SearchAction\",\"target\":{\"@type\":\"EntryPoint\",\"urlTemplate\":\"https:\/\/www.visit-ulcinj.com\/blog\/?s={search_term_string}\"},\"query-input\":\"required name=search_term_string\"}],\"inLanguage\":\"en-US\"},{\"@type\":\"ImageObject\",\"inLanguage\":\"en-US\",\"@id\":\"https:\/\/www.visit-ulcinj.com\/blog\/2016\/01\/15\/ulcinj-na-sajmu-turizma-ferien-messe-wien-2016\/#primaryimage\",\"url\":\"https:\/\/www.visit-ulcinj.com\/blog\/wp-content\/uploads\/2016\/01\/TO-ULCINJ-Ferien-Messe-Wien-2016.jpg\",\"contentUrl\":\"https:\/\/www.visit-ulcinj.com\/blog\/wp-content\/uploads\/2016\/01\/TO-ULCINJ-Ferien-Messe-Wien-2016.jpg\",\"width\":661,\"height\":496},{\"@type\":\"WebPage\",\"@id\":\"https:\/\/www.visit-ulcinj.com\/blog\/2016\/01\/15\/ulcinj-na-sajmu-turizma-ferien-messe-wien-2016\/#webpage\",\"url\":\"https:\/\/www.visit-ulcinj.com\/blog\/2016\/01\/15\/ulcinj-na-sajmu-turizma-ferien-messe-wien-2016\/\",\"name\":\"TO Ulcinj na sajmu turizma \\\"\u201cFerien Messe Wien 2016 \u201c - Lajme nga Ulqini\",\"isPartOf\":{\"@id\":\"https:\/\/www.visit-ulcinj.com\/blog\/#website\"},\"primaryImageOfPage\":{\"@id\":\"https:\/\/www.visit-ulcinj.com\/blog\/2016\/01\/15\/ulcinj-na-sajmu-turizma-ferien-messe-wien-2016\/#primaryimage\"},\"datePublished\":\"2016-01-15T10:52:18+00:00\",\"dateModified\":\"2016-01-15T10:52:18+00:00\",\"author\":{\"@id\":\"https:\/\/www.visit-ulcinj.com\/blog\/#\/schema\/person\/dcab619c614d3038751c63bc2aadc06d\"},\"description\":\"Ferien Messe 2016 \u2013 Be\u010d, Austrija Nacionalna turisti\u010dka organizacija Crne Gore i ove godine u saradnji sa lokalnim turisti\u010dkim organizacijama i\",\"breadcrumb\":{\"@id\":\"https:\/\/www.visit-ulcinj.com\/blog\/2016\/01\/15\/ulcinj-na-sajmu-turizma-ferien-messe-wien-2016\/#breadcrumb\"},\"inLanguage\":\"en-US\",\"potentialAction\":[{\"@type\":\"ReadAction\",\"target\":[\"https:\/\/www.visit-ulcinj.com\/blog\/2016\/01\/15\/ulcinj-na-sajmu-turizma-ferien-messe-wien-2016\/\"]}]},{\"@type\":\"BreadcrumbList\",\"@id\":\"https:\/\/www.visit-ulcinj.com\/blog\/2016\/01\/15\/ulcinj-na-sajmu-turizma-ferien-messe-wien-2016\/#breadcrumb\",\"itemListElement\":[{\"@type\":\"ListItem\",\"position\":1,\"name\":\"TO Ulcinj na sajmu turizma &#8220;\u201cFerien Messe Wien 2016 \u201c\"}]},{\"@type\":\"Person\",\"@id\":\"https:\/\/www.visit-ulcinj.com\/blog\/#\/schema\/person\/dcab619c614d3038751c63bc2aadc06d\",\"name\":\"ulqini\",\"sameAs\":[\"http:\/\/www.visit-ulcinj.com\"],\"url\":\"https:\/\/www.visit-ulcinj.com\/blog\/author\/admin\/\"}]}<\/script>\n<!-- \/ Yoast SEO plugin. -->","yoast_head_json":{"title":"TO Ulcinj na sajmu turizma \"\u201cFerien Messe Wien 2016 \u201c - Lajme nga Ulqini","description":"Ferien Messe 2016 \u2013 Be\u010d, Austrija Nacionalna turisti\u010dka organizacija Crne Gore i ove godine u saradnji sa lokalnim turisti\u010dkim organizacijama i","robots":{"index":"index","follow":"follow","max-snippet":"max-snippet:-1","max-image-preview":"max-image-preview:large","max-video-preview":"max-video-preview:-1"},"canonical":"https:\/\/www.visit-ulcinj.com\/blog\/2016\/01\/15\/ulcinj-na-sajmu-turizma-ferien-messe-wien-2016\/","og_locale":"en_US","og_type":"article","og_title":"TO Ulcinj na sajmu turizma \"\u201cFerien Messe Wien 2016 \u201c - Lajme nga Ulqini","og_description":"Ferien Messe 2016 \u2013 Be\u010d, Austrija Nacionalna turisti\u010dka organizacija Crne Gore i ove godine u saradnji sa lokalnim turisti\u010dkim organizacijama i","og_url":"https:\/\/www.visit-ulcinj.com\/blog\/2016\/01\/15\/ulcinj-na-sajmu-turizma-ferien-messe-wien-2016\/","og_site_name":"Lajme nga Ulqini","article_published_time":"2016-01-15T10:52:18+00:00","og_image":[{"url":"http:\/\/www.visit-ulcinj.com\/blog\/wp-content\/uploads\/2016\/01\/TO-ULCINJ-Ferien-Messe-Wien-2016.jpg"}],"twitter_misc":{"Written by":"ulqini","Est. reading time":"1 minute"},"schema":{"@context":"https:\/\/schema.org","@graph":[{"@type":"WebSite","@id":"https:\/\/www.visit-ulcinj.com\/blog\/#website","url":"https:\/\/www.visit-ulcinj.com\/blog\/","name":"Lajme nga Ulqini","description":"Lajme,Vijesti,Ulqini,Ulqin,Crna Gora,Mali i Zi","potentialAction":[{"@type":"SearchAction","target":{"@type":"EntryPoint","urlTemplate":"https:\/\/www.visit-ulcinj.com\/blog\/?s={search_term_string}"},"query-input":"required name=search_term_string"}],"inLanguage":"en-US"},{"@type":"ImageObject","inLanguage":"en-US","@id":"https:\/\/www.visit-ulcinj.com\/blog\/2016\/01\/15\/ulcinj-na-sajmu-turizma-ferien-messe-wien-2016\/#primaryimage","url":"https:\/\/www.visit-ulcinj.com\/blog\/wp-content\/uploads\/2016\/01\/TO-ULCINJ-Ferien-Messe-Wien-2016.jpg","contentUrl":"https:\/\/www.visit-ulcinj.com\/blog\/wp-content\/uploads\/2016\/01\/TO-ULCINJ-Ferien-Messe-Wien-2016.jpg","width":661,"height":496},{"@type":"WebPage","@id":"https:\/\/www.visit-ulcinj.com\/blog\/2016\/01\/15\/ulcinj-na-sajmu-turizma-ferien-messe-wien-2016\/#webpage","url":"https:\/\/www.visit-ulcinj.com\/blog\/2016\/01\/15\/ulcinj-na-sajmu-turizma-ferien-messe-wien-2016\/","name":"TO Ulcinj na sajmu turizma \"\u201cFerien Messe Wien 2016 \u201c - Lajme nga Ulqini","isPartOf":{"@id":"https:\/\/www.visit-ulcinj.com\/blog\/#website"},"primaryImageOfPage":{"@id":"https:\/\/www.visit-ulcinj.com\/blog\/2016\/01\/15\/ulcinj-na-sajmu-turizma-ferien-messe-wien-2016\/#primaryimage"},"datePublished":"2016-01-15T10:52:18+00:00","dateModified":"2016-01-15T10:52:18+00:00","author":{"@id":"https:\/\/www.visit-ulcinj.com\/blog\/#\/schema\/person\/dcab619c614d3038751c63bc2aadc06d"},"description":"Ferien Messe 2016 \u2013 Be\u010d, Austrija Nacionalna turisti\u010dka organizacija Crne Gore i ove godine u saradnji sa lokalnim turisti\u010dkim organizacijama i","breadcrumb":{"@id":"https:\/\/www.visit-ulcinj.com\/blog\/2016\/01\/15\/ulcinj-na-sajmu-turizma-ferien-messe-wien-2016\/#breadcrumb"},"inLanguage":"en-US","potentialAction":[{"@type":"ReadAction","target":["https:\/\/www.visit-ulcinj.com\/blog\/2016\/01\/15\/ulcinj-na-sajmu-turizma-ferien-messe-wien-2016\/"]}]},{"@type":"BreadcrumbList","@id":"https:\/\/www.visit-ulcinj.com\/blog\/2016\/01\/15\/ulcinj-na-sajmu-turizma-ferien-messe-wien-2016\/#breadcrumb","itemListElement":[{"@type":"ListItem","position":1,"name":"TO Ulcinj na sajmu turizma &#8220;\u201cFerien Messe Wien 2016 \u201c"}]},{"@type":"Person","@id":"https:\/\/www.visit-ulcinj.com\/blog\/#\/schema\/person\/dcab619c614d3038751c63bc2aadc06d","name":"ulqini","sameAs":["http:\/\/www.visit-ulcinj.com"],"url":"https:\/\/www.visit-ulcinj.com\/blog\/author\/admin\/"}]}},"jetpack_featured_media_url":"","jetpack_sharing_enabled":true,"jetpack_shortlink":"https:\/\/wp.me\/pe6lTn-osF","_links":{"self":[{"href":"https:\/\/www.visit-ulcinj.com\/blog\/wp-json\/wp\/v2\/posts\/94033"}],"collection":[{"href":"https:\/\/www.visit-ulcinj.com\/blog\/wp-json\/wp\/v2\/posts"}],"about":[{"href":"https:\/\/www.visit-ulcinj.com\/blog\/wp-json\/wp\/v2\/types\/post"}],"author":[{"embeddable":true,"href":"https:\/\/www.visit-ulcinj.com\/blog\/wp-json\/wp\/v2\/users\/1"}],"replies":[{"embeddable":true,"href":"https:\/\/www.visit-ulcinj.com\/blog\/wp-json\/wp\/v2\/comments?post=94033"}],"version-history":[{"count":1,"href":"https:\/\/www.visit-ulcinj.com\/blog\/wp-json\/wp\/v2\/posts\/94033\/revisions"}],"predecessor-version":[{"id":94034,"href":"https:\/\/www.visit-ulcinj.com\/blog\/wp-json\/wp\/v2\/posts\/94033\/revisions\/94034"}],"wp:attachment":[{"href":"https:\/\/www.visit-ulcinj.com\/blog\/wp-json\/wp\/v2\/media?parent=94033"}],"wp:term":[{"taxonomy":"category","embeddable":true,"href":"https:\/\/www.visit-ulcinj.com\/blog\/wp-json\/wp\/v2\/categories?post=94033"},{"taxonomy":"post_tag","embeddable":true,"href":"https:\/\/www.visit-ulcinj.com\/blog\/wp-json\/wp\/v2\/tags?post=94033"}],"curies":[{"name":"wp","href":"https:\/\/api.w.org\/{rel}","templated":true}]}}