{"id":94043,"date":"2016-01-15T18:03:13","date_gmt":"2016-01-15T17:03:13","guid":{"rendered":"http:\/\/www.visit-ulcinj.com\/blog\/?p=94043"},"modified":"2016-01-16T11:32:40","modified_gmt":"2016-01-16T10:32:40","slug":"forca-perplaset-prape-fatmir-gjeken","status":"publish","type":"post","link":"https:\/\/www.visit-ulcinj.com\/blog\/2016\/01\/15\/forca-perplaset-prape-fatmir-gjeken\/","title":{"rendered":"Forca p\u00ebrplaset prap\u00eb me Fatmir Gjek\u00ebn"},"content":{"rendered":"<p><strong><a href=\"http:\/\/www.visit-ulcinj.com\/blog\/wp-content\/uploads\/2016\/01\/Arian-Murati-Forca-.jpg\"><img loading=\"lazy\" class=\"alignleft wp-image-94044\" src=\"http:\/\/www.visit-ulcinj.com\/blog\/wp-content\/uploads\/2016\/01\/Arian-Murati-Forca-.jpg\" alt=\"Arian-Murati-Forca-\" width=\"508\" height=\"302\" srcset=\"https:\/\/www.visit-ulcinj.com\/blog\/wp-content\/uploads\/2016\/01\/Arian-Murati-Forca-.jpg 968w, https:\/\/www.visit-ulcinj.com\/blog\/wp-content\/uploads\/2016\/01\/Arian-Murati-Forca--300x179.jpg 300w\" sizes=\"(max-width: 508px) 100vw, 508px\" \/><\/a>Forca e Re Demokratike ka mbajtur sot nj\u00eb konferenc\u00eb p\u00ebr media t\u00eb cil\u00ebn po e japin n\u00eb ter\u00ebsi.<\/strong><\/p>\n<p>Kriza\u00a0e pushtetit n\u00eb Ulqin<\/p>\n<p>Nj\u00eb person i shquar p\u00ebr vlera morale tejet t\u00eb dyshimta, po p\u00ebrpiqet tu mbaj\u00eb ligj\u00ebrata\u00a0subjekteve t\u00eb tjera politike se si duhet t\u00eb funksionojn\u00eb!<\/p>\n<p>Sipas taktik\u00ebs s\u00eb vjet\u00ebr se sulmi \u00ebsht\u00eb mbrojtja m\u00eb e mir\u00eb, Gjeka po tenton t\u00eb mjegulloj\u00eb\u00a0realitetin politik dhe t\u00eb faj\u00ebsoj\u00eb t\u00eb tjer\u00ebt p\u00ebr mosfunksionimin e pushtetit lokal, dhe veten ta shpall t\u00eb pafajsh\u00ebm pa marr\u00eb parasysh se \u00ebsht\u00eb n\u00eb krye t\u00eb\u00a0k\u00ebtij pushteti.<\/p>\n<p>Sa i p\u00ebrket realizimin t\u00eb kredis\u00eb, me p\u00ebrgjegj\u00ebsin\u00eb m\u00eb t\u00eb madhe pohojm\u00eb se Gjeka ka kryer\u00a0opstruksionet maksimale deri dit\u00ebt e fundit t\u00eb vitit, cka edhe solli n\u00eb pik\u00ebpyetje vlefshm\u00ebrin\u00eb e\u00a0garancis\u00eb shtet\u00ebrore p\u00ebr k\u00ebt\u00eb kredi, e cila duhej t\u00eb zbuste gjendjen e r\u00ebnd\u00eb financiare n\u00eb\u00a0Komun\u00eb dhe nd\u00ebrmarrjet publike.<\/p>\n<p>P\u00ebrpjekja p\u00ebr t\u00eb mbuluar shpenzimet e paligjshme t\u00eb mjeteve me an\u00eb t\u00eb rebalancit tashm\u00eb ka\u00a0d\u00ebshtuar, dhe Gjeka ka detyrim t\u00eb jap\u00eb sqarime se ku i ka shpenzuar ato.<\/p>\n<p>N\u00eb daljet publike Gjeka fajson Forc\u00ebn p\u00ebr mos miratimin e ribalancit t\u00eb buxhetit, edhe pse t\u00eb\u00a0gjith\u00eb e dim\u00eb se q\u00ebllimi i tij i vet\u00ebm ishte t\u00eb mbuloj\u00eb shpenzimet e paligjshme t\u00eb mjeteve.<\/p>\n<p>Ne pyesim Gjek\u00ebn: Cilat interesa politike e shtyn\u00eb q\u00eb n\u00eb janar t\u00eb vitit 2014 t\u00eb shkaktoj\u00eb zgjedhje\u00a0t\u00eb jasht\u00ebzakonshme lokale n\u00eb Komunen e Ulqinit? Vlen ti kujtojm\u00eb qytetar\u00ebt se n\u00eb k\u00ebto\u00a0zgjedhje partit\u00eb shqiptare humb\u00ebn kat\u00ebr mandate.<\/p>\n<p>P\u00ebr interes t\u00eb kujt Djeka pranoi t\u00eb nis\u00eb procedur\u00ebn e nd\u00ebrtimit t\u00eb ashensorit n\u00eb Kala i cili del n\u00eb\u00a0pron\u00eb private?<\/p>\n<p>E pyesim Gjek\u00ebn se kur do t\u00eb b\u00ebj\u00eb publike ofert\u00ebn q\u00eb i d\u00ebrguar PDS(DPS), dhe a do t\u00eb pranoj\u00eb se\u00a0u ka ofruar postin e kryetarit t\u00eb Komun\u00ebs, Valdanosin, Plazhin e Madh, Kriporen, dhe zgjidhje tjera\u00a0n\u00eb\u00a0planin hap\u00ebsinor?<\/p>\n<p>A \u00ebsht\u00eb i gatsh\u00ebm t\u00eb pranoj\u00eb se n\u00eb k\u00ebt\u00eb ofert\u00eb ai posac\u00ebrisht thekson se nuk do t\u00eb kusht\u00ebzoj\u00eb\u00a0asnj\u00eb dokument sic ka b\u00ebr\u00eb Forca?<\/p>\n<p>E pyesim Gjek\u00ebn se kush e ka autorizuar q\u00eb n\u00eb m\u00ebnyr\u00eb t\u00eb paligjshme dhe n\u00ebp\u00ebrmjet\u00a0tejkalimeve t\u00eb shpenzoj\u00eb mjetet e buxhetit p\u00ebr korrupsion politik?\u00a0Dhe n\u00eb fund i sugjerojm\u00eb Gjek\u00ebs q\u00eb t\u00eb mos shqet\u00ebsohet p\u00ebr kryetarin e partis\u00eb son\u00eb, sepse ne e\u00a0dim\u00eb se ku ai do t\u00eb jet\u00eb, por nuk e dim\u00eb ku do t\u00eb p\u00ebrfundoj\u00eb vet\u00eb Gjeka!<\/p>\n<p>Kryetari i Klubit t\u00eb K\u00ebshilltar\u00ebve-Forca<\/p>\n<p>Arian Murati<\/p>\n<p><strong>Lajm.me<\/strong><\/p>\n","protected":false},"excerpt":{"rendered":"<p>Forca e Re Demokratike ka mbajtur sot nj\u00eb konferenc\u00eb p\u00ebr media t\u00eb cil\u00ebn po e japin n\u00eb ter\u00ebsi. Kriza\u00a0e pushtetit n\u00eb Ulqin Nj\u00eb person i shquar p\u00ebr vlera morale tejet t\u00eb dyshimta, po p\u00ebrpiqet tu mbaj\u00eb ligj\u00ebrata\u00a0subjekteve t\u00eb tjera politike se si duhet t\u00eb funksionojn\u00eb! Sipas taktik\u00ebs s\u00eb vjet\u00ebr se sulmi \u00ebsht\u00eb mbrojtja m\u00eb e [&hellip;]<\/p>\n","protected":false},"author":1,"featured_media":0,"comment_status":"closed","ping_status":"closed","sticky":false,"template":"","format":"standard","meta":{"spay_email":"","jetpack_publicize_message":"","jetpack_is_tweetstorm":false,"jetpack_publicize_feature_enabled":true},"categories":[1,6],"tags":[],"jetpack_publicize_connections":[],"yoast_head":"<!-- This site is optimized with the Yoast SEO plugin v19.1 - https:\/\/yoast.com\/wordpress\/plugins\/seo\/ -->\n<title>Forca p\u00ebrplaset prap\u00eb me Fatmir Gjek\u00ebn - Lajme nga Ulqini<\/title>\n<meta name=\"description\" content=\"Forca e Re Demokratike ka mbajtur sot nj\u00eb konferenc\u00eb p\u00ebr media t\u00eb cil\u00ebn po e japin n\u00eb ter\u00ebsi. Kriza\u00a0e pushtetit n\u00eb Ulqin Nj\u00eb person i shquar p\u00ebr vlera\" \/>\n<meta name=\"robots\" content=\"index, follow, max-snippet:-1, max-image-preview:large, max-video-preview:-1\" \/>\n<link rel=\"canonical\" href=\"https:\/\/www.visit-ulcinj.com\/blog\/2016\/01\/15\/forca-perplaset-prape-fatmir-gjeken\/\" \/>\n<meta property=\"og:locale\" content=\"en_US\" \/>\n<meta property=\"og:type\" content=\"article\" \/>\n<meta property=\"og:title\" content=\"Forca p\u00ebrplaset prap\u00eb me Fatmir Gjek\u00ebn - Lajme nga Ulqini\" \/>\n<meta property=\"og:description\" content=\"Forca e Re Demokratike ka mbajtur sot nj\u00eb konferenc\u00eb p\u00ebr media t\u00eb cil\u00ebn po e japin n\u00eb ter\u00ebsi. Kriza\u00a0e pushtetit n\u00eb Ulqin Nj\u00eb person i shquar p\u00ebr vlera\" \/>\n<meta property=\"og:url\" content=\"https:\/\/www.visit-ulcinj.com\/blog\/2016\/01\/15\/forca-perplaset-prape-fatmir-gjeken\/\" \/>\n<meta property=\"og:site_name\" content=\"Lajme nga Ulqini\" \/>\n<meta property=\"article:published_time\" content=\"2016-01-15T17:03:13+00:00\" \/>\n<meta property=\"article:modified_time\" content=\"2016-01-16T10:32:40+00:00\" \/>\n<meta property=\"og:image\" content=\"http:\/\/www.visit-ulcinj.com\/blog\/wp-content\/uploads\/2016\/01\/Arian-Murati-Forca-.jpg\" \/>\n<meta name=\"twitter:label1\" content=\"Written by\" \/>\n\t<meta name=\"twitter:data1\" content=\"ulqini\" \/>\n\t<meta name=\"twitter:label2\" content=\"Est. reading time\" \/>\n\t<meta name=\"twitter:data2\" content=\"2 minutes\" \/>\n<script type=\"application\/ld+json\" class=\"yoast-schema-graph\">{\"@context\":\"https:\/\/schema.org\",\"@graph\":[{\"@type\":\"WebSite\",\"@id\":\"https:\/\/www.visit-ulcinj.com\/blog\/#website\",\"url\":\"https:\/\/www.visit-ulcinj.com\/blog\/\",\"name\":\"Lajme nga Ulqini\",\"description\":\"Lajme,Vijesti,Ulqini,Ulqin,Crna Gora,Mali i Zi\",\"potentialAction\":[{\"@type\":\"SearchAction\",\"target\":{\"@type\":\"EntryPoint\",\"urlTemplate\":\"https:\/\/www.visit-ulcinj.com\/blog\/?s={search_term_string}\"},\"query-input\":\"required name=search_term_string\"}],\"inLanguage\":\"en-US\"},{\"@type\":\"ImageObject\",\"inLanguage\":\"en-US\",\"@id\":\"https:\/\/www.visit-ulcinj.com\/blog\/2016\/01\/15\/forca-perplaset-prape-fatmir-gjeken\/#primaryimage\",\"url\":\"https:\/\/www.visit-ulcinj.com\/blog\/wp-content\/uploads\/2016\/01\/Arian-Murati-Forca-.jpg\",\"contentUrl\":\"https:\/\/www.visit-ulcinj.com\/blog\/wp-content\/uploads\/2016\/01\/Arian-Murati-Forca-.jpg\",\"width\":968,\"height\":576},{\"@type\":\"WebPage\",\"@id\":\"https:\/\/www.visit-ulcinj.com\/blog\/2016\/01\/15\/forca-perplaset-prape-fatmir-gjeken\/#webpage\",\"url\":\"https:\/\/www.visit-ulcinj.com\/blog\/2016\/01\/15\/forca-perplaset-prape-fatmir-gjeken\/\",\"name\":\"Forca p\u00ebrplaset prap\u00eb me Fatmir Gjek\u00ebn - Lajme nga Ulqini\",\"isPartOf\":{\"@id\":\"https:\/\/www.visit-ulcinj.com\/blog\/#website\"},\"primaryImageOfPage\":{\"@id\":\"https:\/\/www.visit-ulcinj.com\/blog\/2016\/01\/15\/forca-perplaset-prape-fatmir-gjeken\/#primaryimage\"},\"datePublished\":\"2016-01-15T17:03:13+00:00\",\"dateModified\":\"2016-01-16T10:32:40+00:00\",\"author\":{\"@id\":\"https:\/\/www.visit-ulcinj.com\/blog\/#\/schema\/person\/dcab619c614d3038751c63bc2aadc06d\"},\"description\":\"Forca e Re Demokratike ka mbajtur sot nj\u00eb konferenc\u00eb p\u00ebr media t\u00eb cil\u00ebn po e japin n\u00eb ter\u00ebsi. Kriza\u00a0e pushtetit n\u00eb Ulqin Nj\u00eb person i shquar p\u00ebr vlera\",\"breadcrumb\":{\"@id\":\"https:\/\/www.visit-ulcinj.com\/blog\/2016\/01\/15\/forca-perplaset-prape-fatmir-gjeken\/#breadcrumb\"},\"inLanguage\":\"en-US\",\"potentialAction\":[{\"@type\":\"ReadAction\",\"target\":[\"https:\/\/www.visit-ulcinj.com\/blog\/2016\/01\/15\/forca-perplaset-prape-fatmir-gjeken\/\"]}]},{\"@type\":\"BreadcrumbList\",\"@id\":\"https:\/\/www.visit-ulcinj.com\/blog\/2016\/01\/15\/forca-perplaset-prape-fatmir-gjeken\/#breadcrumb\",\"itemListElement\":[{\"@type\":\"ListItem\",\"position\":1,\"name\":\"Forca p\u00ebrplaset prap\u00eb me Fatmir Gjek\u00ebn\"}]},{\"@type\":\"Person\",\"@id\":\"https:\/\/www.visit-ulcinj.com\/blog\/#\/schema\/person\/dcab619c614d3038751c63bc2aadc06d\",\"name\":\"ulqini\",\"sameAs\":[\"http:\/\/www.visit-ulcinj.com\"],\"url\":\"https:\/\/www.visit-ulcinj.com\/blog\/author\/admin\/\"}]}<\/script>\n<!-- \/ Yoast SEO plugin. -->","yoast_head_json":{"title":"Forca p\u00ebrplaset prap\u00eb me Fatmir Gjek\u00ebn - Lajme nga Ulqini","description":"Forca e Re Demokratike ka mbajtur sot nj\u00eb konferenc\u00eb p\u00ebr media t\u00eb cil\u00ebn po e japin n\u00eb ter\u00ebsi. Kriza\u00a0e pushtetit n\u00eb Ulqin Nj\u00eb person i shquar p\u00ebr vlera","robots":{"index":"index","follow":"follow","max-snippet":"max-snippet:-1","max-image-preview":"max-image-preview:large","max-video-preview":"max-video-preview:-1"},"canonical":"https:\/\/www.visit-ulcinj.com\/blog\/2016\/01\/15\/forca-perplaset-prape-fatmir-gjeken\/","og_locale":"en_US","og_type":"article","og_title":"Forca p\u00ebrplaset prap\u00eb me Fatmir Gjek\u00ebn - Lajme nga Ulqini","og_description":"Forca e Re Demokratike ka mbajtur sot nj\u00eb konferenc\u00eb p\u00ebr media t\u00eb cil\u00ebn po e japin n\u00eb ter\u00ebsi. Kriza\u00a0e pushtetit n\u00eb Ulqin Nj\u00eb person i shquar p\u00ebr vlera","og_url":"https:\/\/www.visit-ulcinj.com\/blog\/2016\/01\/15\/forca-perplaset-prape-fatmir-gjeken\/","og_site_name":"Lajme nga Ulqini","article_published_time":"2016-01-15T17:03:13+00:00","article_modified_time":"2016-01-16T10:32:40+00:00","og_image":[{"url":"http:\/\/www.visit-ulcinj.com\/blog\/wp-content\/uploads\/2016\/01\/Arian-Murati-Forca-.jpg"}],"twitter_misc":{"Written by":"ulqini","Est. reading time":"2 minutes"},"schema":{"@context":"https:\/\/schema.org","@graph":[{"@type":"WebSite","@id":"https:\/\/www.visit-ulcinj.com\/blog\/#website","url":"https:\/\/www.visit-ulcinj.com\/blog\/","name":"Lajme nga Ulqini","description":"Lajme,Vijesti,Ulqini,Ulqin,Crna Gora,Mali i Zi","potentialAction":[{"@type":"SearchAction","target":{"@type":"EntryPoint","urlTemplate":"https:\/\/www.visit-ulcinj.com\/blog\/?s={search_term_string}"},"query-input":"required name=search_term_string"}],"inLanguage":"en-US"},{"@type":"ImageObject","inLanguage":"en-US","@id":"https:\/\/www.visit-ulcinj.com\/blog\/2016\/01\/15\/forca-perplaset-prape-fatmir-gjeken\/#primaryimage","url":"https:\/\/www.visit-ulcinj.com\/blog\/wp-content\/uploads\/2016\/01\/Arian-Murati-Forca-.jpg","contentUrl":"https:\/\/www.visit-ulcinj.com\/blog\/wp-content\/uploads\/2016\/01\/Arian-Murati-Forca-.jpg","width":968,"height":576},{"@type":"WebPage","@id":"https:\/\/www.visit-ulcinj.com\/blog\/2016\/01\/15\/forca-perplaset-prape-fatmir-gjeken\/#webpage","url":"https:\/\/www.visit-ulcinj.com\/blog\/2016\/01\/15\/forca-perplaset-prape-fatmir-gjeken\/","name":"Forca p\u00ebrplaset prap\u00eb me Fatmir Gjek\u00ebn - Lajme nga Ulqini","isPartOf":{"@id":"https:\/\/www.visit-ulcinj.com\/blog\/#website"},"primaryImageOfPage":{"@id":"https:\/\/www.visit-ulcinj.com\/blog\/2016\/01\/15\/forca-perplaset-prape-fatmir-gjeken\/#primaryimage"},"datePublished":"2016-01-15T17:03:13+00:00","dateModified":"2016-01-16T10:32:40+00:00","author":{"@id":"https:\/\/www.visit-ulcinj.com\/blog\/#\/schema\/person\/dcab619c614d3038751c63bc2aadc06d"},"description":"Forca e Re Demokratike ka mbajtur sot nj\u00eb konferenc\u00eb p\u00ebr media t\u00eb cil\u00ebn po e japin n\u00eb ter\u00ebsi. Kriza\u00a0e pushtetit n\u00eb Ulqin Nj\u00eb person i shquar p\u00ebr vlera","breadcrumb":{"@id":"https:\/\/www.visit-ulcinj.com\/blog\/2016\/01\/15\/forca-perplaset-prape-fatmir-gjeken\/#breadcrumb"},"inLanguage":"en-US","potentialAction":[{"@type":"ReadAction","target":["https:\/\/www.visit-ulcinj.com\/blog\/2016\/01\/15\/forca-perplaset-prape-fatmir-gjeken\/"]}]},{"@type":"BreadcrumbList","@id":"https:\/\/www.visit-ulcinj.com\/blog\/2016\/01\/15\/forca-perplaset-prape-fatmir-gjeken\/#breadcrumb","itemListElement":[{"@type":"ListItem","position":1,"name":"Forca p\u00ebrplaset prap\u00eb me Fatmir Gjek\u00ebn"}]},{"@type":"Person","@id":"https:\/\/www.visit-ulcinj.com\/blog\/#\/schema\/person\/dcab619c614d3038751c63bc2aadc06d","name":"ulqini","sameAs":["http:\/\/www.visit-ulcinj.com"],"url":"https:\/\/www.visit-ulcinj.com\/blog\/author\/admin\/"}]}},"jetpack_featured_media_url":"","jetpack_sharing_enabled":true,"jetpack_shortlink":"https:\/\/wp.me\/pe6lTn-osP","_links":{"self":[{"href":"https:\/\/www.visit-ulcinj.com\/blog\/wp-json\/wp\/v2\/posts\/94043"}],"collection":[{"href":"https:\/\/www.visit-ulcinj.com\/blog\/wp-json\/wp\/v2\/posts"}],"about":[{"href":"https:\/\/www.visit-ulcinj.com\/blog\/wp-json\/wp\/v2\/types\/post"}],"author":[{"embeddable":true,"href":"https:\/\/www.visit-ulcinj.com\/blog\/wp-json\/wp\/v2\/users\/1"}],"replies":[{"embeddable":true,"href":"https:\/\/www.visit-ulcinj.com\/blog\/wp-json\/wp\/v2\/comments?post=94043"}],"version-history":[{"count":1,"href":"https:\/\/www.visit-ulcinj.com\/blog\/wp-json\/wp\/v2\/posts\/94043\/revisions"}],"predecessor-version":[{"id":94045,"href":"https:\/\/www.visit-ulcinj.com\/blog\/wp-json\/wp\/v2\/posts\/94043\/revisions\/94045"}],"wp:attachment":[{"href":"https:\/\/www.visit-ulcinj.com\/blog\/wp-json\/wp\/v2\/media?parent=94043"}],"wp:term":[{"taxonomy":"category","embeddable":true,"href":"https:\/\/www.visit-ulcinj.com\/blog\/wp-json\/wp\/v2\/categories?post=94043"},{"taxonomy":"post_tag","embeddable":true,"href":"https:\/\/www.visit-ulcinj.com\/blog\/wp-json\/wp\/v2\/tags?post=94043"}],"curies":[{"name":"wp","href":"https:\/\/api.w.org\/{rel}","templated":true}]}}