{"id":94047,"date":"2016-01-16T11:27:50","date_gmt":"2016-01-16T10:27:50","guid":{"rendered":"http:\/\/www.visit-ulcinj.com\/blog\/?p=94047"},"modified":"2016-01-18T14:48:33","modified_gmt":"2016-01-18T13:48:33","slug":"reagim-ardijan-mavriqit-pse-hesht-ura-tash-dy-vjet","status":"publish","type":"post","link":"https:\/\/www.visit-ulcinj.com\/blog\/2016\/01\/16\/reagim-ardijan-mavriqit-pse-hesht-ura-tash-dy-vjet\/","title":{"rendered":"Reagim i Ardijan Mavriqit: Pse hesht URA tash dy vjet?!"},"content":{"rendered":"<p><strong><a href=\"http:\/\/www.visit-ulcinj.com\/blog\/wp-content\/uploads\/2016\/01\/Ardian-Mavriq-Forca.jpg\"><img loading=\"lazy\" class=\"alignleft wp-image-94048\" src=\"http:\/\/www.visit-ulcinj.com\/blog\/wp-content\/uploads\/2016\/01\/Ardian-Mavriq-Forca.jpg\" alt=\"Ardian-Mavriq-Forca\" width=\"508\" height=\"339\" srcset=\"https:\/\/www.visit-ulcinj.com\/blog\/wp-content\/uploads\/2016\/01\/Ardian-Mavriq-Forca.jpg 960w, https:\/\/www.visit-ulcinj.com\/blog\/wp-content\/uploads\/2016\/01\/Ardian-Mavriq-Forca-300x200.jpg 300w\" sizes=\"(max-width: 508px) 100vw, 508px\" \/><\/a>Reagim n\u00eb lidhje me tekstin \u201cBeci: Zgjedhje t\u00eb reja p\u00ebr nd\u00ebrprerjen e fars\u00ebs\u201d, t\u00eb publikuar n\u00eb gazet\u00ebn \u201cVijesti me 13,01,201<\/strong><\/p>\n<p><strong>\u00a0<\/strong><\/p>\n<p><strong>\u00a0 \u00a0 \u00a0 \u00a0 \u00a0 \u00a0 \u00a0 \u00a0 \u00a0 \u00a0 \u00a0 \u00a0 \u00a0 \u00a0 \u00a0 \u00a0 \u00a0 \u00a0 \u00a0 \u00a0 \u00a0 \u00a0 \u00a0 \u00a0 \u00a0 \u00a0 \u00a0 \u00a0 \u00a0 \u00a0 \u00a0 \u00a0 \u00a0 \u00a0 \u00a0 \u00a0 \u00a0 \u00a0 \u00a0 \u00a0 \u00a0 \u00a0P\u00ebrse URA hesht tash dy vjet?!<\/strong><\/p>\n<p>Ngat\u00ebrrestar\u00ebve\u00a0 politik p\u00ebrs\u00ebri \u00a0u pengon partia m\u00eb t\u00eb fort\u00eb shqiptare FORCA, \u00a0edhe pse ishin fajtor\u00ebt kryesor p\u00ebr mos ndryshimin e pushtetit n\u00eb dy komunat m\u00eb t\u00eb m\u00ebdhaja n\u00eb Mal t\u00eb Zi, kurse nga e treta po zhduken pa l\u00ebn\u00eb gjurm\u00eb, duke l\u00ebn\u00eb n\u00eb balt\u00eb punonj\u00ebsit dhe gjith\u00eb qytetar\u00ebt e Ulqinit.<\/p>\n<p>Premtimet e juaja para dy vitetve se do t\u00eb luftoni p\u00ebr transparenc\u00eb u treguan aq t\u00eb zbehta \u00a0sa edhe qytetar\u00ebt q\u00eb ju mb\u00ebshtet\u00ebn e kan\u00eb kuptuar se vet\u00ebm keni shitur mjegull. Ju as nuk e keni kuptuar se buxheti duhet respektuar dhe se mjetet e qytetar\u00ebve duhet t\u00eb shpenzohen n\u00eb p\u00ebrputhje me t\u00eb.<\/p>\n<p>FORCA nuk do tu miratoj\u00eb kurr\u00eb askujt veprimet n\u00eb kund\u00ebrshtim me ligjin, si\u00e7 edhe e kemi d\u00ebshmuar n\u00eb seanc\u00ebn e fundit t\u00eb Kuvendit.<\/p>\n<p>FORCA \u00ebsht\u00eb partia m\u00eb e fort\u00eb komb\u00ebtare e shqiptar\u00ebve, dhe p\u00ebr shkak t\u00eb interesit komb\u00ebtar kemi b\u00ebr\u00eb p\u00ebrjashtim duke i l\u00ebshuar vendin e kryetarit t\u00eb komun\u00ebs partis\u00eb q\u00eb ka dyfish m\u00eb pak mandate , gjest q\u00eb ju si ish k\u00ebshilltar\u00eb t\u00eb Malit t\u00eb zi Pozitiv, tani URA-s, nuk mund ta kuptoni.<\/p>\n<p>K\u00ebt\u00eb e kemi b\u00ebr\u00eb me vet\u00ebdije dhe q\u00ebllim q\u00eb procesi i zhvillimit q\u00eb kemi filluar t\u00eb vazhdoj\u00eb, \u00a0zhvillim q\u00eb ju that\u00eb se ishin iluzione, por sot po lavd\u00ebroheni me pun\u00ebn ton\u00eb.<\/p>\n<p>Cili \u00ebsht\u00eb kontributi juaj q\u00eb keni dh\u00ebn\u00eb n\u00eb ndihm\u00eb t\u00eb k\u00ebtij zhvillim? Mos \u00ebsht\u00eb mbyllja e syve, fshehja, apo heshtja kolektive?<\/p>\n<p>A \u00ebsht\u00eb propozimi p\u00ebr dor\u00ebheqjen tuaj gjest moral apo i detyruar? N\u00ebse \u00ebsht\u00eb gjest moral at\u00ebher\u00eb \u00ebsht\u00eb dashur t\u00eb ta b\u00ebni kur keni dalur nga partia juaj am\u00eb, Mali i Zi Pozitiv, me t\u00eb cil\u00ebn fituat postet q\u00eb akoma sot po i mbani.<\/p>\n<p><strong>Ardijan Mavriq<\/strong><\/p>\n<p><strong>N\u00ebnkryetar i Komun\u00ebs s\u00eb Ulqinit<\/strong><\/p>\n<p><strong>Forca e Re Demokratike<\/strong><\/p>\n<p><strong>Lajm.me<\/strong><\/p>\n","protected":false},"excerpt":{"rendered":"<p>Reagim n\u00eb lidhje me tekstin \u201cBeci: Zgjedhje t\u00eb reja p\u00ebr nd\u00ebrprerjen e fars\u00ebs\u201d, t\u00eb publikuar n\u00eb gazet\u00ebn \u201cVijesti me 13,01,201 \u00a0 \u00a0 \u00a0 \u00a0 \u00a0 \u00a0 \u00a0 \u00a0 \u00a0 \u00a0 \u00a0 \u00a0 \u00a0 \u00a0 \u00a0 \u00a0 \u00a0 \u00a0 \u00a0 \u00a0 \u00a0 \u00a0 \u00a0 \u00a0 \u00a0 \u00a0 \u00a0 \u00a0 \u00a0 \u00a0 \u00a0 \u00a0 \u00a0 \u00a0 \u00a0 [&hellip;]<\/p>\n","protected":false},"author":1,"featured_media":0,"comment_status":"closed","ping_status":"closed","sticky":false,"template":"","format":"standard","meta":{"spay_email":"","jetpack_publicize_message":"","jetpack_is_tweetstorm":false,"jetpack_publicize_feature_enabled":true},"categories":[1,6950],"tags":[],"jetpack_publicize_connections":[],"yoast_head":"<!-- This site is optimized with the Yoast SEO plugin v19.1 - https:\/\/yoast.com\/wordpress\/plugins\/seo\/ -->\n<title>Reagim i Ardijan Mavriqit: Pse hesht URA tash dy vjet?! - Lajme nga Ulqini<\/title>\n<meta name=\"description\" content=\"Reagim n\u00eb lidhje me tekstin \u201cBeci: Zgjedhje t\u00eb reja p\u00ebr nd\u00ebrprerjen e fars\u00ebs\u201d, t\u00eb publikuar n\u00eb gazet\u00ebn \u201cVijesti me 13,01,201 \u00a0 \u00a0 \u00a0 \u00a0 \u00a0 \u00a0 \u00a0 \u00a0 \u00a0 \u00a0 \u00a0 \u00a0 \u00a0 \u00a0 \u00a0\" \/>\n<meta name=\"robots\" content=\"index, follow, max-snippet:-1, max-image-preview:large, max-video-preview:-1\" \/>\n<link rel=\"canonical\" href=\"https:\/\/www.visit-ulcinj.com\/blog\/2016\/01\/16\/reagim-ardijan-mavriqit-pse-hesht-ura-tash-dy-vjet\/\" \/>\n<meta property=\"og:locale\" content=\"en_US\" \/>\n<meta property=\"og:type\" content=\"article\" \/>\n<meta property=\"og:title\" content=\"Reagim i Ardijan Mavriqit: Pse hesht URA tash dy vjet?! - Lajme nga Ulqini\" \/>\n<meta property=\"og:description\" content=\"Reagim n\u00eb lidhje me tekstin \u201cBeci: Zgjedhje t\u00eb reja p\u00ebr nd\u00ebrprerjen e fars\u00ebs\u201d, t\u00eb publikuar n\u00eb gazet\u00ebn \u201cVijesti me 13,01,201 \u00a0 \u00a0 \u00a0 \u00a0 \u00a0 \u00a0 \u00a0 \u00a0 \u00a0 \u00a0 \u00a0 \u00a0 \u00a0 \u00a0 \u00a0\" \/>\n<meta property=\"og:url\" content=\"https:\/\/www.visit-ulcinj.com\/blog\/2016\/01\/16\/reagim-ardijan-mavriqit-pse-hesht-ura-tash-dy-vjet\/\" \/>\n<meta property=\"og:site_name\" content=\"Lajme nga Ulqini\" \/>\n<meta property=\"article:published_time\" content=\"2016-01-16T10:27:50+00:00\" \/>\n<meta property=\"article:modified_time\" content=\"2016-01-18T13:48:33+00:00\" \/>\n<meta property=\"og:image\" content=\"http:\/\/www.visit-ulcinj.com\/blog\/wp-content\/uploads\/2016\/01\/Ardian-Mavriq-Forca.jpg\" \/>\n<meta name=\"twitter:label1\" content=\"Written by\" \/>\n\t<meta name=\"twitter:data1\" content=\"ulqini\" \/>\n\t<meta name=\"twitter:label2\" content=\"Est. reading time\" \/>\n\t<meta name=\"twitter:data2\" content=\"2 minutes\" \/>\n<script type=\"application\/ld+json\" class=\"yoast-schema-graph\">{\"@context\":\"https:\/\/schema.org\",\"@graph\":[{\"@type\":\"WebSite\",\"@id\":\"https:\/\/www.visit-ulcinj.com\/blog\/#website\",\"url\":\"https:\/\/www.visit-ulcinj.com\/blog\/\",\"name\":\"Lajme nga Ulqini\",\"description\":\"Lajme,Vijesti,Ulqini,Ulqin,Crna Gora,Mali i Zi\",\"potentialAction\":[{\"@type\":\"SearchAction\",\"target\":{\"@type\":\"EntryPoint\",\"urlTemplate\":\"https:\/\/www.visit-ulcinj.com\/blog\/?s={search_term_string}\"},\"query-input\":\"required name=search_term_string\"}],\"inLanguage\":\"en-US\"},{\"@type\":\"ImageObject\",\"inLanguage\":\"en-US\",\"@id\":\"https:\/\/www.visit-ulcinj.com\/blog\/2016\/01\/16\/reagim-ardijan-mavriqit-pse-hesht-ura-tash-dy-vjet\/#primaryimage\",\"url\":\"https:\/\/www.visit-ulcinj.com\/blog\/wp-content\/uploads\/2016\/01\/Ardian-Mavriq-Forca.jpg\",\"contentUrl\":\"https:\/\/www.visit-ulcinj.com\/blog\/wp-content\/uploads\/2016\/01\/Ardian-Mavriq-Forca.jpg\",\"width\":960,\"height\":640},{\"@type\":\"WebPage\",\"@id\":\"https:\/\/www.visit-ulcinj.com\/blog\/2016\/01\/16\/reagim-ardijan-mavriqit-pse-hesht-ura-tash-dy-vjet\/#webpage\",\"url\":\"https:\/\/www.visit-ulcinj.com\/blog\/2016\/01\/16\/reagim-ardijan-mavriqit-pse-hesht-ura-tash-dy-vjet\/\",\"name\":\"Reagim i Ardijan Mavriqit: Pse hesht URA tash dy vjet?! - Lajme nga Ulqini\",\"isPartOf\":{\"@id\":\"https:\/\/www.visit-ulcinj.com\/blog\/#website\"},\"primaryImageOfPage\":{\"@id\":\"https:\/\/www.visit-ulcinj.com\/blog\/2016\/01\/16\/reagim-ardijan-mavriqit-pse-hesht-ura-tash-dy-vjet\/#primaryimage\"},\"datePublished\":\"2016-01-16T10:27:50+00:00\",\"dateModified\":\"2016-01-18T13:48:33+00:00\",\"author\":{\"@id\":\"https:\/\/www.visit-ulcinj.com\/blog\/#\/schema\/person\/dcab619c614d3038751c63bc2aadc06d\"},\"description\":\"Reagim n\u00eb lidhje me tekstin \u201cBeci: Zgjedhje t\u00eb reja p\u00ebr nd\u00ebrprerjen e fars\u00ebs\u201d, t\u00eb publikuar n\u00eb gazet\u00ebn \u201cVijesti me 13,01,201 \u00a0 \u00a0 \u00a0 \u00a0 \u00a0 \u00a0 \u00a0 \u00a0 \u00a0 \u00a0 \u00a0 \u00a0 \u00a0 \u00a0 \u00a0\",\"breadcrumb\":{\"@id\":\"https:\/\/www.visit-ulcinj.com\/blog\/2016\/01\/16\/reagim-ardijan-mavriqit-pse-hesht-ura-tash-dy-vjet\/#breadcrumb\"},\"inLanguage\":\"en-US\",\"potentialAction\":[{\"@type\":\"ReadAction\",\"target\":[\"https:\/\/www.visit-ulcinj.com\/blog\/2016\/01\/16\/reagim-ardijan-mavriqit-pse-hesht-ura-tash-dy-vjet\/\"]}]},{\"@type\":\"BreadcrumbList\",\"@id\":\"https:\/\/www.visit-ulcinj.com\/blog\/2016\/01\/16\/reagim-ardijan-mavriqit-pse-hesht-ura-tash-dy-vjet\/#breadcrumb\",\"itemListElement\":[{\"@type\":\"ListItem\",\"position\":1,\"name\":\"Reagim i Ardijan Mavriqit: Pse hesht URA tash dy vjet?!\"}]},{\"@type\":\"Person\",\"@id\":\"https:\/\/www.visit-ulcinj.com\/blog\/#\/schema\/person\/dcab619c614d3038751c63bc2aadc06d\",\"name\":\"ulqini\",\"sameAs\":[\"http:\/\/www.visit-ulcinj.com\"],\"url\":\"https:\/\/www.visit-ulcinj.com\/blog\/author\/admin\/\"}]}<\/script>\n<!-- \/ Yoast SEO plugin. -->","yoast_head_json":{"title":"Reagim i Ardijan Mavriqit: Pse hesht URA tash dy vjet?! - Lajme nga Ulqini","description":"Reagim n\u00eb lidhje me tekstin \u201cBeci: Zgjedhje t\u00eb reja p\u00ebr nd\u00ebrprerjen e fars\u00ebs\u201d, t\u00eb publikuar n\u00eb gazet\u00ebn \u201cVijesti me 13,01,201 \u00a0 \u00a0 \u00a0 \u00a0 \u00a0 \u00a0 \u00a0 \u00a0 \u00a0 \u00a0 \u00a0 \u00a0 \u00a0 \u00a0 \u00a0","robots":{"index":"index","follow":"follow","max-snippet":"max-snippet:-1","max-image-preview":"max-image-preview:large","max-video-preview":"max-video-preview:-1"},"canonical":"https:\/\/www.visit-ulcinj.com\/blog\/2016\/01\/16\/reagim-ardijan-mavriqit-pse-hesht-ura-tash-dy-vjet\/","og_locale":"en_US","og_type":"article","og_title":"Reagim i Ardijan Mavriqit: Pse hesht URA tash dy vjet?! - Lajme nga Ulqini","og_description":"Reagim n\u00eb lidhje me tekstin \u201cBeci: Zgjedhje t\u00eb reja p\u00ebr nd\u00ebrprerjen e fars\u00ebs\u201d, t\u00eb publikuar n\u00eb gazet\u00ebn \u201cVijesti me 13,01,201 \u00a0 \u00a0 \u00a0 \u00a0 \u00a0 \u00a0 \u00a0 \u00a0 \u00a0 \u00a0 \u00a0 \u00a0 \u00a0 \u00a0 \u00a0","og_url":"https:\/\/www.visit-ulcinj.com\/blog\/2016\/01\/16\/reagim-ardijan-mavriqit-pse-hesht-ura-tash-dy-vjet\/","og_site_name":"Lajme nga Ulqini","article_published_time":"2016-01-16T10:27:50+00:00","article_modified_time":"2016-01-18T13:48:33+00:00","og_image":[{"url":"http:\/\/www.visit-ulcinj.com\/blog\/wp-content\/uploads\/2016\/01\/Ardian-Mavriq-Forca.jpg"}],"twitter_misc":{"Written by":"ulqini","Est. reading time":"2 minutes"},"schema":{"@context":"https:\/\/schema.org","@graph":[{"@type":"WebSite","@id":"https:\/\/www.visit-ulcinj.com\/blog\/#website","url":"https:\/\/www.visit-ulcinj.com\/blog\/","name":"Lajme nga Ulqini","description":"Lajme,Vijesti,Ulqini,Ulqin,Crna Gora,Mali i Zi","potentialAction":[{"@type":"SearchAction","target":{"@type":"EntryPoint","urlTemplate":"https:\/\/www.visit-ulcinj.com\/blog\/?s={search_term_string}"},"query-input":"required name=search_term_string"}],"inLanguage":"en-US"},{"@type":"ImageObject","inLanguage":"en-US","@id":"https:\/\/www.visit-ulcinj.com\/blog\/2016\/01\/16\/reagim-ardijan-mavriqit-pse-hesht-ura-tash-dy-vjet\/#primaryimage","url":"https:\/\/www.visit-ulcinj.com\/blog\/wp-content\/uploads\/2016\/01\/Ardian-Mavriq-Forca.jpg","contentUrl":"https:\/\/www.visit-ulcinj.com\/blog\/wp-content\/uploads\/2016\/01\/Ardian-Mavriq-Forca.jpg","width":960,"height":640},{"@type":"WebPage","@id":"https:\/\/www.visit-ulcinj.com\/blog\/2016\/01\/16\/reagim-ardijan-mavriqit-pse-hesht-ura-tash-dy-vjet\/#webpage","url":"https:\/\/www.visit-ulcinj.com\/blog\/2016\/01\/16\/reagim-ardijan-mavriqit-pse-hesht-ura-tash-dy-vjet\/","name":"Reagim i Ardijan Mavriqit: Pse hesht URA tash dy vjet?! - Lajme nga Ulqini","isPartOf":{"@id":"https:\/\/www.visit-ulcinj.com\/blog\/#website"},"primaryImageOfPage":{"@id":"https:\/\/www.visit-ulcinj.com\/blog\/2016\/01\/16\/reagim-ardijan-mavriqit-pse-hesht-ura-tash-dy-vjet\/#primaryimage"},"datePublished":"2016-01-16T10:27:50+00:00","dateModified":"2016-01-18T13:48:33+00:00","author":{"@id":"https:\/\/www.visit-ulcinj.com\/blog\/#\/schema\/person\/dcab619c614d3038751c63bc2aadc06d"},"description":"Reagim n\u00eb lidhje me tekstin \u201cBeci: Zgjedhje t\u00eb reja p\u00ebr nd\u00ebrprerjen e fars\u00ebs\u201d, t\u00eb publikuar n\u00eb gazet\u00ebn \u201cVijesti me 13,01,201 \u00a0 \u00a0 \u00a0 \u00a0 \u00a0 \u00a0 \u00a0 \u00a0 \u00a0 \u00a0 \u00a0 \u00a0 \u00a0 \u00a0 \u00a0","breadcrumb":{"@id":"https:\/\/www.visit-ulcinj.com\/blog\/2016\/01\/16\/reagim-ardijan-mavriqit-pse-hesht-ura-tash-dy-vjet\/#breadcrumb"},"inLanguage":"en-US","potentialAction":[{"@type":"ReadAction","target":["https:\/\/www.visit-ulcinj.com\/blog\/2016\/01\/16\/reagim-ardijan-mavriqit-pse-hesht-ura-tash-dy-vjet\/"]}]},{"@type":"BreadcrumbList","@id":"https:\/\/www.visit-ulcinj.com\/blog\/2016\/01\/16\/reagim-ardijan-mavriqit-pse-hesht-ura-tash-dy-vjet\/#breadcrumb","itemListElement":[{"@type":"ListItem","position":1,"name":"Reagim i Ardijan Mavriqit: Pse hesht URA tash dy vjet?!"}]},{"@type":"Person","@id":"https:\/\/www.visit-ulcinj.com\/blog\/#\/schema\/person\/dcab619c614d3038751c63bc2aadc06d","name":"ulqini","sameAs":["http:\/\/www.visit-ulcinj.com"],"url":"https:\/\/www.visit-ulcinj.com\/blog\/author\/admin\/"}]}},"jetpack_featured_media_url":"","jetpack_sharing_enabled":true,"jetpack_shortlink":"https:\/\/wp.me\/pe6lTn-osT","_links":{"self":[{"href":"https:\/\/www.visit-ulcinj.com\/blog\/wp-json\/wp\/v2\/posts\/94047"}],"collection":[{"href":"https:\/\/www.visit-ulcinj.com\/blog\/wp-json\/wp\/v2\/posts"}],"about":[{"href":"https:\/\/www.visit-ulcinj.com\/blog\/wp-json\/wp\/v2\/types\/post"}],"author":[{"embeddable":true,"href":"https:\/\/www.visit-ulcinj.com\/blog\/wp-json\/wp\/v2\/users\/1"}],"replies":[{"embeddable":true,"href":"https:\/\/www.visit-ulcinj.com\/blog\/wp-json\/wp\/v2\/comments?post=94047"}],"version-history":[{"count":1,"href":"https:\/\/www.visit-ulcinj.com\/blog\/wp-json\/wp\/v2\/posts\/94047\/revisions"}],"predecessor-version":[{"id":94049,"href":"https:\/\/www.visit-ulcinj.com\/blog\/wp-json\/wp\/v2\/posts\/94047\/revisions\/94049"}],"wp:attachment":[{"href":"https:\/\/www.visit-ulcinj.com\/blog\/wp-json\/wp\/v2\/media?parent=94047"}],"wp:term":[{"taxonomy":"category","embeddable":true,"href":"https:\/\/www.visit-ulcinj.com\/blog\/wp-json\/wp\/v2\/categories?post=94047"},{"taxonomy":"post_tag","embeddable":true,"href":"https:\/\/www.visit-ulcinj.com\/blog\/wp-json\/wp\/v2\/tags?post=94047"}],"curies":[{"name":"wp","href":"https:\/\/api.w.org\/{rel}","templated":true}]}}