{"id":94050,"date":"2016-01-16T11:33:18","date_gmt":"2016-01-16T10:33:18","guid":{"rendered":"http:\/\/www.visit-ulcinj.com\/blog\/?p=94050"},"modified":"2016-01-16T11:33:18","modified_gmt":"2016-01-16T10:33:18","slug":"nika-kurafte-politika-kurafte-tehnika-2","status":"publish","type":"post","link":"https:\/\/www.visit-ulcinj.com\/blog\/2016\/01\/16\/nika-kurafte-politika-kurafte-tehnika-2\/","title":{"rendered":"Nika: Kurafte politika kurafte tehnika&#8230;.. (2)?!"},"content":{"rendered":"<h3><a href=\"http:\/\/www.visit-ulcinj.com\/blog\/wp-content\/uploads\/2014\/11\/Muhamet-Nika.jpg\"><img loading=\"lazy\" class=\"alignleft wp-image-86143 size-medium\" src=\"http:\/\/www.visit-ulcinj.com\/blog\/wp-content\/uploads\/2014\/11\/Muhamet-Nika-240x300.jpg\" alt=\"Muhamet Nika\" width=\"240\" height=\"300\" srcset=\"https:\/\/www.visit-ulcinj.com\/blog\/wp-content\/uploads\/2014\/11\/Muhamet-Nika-240x300.jpg 240w, https:\/\/www.visit-ulcinj.com\/blog\/wp-content\/uploads\/2014\/11\/Muhamet-Nika.jpg 256w\" sizes=\"(max-width: 240px) 100vw, 240px\" \/><\/a>Derisa\u00a0\u00a0 fillimi i jav\u00ebs pritet t\u00eb shoq\u00ebrohet me temperatura t\u00eb ul\u00ebta\u00a0\u00a0 t\u00eb stin\u00ebs e t\u00eb cilat do t\u00eb prekin edhe Ulqinin dhe as k\u00eb nuk habisin duke qen\u00eb t\u00eb zakonshme brenda konsensusit stinor..?! Ajo q\u00eb habit\u00eb \u00ebsht\u00eb rritja e temperaturave politike n\u00eb parlamentin e Ulqinit, i cili tashti n\u00eb dim\u00ebr filloi e t\u00eb mblidhet e t\u00eb \u00e7ohet.., \u201d si me pun\u00eb vijagrash..\u201d?! Po dhe kjo nuk m\u00eb habit\u00eb ani pse\u00a0\u00a0 \u00ebsht\u00eb si <a href=\"http:\/\/sot.com.al\/opinione\/shpikja-m%C3%AB-e-madhe-e-shqiptar%C3%ABve-%E2%80%9Ctabu%E2%80%9D-e-jasht%C3%ABzakonshme\">Shpikja m\u00eb e madhe e shqiptar\u00ebve, dhe q\u00eb prap vazhdon t\u00eb jet\u00eb \u00a0\u201ctabu\u201d e jasht\u00ebzakonshme!<\/a><\/h3>\n<h3>Sa q\u00eb madje edhe vet\u00eb shpik\u00ebsi i saj &#8211; shqiptari\u00a0\u00a0 Ferad Muradi , me origjin\u00eb nga Maqedonia- mjek n\u00eb Amerik\u00eb , me \u201cmarre\u2026\u201d tha \u201cse shpikja u b\u00eb krejt\u00eb rast\u00ebsisht..\u201d dhe ne- ku rafte \u2013 e kemi harruar \u00a0v\u00eblla\u00e7ko \u2013 brate- palesko, krejt\u00eb se edhe ky nj\u00eblloj si N\u00ebna Terez\u00eb- fitoi \u00c7mimin Nobel p\u00ebr Paqe \u2026.Ngase \u00a0hoqi sherrin , \u00e7\u00ebsht\u00eb e v\u00ebrteta &#8211; jo prej sheriatit \u2013por prej kereveti\u2026?!!<\/h3>\n<h3><\/h3>\n<p>Pra shihet se \u201cqe tash \u2013 kuvendi , a \u00e7u (ka) \u00e7u prej gjumit ( odboroo skup\u0161tinoo)- za bud\u017eeto&#8230;,dhe shohim se n\u00eb m\u00ebnyr\u00eb t\u00eb jasht\u00ebzakonsh\u00ebm, po e th\u00ebrret \u201c me marifet..\u201d-Haxhibeti&#8230;, q\u00eb \u00ebsht\u00eb dashur ta b\u00ebj\u00eb \u2013 me ligj, para vitit t\u00eb ri.. kuptohet- pa fijagra?! Sepse tash edhe pse \u00ebsht\u00eb \u00e7u&#8230;, nuk i hy n\u00eb pun\u00eb&#8230;, me ligji \u2013 dhe statuto , nuk ka vendim kur i kalon afati &#8230;. pa arsye( nuk prehet bilet\u00eb p\u00ebr trenin e nisur..)?!<\/p>\n<p>Kurse edhe kryetari Gjeka , mbase tha \u2013 shyqyr-o, q\u00eb po \u00e7ohet-o, e po mblidhet-o dhe ia propozoi Haxhibetit- ooo , hitno do pika&#8230;ooo- kotooo?!<\/p>\n<p>Nga kjo, po shihet se &#8230;., Forca do kurafto : vendimin p\u00ebr financim za bud\u017eeto&#8230;, Gjeka &#8211; k\u00ebrkon, Dupin, Skendoja- Gupin&#8230;E Kantiqi, \u2013GRUPIN- kurafto- prokuroro- MUPIN-O..?!!!<\/p>\n<p>Sepse dyshon q\u00eb n\u00eb Ulqin ka : vjedhje-o, \u00a0palesko oodboree skup\u0161tinoo- kra\u0111u&#8230;mo; \u0161u karoo- mo,&#8230;obobooo, tekniko &#8230; politiko kurfto&#8230;.?! Dhe\u00a0\u00a0 der at\u00ebher\u00eb p\u00ebrsh\u00ebndetje sepse jemi n\u00eb pushim \u2013 40 dit\u00eb- dana \u2013saranda gjive-mo?! Pozdrav- mo-karaqime&#8230;skup\u0161tino..?! Kujdes k\u00ebto fjal\u00ebt e treta-t\u00eb fundit , mos i kuptoni shqip \u2013se vrasin keq p\u00ebr bud\u017eeto- kredito&#8230;?!!<\/p>\n<p>Andaj (palesko- v\u00eblla\u00e7ko-brate odbboree &#8211; skup\u00e7\u0161tinoo, nuk po truaj&#8230;?! Dhe urojm\u00eb q\u00eb :T\u00eb B\u00cbHET MIR\u00cb- BI\u0106E DOBRO- KAVELL\u00a0\u00a0 LA\u010cE-MO&#8230;?!! Shprehur e gjith\u00eb kjo, n\u00eb 3 gjuh\u00ebt e mjedisit ton\u00eb ulqinak.<\/p>\n<p>&nbsp;<\/p>\n<p><strong>Pik\u00ebpamjet e shprehura n\u00eb faqen \u201cOPINIONE\u201d nuk p\u00ebrfaq\u00ebsojn\u00eb domosdoshm\u00ebrisht politik\u00ebn redaksionale t\u00eb \u201eLajmeve nga Ulqini\u201e<\/strong><\/p>\n","protected":false},"excerpt":{"rendered":"<p>Derisa\u00a0\u00a0 fillimi i jav\u00ebs pritet t\u00eb shoq\u00ebrohet me temperatura t\u00eb ul\u00ebta\u00a0\u00a0 t\u00eb stin\u00ebs e t\u00eb cilat do t\u00eb prekin edhe Ulqinin dhe as k\u00eb nuk habisin duke qen\u00eb t\u00eb zakonshme brenda konsensusit stinor..?! Ajo q\u00eb habit\u00eb \u00ebsht\u00eb rritja e temperaturave politike n\u00eb parlamentin e Ulqinit, i cili tashti n\u00eb dim\u00ebr filloi e t\u00eb mblidhet e [&hellip;]<\/p>\n","protected":false},"author":1,"featured_media":0,"comment_status":"closed","ping_status":"closed","sticky":false,"template":"","format":"standard","meta":{"spay_email":"","jetpack_publicize_message":"","jetpack_is_tweetstorm":false,"jetpack_publicize_feature_enabled":true},"categories":[14249],"tags":[],"jetpack_publicize_connections":[],"yoast_head":"<!-- This site is optimized with the Yoast SEO plugin v19.1 - https:\/\/yoast.com\/wordpress\/plugins\/seo\/ -->\n<title>Nika: Kurafte politika kurafte tehnika..... (2)?! - Lajme nga Ulqini<\/title>\n<meta name=\"description\" content=\"Derisa\u00a0\u00a0 fillimi i jav\u00ebs pritet t\u00eb shoq\u00ebrohet me temperatura t\u00eb ul\u00ebta\u00a0\u00a0 t\u00eb stin\u00ebs e t\u00eb cilat do t\u00eb prekin edhe Ulqinin dhe as k\u00eb nuk habisin duke qen\u00eb t\u00eb\" \/>\n<meta name=\"robots\" content=\"index, follow, max-snippet:-1, max-image-preview:large, max-video-preview:-1\" \/>\n<link rel=\"canonical\" href=\"https:\/\/www.visit-ulcinj.com\/blog\/2016\/01\/16\/nika-kurafte-politika-kurafte-tehnika-2\/\" \/>\n<meta property=\"og:locale\" content=\"en_US\" \/>\n<meta property=\"og:type\" content=\"article\" \/>\n<meta property=\"og:title\" content=\"Nika: Kurafte politika kurafte tehnika..... (2)?! - Lajme nga Ulqini\" \/>\n<meta property=\"og:description\" content=\"Derisa\u00a0\u00a0 fillimi i jav\u00ebs pritet t\u00eb shoq\u00ebrohet me temperatura t\u00eb ul\u00ebta\u00a0\u00a0 t\u00eb stin\u00ebs e t\u00eb cilat do t\u00eb prekin edhe Ulqinin dhe as k\u00eb nuk habisin duke qen\u00eb t\u00eb\" \/>\n<meta property=\"og:url\" content=\"https:\/\/www.visit-ulcinj.com\/blog\/2016\/01\/16\/nika-kurafte-politika-kurafte-tehnika-2\/\" \/>\n<meta property=\"og:site_name\" content=\"Lajme nga Ulqini\" \/>\n<meta property=\"article:published_time\" content=\"2016-01-16T10:33:18+00:00\" \/>\n<meta property=\"og:image\" content=\"http:\/\/www.visit-ulcinj.com\/blog\/wp-content\/uploads\/2014\/11\/Muhamet-Nika-240x300.jpg\" \/>\n<meta name=\"twitter:label1\" content=\"Written by\" \/>\n\t<meta name=\"twitter:data1\" content=\"ulqini\" \/>\n\t<meta name=\"twitter:label2\" content=\"Est. reading time\" \/>\n\t<meta name=\"twitter:data2\" content=\"2 minutes\" \/>\n<script type=\"application\/ld+json\" class=\"yoast-schema-graph\">{\"@context\":\"https:\/\/schema.org\",\"@graph\":[{\"@type\":\"WebSite\",\"@id\":\"https:\/\/www.visit-ulcinj.com\/blog\/#website\",\"url\":\"https:\/\/www.visit-ulcinj.com\/blog\/\",\"name\":\"Lajme nga Ulqini\",\"description\":\"Lajme,Vijesti,Ulqini,Ulqin,Crna Gora,Mali i Zi\",\"potentialAction\":[{\"@type\":\"SearchAction\",\"target\":{\"@type\":\"EntryPoint\",\"urlTemplate\":\"https:\/\/www.visit-ulcinj.com\/blog\/?s={search_term_string}\"},\"query-input\":\"required name=search_term_string\"}],\"inLanguage\":\"en-US\"},{\"@type\":\"ImageObject\",\"inLanguage\":\"en-US\",\"@id\":\"https:\/\/www.visit-ulcinj.com\/blog\/2016\/01\/16\/nika-kurafte-politika-kurafte-tehnika-2\/#primaryimage\",\"url\":\"https:\/\/www.visit-ulcinj.com\/blog\/wp-content\/uploads\/2014\/11\/Muhamet-Nika.jpg\",\"contentUrl\":\"https:\/\/www.visit-ulcinj.com\/blog\/wp-content\/uploads\/2014\/11\/Muhamet-Nika.jpg\",\"width\":256,\"height\":319},{\"@type\":\"WebPage\",\"@id\":\"https:\/\/www.visit-ulcinj.com\/blog\/2016\/01\/16\/nika-kurafte-politika-kurafte-tehnika-2\/#webpage\",\"url\":\"https:\/\/www.visit-ulcinj.com\/blog\/2016\/01\/16\/nika-kurafte-politika-kurafte-tehnika-2\/\",\"name\":\"Nika: Kurafte politika kurafte tehnika..... (2)?! - Lajme nga Ulqini\",\"isPartOf\":{\"@id\":\"https:\/\/www.visit-ulcinj.com\/blog\/#website\"},\"primaryImageOfPage\":{\"@id\":\"https:\/\/www.visit-ulcinj.com\/blog\/2016\/01\/16\/nika-kurafte-politika-kurafte-tehnika-2\/#primaryimage\"},\"datePublished\":\"2016-01-16T10:33:18+00:00\",\"dateModified\":\"2016-01-16T10:33:18+00:00\",\"author\":{\"@id\":\"https:\/\/www.visit-ulcinj.com\/blog\/#\/schema\/person\/dcab619c614d3038751c63bc2aadc06d\"},\"description\":\"Derisa\u00a0\u00a0 fillimi i jav\u00ebs pritet t\u00eb shoq\u00ebrohet me temperatura t\u00eb ul\u00ebta\u00a0\u00a0 t\u00eb stin\u00ebs e t\u00eb cilat do t\u00eb prekin edhe Ulqinin dhe as k\u00eb nuk habisin duke qen\u00eb t\u00eb\",\"breadcrumb\":{\"@id\":\"https:\/\/www.visit-ulcinj.com\/blog\/2016\/01\/16\/nika-kurafte-politika-kurafte-tehnika-2\/#breadcrumb\"},\"inLanguage\":\"en-US\",\"potentialAction\":[{\"@type\":\"ReadAction\",\"target\":[\"https:\/\/www.visit-ulcinj.com\/blog\/2016\/01\/16\/nika-kurafte-politika-kurafte-tehnika-2\/\"]}]},{\"@type\":\"BreadcrumbList\",\"@id\":\"https:\/\/www.visit-ulcinj.com\/blog\/2016\/01\/16\/nika-kurafte-politika-kurafte-tehnika-2\/#breadcrumb\",\"itemListElement\":[{\"@type\":\"ListItem\",\"position\":1,\"name\":\"Nika: Kurafte politika kurafte tehnika&#8230;.. (2)?!\"}]},{\"@type\":\"Person\",\"@id\":\"https:\/\/www.visit-ulcinj.com\/blog\/#\/schema\/person\/dcab619c614d3038751c63bc2aadc06d\",\"name\":\"ulqini\",\"sameAs\":[\"http:\/\/www.visit-ulcinj.com\"],\"url\":\"https:\/\/www.visit-ulcinj.com\/blog\/author\/admin\/\"}]}<\/script>\n<!-- \/ Yoast SEO plugin. -->","yoast_head_json":{"title":"Nika: Kurafte politika kurafte tehnika..... (2)?! - Lajme nga Ulqini","description":"Derisa\u00a0\u00a0 fillimi i jav\u00ebs pritet t\u00eb shoq\u00ebrohet me temperatura t\u00eb ul\u00ebta\u00a0\u00a0 t\u00eb stin\u00ebs e t\u00eb cilat do t\u00eb prekin edhe Ulqinin dhe as k\u00eb nuk habisin duke qen\u00eb t\u00eb","robots":{"index":"index","follow":"follow","max-snippet":"max-snippet:-1","max-image-preview":"max-image-preview:large","max-video-preview":"max-video-preview:-1"},"canonical":"https:\/\/www.visit-ulcinj.com\/blog\/2016\/01\/16\/nika-kurafte-politika-kurafte-tehnika-2\/","og_locale":"en_US","og_type":"article","og_title":"Nika: Kurafte politika kurafte tehnika..... (2)?! - Lajme nga Ulqini","og_description":"Derisa\u00a0\u00a0 fillimi i jav\u00ebs pritet t\u00eb shoq\u00ebrohet me temperatura t\u00eb ul\u00ebta\u00a0\u00a0 t\u00eb stin\u00ebs e t\u00eb cilat do t\u00eb prekin edhe Ulqinin dhe as k\u00eb nuk habisin duke qen\u00eb t\u00eb","og_url":"https:\/\/www.visit-ulcinj.com\/blog\/2016\/01\/16\/nika-kurafte-politika-kurafte-tehnika-2\/","og_site_name":"Lajme nga Ulqini","article_published_time":"2016-01-16T10:33:18+00:00","og_image":[{"url":"http:\/\/www.visit-ulcinj.com\/blog\/wp-content\/uploads\/2014\/11\/Muhamet-Nika-240x300.jpg"}],"twitter_misc":{"Written by":"ulqini","Est. reading time":"2 minutes"},"schema":{"@context":"https:\/\/schema.org","@graph":[{"@type":"WebSite","@id":"https:\/\/www.visit-ulcinj.com\/blog\/#website","url":"https:\/\/www.visit-ulcinj.com\/blog\/","name":"Lajme nga Ulqini","description":"Lajme,Vijesti,Ulqini,Ulqin,Crna Gora,Mali i Zi","potentialAction":[{"@type":"SearchAction","target":{"@type":"EntryPoint","urlTemplate":"https:\/\/www.visit-ulcinj.com\/blog\/?s={search_term_string}"},"query-input":"required name=search_term_string"}],"inLanguage":"en-US"},{"@type":"ImageObject","inLanguage":"en-US","@id":"https:\/\/www.visit-ulcinj.com\/blog\/2016\/01\/16\/nika-kurafte-politika-kurafte-tehnika-2\/#primaryimage","url":"https:\/\/www.visit-ulcinj.com\/blog\/wp-content\/uploads\/2014\/11\/Muhamet-Nika.jpg","contentUrl":"https:\/\/www.visit-ulcinj.com\/blog\/wp-content\/uploads\/2014\/11\/Muhamet-Nika.jpg","width":256,"height":319},{"@type":"WebPage","@id":"https:\/\/www.visit-ulcinj.com\/blog\/2016\/01\/16\/nika-kurafte-politika-kurafte-tehnika-2\/#webpage","url":"https:\/\/www.visit-ulcinj.com\/blog\/2016\/01\/16\/nika-kurafte-politika-kurafte-tehnika-2\/","name":"Nika: Kurafte politika kurafte tehnika..... (2)?! - Lajme nga Ulqini","isPartOf":{"@id":"https:\/\/www.visit-ulcinj.com\/blog\/#website"},"primaryImageOfPage":{"@id":"https:\/\/www.visit-ulcinj.com\/blog\/2016\/01\/16\/nika-kurafte-politika-kurafte-tehnika-2\/#primaryimage"},"datePublished":"2016-01-16T10:33:18+00:00","dateModified":"2016-01-16T10:33:18+00:00","author":{"@id":"https:\/\/www.visit-ulcinj.com\/blog\/#\/schema\/person\/dcab619c614d3038751c63bc2aadc06d"},"description":"Derisa\u00a0\u00a0 fillimi i jav\u00ebs pritet t\u00eb shoq\u00ebrohet me temperatura t\u00eb ul\u00ebta\u00a0\u00a0 t\u00eb stin\u00ebs e t\u00eb cilat do t\u00eb prekin edhe Ulqinin dhe as k\u00eb nuk habisin duke qen\u00eb t\u00eb","breadcrumb":{"@id":"https:\/\/www.visit-ulcinj.com\/blog\/2016\/01\/16\/nika-kurafte-politika-kurafte-tehnika-2\/#breadcrumb"},"inLanguage":"en-US","potentialAction":[{"@type":"ReadAction","target":["https:\/\/www.visit-ulcinj.com\/blog\/2016\/01\/16\/nika-kurafte-politika-kurafte-tehnika-2\/"]}]},{"@type":"BreadcrumbList","@id":"https:\/\/www.visit-ulcinj.com\/blog\/2016\/01\/16\/nika-kurafte-politika-kurafte-tehnika-2\/#breadcrumb","itemListElement":[{"@type":"ListItem","position":1,"name":"Nika: Kurafte politika kurafte tehnika&#8230;.. (2)?!"}]},{"@type":"Person","@id":"https:\/\/www.visit-ulcinj.com\/blog\/#\/schema\/person\/dcab619c614d3038751c63bc2aadc06d","name":"ulqini","sameAs":["http:\/\/www.visit-ulcinj.com"],"url":"https:\/\/www.visit-ulcinj.com\/blog\/author\/admin\/"}]}},"jetpack_featured_media_url":"","jetpack_sharing_enabled":true,"jetpack_shortlink":"https:\/\/wp.me\/pe6lTn-osW","_links":{"self":[{"href":"https:\/\/www.visit-ulcinj.com\/blog\/wp-json\/wp\/v2\/posts\/94050"}],"collection":[{"href":"https:\/\/www.visit-ulcinj.com\/blog\/wp-json\/wp\/v2\/posts"}],"about":[{"href":"https:\/\/www.visit-ulcinj.com\/blog\/wp-json\/wp\/v2\/types\/post"}],"author":[{"embeddable":true,"href":"https:\/\/www.visit-ulcinj.com\/blog\/wp-json\/wp\/v2\/users\/1"}],"replies":[{"embeddable":true,"href":"https:\/\/www.visit-ulcinj.com\/blog\/wp-json\/wp\/v2\/comments?post=94050"}],"version-history":[{"count":1,"href":"https:\/\/www.visit-ulcinj.com\/blog\/wp-json\/wp\/v2\/posts\/94050\/revisions"}],"predecessor-version":[{"id":94051,"href":"https:\/\/www.visit-ulcinj.com\/blog\/wp-json\/wp\/v2\/posts\/94050\/revisions\/94051"}],"wp:attachment":[{"href":"https:\/\/www.visit-ulcinj.com\/blog\/wp-json\/wp\/v2\/media?parent=94050"}],"wp:term":[{"taxonomy":"category","embeddable":true,"href":"https:\/\/www.visit-ulcinj.com\/blog\/wp-json\/wp\/v2\/categories?post=94050"},{"taxonomy":"post_tag","embeddable":true,"href":"https:\/\/www.visit-ulcinj.com\/blog\/wp-json\/wp\/v2\/tags?post=94050"}],"curies":[{"name":"wp","href":"https:\/\/api.w.org\/{rel}","templated":true}]}}