{"id":94052,"date":"2016-01-16T11:41:09","date_gmt":"2016-01-16T10:41:09","guid":{"rendered":"http:\/\/www.visit-ulcinj.com\/blog\/?p=94052"},"modified":"2016-01-16T11:41:09","modified_gmt":"2016-01-16T10:41:09","slug":"prokuroria-ka-formuar-disa-lende-per-rastin-shas-cungu-pergjigjet","status":"publish","type":"post","link":"https:\/\/www.visit-ulcinj.com\/blog\/2016\/01\/16\/prokuroria-ka-formuar-disa-lende-per-rastin-shas-cungu-pergjigjet\/","title":{"rendered":"Prokuroria ka formuar disa l\u00ebnd\u00eb p\u00ebr &#8220;rastin Shas&#8221;; Cungu pergjigjet"},"content":{"rendered":"<p><a href=\"http:\/\/www.visit-ulcinj.com\/blog\/wp-content\/uploads\/2014\/01\/Gzim-Hajdinaga-Nazif-Cungu.jpg\"><img loading=\"lazy\" class=\"alignleft wp-image-78245\" src=\"http:\/\/www.visit-ulcinj.com\/blog\/wp-content\/uploads\/2014\/01\/Gzim-Hajdinaga-Nazif-Cungu.jpg\" alt=\"Gzim-Hajdinaga-Nazif-Cungu\" width=\"508\" height=\"363\" srcset=\"https:\/\/www.visit-ulcinj.com\/blog\/wp-content\/uploads\/2014\/01\/Gzim-Hajdinaga-Nazif-Cungu.jpg 671w, https:\/\/www.visit-ulcinj.com\/blog\/wp-content\/uploads\/2014\/01\/Gzim-Hajdinaga-Nazif-Cungu-300x214.jpg 300w\" sizes=\"(max-width: 508px) 100vw, 508px\" \/><\/a>Prokuroria speciale shtet\u00ebrore ka formuar l\u00ebnd\u00ebn lidhur me ridedikimin e tok\u00ebs komunale n\u00eb Shas gjat\u00eb mandateve t\u00eb kryetar\u00ebve t\u00eb komun\u00ebs G\u00ebzim Hajdinaga dhe Nazif Cungu.<\/p>\n<p>Kjo gazet\u00eb pohon se ato dy nuk jan\u00eb marr\u00eb akoma n\u00eb pyetje rreth k\u00ebsaj l\u00ebnde, nd\u00ebrsa inspektor\u00ebt p\u00ebr krim ekonomik po kontrollojn\u00eb t\u00ebr\u00eb dokumentacionin.<\/p>\n<p>\u201cPo hetohet se a e keqp\u00ebrdori Cungu pozit\u00ebn deri sa ishte njeriu i par\u00eb i Ulqinit dhe solli planet urbanistike p\u00ebr Shas ku ka n\u00eb pron\u00ebsi tok\u00ebn dhe a p\u00ebrfitoi n\u00eb at\u00eb m\u00ebnyr\u00eb dobi milion\u00ebshe p\u00ebr vete dhe d\u00ebmtoi ark\u00ebn e qytetit\u201d, shkruan \u201cDan\u201d dhe shton se Hajdinaga solli vendimin p\u00ebr p\u00ebrpilimin e Studimit t\u00eb lokacionit p\u00ebr qendr\u00ebn eko-turistike n\u00eb k\u00ebt\u00eb hap\u00ebsir\u00eb.<\/p>\n<p>&nbsp;<\/p>\n<p><strong>Cungu p\u00ebr \u201crastin Shas\u201d: Sa m\u00eb p\u00ebrket mua, \u00e7do gj\u00eb \u00ebsht\u00eb e past\u00ebr<\/strong><\/p>\n<p>Ish kryetari i komun\u00ebs s\u00eb Ulqinit dhe lideri i Forc\u00ebs s\u00eb re demokratike Nazif Cungu n\u00eb deklarat\u00eb p\u00ebr \u201cDan\u201d nuk deshi t\u00eb komentoi faktin q\u00eb n\u00eb Prokurorin\u00eb speciale \u00ebsht\u00eb formuar l\u00ebnda p\u00ebr \u201crastin Shas\u201d.<\/p>\n<p>\u201cNuk kam koment. Sa i p\u00ebrket meje, \u00e7do gj\u00eb \u00ebsht\u00eb e past\u00ebr si loti dhe nuk ka asgj\u00eb kontestuese\u201d, tha ai p\u00ebr at\u00eb gazet\u00eb.<\/p>\n<p>Hetimi p\u00ebr \u201crastin Shas\u201d filloi n\u00eb fillim t\u00eb vitit 2014. Prej at\u00ebher\u00eb, me k\u00ebrkes\u00eb t\u00eb prokuroris\u00eb, nga Komuna e Ulqinit disa her\u00eb \u00ebsht\u00eb k\u00ebrkuar dokumentacioni shtes\u00eb i cili ka t\u00eb b\u00ebj\u00eb me procesin e miratimit dhe sjelljes s\u00eb vendimeve dhe planeve urbanistike n\u00eb k\u00ebt\u00eb zon\u00eb.<\/p>\n<p><strong>Ul.info<\/strong><\/p>\n","protected":false},"excerpt":{"rendered":"<p>Prokuroria speciale shtet\u00ebrore ka formuar l\u00ebnd\u00ebn lidhur me ridedikimin e tok\u00ebs komunale n\u00eb Shas gjat\u00eb mandateve t\u00eb kryetar\u00ebve t\u00eb komun\u00ebs G\u00ebzim Hajdinaga dhe Nazif Cungu. Kjo gazet\u00eb pohon se ato dy nuk jan\u00eb marr\u00eb akoma n\u00eb pyetje rreth k\u00ebsaj l\u00ebnde, nd\u00ebrsa inspektor\u00ebt p\u00ebr krim ekonomik po kontrollojn\u00eb t\u00ebr\u00eb dokumentacionin. \u201cPo hetohet se a e keqp\u00ebrdori [&hellip;]<\/p>\n","protected":false},"author":1,"featured_media":0,"comment_status":"closed","ping_status":"closed","sticky":false,"template":"","format":"standard","meta":{"spay_email":"","jetpack_publicize_message":"","jetpack_is_tweetstorm":false,"jetpack_publicize_feature_enabled":true},"categories":[11],"tags":[],"jetpack_publicize_connections":[],"yoast_head":"<!-- This site is optimized with the Yoast SEO plugin v19.1 - https:\/\/yoast.com\/wordpress\/plugins\/seo\/ -->\n<title>Prokuroria ka formuar disa l\u00ebnd\u00eb p\u00ebr &quot;rastin Shas&quot;; Cungu pergjigjet - Lajme nga Ulqini<\/title>\n<meta name=\"description\" content=\"Prokuroria speciale shtet\u00ebrore ka formuar l\u00ebnd\u00ebn lidhur me ridedikimin e tok\u00ebs komunale n\u00eb Shas gjat\u00eb mandateve t\u00eb kryetar\u00ebve t\u00eb komun\u00ebs G\u00ebzim Hajdinaga\" \/>\n<meta name=\"robots\" content=\"index, follow, max-snippet:-1, max-image-preview:large, max-video-preview:-1\" \/>\n<link rel=\"canonical\" href=\"https:\/\/www.visit-ulcinj.com\/blog\/2016\/01\/16\/prokuroria-ka-formuar-disa-lende-per-rastin-shas-cungu-pergjigjet\/\" \/>\n<meta property=\"og:locale\" content=\"en_US\" \/>\n<meta property=\"og:type\" content=\"article\" \/>\n<meta property=\"og:title\" content=\"Prokuroria ka formuar disa l\u00ebnd\u00eb p\u00ebr &quot;rastin Shas&quot;; Cungu pergjigjet - Lajme nga Ulqini\" \/>\n<meta property=\"og:description\" content=\"Prokuroria speciale shtet\u00ebrore ka formuar l\u00ebnd\u00ebn lidhur me ridedikimin e tok\u00ebs komunale n\u00eb Shas gjat\u00eb mandateve t\u00eb kryetar\u00ebve t\u00eb komun\u00ebs G\u00ebzim Hajdinaga\" \/>\n<meta property=\"og:url\" content=\"https:\/\/www.visit-ulcinj.com\/blog\/2016\/01\/16\/prokuroria-ka-formuar-disa-lende-per-rastin-shas-cungu-pergjigjet\/\" \/>\n<meta property=\"og:site_name\" content=\"Lajme nga Ulqini\" \/>\n<meta property=\"article:published_time\" content=\"2016-01-16T10:41:09+00:00\" \/>\n<meta property=\"og:image\" content=\"http:\/\/www.visit-ulcinj.com\/blog\/wp-content\/uploads\/2014\/01\/Gzim-Hajdinaga-Nazif-Cungu.jpg\" \/>\n<meta name=\"twitter:label1\" content=\"Written by\" \/>\n\t<meta name=\"twitter:data1\" content=\"ulqini\" \/>\n\t<meta name=\"twitter:label2\" content=\"Est. reading time\" \/>\n\t<meta name=\"twitter:data2\" content=\"1 minute\" \/>\n<script type=\"application\/ld+json\" class=\"yoast-schema-graph\">{\"@context\":\"https:\/\/schema.org\",\"@graph\":[{\"@type\":\"WebSite\",\"@id\":\"https:\/\/www.visit-ulcinj.com\/blog\/#website\",\"url\":\"https:\/\/www.visit-ulcinj.com\/blog\/\",\"name\":\"Lajme nga Ulqini\",\"description\":\"Lajme,Vijesti,Ulqini,Ulqin,Crna Gora,Mali i Zi\",\"potentialAction\":[{\"@type\":\"SearchAction\",\"target\":{\"@type\":\"EntryPoint\",\"urlTemplate\":\"https:\/\/www.visit-ulcinj.com\/blog\/?s={search_term_string}\"},\"query-input\":\"required name=search_term_string\"}],\"inLanguage\":\"en-US\"},{\"@type\":\"ImageObject\",\"inLanguage\":\"en-US\",\"@id\":\"https:\/\/www.visit-ulcinj.com\/blog\/2016\/01\/16\/prokuroria-ka-formuar-disa-lende-per-rastin-shas-cungu-pergjigjet\/#primaryimage\",\"url\":\"https:\/\/www.visit-ulcinj.com\/blog\/wp-content\/uploads\/2014\/01\/Gzim-Hajdinaga-Nazif-Cungu.jpg\",\"contentUrl\":\"https:\/\/www.visit-ulcinj.com\/blog\/wp-content\/uploads\/2014\/01\/Gzim-Hajdinaga-Nazif-Cungu.jpg\",\"width\":671,\"height\":480},{\"@type\":\"WebPage\",\"@id\":\"https:\/\/www.visit-ulcinj.com\/blog\/2016\/01\/16\/prokuroria-ka-formuar-disa-lende-per-rastin-shas-cungu-pergjigjet\/#webpage\",\"url\":\"https:\/\/www.visit-ulcinj.com\/blog\/2016\/01\/16\/prokuroria-ka-formuar-disa-lende-per-rastin-shas-cungu-pergjigjet\/\",\"name\":\"Prokuroria ka formuar disa l\u00ebnd\u00eb p\u00ebr \\\"rastin Shas\\\"; Cungu pergjigjet - Lajme nga Ulqini\",\"isPartOf\":{\"@id\":\"https:\/\/www.visit-ulcinj.com\/blog\/#website\"},\"primaryImageOfPage\":{\"@id\":\"https:\/\/www.visit-ulcinj.com\/blog\/2016\/01\/16\/prokuroria-ka-formuar-disa-lende-per-rastin-shas-cungu-pergjigjet\/#primaryimage\"},\"datePublished\":\"2016-01-16T10:41:09+00:00\",\"dateModified\":\"2016-01-16T10:41:09+00:00\",\"author\":{\"@id\":\"https:\/\/www.visit-ulcinj.com\/blog\/#\/schema\/person\/dcab619c614d3038751c63bc2aadc06d\"},\"description\":\"Prokuroria speciale shtet\u00ebrore ka formuar l\u00ebnd\u00ebn lidhur me ridedikimin e tok\u00ebs komunale n\u00eb Shas gjat\u00eb mandateve t\u00eb kryetar\u00ebve t\u00eb komun\u00ebs G\u00ebzim Hajdinaga\",\"breadcrumb\":{\"@id\":\"https:\/\/www.visit-ulcinj.com\/blog\/2016\/01\/16\/prokuroria-ka-formuar-disa-lende-per-rastin-shas-cungu-pergjigjet\/#breadcrumb\"},\"inLanguage\":\"en-US\",\"potentialAction\":[{\"@type\":\"ReadAction\",\"target\":[\"https:\/\/www.visit-ulcinj.com\/blog\/2016\/01\/16\/prokuroria-ka-formuar-disa-lende-per-rastin-shas-cungu-pergjigjet\/\"]}]},{\"@type\":\"BreadcrumbList\",\"@id\":\"https:\/\/www.visit-ulcinj.com\/blog\/2016\/01\/16\/prokuroria-ka-formuar-disa-lende-per-rastin-shas-cungu-pergjigjet\/#breadcrumb\",\"itemListElement\":[{\"@type\":\"ListItem\",\"position\":1,\"name\":\"Prokuroria ka formuar disa l\u00ebnd\u00eb p\u00ebr &#8220;rastin Shas&#8221;; Cungu pergjigjet\"}]},{\"@type\":\"Person\",\"@id\":\"https:\/\/www.visit-ulcinj.com\/blog\/#\/schema\/person\/dcab619c614d3038751c63bc2aadc06d\",\"name\":\"ulqini\",\"sameAs\":[\"http:\/\/www.visit-ulcinj.com\"],\"url\":\"https:\/\/www.visit-ulcinj.com\/blog\/author\/admin\/\"}]}<\/script>\n<!-- \/ Yoast SEO plugin. -->","yoast_head_json":{"title":"Prokuroria ka formuar disa l\u00ebnd\u00eb p\u00ebr \"rastin Shas\"; Cungu pergjigjet - Lajme nga Ulqini","description":"Prokuroria speciale shtet\u00ebrore ka formuar l\u00ebnd\u00ebn lidhur me ridedikimin e tok\u00ebs komunale n\u00eb Shas gjat\u00eb mandateve t\u00eb kryetar\u00ebve t\u00eb komun\u00ebs G\u00ebzim Hajdinaga","robots":{"index":"index","follow":"follow","max-snippet":"max-snippet:-1","max-image-preview":"max-image-preview:large","max-video-preview":"max-video-preview:-1"},"canonical":"https:\/\/www.visit-ulcinj.com\/blog\/2016\/01\/16\/prokuroria-ka-formuar-disa-lende-per-rastin-shas-cungu-pergjigjet\/","og_locale":"en_US","og_type":"article","og_title":"Prokuroria ka formuar disa l\u00ebnd\u00eb p\u00ebr \"rastin Shas\"; Cungu pergjigjet - Lajme nga Ulqini","og_description":"Prokuroria speciale shtet\u00ebrore ka formuar l\u00ebnd\u00ebn lidhur me ridedikimin e tok\u00ebs komunale n\u00eb Shas gjat\u00eb mandateve t\u00eb kryetar\u00ebve t\u00eb komun\u00ebs G\u00ebzim Hajdinaga","og_url":"https:\/\/www.visit-ulcinj.com\/blog\/2016\/01\/16\/prokuroria-ka-formuar-disa-lende-per-rastin-shas-cungu-pergjigjet\/","og_site_name":"Lajme nga Ulqini","article_published_time":"2016-01-16T10:41:09+00:00","og_image":[{"url":"http:\/\/www.visit-ulcinj.com\/blog\/wp-content\/uploads\/2014\/01\/Gzim-Hajdinaga-Nazif-Cungu.jpg"}],"twitter_misc":{"Written by":"ulqini","Est. reading time":"1 minute"},"schema":{"@context":"https:\/\/schema.org","@graph":[{"@type":"WebSite","@id":"https:\/\/www.visit-ulcinj.com\/blog\/#website","url":"https:\/\/www.visit-ulcinj.com\/blog\/","name":"Lajme nga Ulqini","description":"Lajme,Vijesti,Ulqini,Ulqin,Crna Gora,Mali i Zi","potentialAction":[{"@type":"SearchAction","target":{"@type":"EntryPoint","urlTemplate":"https:\/\/www.visit-ulcinj.com\/blog\/?s={search_term_string}"},"query-input":"required name=search_term_string"}],"inLanguage":"en-US"},{"@type":"ImageObject","inLanguage":"en-US","@id":"https:\/\/www.visit-ulcinj.com\/blog\/2016\/01\/16\/prokuroria-ka-formuar-disa-lende-per-rastin-shas-cungu-pergjigjet\/#primaryimage","url":"https:\/\/www.visit-ulcinj.com\/blog\/wp-content\/uploads\/2014\/01\/Gzim-Hajdinaga-Nazif-Cungu.jpg","contentUrl":"https:\/\/www.visit-ulcinj.com\/blog\/wp-content\/uploads\/2014\/01\/Gzim-Hajdinaga-Nazif-Cungu.jpg","width":671,"height":480},{"@type":"WebPage","@id":"https:\/\/www.visit-ulcinj.com\/blog\/2016\/01\/16\/prokuroria-ka-formuar-disa-lende-per-rastin-shas-cungu-pergjigjet\/#webpage","url":"https:\/\/www.visit-ulcinj.com\/blog\/2016\/01\/16\/prokuroria-ka-formuar-disa-lende-per-rastin-shas-cungu-pergjigjet\/","name":"Prokuroria ka formuar disa l\u00ebnd\u00eb p\u00ebr \"rastin Shas\"; Cungu pergjigjet - Lajme nga Ulqini","isPartOf":{"@id":"https:\/\/www.visit-ulcinj.com\/blog\/#website"},"primaryImageOfPage":{"@id":"https:\/\/www.visit-ulcinj.com\/blog\/2016\/01\/16\/prokuroria-ka-formuar-disa-lende-per-rastin-shas-cungu-pergjigjet\/#primaryimage"},"datePublished":"2016-01-16T10:41:09+00:00","dateModified":"2016-01-16T10:41:09+00:00","author":{"@id":"https:\/\/www.visit-ulcinj.com\/blog\/#\/schema\/person\/dcab619c614d3038751c63bc2aadc06d"},"description":"Prokuroria speciale shtet\u00ebrore ka formuar l\u00ebnd\u00ebn lidhur me ridedikimin e tok\u00ebs komunale n\u00eb Shas gjat\u00eb mandateve t\u00eb kryetar\u00ebve t\u00eb komun\u00ebs G\u00ebzim Hajdinaga","breadcrumb":{"@id":"https:\/\/www.visit-ulcinj.com\/blog\/2016\/01\/16\/prokuroria-ka-formuar-disa-lende-per-rastin-shas-cungu-pergjigjet\/#breadcrumb"},"inLanguage":"en-US","potentialAction":[{"@type":"ReadAction","target":["https:\/\/www.visit-ulcinj.com\/blog\/2016\/01\/16\/prokuroria-ka-formuar-disa-lende-per-rastin-shas-cungu-pergjigjet\/"]}]},{"@type":"BreadcrumbList","@id":"https:\/\/www.visit-ulcinj.com\/blog\/2016\/01\/16\/prokuroria-ka-formuar-disa-lende-per-rastin-shas-cungu-pergjigjet\/#breadcrumb","itemListElement":[{"@type":"ListItem","position":1,"name":"Prokuroria ka formuar disa l\u00ebnd\u00eb p\u00ebr &#8220;rastin Shas&#8221;; Cungu pergjigjet"}]},{"@type":"Person","@id":"https:\/\/www.visit-ulcinj.com\/blog\/#\/schema\/person\/dcab619c614d3038751c63bc2aadc06d","name":"ulqini","sameAs":["http:\/\/www.visit-ulcinj.com"],"url":"https:\/\/www.visit-ulcinj.com\/blog\/author\/admin\/"}]}},"jetpack_featured_media_url":"","jetpack_sharing_enabled":true,"jetpack_shortlink":"https:\/\/wp.me\/pe6lTn-osY","_links":{"self":[{"href":"https:\/\/www.visit-ulcinj.com\/blog\/wp-json\/wp\/v2\/posts\/94052"}],"collection":[{"href":"https:\/\/www.visit-ulcinj.com\/blog\/wp-json\/wp\/v2\/posts"}],"about":[{"href":"https:\/\/www.visit-ulcinj.com\/blog\/wp-json\/wp\/v2\/types\/post"}],"author":[{"embeddable":true,"href":"https:\/\/www.visit-ulcinj.com\/blog\/wp-json\/wp\/v2\/users\/1"}],"replies":[{"embeddable":true,"href":"https:\/\/www.visit-ulcinj.com\/blog\/wp-json\/wp\/v2\/comments?post=94052"}],"version-history":[{"count":1,"href":"https:\/\/www.visit-ulcinj.com\/blog\/wp-json\/wp\/v2\/posts\/94052\/revisions"}],"predecessor-version":[{"id":94053,"href":"https:\/\/www.visit-ulcinj.com\/blog\/wp-json\/wp\/v2\/posts\/94052\/revisions\/94053"}],"wp:attachment":[{"href":"https:\/\/www.visit-ulcinj.com\/blog\/wp-json\/wp\/v2\/media?parent=94052"}],"wp:term":[{"taxonomy":"category","embeddable":true,"href":"https:\/\/www.visit-ulcinj.com\/blog\/wp-json\/wp\/v2\/categories?post=94052"},{"taxonomy":"post_tag","embeddable":true,"href":"https:\/\/www.visit-ulcinj.com\/blog\/wp-json\/wp\/v2\/tags?post=94052"}],"curies":[{"name":"wp","href":"https:\/\/api.w.org\/{rel}","templated":true}]}}