{"id":94054,"date":"2016-01-16T12:00:42","date_gmt":"2016-01-16T11:00:42","guid":{"rendered":"http:\/\/www.visit-ulcinj.com\/blog\/?p=94054"},"modified":"2016-01-16T12:03:32","modified_gmt":"2016-01-16T11:03:32","slug":"interviste-hajro-nimanbegun-ekonomist-larte-otrantcomercit","status":"publish","type":"post","link":"https:\/\/www.visit-ulcinj.com\/blog\/2016\/01\/16\/interviste-hajro-nimanbegun-ekonomist-larte-otrantcomercit\/","title":{"rendered":"Intervist\u00eb me Hajro Nimanbegun, ekonomist i lart\u00eb i Otrantcomercit"},"content":{"rendered":"<p><strong><a href=\"http:\/\/www.visit-ulcinj.com\/blog\/wp-content\/uploads\/2016\/01\/Hajro-Nimanbegu-Hatixhe-Nelaj-Portreti.jpg\"><img loading=\"lazy\" class=\"alignleft wp-image-94055\" src=\"http:\/\/www.visit-ulcinj.com\/blog\/wp-content\/uploads\/2016\/01\/Hajro-Nimanbegu-Hatixhe-Nelaj-Portreti.jpg\" alt=\"Hajro-Nimanbegu-Hatixhe-Nelaj-Portreti\" width=\"508\" height=\"284\" srcset=\"https:\/\/www.visit-ulcinj.com\/blog\/wp-content\/uploads\/2016\/01\/Hajro-Nimanbegu-Hatixhe-Nelaj-Portreti.jpg 700w, https:\/\/www.visit-ulcinj.com\/blog\/wp-content\/uploads\/2016\/01\/Hajro-Nimanbegu-Hatixhe-Nelaj-Portreti-300x168.jpg 300w\" sizes=\"(max-width: 508px) 100vw, 508px\" \/><\/a>Emisioni \u201cPortreti\u201d me Hatixhe Nelaj. Protagonist ekonomisti i njohur i qytetit t\u00eb Ulqinit, Hajro Nimanbegu<\/strong><\/p>\n<p>\u201cPortreti\u201d eshte emision i\u00a0 cili emitohet \u00e7do te hene ne oren 21.00 n\u00eb Televizionin Teuta.<\/p>\n<p>Gazetarja Hatixhe Nelaj na mundson t\u00eb ndjekim emisionin \u201cPortreti\u201d\u00a0 q\u00eb\u00a0 transmetohet n\u00eb TV Teuta.<\/p>\n<p><iframe loading=\"lazy\" src=\"\/\/www.dailymotion.com\/embed\/video\/x3mgs45?autoPlay=1\" width=\"508\" height=\"315\" frameborder=\"0\" allowfullscreen=\"allowfullscreen\"><\/iframe><\/p>\n","protected":false},"excerpt":{"rendered":"<p>Emisioni \u201cPortreti\u201d me Hatixhe Nelaj. Protagonist ekonomisti i njohur i qytetit t\u00eb Ulqinit, Hajro Nimanbegu \u201cPortreti\u201d eshte emision i\u00a0 cili emitohet \u00e7do te hene ne oren 21.00 n\u00eb Televizionin Teuta. Gazetarja Hatixhe Nelaj na mundson t\u00eb ndjekim emisionin \u201cPortreti\u201d\u00a0 q\u00eb\u00a0 transmetohet n\u00eb TV Teuta.<\/p>\n","protected":false},"author":1,"featured_media":0,"comment_status":"closed","ping_status":"closed","sticky":false,"template":"","format":"standard","meta":{"spay_email":"","jetpack_publicize_message":"","jetpack_is_tweetstorm":false,"jetpack_publicize_feature_enabled":true},"categories":[5],"tags":[],"jetpack_publicize_connections":[],"yoast_head":"<!-- This site is optimized with the Yoast SEO plugin v19.1 - https:\/\/yoast.com\/wordpress\/plugins\/seo\/ -->\n<title>Intervist\u00eb me Hajro Nimanbegun, ekonomist i lart\u00eb i Otrantcomercit - Lajme nga Ulqini<\/title>\n<meta name=\"description\" content=\"Emisioni \u201cPortreti\u201d me Hatixhe Nelaj. Protagonist ekonomisti i njohur i qytetit t\u00eb Ulqinit, Hajro Nimanbegu \u201cPortreti\u201d eshte emision i\u00a0 cili emitohet \u00e7do\" \/>\n<meta name=\"robots\" content=\"index, follow, max-snippet:-1, max-image-preview:large, max-video-preview:-1\" \/>\n<link rel=\"canonical\" href=\"https:\/\/www.visit-ulcinj.com\/blog\/2016\/01\/16\/interviste-hajro-nimanbegun-ekonomist-larte-otrantcomercit\/\" \/>\n<meta property=\"og:locale\" content=\"en_US\" \/>\n<meta property=\"og:type\" content=\"article\" \/>\n<meta property=\"og:title\" content=\"Intervist\u00eb me Hajro Nimanbegun, ekonomist i lart\u00eb i Otrantcomercit - Lajme nga Ulqini\" \/>\n<meta property=\"og:description\" content=\"Emisioni \u201cPortreti\u201d me Hatixhe Nelaj. Protagonist ekonomisti i njohur i qytetit t\u00eb Ulqinit, Hajro Nimanbegu \u201cPortreti\u201d eshte emision i\u00a0 cili emitohet \u00e7do\" \/>\n<meta property=\"og:url\" content=\"https:\/\/www.visit-ulcinj.com\/blog\/2016\/01\/16\/interviste-hajro-nimanbegun-ekonomist-larte-otrantcomercit\/\" \/>\n<meta property=\"og:site_name\" content=\"Lajme nga Ulqini\" \/>\n<meta property=\"article:published_time\" content=\"2016-01-16T11:00:42+00:00\" \/>\n<meta property=\"article:modified_time\" content=\"2016-01-16T11:03:32+00:00\" \/>\n<meta property=\"og:image\" content=\"http:\/\/www.visit-ulcinj.com\/blog\/wp-content\/uploads\/2016\/01\/Hajro-Nimanbegu-Hatixhe-Nelaj-Portreti.jpg\" \/>\n<meta name=\"twitter:label1\" content=\"Written by\" \/>\n\t<meta name=\"twitter:data1\" content=\"ulqini\" \/>\n<script type=\"application\/ld+json\" class=\"yoast-schema-graph\">{\"@context\":\"https:\/\/schema.org\",\"@graph\":[{\"@type\":\"WebSite\",\"@id\":\"https:\/\/www.visit-ulcinj.com\/blog\/#website\",\"url\":\"https:\/\/www.visit-ulcinj.com\/blog\/\",\"name\":\"Lajme nga Ulqini\",\"description\":\"Lajme,Vijesti,Ulqini,Ulqin,Crna Gora,Mali i Zi\",\"potentialAction\":[{\"@type\":\"SearchAction\",\"target\":{\"@type\":\"EntryPoint\",\"urlTemplate\":\"https:\/\/www.visit-ulcinj.com\/blog\/?s={search_term_string}\"},\"query-input\":\"required name=search_term_string\"}],\"inLanguage\":\"en-US\"},{\"@type\":\"ImageObject\",\"inLanguage\":\"en-US\",\"@id\":\"https:\/\/www.visit-ulcinj.com\/blog\/2016\/01\/16\/interviste-hajro-nimanbegun-ekonomist-larte-otrantcomercit\/#primaryimage\",\"url\":\"https:\/\/www.visit-ulcinj.com\/blog\/wp-content\/uploads\/2016\/01\/Hajro-Nimanbegu-Hatixhe-Nelaj-Portreti.jpg\",\"contentUrl\":\"https:\/\/www.visit-ulcinj.com\/blog\/wp-content\/uploads\/2016\/01\/Hajro-Nimanbegu-Hatixhe-Nelaj-Portreti.jpg\",\"width\":700,\"height\":392},{\"@type\":\"WebPage\",\"@id\":\"https:\/\/www.visit-ulcinj.com\/blog\/2016\/01\/16\/interviste-hajro-nimanbegun-ekonomist-larte-otrantcomercit\/#webpage\",\"url\":\"https:\/\/www.visit-ulcinj.com\/blog\/2016\/01\/16\/interviste-hajro-nimanbegun-ekonomist-larte-otrantcomercit\/\",\"name\":\"Intervist\u00eb me Hajro Nimanbegun, ekonomist i lart\u00eb i Otrantcomercit - Lajme nga Ulqini\",\"isPartOf\":{\"@id\":\"https:\/\/www.visit-ulcinj.com\/blog\/#website\"},\"primaryImageOfPage\":{\"@id\":\"https:\/\/www.visit-ulcinj.com\/blog\/2016\/01\/16\/interviste-hajro-nimanbegun-ekonomist-larte-otrantcomercit\/#primaryimage\"},\"datePublished\":\"2016-01-16T11:00:42+00:00\",\"dateModified\":\"2016-01-16T11:03:32+00:00\",\"author\":{\"@id\":\"https:\/\/www.visit-ulcinj.com\/blog\/#\/schema\/person\/dcab619c614d3038751c63bc2aadc06d\"},\"description\":\"Emisioni \u201cPortreti\u201d me Hatixhe Nelaj. Protagonist ekonomisti i njohur i qytetit t\u00eb Ulqinit, Hajro Nimanbegu \u201cPortreti\u201d eshte emision i\u00a0 cili emitohet \u00e7do\",\"breadcrumb\":{\"@id\":\"https:\/\/www.visit-ulcinj.com\/blog\/2016\/01\/16\/interviste-hajro-nimanbegun-ekonomist-larte-otrantcomercit\/#breadcrumb\"},\"inLanguage\":\"en-US\",\"potentialAction\":[{\"@type\":\"ReadAction\",\"target\":[\"https:\/\/www.visit-ulcinj.com\/blog\/2016\/01\/16\/interviste-hajro-nimanbegun-ekonomist-larte-otrantcomercit\/\"]}]},{\"@type\":\"BreadcrumbList\",\"@id\":\"https:\/\/www.visit-ulcinj.com\/blog\/2016\/01\/16\/interviste-hajro-nimanbegun-ekonomist-larte-otrantcomercit\/#breadcrumb\",\"itemListElement\":[{\"@type\":\"ListItem\",\"position\":1,\"name\":\"Intervist\u00eb me Hajro Nimanbegun, ekonomist i lart\u00eb i Otrantcomercit\"}]},{\"@type\":\"Person\",\"@id\":\"https:\/\/www.visit-ulcinj.com\/blog\/#\/schema\/person\/dcab619c614d3038751c63bc2aadc06d\",\"name\":\"ulqini\",\"sameAs\":[\"http:\/\/www.visit-ulcinj.com\"],\"url\":\"https:\/\/www.visit-ulcinj.com\/blog\/author\/admin\/\"}]}<\/script>\n<!-- \/ Yoast SEO plugin. -->","yoast_head_json":{"title":"Intervist\u00eb me Hajro Nimanbegun, ekonomist i lart\u00eb i Otrantcomercit - Lajme nga Ulqini","description":"Emisioni \u201cPortreti\u201d me Hatixhe Nelaj. Protagonist ekonomisti i njohur i qytetit t\u00eb Ulqinit, Hajro Nimanbegu \u201cPortreti\u201d eshte emision i\u00a0 cili emitohet \u00e7do","robots":{"index":"index","follow":"follow","max-snippet":"max-snippet:-1","max-image-preview":"max-image-preview:large","max-video-preview":"max-video-preview:-1"},"canonical":"https:\/\/www.visit-ulcinj.com\/blog\/2016\/01\/16\/interviste-hajro-nimanbegun-ekonomist-larte-otrantcomercit\/","og_locale":"en_US","og_type":"article","og_title":"Intervist\u00eb me Hajro Nimanbegun, ekonomist i lart\u00eb i Otrantcomercit - Lajme nga Ulqini","og_description":"Emisioni \u201cPortreti\u201d me Hatixhe Nelaj. Protagonist ekonomisti i njohur i qytetit t\u00eb Ulqinit, Hajro Nimanbegu \u201cPortreti\u201d eshte emision i\u00a0 cili emitohet \u00e7do","og_url":"https:\/\/www.visit-ulcinj.com\/blog\/2016\/01\/16\/interviste-hajro-nimanbegun-ekonomist-larte-otrantcomercit\/","og_site_name":"Lajme nga Ulqini","article_published_time":"2016-01-16T11:00:42+00:00","article_modified_time":"2016-01-16T11:03:32+00:00","og_image":[{"url":"http:\/\/www.visit-ulcinj.com\/blog\/wp-content\/uploads\/2016\/01\/Hajro-Nimanbegu-Hatixhe-Nelaj-Portreti.jpg"}],"twitter_misc":{"Written by":"ulqini"},"schema":{"@context":"https:\/\/schema.org","@graph":[{"@type":"WebSite","@id":"https:\/\/www.visit-ulcinj.com\/blog\/#website","url":"https:\/\/www.visit-ulcinj.com\/blog\/","name":"Lajme nga Ulqini","description":"Lajme,Vijesti,Ulqini,Ulqin,Crna Gora,Mali i Zi","potentialAction":[{"@type":"SearchAction","target":{"@type":"EntryPoint","urlTemplate":"https:\/\/www.visit-ulcinj.com\/blog\/?s={search_term_string}"},"query-input":"required name=search_term_string"}],"inLanguage":"en-US"},{"@type":"ImageObject","inLanguage":"en-US","@id":"https:\/\/www.visit-ulcinj.com\/blog\/2016\/01\/16\/interviste-hajro-nimanbegun-ekonomist-larte-otrantcomercit\/#primaryimage","url":"https:\/\/www.visit-ulcinj.com\/blog\/wp-content\/uploads\/2016\/01\/Hajro-Nimanbegu-Hatixhe-Nelaj-Portreti.jpg","contentUrl":"https:\/\/www.visit-ulcinj.com\/blog\/wp-content\/uploads\/2016\/01\/Hajro-Nimanbegu-Hatixhe-Nelaj-Portreti.jpg","width":700,"height":392},{"@type":"WebPage","@id":"https:\/\/www.visit-ulcinj.com\/blog\/2016\/01\/16\/interviste-hajro-nimanbegun-ekonomist-larte-otrantcomercit\/#webpage","url":"https:\/\/www.visit-ulcinj.com\/blog\/2016\/01\/16\/interviste-hajro-nimanbegun-ekonomist-larte-otrantcomercit\/","name":"Intervist\u00eb me Hajro Nimanbegun, ekonomist i lart\u00eb i Otrantcomercit - Lajme nga Ulqini","isPartOf":{"@id":"https:\/\/www.visit-ulcinj.com\/blog\/#website"},"primaryImageOfPage":{"@id":"https:\/\/www.visit-ulcinj.com\/blog\/2016\/01\/16\/interviste-hajro-nimanbegun-ekonomist-larte-otrantcomercit\/#primaryimage"},"datePublished":"2016-01-16T11:00:42+00:00","dateModified":"2016-01-16T11:03:32+00:00","author":{"@id":"https:\/\/www.visit-ulcinj.com\/blog\/#\/schema\/person\/dcab619c614d3038751c63bc2aadc06d"},"description":"Emisioni \u201cPortreti\u201d me Hatixhe Nelaj. Protagonist ekonomisti i njohur i qytetit t\u00eb Ulqinit, Hajro Nimanbegu \u201cPortreti\u201d eshte emision i\u00a0 cili emitohet \u00e7do","breadcrumb":{"@id":"https:\/\/www.visit-ulcinj.com\/blog\/2016\/01\/16\/interviste-hajro-nimanbegun-ekonomist-larte-otrantcomercit\/#breadcrumb"},"inLanguage":"en-US","potentialAction":[{"@type":"ReadAction","target":["https:\/\/www.visit-ulcinj.com\/blog\/2016\/01\/16\/interviste-hajro-nimanbegun-ekonomist-larte-otrantcomercit\/"]}]},{"@type":"BreadcrumbList","@id":"https:\/\/www.visit-ulcinj.com\/blog\/2016\/01\/16\/interviste-hajro-nimanbegun-ekonomist-larte-otrantcomercit\/#breadcrumb","itemListElement":[{"@type":"ListItem","position":1,"name":"Intervist\u00eb me Hajro Nimanbegun, ekonomist i lart\u00eb i Otrantcomercit"}]},{"@type":"Person","@id":"https:\/\/www.visit-ulcinj.com\/blog\/#\/schema\/person\/dcab619c614d3038751c63bc2aadc06d","name":"ulqini","sameAs":["http:\/\/www.visit-ulcinj.com"],"url":"https:\/\/www.visit-ulcinj.com\/blog\/author\/admin\/"}]}},"jetpack_featured_media_url":"","jetpack_sharing_enabled":true,"jetpack_shortlink":"https:\/\/wp.me\/pe6lTn-ot0","_links":{"self":[{"href":"https:\/\/www.visit-ulcinj.com\/blog\/wp-json\/wp\/v2\/posts\/94054"}],"collection":[{"href":"https:\/\/www.visit-ulcinj.com\/blog\/wp-json\/wp\/v2\/posts"}],"about":[{"href":"https:\/\/www.visit-ulcinj.com\/blog\/wp-json\/wp\/v2\/types\/post"}],"author":[{"embeddable":true,"href":"https:\/\/www.visit-ulcinj.com\/blog\/wp-json\/wp\/v2\/users\/1"}],"replies":[{"embeddable":true,"href":"https:\/\/www.visit-ulcinj.com\/blog\/wp-json\/wp\/v2\/comments?post=94054"}],"version-history":[{"count":3,"href":"https:\/\/www.visit-ulcinj.com\/blog\/wp-json\/wp\/v2\/posts\/94054\/revisions"}],"predecessor-version":[{"id":94058,"href":"https:\/\/www.visit-ulcinj.com\/blog\/wp-json\/wp\/v2\/posts\/94054\/revisions\/94058"}],"wp:attachment":[{"href":"https:\/\/www.visit-ulcinj.com\/blog\/wp-json\/wp\/v2\/media?parent=94054"}],"wp:term":[{"taxonomy":"category","embeddable":true,"href":"https:\/\/www.visit-ulcinj.com\/blog\/wp-json\/wp\/v2\/categories?post=94054"},{"taxonomy":"post_tag","embeddable":true,"href":"https:\/\/www.visit-ulcinj.com\/blog\/wp-json\/wp\/v2\/tags?post=94054"}],"curies":[{"name":"wp","href":"https:\/\/api.w.org\/{rel}","templated":true}]}}