{"id":94061,"date":"2016-01-16T16:43:34","date_gmt":"2016-01-16T15:43:34","guid":{"rendered":"http:\/\/www.visit-ulcinj.com\/blog\/?p=94061"},"modified":"2016-01-16T16:43:34","modified_gmt":"2016-01-16T15:43:34","slug":"xhavid-shaboviq-mirpret-propozimin-e-dritan-abazoviqit","status":"publish","type":"post","link":"https:\/\/www.visit-ulcinj.com\/blog\/2016\/01\/16\/xhavid-shaboviq-mirpret-propozimin-e-dritan-abazoviqit\/","title":{"rendered":"Xhavid Shaboviq mirpret propozimin e Dritan Abazoviqit"},"content":{"rendered":"<p><a href=\"http:\/\/www.visit-ulcinj.com\/blog\/wp-content\/uploads\/2016\/01\/Sabavic-Abazovic.jpg\"><img loading=\"lazy\" class=\"alignleft wp-image-94062\" src=\"http:\/\/www.visit-ulcinj.com\/blog\/wp-content\/uploads\/2016\/01\/Sabavic-Abazovic.jpg\" alt=\"Sabavic-Abazovic\" width=\"508\" height=\"451\" srcset=\"https:\/\/www.visit-ulcinj.com\/blog\/wp-content\/uploads\/2016\/01\/Sabavic-Abazovic.jpg 999w, https:\/\/www.visit-ulcinj.com\/blog\/wp-content\/uploads\/2016\/01\/Sabavic-Abazovic-300x266.jpg 300w\" sizes=\"(max-width: 508px) 100vw, 508px\" \/><\/a>Shefi i klubit t\u00eb deputet\u00ebve t\u00eb Partis\u00eb Social Demokratike, Xhavid Shaboviq e ka pritur duar hapur propozimin e n\u00ebnkryetarit t\u00eb L\u00ebvizjes Qytetare URA, Dritan Abazoviq, q\u00eb kjo parti t\u00eb jet\u00eb pjes\u00eb e Bllokut qytetar p\u00ebr ndryshime, n\u00ebse vendos t\u00eb dal\u00eb nga Qeveria. Shaboviq ka th\u00ebn\u00eb p\u00ebr portalin CDM se Partia Social Demokratike nuk ka pasur koh\u00eb ta shqyrtoj\u00eb k\u00ebt\u00eb propozim, por ai, si\u00e7 thot\u00eb, pa menduar shum\u00eb do t\u00eb bashk\u00ebpunonte me L\u00ebvizjen Qytetare URA.<\/p>\n<p>N\u00ebse Partia Socialdemokratike do t\u00eb bashkohej me ndok\u00ebnd, at\u00ebher\u00eb ai pik\u00ebrisht do t\u00eb duhej t\u00eb ishte L\u00ebvizja Qytetare URA. Ata politikisht i kemi m\u00eb af\u00ebr dhe mendojn\u00eb ngjash\u00ebm sikur edhe ne, ka th\u00ebn\u00eb Shaboviq. Sipas fjal\u00ebve t\u00eb tij \u00ebsht\u00eb normale q\u00eb p\u00ebr bashk\u00ebpunim t\u00eb ardhsh\u00ebm t\u00eb krijohet nj\u00eb b\u00ebrtham\u00eb e mir\u00ebfillt\u00eb demokratike p\u00ebr Malin e Zi, e cila m\u00eb von\u00eb do t\u00eb zgjerohej dhe t\u00eb fitonte shumic\u00ebn e nevojshme.<\/p>\n<p>TVCG<\/p>\n","protected":false},"excerpt":{"rendered":"<p>Shefi i klubit t\u00eb deputet\u00ebve t\u00eb Partis\u00eb Social Demokratike, Xhavid Shaboviq e ka pritur duar hapur propozimin e n\u00ebnkryetarit t\u00eb L\u00ebvizjes Qytetare URA, Dritan Abazoviq, q\u00eb kjo parti t\u00eb jet\u00eb pjes\u00eb e Bllokut qytetar p\u00ebr ndryshime, n\u00ebse vendos t\u00eb dal\u00eb nga Qeveria. Shaboviq ka th\u00ebn\u00eb p\u00ebr portalin CDM se Partia Social Demokratike nuk ka pasur [&hellip;]<\/p>\n","protected":false},"author":1,"featured_media":0,"comment_status":"closed","ping_status":"closed","sticky":false,"template":"","format":"standard","meta":{"spay_email":"","jetpack_publicize_message":"","jetpack_is_tweetstorm":false,"jetpack_publicize_feature_enabled":true},"categories":[6950],"tags":[],"jetpack_publicize_connections":[],"yoast_head":"<!-- This site is optimized with the Yoast SEO plugin v19.1 - https:\/\/yoast.com\/wordpress\/plugins\/seo\/ -->\n<title>Xhavid Shaboviq mirpret propozimin e Dritan Abazoviqit - Lajme nga Ulqini<\/title>\n<meta name=\"description\" content=\"Shefi i klubit t\u00eb deputet\u00ebve t\u00eb Partis\u00eb Social Demokratike, Xhavid Shaboviq e ka pritur duar hapur propozimin e n\u00ebnkryetarit t\u00eb L\u00ebvizjes Qytetare URA,\" \/>\n<meta name=\"robots\" content=\"index, follow, max-snippet:-1, max-image-preview:large, max-video-preview:-1\" \/>\n<link rel=\"canonical\" href=\"https:\/\/www.visit-ulcinj.com\/blog\/2016\/01\/16\/xhavid-shaboviq-mirpret-propozimin-e-dritan-abazoviqit\/\" \/>\n<meta property=\"og:locale\" content=\"en_US\" \/>\n<meta property=\"og:type\" content=\"article\" \/>\n<meta property=\"og:title\" content=\"Xhavid Shaboviq mirpret propozimin e Dritan Abazoviqit - Lajme nga Ulqini\" \/>\n<meta property=\"og:description\" content=\"Shefi i klubit t\u00eb deputet\u00ebve t\u00eb Partis\u00eb Social Demokratike, Xhavid Shaboviq e ka pritur duar hapur propozimin e n\u00ebnkryetarit t\u00eb L\u00ebvizjes Qytetare URA,\" \/>\n<meta property=\"og:url\" content=\"https:\/\/www.visit-ulcinj.com\/blog\/2016\/01\/16\/xhavid-shaboviq-mirpret-propozimin-e-dritan-abazoviqit\/\" \/>\n<meta property=\"og:site_name\" content=\"Lajme nga Ulqini\" \/>\n<meta property=\"article:published_time\" content=\"2016-01-16T15:43:34+00:00\" \/>\n<meta property=\"og:image\" content=\"http:\/\/www.visit-ulcinj.com\/blog\/wp-content\/uploads\/2016\/01\/Sabavic-Abazovic.jpg\" \/>\n<meta name=\"twitter:label1\" content=\"Written by\" \/>\n\t<meta name=\"twitter:data1\" content=\"ulqini\" \/>\n\t<meta name=\"twitter:label2\" content=\"Est. reading time\" \/>\n\t<meta name=\"twitter:data2\" content=\"1 minute\" \/>\n<script type=\"application\/ld+json\" class=\"yoast-schema-graph\">{\"@context\":\"https:\/\/schema.org\",\"@graph\":[{\"@type\":\"WebSite\",\"@id\":\"https:\/\/www.visit-ulcinj.com\/blog\/#website\",\"url\":\"https:\/\/www.visit-ulcinj.com\/blog\/\",\"name\":\"Lajme nga Ulqini\",\"description\":\"Lajme,Vijesti,Ulqini,Ulqin,Crna Gora,Mali i Zi\",\"potentialAction\":[{\"@type\":\"SearchAction\",\"target\":{\"@type\":\"EntryPoint\",\"urlTemplate\":\"https:\/\/www.visit-ulcinj.com\/blog\/?s={search_term_string}\"},\"query-input\":\"required name=search_term_string\"}],\"inLanguage\":\"en-US\"},{\"@type\":\"ImageObject\",\"inLanguage\":\"en-US\",\"@id\":\"https:\/\/www.visit-ulcinj.com\/blog\/2016\/01\/16\/xhavid-shaboviq-mirpret-propozimin-e-dritan-abazoviqit\/#primaryimage\",\"url\":\"https:\/\/www.visit-ulcinj.com\/blog\/wp-content\/uploads\/2016\/01\/Sabavic-Abazovic.jpg\",\"contentUrl\":\"https:\/\/www.visit-ulcinj.com\/blog\/wp-content\/uploads\/2016\/01\/Sabavic-Abazovic.jpg\",\"width\":999,\"height\":886},{\"@type\":\"WebPage\",\"@id\":\"https:\/\/www.visit-ulcinj.com\/blog\/2016\/01\/16\/xhavid-shaboviq-mirpret-propozimin-e-dritan-abazoviqit\/#webpage\",\"url\":\"https:\/\/www.visit-ulcinj.com\/blog\/2016\/01\/16\/xhavid-shaboviq-mirpret-propozimin-e-dritan-abazoviqit\/\",\"name\":\"Xhavid Shaboviq mirpret propozimin e Dritan Abazoviqit - Lajme nga Ulqini\",\"isPartOf\":{\"@id\":\"https:\/\/www.visit-ulcinj.com\/blog\/#website\"},\"primaryImageOfPage\":{\"@id\":\"https:\/\/www.visit-ulcinj.com\/blog\/2016\/01\/16\/xhavid-shaboviq-mirpret-propozimin-e-dritan-abazoviqit\/#primaryimage\"},\"datePublished\":\"2016-01-16T15:43:34+00:00\",\"dateModified\":\"2016-01-16T15:43:34+00:00\",\"author\":{\"@id\":\"https:\/\/www.visit-ulcinj.com\/blog\/#\/schema\/person\/dcab619c614d3038751c63bc2aadc06d\"},\"description\":\"Shefi i klubit t\u00eb deputet\u00ebve t\u00eb Partis\u00eb Social Demokratike, Xhavid Shaboviq e ka pritur duar hapur propozimin e n\u00ebnkryetarit t\u00eb L\u00ebvizjes Qytetare URA,\",\"breadcrumb\":{\"@id\":\"https:\/\/www.visit-ulcinj.com\/blog\/2016\/01\/16\/xhavid-shaboviq-mirpret-propozimin-e-dritan-abazoviqit\/#breadcrumb\"},\"inLanguage\":\"en-US\",\"potentialAction\":[{\"@type\":\"ReadAction\",\"target\":[\"https:\/\/www.visit-ulcinj.com\/blog\/2016\/01\/16\/xhavid-shaboviq-mirpret-propozimin-e-dritan-abazoviqit\/\"]}]},{\"@type\":\"BreadcrumbList\",\"@id\":\"https:\/\/www.visit-ulcinj.com\/blog\/2016\/01\/16\/xhavid-shaboviq-mirpret-propozimin-e-dritan-abazoviqit\/#breadcrumb\",\"itemListElement\":[{\"@type\":\"ListItem\",\"position\":1,\"name\":\"Xhavid Shaboviq mirpret propozimin e Dritan Abazoviqit\"}]},{\"@type\":\"Person\",\"@id\":\"https:\/\/www.visit-ulcinj.com\/blog\/#\/schema\/person\/dcab619c614d3038751c63bc2aadc06d\",\"name\":\"ulqini\",\"sameAs\":[\"http:\/\/www.visit-ulcinj.com\"],\"url\":\"https:\/\/www.visit-ulcinj.com\/blog\/author\/admin\/\"}]}<\/script>\n<!-- \/ Yoast SEO plugin. -->","yoast_head_json":{"title":"Xhavid Shaboviq mirpret propozimin e Dritan Abazoviqit - Lajme nga Ulqini","description":"Shefi i klubit t\u00eb deputet\u00ebve t\u00eb Partis\u00eb Social Demokratike, Xhavid Shaboviq e ka pritur duar hapur propozimin e n\u00ebnkryetarit t\u00eb L\u00ebvizjes Qytetare URA,","robots":{"index":"index","follow":"follow","max-snippet":"max-snippet:-1","max-image-preview":"max-image-preview:large","max-video-preview":"max-video-preview:-1"},"canonical":"https:\/\/www.visit-ulcinj.com\/blog\/2016\/01\/16\/xhavid-shaboviq-mirpret-propozimin-e-dritan-abazoviqit\/","og_locale":"en_US","og_type":"article","og_title":"Xhavid Shaboviq mirpret propozimin e Dritan Abazoviqit - Lajme nga Ulqini","og_description":"Shefi i klubit t\u00eb deputet\u00ebve t\u00eb Partis\u00eb Social Demokratike, Xhavid Shaboviq e ka pritur duar hapur propozimin e n\u00ebnkryetarit t\u00eb L\u00ebvizjes Qytetare URA,","og_url":"https:\/\/www.visit-ulcinj.com\/blog\/2016\/01\/16\/xhavid-shaboviq-mirpret-propozimin-e-dritan-abazoviqit\/","og_site_name":"Lajme nga Ulqini","article_published_time":"2016-01-16T15:43:34+00:00","og_image":[{"url":"http:\/\/www.visit-ulcinj.com\/blog\/wp-content\/uploads\/2016\/01\/Sabavic-Abazovic.jpg"}],"twitter_misc":{"Written by":"ulqini","Est. reading time":"1 minute"},"schema":{"@context":"https:\/\/schema.org","@graph":[{"@type":"WebSite","@id":"https:\/\/www.visit-ulcinj.com\/blog\/#website","url":"https:\/\/www.visit-ulcinj.com\/blog\/","name":"Lajme nga Ulqini","description":"Lajme,Vijesti,Ulqini,Ulqin,Crna Gora,Mali i Zi","potentialAction":[{"@type":"SearchAction","target":{"@type":"EntryPoint","urlTemplate":"https:\/\/www.visit-ulcinj.com\/blog\/?s={search_term_string}"},"query-input":"required name=search_term_string"}],"inLanguage":"en-US"},{"@type":"ImageObject","inLanguage":"en-US","@id":"https:\/\/www.visit-ulcinj.com\/blog\/2016\/01\/16\/xhavid-shaboviq-mirpret-propozimin-e-dritan-abazoviqit\/#primaryimage","url":"https:\/\/www.visit-ulcinj.com\/blog\/wp-content\/uploads\/2016\/01\/Sabavic-Abazovic.jpg","contentUrl":"https:\/\/www.visit-ulcinj.com\/blog\/wp-content\/uploads\/2016\/01\/Sabavic-Abazovic.jpg","width":999,"height":886},{"@type":"WebPage","@id":"https:\/\/www.visit-ulcinj.com\/blog\/2016\/01\/16\/xhavid-shaboviq-mirpret-propozimin-e-dritan-abazoviqit\/#webpage","url":"https:\/\/www.visit-ulcinj.com\/blog\/2016\/01\/16\/xhavid-shaboviq-mirpret-propozimin-e-dritan-abazoviqit\/","name":"Xhavid Shaboviq mirpret propozimin e Dritan Abazoviqit - Lajme nga Ulqini","isPartOf":{"@id":"https:\/\/www.visit-ulcinj.com\/blog\/#website"},"primaryImageOfPage":{"@id":"https:\/\/www.visit-ulcinj.com\/blog\/2016\/01\/16\/xhavid-shaboviq-mirpret-propozimin-e-dritan-abazoviqit\/#primaryimage"},"datePublished":"2016-01-16T15:43:34+00:00","dateModified":"2016-01-16T15:43:34+00:00","author":{"@id":"https:\/\/www.visit-ulcinj.com\/blog\/#\/schema\/person\/dcab619c614d3038751c63bc2aadc06d"},"description":"Shefi i klubit t\u00eb deputet\u00ebve t\u00eb Partis\u00eb Social Demokratike, Xhavid Shaboviq e ka pritur duar hapur propozimin e n\u00ebnkryetarit t\u00eb L\u00ebvizjes Qytetare URA,","breadcrumb":{"@id":"https:\/\/www.visit-ulcinj.com\/blog\/2016\/01\/16\/xhavid-shaboviq-mirpret-propozimin-e-dritan-abazoviqit\/#breadcrumb"},"inLanguage":"en-US","potentialAction":[{"@type":"ReadAction","target":["https:\/\/www.visit-ulcinj.com\/blog\/2016\/01\/16\/xhavid-shaboviq-mirpret-propozimin-e-dritan-abazoviqit\/"]}]},{"@type":"BreadcrumbList","@id":"https:\/\/www.visit-ulcinj.com\/blog\/2016\/01\/16\/xhavid-shaboviq-mirpret-propozimin-e-dritan-abazoviqit\/#breadcrumb","itemListElement":[{"@type":"ListItem","position":1,"name":"Xhavid Shaboviq mirpret propozimin e Dritan Abazoviqit"}]},{"@type":"Person","@id":"https:\/\/www.visit-ulcinj.com\/blog\/#\/schema\/person\/dcab619c614d3038751c63bc2aadc06d","name":"ulqini","sameAs":["http:\/\/www.visit-ulcinj.com"],"url":"https:\/\/www.visit-ulcinj.com\/blog\/author\/admin\/"}]}},"jetpack_featured_media_url":"","jetpack_sharing_enabled":true,"jetpack_shortlink":"https:\/\/wp.me\/pe6lTn-ot7","_links":{"self":[{"href":"https:\/\/www.visit-ulcinj.com\/blog\/wp-json\/wp\/v2\/posts\/94061"}],"collection":[{"href":"https:\/\/www.visit-ulcinj.com\/blog\/wp-json\/wp\/v2\/posts"}],"about":[{"href":"https:\/\/www.visit-ulcinj.com\/blog\/wp-json\/wp\/v2\/types\/post"}],"author":[{"embeddable":true,"href":"https:\/\/www.visit-ulcinj.com\/blog\/wp-json\/wp\/v2\/users\/1"}],"replies":[{"embeddable":true,"href":"https:\/\/www.visit-ulcinj.com\/blog\/wp-json\/wp\/v2\/comments?post=94061"}],"version-history":[{"count":1,"href":"https:\/\/www.visit-ulcinj.com\/blog\/wp-json\/wp\/v2\/posts\/94061\/revisions"}],"predecessor-version":[{"id":94063,"href":"https:\/\/www.visit-ulcinj.com\/blog\/wp-json\/wp\/v2\/posts\/94061\/revisions\/94063"}],"wp:attachment":[{"href":"https:\/\/www.visit-ulcinj.com\/blog\/wp-json\/wp\/v2\/media?parent=94061"}],"wp:term":[{"taxonomy":"category","embeddable":true,"href":"https:\/\/www.visit-ulcinj.com\/blog\/wp-json\/wp\/v2\/categories?post=94061"},{"taxonomy":"post_tag","embeddable":true,"href":"https:\/\/www.visit-ulcinj.com\/blog\/wp-json\/wp\/v2\/tags?post=94061"}],"curies":[{"name":"wp","href":"https:\/\/api.w.org\/{rel}","templated":true}]}}