{"id":94072,"date":"2016-01-17T15:30:10","date_gmt":"2016-01-17T14:30:10","guid":{"rendered":"http:\/\/www.visit-ulcinj.com\/blog\/?p=94072"},"modified":"2016-01-17T15:30:10","modified_gmt":"2016-01-17T14:30:10","slug":"mali-zi-shume-parti-politike-per-koke-banori-ne-rajon","status":"publish","type":"post","link":"https:\/\/www.visit-ulcinj.com\/blog\/2016\/01\/17\/mali-zi-shume-parti-politike-per-koke-banori-ne-rajon\/","title":{"rendered":"Mali i Zi me m\u00eb shum\u00eb parti politike p\u00ebr kok\u00eb banori n\u00eb rajon"},"content":{"rendered":"<p><a href=\"http:\/\/www.visit-ulcinj.com\/blog\/wp-content\/uploads\/2016\/01\/krivokapiq-takim-me-liderat-e-partive.png\"><img loading=\"lazy\" class=\"alignleft wp-image-94073\" src=\"http:\/\/www.visit-ulcinj.com\/blog\/wp-content\/uploads\/2016\/01\/krivokapiq-takim-me-liderat-e-partive.png\" alt=\"krivokapiq-takim-me-liderat-e-partive\" width=\"508\" height=\"273\" srcset=\"https:\/\/www.visit-ulcinj.com\/blog\/wp-content\/uploads\/2016\/01\/krivokapiq-takim-me-liderat-e-partive.png 953w, https:\/\/www.visit-ulcinj.com\/blog\/wp-content\/uploads\/2016\/01\/krivokapiq-takim-me-liderat-e-partive-300x161.png 300w\" sizes=\"(max-width: 508px) 100vw, 508px\" \/><\/a>N\u00eb Mal t\u00eb zi aktualisht jan\u00eb aktive 47 parti politike, dhe \u00ebsht\u00eb vendi me m\u00eb shum\u00eb parti n\u00eb rajon \u201cp\u00ebr kok\u00eb banori\u201d.<\/p>\n<p>N\u00eb Regjistin e partive politike deri me 15 janar kan q\u00ebn t\u00eb regjistruara 60 parti politike, megjithat\u00eb, sipas Ministris\u00eb s\u00eb Pun\u00ebve t\u00eb Brendshme e cila \u00ebsht\u00eb p\u00ebrgjegj\u00ebs p\u00ebr menaxhimin e regjistrit numri aktual i partive politike q\u00eb veprojn\u00eb n\u00eb Mal t\u00eb Zi \u00ebsht\u00eb 47, p\u00ebr shkak se 13 prej tyre jan\u00eb fshir\u00eb nga evidenca.<\/p>\n<p>Vet\u00ebm vitin e kaluar jan\u00eb regjistruar gjasht\u00eb parti t\u00eb reja ky nj\u00eb prej tyre \u00ebsht\u00eb shqiptare- L\u00ebvizja p\u00ebr Pljevlja, Demos, Mali i Zi Demokratike, Partia e Pun\u00ebtor\u00ebve, L\u00ebvizjes Qendrore Shqiptare p\u00ebr Integrime dhe Social Demokrat\u00ebt e Malit t\u00eb Zi. Shumica e partive t\u00eb reja u formua me ndarjen e atyre ekzistuese.\/Mal\u00ebsia.ME\/<\/p>\n","protected":false},"excerpt":{"rendered":"<p>N\u00eb Mal t\u00eb zi aktualisht jan\u00eb aktive 47 parti politike, dhe \u00ebsht\u00eb vendi me m\u00eb shum\u00eb parti n\u00eb rajon \u201cp\u00ebr kok\u00eb banori\u201d. N\u00eb Regjistin e partive politike deri me 15 janar kan q\u00ebn t\u00eb regjistruara 60 parti politike, megjithat\u00eb, sipas Ministris\u00eb s\u00eb Pun\u00ebve t\u00eb Brendshme e cila \u00ebsht\u00eb p\u00ebrgjegj\u00ebs p\u00ebr menaxhimin e regjistrit numri aktual [&hellip;]<\/p>\n","protected":false},"author":1,"featured_media":0,"comment_status":"closed","ping_status":"closed","sticky":false,"template":"","format":"standard","meta":{"spay_email":"","jetpack_publicize_message":"","jetpack_is_tweetstorm":false,"jetpack_publicize_feature_enabled":true},"categories":[12],"tags":[],"jetpack_publicize_connections":[],"yoast_head":"<!-- This site is optimized with the Yoast SEO plugin v19.1 - https:\/\/yoast.com\/wordpress\/plugins\/seo\/ -->\n<title>Mali i Zi me m\u00eb shum\u00eb parti politike p\u00ebr kok\u00eb banori n\u00eb rajon - Lajme nga Ulqini<\/title>\n<meta name=\"description\" content=\"N\u00eb Mal t\u00eb zi aktualisht jan\u00eb aktive 47 parti politike, dhe \u00ebsht\u00eb vendi me m\u00eb shum\u00eb parti n\u00eb rajon \u201cp\u00ebr kok\u00eb banori\u201d. N\u00eb Regjistin e partive politike deri\" \/>\n<meta name=\"robots\" content=\"index, follow, max-snippet:-1, max-image-preview:large, max-video-preview:-1\" \/>\n<link rel=\"canonical\" href=\"https:\/\/www.visit-ulcinj.com\/blog\/2016\/01\/17\/mali-zi-shume-parti-politike-per-koke-banori-ne-rajon\/\" \/>\n<meta property=\"og:locale\" content=\"en_US\" \/>\n<meta property=\"og:type\" content=\"article\" \/>\n<meta property=\"og:title\" content=\"Mali i Zi me m\u00eb shum\u00eb parti politike p\u00ebr kok\u00eb banori n\u00eb rajon - Lajme nga Ulqini\" \/>\n<meta property=\"og:description\" content=\"N\u00eb Mal t\u00eb zi aktualisht jan\u00eb aktive 47 parti politike, dhe \u00ebsht\u00eb vendi me m\u00eb shum\u00eb parti n\u00eb rajon \u201cp\u00ebr kok\u00eb banori\u201d. N\u00eb Regjistin e partive politike deri\" \/>\n<meta property=\"og:url\" content=\"https:\/\/www.visit-ulcinj.com\/blog\/2016\/01\/17\/mali-zi-shume-parti-politike-per-koke-banori-ne-rajon\/\" \/>\n<meta property=\"og:site_name\" content=\"Lajme nga Ulqini\" \/>\n<meta property=\"article:published_time\" content=\"2016-01-17T14:30:10+00:00\" \/>\n<meta property=\"og:image\" content=\"http:\/\/www.visit-ulcinj.com\/blog\/wp-content\/uploads\/2016\/01\/krivokapiq-takim-me-liderat-e-partive.png\" \/>\n<meta name=\"twitter:label1\" content=\"Written by\" \/>\n\t<meta name=\"twitter:data1\" content=\"ulqini\" \/>\n\t<meta name=\"twitter:label2\" content=\"Est. reading time\" \/>\n\t<meta name=\"twitter:data2\" content=\"1 minute\" \/>\n<script type=\"application\/ld+json\" class=\"yoast-schema-graph\">{\"@context\":\"https:\/\/schema.org\",\"@graph\":[{\"@type\":\"WebSite\",\"@id\":\"https:\/\/www.visit-ulcinj.com\/blog\/#website\",\"url\":\"https:\/\/www.visit-ulcinj.com\/blog\/\",\"name\":\"Lajme nga Ulqini\",\"description\":\"Lajme,Vijesti,Ulqini,Ulqin,Crna Gora,Mali i Zi\",\"potentialAction\":[{\"@type\":\"SearchAction\",\"target\":{\"@type\":\"EntryPoint\",\"urlTemplate\":\"https:\/\/www.visit-ulcinj.com\/blog\/?s={search_term_string}\"},\"query-input\":\"required name=search_term_string\"}],\"inLanguage\":\"en-US\"},{\"@type\":\"ImageObject\",\"inLanguage\":\"en-US\",\"@id\":\"https:\/\/www.visit-ulcinj.com\/blog\/2016\/01\/17\/mali-zi-shume-parti-politike-per-koke-banori-ne-rajon\/#primaryimage\",\"url\":\"https:\/\/www.visit-ulcinj.com\/blog\/wp-content\/uploads\/2016\/01\/krivokapiq-takim-me-liderat-e-partive.png\",\"contentUrl\":\"https:\/\/www.visit-ulcinj.com\/blog\/wp-content\/uploads\/2016\/01\/krivokapiq-takim-me-liderat-e-partive.png\",\"width\":953,\"height\":512},{\"@type\":\"WebPage\",\"@id\":\"https:\/\/www.visit-ulcinj.com\/blog\/2016\/01\/17\/mali-zi-shume-parti-politike-per-koke-banori-ne-rajon\/#webpage\",\"url\":\"https:\/\/www.visit-ulcinj.com\/blog\/2016\/01\/17\/mali-zi-shume-parti-politike-per-koke-banori-ne-rajon\/\",\"name\":\"Mali i Zi me m\u00eb shum\u00eb parti politike p\u00ebr kok\u00eb banori n\u00eb rajon - Lajme nga Ulqini\",\"isPartOf\":{\"@id\":\"https:\/\/www.visit-ulcinj.com\/blog\/#website\"},\"primaryImageOfPage\":{\"@id\":\"https:\/\/www.visit-ulcinj.com\/blog\/2016\/01\/17\/mali-zi-shume-parti-politike-per-koke-banori-ne-rajon\/#primaryimage\"},\"datePublished\":\"2016-01-17T14:30:10+00:00\",\"dateModified\":\"2016-01-17T14:30:10+00:00\",\"author\":{\"@id\":\"https:\/\/www.visit-ulcinj.com\/blog\/#\/schema\/person\/dcab619c614d3038751c63bc2aadc06d\"},\"description\":\"N\u00eb Mal t\u00eb zi aktualisht jan\u00eb aktive 47 parti politike, dhe \u00ebsht\u00eb vendi me m\u00eb shum\u00eb parti n\u00eb rajon \u201cp\u00ebr kok\u00eb banori\u201d. N\u00eb Regjistin e partive politike deri\",\"breadcrumb\":{\"@id\":\"https:\/\/www.visit-ulcinj.com\/blog\/2016\/01\/17\/mali-zi-shume-parti-politike-per-koke-banori-ne-rajon\/#breadcrumb\"},\"inLanguage\":\"en-US\",\"potentialAction\":[{\"@type\":\"ReadAction\",\"target\":[\"https:\/\/www.visit-ulcinj.com\/blog\/2016\/01\/17\/mali-zi-shume-parti-politike-per-koke-banori-ne-rajon\/\"]}]},{\"@type\":\"BreadcrumbList\",\"@id\":\"https:\/\/www.visit-ulcinj.com\/blog\/2016\/01\/17\/mali-zi-shume-parti-politike-per-koke-banori-ne-rajon\/#breadcrumb\",\"itemListElement\":[{\"@type\":\"ListItem\",\"position\":1,\"name\":\"Mali i Zi me m\u00eb shum\u00eb parti politike p\u00ebr kok\u00eb banori n\u00eb rajon\"}]},{\"@type\":\"Person\",\"@id\":\"https:\/\/www.visit-ulcinj.com\/blog\/#\/schema\/person\/dcab619c614d3038751c63bc2aadc06d\",\"name\":\"ulqini\",\"sameAs\":[\"http:\/\/www.visit-ulcinj.com\"],\"url\":\"https:\/\/www.visit-ulcinj.com\/blog\/author\/admin\/\"}]}<\/script>\n<!-- \/ Yoast SEO plugin. -->","yoast_head_json":{"title":"Mali i Zi me m\u00eb shum\u00eb parti politike p\u00ebr kok\u00eb banori n\u00eb rajon - Lajme nga Ulqini","description":"N\u00eb Mal t\u00eb zi aktualisht jan\u00eb aktive 47 parti politike, dhe \u00ebsht\u00eb vendi me m\u00eb shum\u00eb parti n\u00eb rajon \u201cp\u00ebr kok\u00eb banori\u201d. N\u00eb Regjistin e partive politike deri","robots":{"index":"index","follow":"follow","max-snippet":"max-snippet:-1","max-image-preview":"max-image-preview:large","max-video-preview":"max-video-preview:-1"},"canonical":"https:\/\/www.visit-ulcinj.com\/blog\/2016\/01\/17\/mali-zi-shume-parti-politike-per-koke-banori-ne-rajon\/","og_locale":"en_US","og_type":"article","og_title":"Mali i Zi me m\u00eb shum\u00eb parti politike p\u00ebr kok\u00eb banori n\u00eb rajon - Lajme nga Ulqini","og_description":"N\u00eb Mal t\u00eb zi aktualisht jan\u00eb aktive 47 parti politike, dhe \u00ebsht\u00eb vendi me m\u00eb shum\u00eb parti n\u00eb rajon \u201cp\u00ebr kok\u00eb banori\u201d. N\u00eb Regjistin e partive politike deri","og_url":"https:\/\/www.visit-ulcinj.com\/blog\/2016\/01\/17\/mali-zi-shume-parti-politike-per-koke-banori-ne-rajon\/","og_site_name":"Lajme nga Ulqini","article_published_time":"2016-01-17T14:30:10+00:00","og_image":[{"url":"http:\/\/www.visit-ulcinj.com\/blog\/wp-content\/uploads\/2016\/01\/krivokapiq-takim-me-liderat-e-partive.png"}],"twitter_misc":{"Written by":"ulqini","Est. reading time":"1 minute"},"schema":{"@context":"https:\/\/schema.org","@graph":[{"@type":"WebSite","@id":"https:\/\/www.visit-ulcinj.com\/blog\/#website","url":"https:\/\/www.visit-ulcinj.com\/blog\/","name":"Lajme nga Ulqini","description":"Lajme,Vijesti,Ulqini,Ulqin,Crna Gora,Mali i Zi","potentialAction":[{"@type":"SearchAction","target":{"@type":"EntryPoint","urlTemplate":"https:\/\/www.visit-ulcinj.com\/blog\/?s={search_term_string}"},"query-input":"required name=search_term_string"}],"inLanguage":"en-US"},{"@type":"ImageObject","inLanguage":"en-US","@id":"https:\/\/www.visit-ulcinj.com\/blog\/2016\/01\/17\/mali-zi-shume-parti-politike-per-koke-banori-ne-rajon\/#primaryimage","url":"https:\/\/www.visit-ulcinj.com\/blog\/wp-content\/uploads\/2016\/01\/krivokapiq-takim-me-liderat-e-partive.png","contentUrl":"https:\/\/www.visit-ulcinj.com\/blog\/wp-content\/uploads\/2016\/01\/krivokapiq-takim-me-liderat-e-partive.png","width":953,"height":512},{"@type":"WebPage","@id":"https:\/\/www.visit-ulcinj.com\/blog\/2016\/01\/17\/mali-zi-shume-parti-politike-per-koke-banori-ne-rajon\/#webpage","url":"https:\/\/www.visit-ulcinj.com\/blog\/2016\/01\/17\/mali-zi-shume-parti-politike-per-koke-banori-ne-rajon\/","name":"Mali i Zi me m\u00eb shum\u00eb parti politike p\u00ebr kok\u00eb banori n\u00eb rajon - Lajme nga Ulqini","isPartOf":{"@id":"https:\/\/www.visit-ulcinj.com\/blog\/#website"},"primaryImageOfPage":{"@id":"https:\/\/www.visit-ulcinj.com\/blog\/2016\/01\/17\/mali-zi-shume-parti-politike-per-koke-banori-ne-rajon\/#primaryimage"},"datePublished":"2016-01-17T14:30:10+00:00","dateModified":"2016-01-17T14:30:10+00:00","author":{"@id":"https:\/\/www.visit-ulcinj.com\/blog\/#\/schema\/person\/dcab619c614d3038751c63bc2aadc06d"},"description":"N\u00eb Mal t\u00eb zi aktualisht jan\u00eb aktive 47 parti politike, dhe \u00ebsht\u00eb vendi me m\u00eb shum\u00eb parti n\u00eb rajon \u201cp\u00ebr kok\u00eb banori\u201d. N\u00eb Regjistin e partive politike deri","breadcrumb":{"@id":"https:\/\/www.visit-ulcinj.com\/blog\/2016\/01\/17\/mali-zi-shume-parti-politike-per-koke-banori-ne-rajon\/#breadcrumb"},"inLanguage":"en-US","potentialAction":[{"@type":"ReadAction","target":["https:\/\/www.visit-ulcinj.com\/blog\/2016\/01\/17\/mali-zi-shume-parti-politike-per-koke-banori-ne-rajon\/"]}]},{"@type":"BreadcrumbList","@id":"https:\/\/www.visit-ulcinj.com\/blog\/2016\/01\/17\/mali-zi-shume-parti-politike-per-koke-banori-ne-rajon\/#breadcrumb","itemListElement":[{"@type":"ListItem","position":1,"name":"Mali i Zi me m\u00eb shum\u00eb parti politike p\u00ebr kok\u00eb banori n\u00eb rajon"}]},{"@type":"Person","@id":"https:\/\/www.visit-ulcinj.com\/blog\/#\/schema\/person\/dcab619c614d3038751c63bc2aadc06d","name":"ulqini","sameAs":["http:\/\/www.visit-ulcinj.com"],"url":"https:\/\/www.visit-ulcinj.com\/blog\/author\/admin\/"}]}},"jetpack_featured_media_url":"","jetpack_sharing_enabled":true,"jetpack_shortlink":"https:\/\/wp.me\/pe6lTn-oti","_links":{"self":[{"href":"https:\/\/www.visit-ulcinj.com\/blog\/wp-json\/wp\/v2\/posts\/94072"}],"collection":[{"href":"https:\/\/www.visit-ulcinj.com\/blog\/wp-json\/wp\/v2\/posts"}],"about":[{"href":"https:\/\/www.visit-ulcinj.com\/blog\/wp-json\/wp\/v2\/types\/post"}],"author":[{"embeddable":true,"href":"https:\/\/www.visit-ulcinj.com\/blog\/wp-json\/wp\/v2\/users\/1"}],"replies":[{"embeddable":true,"href":"https:\/\/www.visit-ulcinj.com\/blog\/wp-json\/wp\/v2\/comments?post=94072"}],"version-history":[{"count":1,"href":"https:\/\/www.visit-ulcinj.com\/blog\/wp-json\/wp\/v2\/posts\/94072\/revisions"}],"predecessor-version":[{"id":94074,"href":"https:\/\/www.visit-ulcinj.com\/blog\/wp-json\/wp\/v2\/posts\/94072\/revisions\/94074"}],"wp:attachment":[{"href":"https:\/\/www.visit-ulcinj.com\/blog\/wp-json\/wp\/v2\/media?parent=94072"}],"wp:term":[{"taxonomy":"category","embeddable":true,"href":"https:\/\/www.visit-ulcinj.com\/blog\/wp-json\/wp\/v2\/categories?post=94072"},{"taxonomy":"post_tag","embeddable":true,"href":"https:\/\/www.visit-ulcinj.com\/blog\/wp-json\/wp\/v2\/tags?post=94072"}],"curies":[{"name":"wp","href":"https:\/\/api.w.org\/{rel}","templated":true}]}}