{"id":94085,"date":"2016-01-18T13:47:28","date_gmt":"2016-01-18T12:47:28","guid":{"rendered":"http:\/\/www.visit-ulcinj.com\/blog\/?p=94085"},"modified":"2016-01-20T10:06:38","modified_gmt":"2016-01-20T09:06:38","slug":"gjeka-fajtor-jam-une-qe-e-kam-ndihmuar-cungun","status":"publish","type":"post","link":"https:\/\/www.visit-ulcinj.com\/blog\/2016\/01\/18\/gjeka-fajtor-jam-une-qe-e-kam-ndihmuar-cungun\/","title":{"rendered":"Gjeka: Fajtor jam une, q\u00eb e kam ndihmuar Cungun"},"content":{"rendered":"<p><a href=\"http:\/\/www.visit-ulcinj.com\/blog\/wp-content\/uploads\/2016\/01\/Fatmir-Gjeka-.jpg\"><img loading=\"lazy\" class=\"alignleft wp-image-94086 size-full\" src=\"http:\/\/www.visit-ulcinj.com\/blog\/wp-content\/uploads\/2016\/01\/Fatmir-Gjeka-.jpg\" alt=\"Fatmir-Gjeka-\" width=\"508\" height=\"381\" srcset=\"https:\/\/www.visit-ulcinj.com\/blog\/wp-content\/uploads\/2016\/01\/Fatmir-Gjeka-.jpg 508w, https:\/\/www.visit-ulcinj.com\/blog\/wp-content\/uploads\/2016\/01\/Fatmir-Gjeka--300x225.jpg 300w\" sizes=\"(max-width: 508px) 100vw, 508px\" \/><\/a>N\u00eb reagimin e kaluar I b\u00ebra thirje kryetarit t\u00eb Forc\u00ebs Nazif Cungut q\u00eb t\u00eb jap dor\u00ebheqe dhe t\u00eb k\u00ebrkoj falje nga qytetar\u00ebt e Ulqinit . P\u00ebrgjigjen ma konfirmoj p\u00ebrmes nd\u00ebgjuesve t\u00eb pasjell\u00ebshem t\u00eb partis q\u00eb nuk ka guxim e as rrespekt ta b\u00ebj at\u00eb . K\u00ebshtu q\u00eb falje nga qytetar\u00ebt e Ulqinit do t\u00eb k\u00ebrkoj un sepse Fatmir Gjeka \u00ebsht\u00eb fajtor q\u00eb n\u00eb shtator t\u00eb vitit 2011, Nazif Cungu u b\u00eb kryetar I Ulqinit. Por ,shum\u00eb shpejt e kemi par\u00eb q\u00eb n\u00eb<span class=\"text_exposed_show\"> pytje ishin synimet e tija t\u00eb v\u00ebrteta , interesi ,dhe d\u00ebshirat . Qellimet I kishte t\u00eb gabuara , interesin personal ,kurse deshira ishte q\u00eb I t\u00ebr Ulqini t\u00eb behet pron\u00eb private e Nazif Cungut.<\/span><\/p>\n<div class=\"text_exposed_show\">\n<p>Mbas 2.5 viteve ,me partner\u00ebt e kualicionit e ndaluam q\u00eb nga aj funkcion t\u00eb vazhdoj t\u00eb ju b\u00ebj padrejt\u00ebsi qytetar\u00ebve t\u00eb Ulqinit . Mbas zgjedhjeve n\u00eb janar t\u00eb vitit 2014 , arrit\u00ebn n\u00eb p\u00ebrfundim q\u00eb ndoshta ka m\u00ebsuar nj\u00eb m\u00ebsim q\u00eb nga pozicioni n\u00eb an\u00ebn tjet\u00ebr t\u00eb b\u00ebj m\u00eb pak keq . Por prap u mashtruam , ku ambicioni I tij I madh ishte q\u00eb m\u00eb \u00e7do kusht t\u00eb jet kryetar I komun\u00ebs . Lakmia tregtare , dhe asnj\u00ebfar talenti p\u00ebr politik e kajn b\u00ebr q\u00eb t\u00eb humb t\u00eb gjith\u00eb kapitalin politik dhe t\u00eb gjendet n\u00eb fund.<\/p>\n<p>Sinqerisht : Kjo \u00ebsht\u00eb nj\u00eb tregim i dhimb\u00ebshem p\u00ebr t\u00eb gjith\u00eb ne n\u00eb Ulqin , dhe p\u00ebr zhg\u00ebnjimin tim personal dhe p\u00ebr at\u00eb se \u00e7ka njoftojn organet kompetente , ndihem shum\u00eb keq gjersa e shkruaj k\u00ebt\u00eb .<br \/>\nPor Cungu vazhdon t\u00eb bredh ,t\u00eb flas gj\u00ebra t\u00eb pav\u00ebrteta , t\u2019ju b\u00ebj pengesa autoritet\u00ebve lokale kudo q\u00eb mundet . Por m\u00eb e zgjuar p\u00ebr te do t\u00eb ishte ,q\u00eb t\u00eb k\u00ebrkoj nj\u00eb avokat t\u00eb mir p\u00ebr rastin \u2018\u2019Shas\u2019\u2019.<\/p>\n<p>Prandaj , Cungu definitivisht \u00ebsht\u00eb lexuar ,dhe I demaskuar n\u00eb sken\u00ebn publike . Mundet vet\u00ebm ti fasinoj koleget e partis edhe p\u00ebr nj\u00eb koh t\u00eb shkurt ,dhe ti perdor p\u00ebr interesat e veta n\u00eb menyr t\u00eb rreme . K\u00ebshtu nj\u00eb e till \u00ebsht\u00eb deklarata e Forc\u00ebs nga fillimi e deri n\u00eb fund t\u00eb fjal\u00ebs, q\u00eb Nazif Cungu nuk pat guximin ta n\u00ebnshkruaj.<\/p>\n<p id=\"js_1p\" class=\"_5pbw\" data-ft=\"{&quot;tn&quot;:&quot;C&quot;}\"><strong><span class=\"fwn fcg\"><span class=\"fwb fcg\" data-ft=\"{&quot;tn&quot;:&quot;k&quot;}\"><a id=\"js_28\" href=\"https:\/\/www.facebook.com\/Partia-Demokratike-938706886221156\/?fref=nf\" data-hovercard=\"\/ajax\/hovercard\/page.php?id=938706886221156&amp;extragetparams=%7B%22fref%22%3A%22nf%22%7D\">Partia Demokratike Facebook<\/a><\/span><\/span><\/strong><\/p>\n<\/div>\n","protected":false},"excerpt":{"rendered":"<p>N\u00eb reagimin e kaluar I b\u00ebra thirje kryetarit t\u00eb Forc\u00ebs Nazif Cungut q\u00eb t\u00eb jap dor\u00ebheqe dhe t\u00eb k\u00ebrkoj falje nga qytetar\u00ebt e Ulqinit . P\u00ebrgjigjen ma konfirmoj p\u00ebrmes nd\u00ebgjuesve t\u00eb pasjell\u00ebshem t\u00eb partis q\u00eb nuk ka guxim e as rrespekt ta b\u00ebj at\u00eb . K\u00ebshtu q\u00eb falje nga qytetar\u00ebt e Ulqinit do t\u00eb k\u00ebrkoj [&hellip;]<\/p>\n","protected":false},"author":1,"featured_media":0,"comment_status":"closed","ping_status":"closed","sticky":false,"template":"","format":"standard","meta":{"spay_email":"","jetpack_publicize_message":"","jetpack_is_tweetstorm":false,"jetpack_publicize_feature_enabled":true},"categories":[1,11],"tags":[],"jetpack_publicize_connections":[],"yoast_head":"<!-- This site is optimized with the Yoast SEO plugin v19.1 - https:\/\/yoast.com\/wordpress\/plugins\/seo\/ -->\n<title>Gjeka: Fajtor jam une, q\u00eb e kam ndihmuar Cungun - Lajme nga Ulqini<\/title>\n<meta name=\"description\" content=\"N\u00eb reagimin e kaluar I b\u00ebra thirje kryetarit t\u00eb Forc\u00ebs Nazif Cungut q\u00eb t\u00eb jap dor\u00ebheqe dhe t\u00eb k\u00ebrkoj falje nga qytetar\u00ebt e Ulqinit . P\u00ebrgjigjen ma\" \/>\n<meta name=\"robots\" content=\"index, follow, max-snippet:-1, max-image-preview:large, max-video-preview:-1\" \/>\n<link rel=\"canonical\" href=\"https:\/\/www.visit-ulcinj.com\/blog\/2016\/01\/18\/gjeka-fajtor-jam-une-qe-e-kam-ndihmuar-cungun\/\" \/>\n<meta property=\"og:locale\" content=\"en_US\" \/>\n<meta property=\"og:type\" content=\"article\" \/>\n<meta property=\"og:title\" content=\"Gjeka: Fajtor jam une, q\u00eb e kam ndihmuar Cungun - Lajme nga Ulqini\" \/>\n<meta property=\"og:description\" content=\"N\u00eb reagimin e kaluar I b\u00ebra thirje kryetarit t\u00eb Forc\u00ebs Nazif Cungut q\u00eb t\u00eb jap dor\u00ebheqe dhe t\u00eb k\u00ebrkoj falje nga qytetar\u00ebt e Ulqinit . P\u00ebrgjigjen ma\" \/>\n<meta property=\"og:url\" content=\"https:\/\/www.visit-ulcinj.com\/blog\/2016\/01\/18\/gjeka-fajtor-jam-une-qe-e-kam-ndihmuar-cungun\/\" \/>\n<meta property=\"og:site_name\" content=\"Lajme nga Ulqini\" \/>\n<meta property=\"article:published_time\" content=\"2016-01-18T12:47:28+00:00\" \/>\n<meta property=\"article:modified_time\" content=\"2016-01-20T09:06:38+00:00\" \/>\n<meta property=\"og:image\" content=\"http:\/\/www.visit-ulcinj.com\/blog\/wp-content\/uploads\/2016\/01\/Fatmir-Gjeka-.jpg\" \/>\n<meta name=\"twitter:label1\" content=\"Written by\" \/>\n\t<meta name=\"twitter:data1\" content=\"ulqini\" \/>\n\t<meta name=\"twitter:label2\" content=\"Est. reading time\" \/>\n\t<meta name=\"twitter:data2\" content=\"2 minutes\" \/>\n<script type=\"application\/ld+json\" class=\"yoast-schema-graph\">{\"@context\":\"https:\/\/schema.org\",\"@graph\":[{\"@type\":\"WebSite\",\"@id\":\"https:\/\/www.visit-ulcinj.com\/blog\/#website\",\"url\":\"https:\/\/www.visit-ulcinj.com\/blog\/\",\"name\":\"Lajme nga Ulqini\",\"description\":\"Lajme,Vijesti,Ulqini,Ulqin,Crna Gora,Mali i Zi\",\"potentialAction\":[{\"@type\":\"SearchAction\",\"target\":{\"@type\":\"EntryPoint\",\"urlTemplate\":\"https:\/\/www.visit-ulcinj.com\/blog\/?s={search_term_string}\"},\"query-input\":\"required name=search_term_string\"}],\"inLanguage\":\"en-US\"},{\"@type\":\"ImageObject\",\"inLanguage\":\"en-US\",\"@id\":\"https:\/\/www.visit-ulcinj.com\/blog\/2016\/01\/18\/gjeka-fajtor-jam-une-qe-e-kam-ndihmuar-cungun\/#primaryimage\",\"url\":\"https:\/\/www.visit-ulcinj.com\/blog\/wp-content\/uploads\/2016\/01\/Fatmir-Gjeka-.jpg\",\"contentUrl\":\"https:\/\/www.visit-ulcinj.com\/blog\/wp-content\/uploads\/2016\/01\/Fatmir-Gjeka-.jpg\",\"width\":508,\"height\":381},{\"@type\":\"WebPage\",\"@id\":\"https:\/\/www.visit-ulcinj.com\/blog\/2016\/01\/18\/gjeka-fajtor-jam-une-qe-e-kam-ndihmuar-cungun\/#webpage\",\"url\":\"https:\/\/www.visit-ulcinj.com\/blog\/2016\/01\/18\/gjeka-fajtor-jam-une-qe-e-kam-ndihmuar-cungun\/\",\"name\":\"Gjeka: Fajtor jam une, q\u00eb e kam ndihmuar Cungun - Lajme nga Ulqini\",\"isPartOf\":{\"@id\":\"https:\/\/www.visit-ulcinj.com\/blog\/#website\"},\"primaryImageOfPage\":{\"@id\":\"https:\/\/www.visit-ulcinj.com\/blog\/2016\/01\/18\/gjeka-fajtor-jam-une-qe-e-kam-ndihmuar-cungun\/#primaryimage\"},\"datePublished\":\"2016-01-18T12:47:28+00:00\",\"dateModified\":\"2016-01-20T09:06:38+00:00\",\"author\":{\"@id\":\"https:\/\/www.visit-ulcinj.com\/blog\/#\/schema\/person\/dcab619c614d3038751c63bc2aadc06d\"},\"description\":\"N\u00eb reagimin e kaluar I b\u00ebra thirje kryetarit t\u00eb Forc\u00ebs Nazif Cungut q\u00eb t\u00eb jap dor\u00ebheqe dhe t\u00eb k\u00ebrkoj falje nga qytetar\u00ebt e Ulqinit . P\u00ebrgjigjen ma\",\"breadcrumb\":{\"@id\":\"https:\/\/www.visit-ulcinj.com\/blog\/2016\/01\/18\/gjeka-fajtor-jam-une-qe-e-kam-ndihmuar-cungun\/#breadcrumb\"},\"inLanguage\":\"en-US\",\"potentialAction\":[{\"@type\":\"ReadAction\",\"target\":[\"https:\/\/www.visit-ulcinj.com\/blog\/2016\/01\/18\/gjeka-fajtor-jam-une-qe-e-kam-ndihmuar-cungun\/\"]}]},{\"@type\":\"BreadcrumbList\",\"@id\":\"https:\/\/www.visit-ulcinj.com\/blog\/2016\/01\/18\/gjeka-fajtor-jam-une-qe-e-kam-ndihmuar-cungun\/#breadcrumb\",\"itemListElement\":[{\"@type\":\"ListItem\",\"position\":1,\"name\":\"Gjeka: Fajtor jam une, q\u00eb e kam ndihmuar Cungun\"}]},{\"@type\":\"Person\",\"@id\":\"https:\/\/www.visit-ulcinj.com\/blog\/#\/schema\/person\/dcab619c614d3038751c63bc2aadc06d\",\"name\":\"ulqini\",\"sameAs\":[\"http:\/\/www.visit-ulcinj.com\"],\"url\":\"https:\/\/www.visit-ulcinj.com\/blog\/author\/admin\/\"}]}<\/script>\n<!-- \/ Yoast SEO plugin. -->","yoast_head_json":{"title":"Gjeka: Fajtor jam une, q\u00eb e kam ndihmuar Cungun - Lajme nga Ulqini","description":"N\u00eb reagimin e kaluar I b\u00ebra thirje kryetarit t\u00eb Forc\u00ebs Nazif Cungut q\u00eb t\u00eb jap dor\u00ebheqe dhe t\u00eb k\u00ebrkoj falje nga qytetar\u00ebt e Ulqinit . P\u00ebrgjigjen ma","robots":{"index":"index","follow":"follow","max-snippet":"max-snippet:-1","max-image-preview":"max-image-preview:large","max-video-preview":"max-video-preview:-1"},"canonical":"https:\/\/www.visit-ulcinj.com\/blog\/2016\/01\/18\/gjeka-fajtor-jam-une-qe-e-kam-ndihmuar-cungun\/","og_locale":"en_US","og_type":"article","og_title":"Gjeka: Fajtor jam une, q\u00eb e kam ndihmuar Cungun - Lajme nga Ulqini","og_description":"N\u00eb reagimin e kaluar I b\u00ebra thirje kryetarit t\u00eb Forc\u00ebs Nazif Cungut q\u00eb t\u00eb jap dor\u00ebheqe dhe t\u00eb k\u00ebrkoj falje nga qytetar\u00ebt e Ulqinit . P\u00ebrgjigjen ma","og_url":"https:\/\/www.visit-ulcinj.com\/blog\/2016\/01\/18\/gjeka-fajtor-jam-une-qe-e-kam-ndihmuar-cungun\/","og_site_name":"Lajme nga Ulqini","article_published_time":"2016-01-18T12:47:28+00:00","article_modified_time":"2016-01-20T09:06:38+00:00","og_image":[{"url":"http:\/\/www.visit-ulcinj.com\/blog\/wp-content\/uploads\/2016\/01\/Fatmir-Gjeka-.jpg"}],"twitter_misc":{"Written by":"ulqini","Est. reading time":"2 minutes"},"schema":{"@context":"https:\/\/schema.org","@graph":[{"@type":"WebSite","@id":"https:\/\/www.visit-ulcinj.com\/blog\/#website","url":"https:\/\/www.visit-ulcinj.com\/blog\/","name":"Lajme nga Ulqini","description":"Lajme,Vijesti,Ulqini,Ulqin,Crna Gora,Mali i Zi","potentialAction":[{"@type":"SearchAction","target":{"@type":"EntryPoint","urlTemplate":"https:\/\/www.visit-ulcinj.com\/blog\/?s={search_term_string}"},"query-input":"required name=search_term_string"}],"inLanguage":"en-US"},{"@type":"ImageObject","inLanguage":"en-US","@id":"https:\/\/www.visit-ulcinj.com\/blog\/2016\/01\/18\/gjeka-fajtor-jam-une-qe-e-kam-ndihmuar-cungun\/#primaryimage","url":"https:\/\/www.visit-ulcinj.com\/blog\/wp-content\/uploads\/2016\/01\/Fatmir-Gjeka-.jpg","contentUrl":"https:\/\/www.visit-ulcinj.com\/blog\/wp-content\/uploads\/2016\/01\/Fatmir-Gjeka-.jpg","width":508,"height":381},{"@type":"WebPage","@id":"https:\/\/www.visit-ulcinj.com\/blog\/2016\/01\/18\/gjeka-fajtor-jam-une-qe-e-kam-ndihmuar-cungun\/#webpage","url":"https:\/\/www.visit-ulcinj.com\/blog\/2016\/01\/18\/gjeka-fajtor-jam-une-qe-e-kam-ndihmuar-cungun\/","name":"Gjeka: Fajtor jam une, q\u00eb e kam ndihmuar Cungun - Lajme nga Ulqini","isPartOf":{"@id":"https:\/\/www.visit-ulcinj.com\/blog\/#website"},"primaryImageOfPage":{"@id":"https:\/\/www.visit-ulcinj.com\/blog\/2016\/01\/18\/gjeka-fajtor-jam-une-qe-e-kam-ndihmuar-cungun\/#primaryimage"},"datePublished":"2016-01-18T12:47:28+00:00","dateModified":"2016-01-20T09:06:38+00:00","author":{"@id":"https:\/\/www.visit-ulcinj.com\/blog\/#\/schema\/person\/dcab619c614d3038751c63bc2aadc06d"},"description":"N\u00eb reagimin e kaluar I b\u00ebra thirje kryetarit t\u00eb Forc\u00ebs Nazif Cungut q\u00eb t\u00eb jap dor\u00ebheqe dhe t\u00eb k\u00ebrkoj falje nga qytetar\u00ebt e Ulqinit . P\u00ebrgjigjen ma","breadcrumb":{"@id":"https:\/\/www.visit-ulcinj.com\/blog\/2016\/01\/18\/gjeka-fajtor-jam-une-qe-e-kam-ndihmuar-cungun\/#breadcrumb"},"inLanguage":"en-US","potentialAction":[{"@type":"ReadAction","target":["https:\/\/www.visit-ulcinj.com\/blog\/2016\/01\/18\/gjeka-fajtor-jam-une-qe-e-kam-ndihmuar-cungun\/"]}]},{"@type":"BreadcrumbList","@id":"https:\/\/www.visit-ulcinj.com\/blog\/2016\/01\/18\/gjeka-fajtor-jam-une-qe-e-kam-ndihmuar-cungun\/#breadcrumb","itemListElement":[{"@type":"ListItem","position":1,"name":"Gjeka: Fajtor jam une, q\u00eb e kam ndihmuar Cungun"}]},{"@type":"Person","@id":"https:\/\/www.visit-ulcinj.com\/blog\/#\/schema\/person\/dcab619c614d3038751c63bc2aadc06d","name":"ulqini","sameAs":["http:\/\/www.visit-ulcinj.com"],"url":"https:\/\/www.visit-ulcinj.com\/blog\/author\/admin\/"}]}},"jetpack_featured_media_url":"","jetpack_sharing_enabled":true,"jetpack_shortlink":"https:\/\/wp.me\/pe6lTn-otv","_links":{"self":[{"href":"https:\/\/www.visit-ulcinj.com\/blog\/wp-json\/wp\/v2\/posts\/94085"}],"collection":[{"href":"https:\/\/www.visit-ulcinj.com\/blog\/wp-json\/wp\/v2\/posts"}],"about":[{"href":"https:\/\/www.visit-ulcinj.com\/blog\/wp-json\/wp\/v2\/types\/post"}],"author":[{"embeddable":true,"href":"https:\/\/www.visit-ulcinj.com\/blog\/wp-json\/wp\/v2\/users\/1"}],"replies":[{"embeddable":true,"href":"https:\/\/www.visit-ulcinj.com\/blog\/wp-json\/wp\/v2\/comments?post=94085"}],"version-history":[{"count":1,"href":"https:\/\/www.visit-ulcinj.com\/blog\/wp-json\/wp\/v2\/posts\/94085\/revisions"}],"predecessor-version":[{"id":94087,"href":"https:\/\/www.visit-ulcinj.com\/blog\/wp-json\/wp\/v2\/posts\/94085\/revisions\/94087"}],"wp:attachment":[{"href":"https:\/\/www.visit-ulcinj.com\/blog\/wp-json\/wp\/v2\/media?parent=94085"}],"wp:term":[{"taxonomy":"category","embeddable":true,"href":"https:\/\/www.visit-ulcinj.com\/blog\/wp-json\/wp\/v2\/categories?post=94085"},{"taxonomy":"post_tag","embeddable":true,"href":"https:\/\/www.visit-ulcinj.com\/blog\/wp-json\/wp\/v2\/tags?post=94085"}],"curies":[{"name":"wp","href":"https:\/\/api.w.org\/{rel}","templated":true}]}}