{"id":941,"date":"2008-03-17T12:39:03","date_gmt":"2008-03-17T17:39:03","guid":{"rendered":"http:\/\/www.visit-ulcinj.com\/blog\/2008\/03\/17\/ulcinjske-nvo-traze-ponovnu-obradu-plana-ulcinjske-solane\/"},"modified":"2008-03-18T12:03:12","modified_gmt":"2008-03-18T17:03:12","slug":"ulcinjske-nvo-traze-ponovnu-obradu-plana-ulcinjske-solane","status":"publish","type":"post","link":"https:\/\/www.visit-ulcinj.com\/blog\/2008\/03\/17\/ulcinjske-nvo-traze-ponovnu-obradu-plana-ulcinjske-solane\/","title":{"rendered":"Ulcinjske NVO tra\u017ee ponovnu obradu plana ulcinjske Solane"},"content":{"rendered":"<p><a href=\"http:\/\/www.visit-ulcinj.com\/blog\/wp-content\/uploads\/2008\/03\/kanal-port-milena.jpg\" title=\"Kanal Port Milena\"><img loading=\"lazy\" src=\"http:\/\/www.visit-ulcinj.com\/blog\/wp-content\/uploads\/2008\/03\/kanal-port-milena.thumbnail.jpg\" alt=\"Kanal Port Milena\" align=\"left\" height=\"133\" width=\"200\" \/><\/a><strong>Solana glavni problem<\/strong><br \/>\n<a href=\"http:\/\/www.visit-ulcinj.com\/\"> Ulcinj<\/a><a href=\"http:\/\/www.visit-ulcinj.com\/\"> <\/a>&#8211; Sedamnaest ulcinjskih nevladinih organizacija (NVO) zatra\u017eile su ju?e od crnogorske skup\u0161tine da ne usvoji Predlog prostornog plana i da ga vrati obra?iva?u na ponovnu obradu.<br \/>\nU saop\u0161tenju dostavljenom agenciji Mina navodi se da se 17 NVO sastalo povodom finalne verzije Predloga prostornog plana, odnosno brisanja ulcinjske Solane iz za\u0161ti?enih zona spomenika prirode, i njeno \u201epretvaranje u turisti?ku zonu mimo svake procedure.<br \/>\n\u201eNacrt prostornog plana usvojen u Skup\u0161tini sadr\u017eavao je niz nedostataka i propusta koji su u javnoj raspravi ocijenjeni kao tendenciozni i diskriminatorski prema op\u0161tini Ulcinj, ka\u017ee se u saop\u0161tenju.<br \/>\nTe NVO su, kako se navodi, okupljene kampanji \u201ePlaniramo Mi a ne lobiji, iznijele niz primjedbi na Nacrt u bile servis za sve gra?ane koji su imali primjedbe na taj dokument.<br \/>\n\u201ePodsje?amo da je samo iz <a href=\"http:\/\/www.visit-ulcinj.com\/\" title=\"ulcinj,ulqini,ulqin,montenegro\" target=\"_blank\">Ulcinja <\/a>obra?iva?u stiglo vi\u0161e od 700 primjedbi, uklju?uju?i i primjedbe Komisije Op\u0161tine <a href=\"http:\/\/www.visit-ulcinj.com\/gallery\/main.php\" title=\"ulqin,ulqin,ulcinj,montenegro\" target=\"_blank\">Ulcinj<\/a> na ?elu sa gradona?elnikom, ka\u017ee se u saop\u0161tenju.<br \/>\nNVO isti?u da se nijedna od tih primjedbi nije se na\u0161la u finalnoj verziji Predloga prostornog plan koji se nalazi na dnevnom redu Skup\u0161tine Crne Gore.<br \/>\n\u201eIzmjene koje se odnose na zonu ulcinjske Solane niko u javnoj raspravi nije spomenuo ili javno predlo\u017eio, pa je tim prije ?udno, a za gra?ane <a href=\"http:\/\/www.visit-ulcinj.com\/gallery\/main.php\" title=\"ulcinj,ulqini,ulqin,montenegro\" target=\"_blank\">Ulcinja<\/a> \u0161okantno i uvredljivo, ovakvo nipoda\u0161tavanje njihove volje, smatraju predstavnici civilnog sektora.<br \/>\nOni podsje?aju da je u Nacrtu prostornog plana bila navedena mogu?nost da se zona Solane na?e u ve?oj kategoriji za\u0161tite, kao \u0161to su regionalni park ili rezervat.<br \/>\n\u201eO?igledno je da se ovim predlogom ne \u0161tite interesi gra?ana, ve? lobija i pojedinaca, samo radi sticanja finansijske koristi a na \u0161tetu budu?eg razvoja na\u0161e op\u0161tine, ka\u017ee se u saop\u0161tenju.<br \/>\n<a href=\"http:\/\/www.visit-ulcinj.com\/gallery\/main.php\" title=\"ulcinj,ulqini,ulqin,montenegro\" target=\"_blank\"> Ulcinjske<\/a> NVO apeluju na \u201esavjest poslanika, a naro?ito onih <a href=\"http:\/\/www.visit-ulcinj.com\/gallery\/main.php\" title=\"ulcinj,ulqini,ulqin,montenegro\" target=\"_blank\">Ulcinja<\/a>, da uzmu u obzir primjedbe iz javne rasprave koje se odnose na planirani enormni rast turisti?kih kapaciteta koji je nespojiv sa odr\u017eivim razvojem, a za posljedicu mo\u017ee imati stihijnu izmjenu demografske strukture op\u0161tine <a href=\"http:\/\/www.visit-ulcinj.com\/\" title=\"ulcinj,ulqini,ulqin,montenegro\" target=\"_blank\">Ulcinj<\/a>&#8220;.<a href=\"http:\/\/www.visit-ulcinj.com\/blog\/wp-content\/uploads\/2008\/03\/ulqini_limani_rana.jpg\" title=\"Urlaub in Ulqin \/ Ulcinj - Montenegro\"><img loading=\"lazy\" src=\"http:\/\/www.visit-ulcinj.com\/blog\/wp-content\/uploads\/2008\/03\/ulqini_limani_rana.thumbnail.jpg\" alt=\"Urlaub in Ulqin \/ Ulcinj - Montenegro\" align=\"right\" height=\"196\" width=\"200\" \/><\/a><br \/>\nMoraju se, kako se navodi, uzeti u obzir i primjedbe koje se odnose na \u201ediskriminatorsko svrstavanje <a href=\"http:\/\/www.visit-ulcinj.com\/gallery\/main.php\" title=\"ulcinj,ulqini,ulqin,montenegro\" target=\"_blank\">Ulcinja<\/a> u centar od lokalnog zna?aja, za razliku od drugih primorskih op\u0161tina, koje su predvi?ene kao regionalni centri razvoja.<br \/>\n\u201eZato tra\u017eimo od Skup\u0161tine da ne usvoji Predlog prostornog plana i da ga vrati obra?iva?u na ponovnu obradu koja ?e voditi ra?una o interesima i volji gra?ana op\u0161tine <a href=\"http:\/\/www.visit-ulcinj.com\/gallery\/main.php\" title=\"ulcinj,ulqini,ulqin,montenegro\" target=\"_blank\">Ulcinj<\/a>, ka\u017ee se u saop\u0161tenju.<br \/>\nSaop\u0161tenje su potpisale NVO Ulcinj Biznis asocijacija, Zeleni korak, Sunce, Aurora, Ora, Kalimera, Art Dulcinium, \u0160toj, SOS telefon, Paks, Kalaja, Anima, Novi horizonti, Art klub, Dijalog i GIEC <a href=\"http:\/\/www.visit-ulcinj.com\/gallery\/main.php\" title=\"ulcinj,ulqini,ulqin,montenegro\" target=\"_blank\">Ulcinj<\/a>.<\/p>\n<p>(MINA)<\/p>\n","protected":false},"excerpt":{"rendered":"<p><img loading=\"lazy\" src=\"http:\/\/www.visit-ulcinj.com\/blog\/wp-content\/uploads\/2008\/03\/kanal-port-milena.thumbnail.jpg\" alt=\"Kanal Port Milena\" align=\"left\" height=\"140\" width=\"140\" \/><\/p>\n","protected":false},"author":1,"featured_media":0,"comment_status":"open","ping_status":"closed","sticky":false,"template":"","format":"standard","meta":{"spay_email":"","jetpack_publicize_message":"","jetpack_is_tweetstorm":false,"jetpack_publicize_feature_enabled":true},"categories":[11],"tags":[1899,1069,2192,2186,2193,2194,309,2188,2191,2183,2187,2190,2189,2185,19,2184,2044],"jetpack_publicize_connections":[],"yoast_head":"<!-- This site is optimized with the Yoast SEO plugin v19.1 - https:\/\/yoast.com\/wordpress\/plugins\/seo\/ -->\n<title>Ulcinjske NVO tra\u017ee ponovnu obradu plana ulcinjske Solane - Lajme nga Ulqini<\/title>\n<meta name=\"robots\" content=\"index, follow, max-snippet:-1, max-image-preview:large, max-video-preview:-1\" \/>\n<link rel=\"canonical\" href=\"https:\/\/www.visit-ulcinj.com\/blog\/2008\/03\/17\/ulcinjske-nvo-traze-ponovnu-obradu-plana-ulcinjske-solane\/\" \/>\n<meta property=\"og:locale\" content=\"en_US\" \/>\n<meta property=\"og:type\" content=\"article\" \/>\n<meta property=\"og:title\" content=\"Ulcinjske NVO tra\u017ee ponovnu obradu plana ulcinjske Solane - Lajme nga Ulqini\" \/>\n<meta property=\"og:url\" content=\"https:\/\/www.visit-ulcinj.com\/blog\/2008\/03\/17\/ulcinjske-nvo-traze-ponovnu-obradu-plana-ulcinjske-solane\/\" \/>\n<meta property=\"og:site_name\" content=\"Lajme nga Ulqini\" \/>\n<meta property=\"article:published_time\" content=\"2008-03-17T17:39:03+00:00\" \/>\n<meta property=\"article:modified_time\" content=\"2008-03-18T17:03:12+00:00\" \/>\n<meta property=\"og:image\" content=\"http:\/\/www.visit-ulcinj.com\/blog\/wp-content\/uploads\/2008\/03\/kanal-port-milena.thumbnail.jpg\" \/>\n<meta name=\"twitter:label1\" content=\"Written by\" \/>\n\t<meta name=\"twitter:data1\" content=\"ulqini\" \/>\n\t<meta name=\"twitter:label2\" content=\"Est. reading time\" \/>\n\t<meta name=\"twitter:data2\" content=\"2 minutes\" \/>\n<script type=\"application\/ld+json\" class=\"yoast-schema-graph\">{\"@context\":\"https:\/\/schema.org\",\"@graph\":[{\"@type\":\"WebSite\",\"@id\":\"https:\/\/www.visit-ulcinj.com\/blog\/#website\",\"url\":\"https:\/\/www.visit-ulcinj.com\/blog\/\",\"name\":\"Lajme nga Ulqini\",\"description\":\"Lajme,Vijesti,Ulqini,Ulqin,Crna Gora,Mali i Zi\",\"potentialAction\":[{\"@type\":\"SearchAction\",\"target\":{\"@type\":\"EntryPoint\",\"urlTemplate\":\"https:\/\/www.visit-ulcinj.com\/blog\/?s={search_term_string}\"},\"query-input\":\"required name=search_term_string\"}],\"inLanguage\":\"en-US\"},{\"@type\":\"ImageObject\",\"inLanguage\":\"en-US\",\"@id\":\"https:\/\/www.visit-ulcinj.com\/blog\/2008\/03\/17\/ulcinjske-nvo-traze-ponovnu-obradu-plana-ulcinjske-solane\/#primaryimage\",\"url\":\"http:\/\/www.visit-ulcinj.com\/blog\/wp-content\/uploads\/2008\/03\/kanal-port-milena.thumbnail.jpg\",\"contentUrl\":\"http:\/\/www.visit-ulcinj.com\/blog\/wp-content\/uploads\/2008\/03\/kanal-port-milena.thumbnail.jpg\"},{\"@type\":\"WebPage\",\"@id\":\"https:\/\/www.visit-ulcinj.com\/blog\/2008\/03\/17\/ulcinjske-nvo-traze-ponovnu-obradu-plana-ulcinjske-solane\/#webpage\",\"url\":\"https:\/\/www.visit-ulcinj.com\/blog\/2008\/03\/17\/ulcinjske-nvo-traze-ponovnu-obradu-plana-ulcinjske-solane\/\",\"name\":\"Ulcinjske NVO tra\u017ee ponovnu obradu plana ulcinjske Solane - Lajme nga Ulqini\",\"isPartOf\":{\"@id\":\"https:\/\/www.visit-ulcinj.com\/blog\/#website\"},\"primaryImageOfPage\":{\"@id\":\"https:\/\/www.visit-ulcinj.com\/blog\/2008\/03\/17\/ulcinjske-nvo-traze-ponovnu-obradu-plana-ulcinjske-solane\/#primaryimage\"},\"datePublished\":\"2008-03-17T17:39:03+00:00\",\"dateModified\":\"2008-03-18T17:03:12+00:00\",\"author\":{\"@id\":\"https:\/\/www.visit-ulcinj.com\/blog\/#\/schema\/person\/dcab619c614d3038751c63bc2aadc06d\"},\"breadcrumb\":{\"@id\":\"https:\/\/www.visit-ulcinj.com\/blog\/2008\/03\/17\/ulcinjske-nvo-traze-ponovnu-obradu-plana-ulcinjske-solane\/#breadcrumb\"},\"inLanguage\":\"en-US\",\"potentialAction\":[{\"@type\":\"ReadAction\",\"target\":[\"https:\/\/www.visit-ulcinj.com\/blog\/2008\/03\/17\/ulcinjske-nvo-traze-ponovnu-obradu-plana-ulcinjske-solane\/\"]}]},{\"@type\":\"BreadcrumbList\",\"@id\":\"https:\/\/www.visit-ulcinj.com\/blog\/2008\/03\/17\/ulcinjske-nvo-traze-ponovnu-obradu-plana-ulcinjske-solane\/#breadcrumb\",\"itemListElement\":[{\"@type\":\"ListItem\",\"position\":1,\"name\":\"Ulcinjske NVO tra\u017ee ponovnu obradu plana ulcinjske Solane\"}]},{\"@type\":\"Person\",\"@id\":\"https:\/\/www.visit-ulcinj.com\/blog\/#\/schema\/person\/dcab619c614d3038751c63bc2aadc06d\",\"name\":\"ulqini\",\"sameAs\":[\"http:\/\/www.visit-ulcinj.com\"],\"url\":\"https:\/\/www.visit-ulcinj.com\/blog\/author\/admin\/\"}]}<\/script>\n<!-- \/ Yoast SEO plugin. -->","yoast_head_json":{"title":"Ulcinjske NVO tra\u017ee ponovnu obradu plana ulcinjske Solane - Lajme nga Ulqini","robots":{"index":"index","follow":"follow","max-snippet":"max-snippet:-1","max-image-preview":"max-image-preview:large","max-video-preview":"max-video-preview:-1"},"canonical":"https:\/\/www.visit-ulcinj.com\/blog\/2008\/03\/17\/ulcinjske-nvo-traze-ponovnu-obradu-plana-ulcinjske-solane\/","og_locale":"en_US","og_type":"article","og_title":"Ulcinjske NVO tra\u017ee ponovnu obradu plana ulcinjske Solane - Lajme nga Ulqini","og_url":"https:\/\/www.visit-ulcinj.com\/blog\/2008\/03\/17\/ulcinjske-nvo-traze-ponovnu-obradu-plana-ulcinjske-solane\/","og_site_name":"Lajme nga Ulqini","article_published_time":"2008-03-17T17:39:03+00:00","article_modified_time":"2008-03-18T17:03:12+00:00","og_image":[{"url":"http:\/\/www.visit-ulcinj.com\/blog\/wp-content\/uploads\/2008\/03\/kanal-port-milena.thumbnail.jpg"}],"twitter_misc":{"Written by":"ulqini","Est. reading time":"2 minutes"},"schema":{"@context":"https:\/\/schema.org","@graph":[{"@type":"WebSite","@id":"https:\/\/www.visit-ulcinj.com\/blog\/#website","url":"https:\/\/www.visit-ulcinj.com\/blog\/","name":"Lajme nga Ulqini","description":"Lajme,Vijesti,Ulqini,Ulqin,Crna Gora,Mali i Zi","potentialAction":[{"@type":"SearchAction","target":{"@type":"EntryPoint","urlTemplate":"https:\/\/www.visit-ulcinj.com\/blog\/?s={search_term_string}"},"query-input":"required name=search_term_string"}],"inLanguage":"en-US"},{"@type":"ImageObject","inLanguage":"en-US","@id":"https:\/\/www.visit-ulcinj.com\/blog\/2008\/03\/17\/ulcinjske-nvo-traze-ponovnu-obradu-plana-ulcinjske-solane\/#primaryimage","url":"http:\/\/www.visit-ulcinj.com\/blog\/wp-content\/uploads\/2008\/03\/kanal-port-milena.thumbnail.jpg","contentUrl":"http:\/\/www.visit-ulcinj.com\/blog\/wp-content\/uploads\/2008\/03\/kanal-port-milena.thumbnail.jpg"},{"@type":"WebPage","@id":"https:\/\/www.visit-ulcinj.com\/blog\/2008\/03\/17\/ulcinjske-nvo-traze-ponovnu-obradu-plana-ulcinjske-solane\/#webpage","url":"https:\/\/www.visit-ulcinj.com\/blog\/2008\/03\/17\/ulcinjske-nvo-traze-ponovnu-obradu-plana-ulcinjske-solane\/","name":"Ulcinjske NVO tra\u017ee ponovnu obradu plana ulcinjske Solane - Lajme nga Ulqini","isPartOf":{"@id":"https:\/\/www.visit-ulcinj.com\/blog\/#website"},"primaryImageOfPage":{"@id":"https:\/\/www.visit-ulcinj.com\/blog\/2008\/03\/17\/ulcinjske-nvo-traze-ponovnu-obradu-plana-ulcinjske-solane\/#primaryimage"},"datePublished":"2008-03-17T17:39:03+00:00","dateModified":"2008-03-18T17:03:12+00:00","author":{"@id":"https:\/\/www.visit-ulcinj.com\/blog\/#\/schema\/person\/dcab619c614d3038751c63bc2aadc06d"},"breadcrumb":{"@id":"https:\/\/www.visit-ulcinj.com\/blog\/2008\/03\/17\/ulcinjske-nvo-traze-ponovnu-obradu-plana-ulcinjske-solane\/#breadcrumb"},"inLanguage":"en-US","potentialAction":[{"@type":"ReadAction","target":["https:\/\/www.visit-ulcinj.com\/blog\/2008\/03\/17\/ulcinjske-nvo-traze-ponovnu-obradu-plana-ulcinjske-solane\/"]}]},{"@type":"BreadcrumbList","@id":"https:\/\/www.visit-ulcinj.com\/blog\/2008\/03\/17\/ulcinjske-nvo-traze-ponovnu-obradu-plana-ulcinjske-solane\/#breadcrumb","itemListElement":[{"@type":"ListItem","position":1,"name":"Ulcinjske NVO tra\u017ee ponovnu obradu plana ulcinjske Solane"}]},{"@type":"Person","@id":"https:\/\/www.visit-ulcinj.com\/blog\/#\/schema\/person\/dcab619c614d3038751c63bc2aadc06d","name":"ulqini","sameAs":["http:\/\/www.visit-ulcinj.com"],"url":"https:\/\/www.visit-ulcinj.com\/blog\/author\/admin\/"}]}},"jetpack_featured_media_url":"","jetpack_sharing_enabled":true,"jetpack_shortlink":"https:\/\/wp.me\/pe6lTn-fb","_links":{"self":[{"href":"https:\/\/www.visit-ulcinj.com\/blog\/wp-json\/wp\/v2\/posts\/941"}],"collection":[{"href":"https:\/\/www.visit-ulcinj.com\/blog\/wp-json\/wp\/v2\/posts"}],"about":[{"href":"https:\/\/www.visit-ulcinj.com\/blog\/wp-json\/wp\/v2\/types\/post"}],"author":[{"embeddable":true,"href":"https:\/\/www.visit-ulcinj.com\/blog\/wp-json\/wp\/v2\/users\/1"}],"replies":[{"embeddable":true,"href":"https:\/\/www.visit-ulcinj.com\/blog\/wp-json\/wp\/v2\/comments?post=941"}],"version-history":[{"count":0,"href":"https:\/\/www.visit-ulcinj.com\/blog\/wp-json\/wp\/v2\/posts\/941\/revisions"}],"wp:attachment":[{"href":"https:\/\/www.visit-ulcinj.com\/blog\/wp-json\/wp\/v2\/media?parent=941"}],"wp:term":[{"taxonomy":"category","embeddable":true,"href":"https:\/\/www.visit-ulcinj.com\/blog\/wp-json\/wp\/v2\/categories?post=941"},{"taxonomy":"post_tag","embeddable":true,"href":"https:\/\/www.visit-ulcinj.com\/blog\/wp-json\/wp\/v2\/tags?post=941"}],"curies":[{"name":"wp","href":"https:\/\/api.w.org\/{rel}","templated":true}]}}