{"id":94110,"date":"2016-01-18T19:24:31","date_gmt":"2016-01-18T18:24:31","guid":{"rendered":"http:\/\/www.visit-ulcinj.com\/blog\/?p=94110"},"modified":"2016-01-18T19:24:31","modified_gmt":"2016-01-18T18:24:31","slug":"fatmir-deka-kriv-sam-cungu-jer-sam-ti-pomogao","status":"publish","type":"post","link":"https:\/\/www.visit-ulcinj.com\/blog\/2016\/01\/18\/fatmir-deka-kriv-sam-cungu-jer-sam-ti-pomogao\/","title":{"rendered":"Fatmir \u0110eka: Kriv sam Cungu, jer sam ti pomogao"},"content":{"rendered":"<p><strong><a href=\"http:\/\/www.visit-ulcinj.com\/blog\/wp-content\/uploads\/2014\/02\/Negociatat-vazhdojn\u00eb-Cungu-Gjeka-.jpg\"><img loading=\"lazy\" class=\"alignleft wp-image-79481\" src=\"http:\/\/www.visit-ulcinj.com\/blog\/wp-content\/uploads\/2014\/02\/Negociatat-vazhdojn\u00eb-Cungu-Gjeka-.jpg\" alt=\"Negociatat vazhdojn\u00eb, Cungu- Gjeka\" width=\"508\" height=\"375\" srcset=\"https:\/\/www.visit-ulcinj.com\/blog\/wp-content\/uploads\/2014\/02\/Negociatat-vazhdojn\u00eb-Cungu-Gjeka-.jpg 525w, https:\/\/www.visit-ulcinj.com\/blog\/wp-content\/uploads\/2014\/02\/Negociatat-vazhdojn\u00eb-Cungu-Gjeka--300x221.jpg 300w\" sizes=\"(max-width: 508px) 100vw, 508px\" \/><\/a>&#8220;Tra\u017ei\u0107u oprost od gra\u0111ana. Jer \u0110eka je najve\u0107i krivac \u0161to je Cungu 2011. postao predsjednik Op\u0161tine&#8221;<\/strong><\/p>\n<p><strong><span class=\"credits__author\"> Autor: Samir Adrovi\u0107 <\/span><\/strong><\/p>\n<p>Predsjednik Op\u0161tine\u00a0Ulcinj Fatmir\u00a0\u0110eka kazao je \u0107e\u00a0zatra\u017eiti oprost od\u00a0gra\u0111ana zato \u0161to je njegovom\u00a0zaslugom lider Force\u00a0Nazif Cungu prije \u010detiri i po\u00a0godine postao gradona\u010delnik.<\/p>\n<p>&#8220;Pozvao sam u pro\u0161lom\u00a0reagovanju Cungua da podnese\u00a0ostavku i zatra\u017ei\u00a0oprost od gra\u0111ana Ulcinja.\u00a0Potvrdio je, odgovaraju\u0107i mi\u00a0preko svojih nevaspitanih\u00a0partijskih poslu\u0161nika, da\u00a0nema hrabrosti da to\u00a0u\u010dini.\u00a0Zato \u0107u oprost od gra\u0111ana\u00a0Ulcinja, zatra\u017eiti ja. Jer Fatmir\u00a0\u0110eka je najve\u0107i krivac\u00a0\u0161to je Cungu u septembru\u00a02011. godine postao predsjednik\u00a0Op\u0161tine\u201d, kazao je\u00a0\u0110eka.<\/p>\n<p>On je <a href=\"http:\/\/www.vijesti.me\/vijesti\/forca-deka-da-kaze-je-li-dps-u-obecao-valdanos-solanu-i-veliku-plazu-870251\" target=\"_blank\"><em><strong>reagovao na tekst\u00a0objavljen u \u201cVijestima\u201d<\/strong><\/em><\/a>, u\u00a0kome ga Forca poziva da objelodani\u00a0ponudu DPS-u za\u00a0prekompoziciju vlasti.\u00a0\u0110eka je kazao da su koalicioni\u00a0partneri Cungua tada\u00a0brzo vidjeli kakve su\u00a0njegove\u00a0stvarne namjere, interesi\u00a0i \u017eelje u pitanju.<\/p>\n<p>&#8220;Namjere su bile lo\u0161e, interesi\u00a0li\u010dni, a \u017eelja da \u010ditav\u00a0Ulcinj postane privatno\u00a0preduze\u0107e Nazifa Cungua.\u00a0Nakon dvije i po godine smo\u00a0ga, sa koalicionim partnerima,\u00a0sprije\u010dili da i dalje \u010dini\u00a0zlo gra\u0111anima Ulcinja\u00a0sa te\u00a0funkcije. Naivno smo, nakon\u00a0izbora u januaru 2014.\u00a0godine, opet zaklju\u010dili da je\u00a0valjda nau\u010dio neke lekcije i\u00a0da \u0107e sa druge pozicije \u010diniti\u00a0manje zla. Ponovo smo se\u00a0prevarili\u201d, saop\u0161tio je\u00a0\u0110eka.<\/p>\n<p>Prema njegovim rije\u010dima,\u00a0Cunguova ogromna ambicija\u00a0da po svaku cijenu bude\u00a0predsjednik Op\u0161tine, trgova\u010dka\u00a0lakomost, a nikakav\u00a0talenat za politiku &#8211; u\u010dinili\u00a0su da je izgubio sav politi\u010dki\u00a0kapital.<\/p>\n<p>&#8220;Najiskrenije, ovo je\u00a0tu\u017ena pri\u010da za sve nas u\u00a0Ulcinju. I zbog svog li\u010dnog\u00a0razo\u010daranja i onoga \u0161to se\u00a0najavljuje od strane nadle\u017enih\u00a0organa, osje\u0107am\u00a0mu\u010dninu i nelagodu dok\u00a0ovo pi\u0161em. No, Cungu i dalje\u00a0nastavlja da tumara, da govori\u00a0neistine, da \u010dini opstrukcije\u00a0lokalnoj vlasti gdje\u00a0god mo\u017ee. Pametnije bi mu\u00a0bilo da na\u0111e dobre advokate\u00a0za slu\u010daj \u0160as\u201d, kazao je\u00a0\u0110eka.<\/p>\n<p>Dodao je da Cungu sada\u00a0mo\u017ee samo da fascinira jedino\u00a0svoje pot\u010dinjene partijske\u00a0drugove i da ih, jo\u0161\u00a0neko kratko vrijeme ugoni\u00a0u la\u017e i prevare.<\/p>\n<p>&#8220;Takvo je i saop\u0161tenje Force,\u00a0koje Cungu nije imao\u00a0hrabrosti da potpi\u0161e\u201d, kazao\u00a0je \u0110eka.<\/p>\n<p><strong>Izvor: Vijesti Online<\/strong><\/p>\n","protected":false},"excerpt":{"rendered":"<p>&#8220;Tra\u017ei\u0107u oprost od gra\u0111ana. Jer \u0110eka je najve\u0107i krivac \u0161to je Cungu 2011. postao predsjednik Op\u0161tine&#8221; Autor: Samir Adrovi\u0107 Predsjednik Op\u0161tine\u00a0Ulcinj Fatmir\u00a0\u0110eka kazao je \u0107e\u00a0zatra\u017eiti oprost od\u00a0gra\u0111ana zato \u0161to je njegovom\u00a0zaslugom lider Force\u00a0Nazif Cungu prije \u010detiri i po\u00a0godine postao gradona\u010delnik. &#8220;Pozvao sam u pro\u0161lom\u00a0reagovanju Cungua da podnese\u00a0ostavku i zatra\u017ei\u00a0oprost od gra\u0111ana Ulcinja.\u00a0Potvrdio je, odgovaraju\u0107i mi\u00a0preko [&hellip;]<\/p>\n","protected":false},"author":1,"featured_media":0,"comment_status":"closed","ping_status":"closed","sticky":false,"template":"","format":"standard","meta":{"spay_email":"","jetpack_publicize_message":"","jetpack_is_tweetstorm":false,"jetpack_publicize_feature_enabled":true},"categories":[6950],"tags":[],"jetpack_publicize_connections":[],"yoast_head":"<!-- This site is optimized with the Yoast SEO plugin v19.1 - https:\/\/yoast.com\/wordpress\/plugins\/seo\/ -->\n<title>Fatmir \u0110eka: Kriv sam Cungu, jer sam ti pomogao - Lajme nga Ulqini<\/title>\n<meta name=\"description\" content=\"&quot;Tra\u017ei\u0107u oprost od gra\u0111ana. Jer \u0110eka je najve\u0107i krivac \u0161to je Cungu 2011. postao predsjednik Op\u0161tine&quot; Autor: Samir Adrovi\u0107 Predsjednik Op\u0161tine\u00a0Ulcinj\" \/>\n<meta name=\"robots\" content=\"index, follow, max-snippet:-1, max-image-preview:large, max-video-preview:-1\" \/>\n<link rel=\"canonical\" href=\"https:\/\/www.visit-ulcinj.com\/blog\/2016\/01\/18\/fatmir-deka-kriv-sam-cungu-jer-sam-ti-pomogao\/\" \/>\n<meta property=\"og:locale\" content=\"en_US\" \/>\n<meta property=\"og:type\" content=\"article\" \/>\n<meta property=\"og:title\" content=\"Fatmir \u0110eka: Kriv sam Cungu, jer sam ti pomogao - Lajme nga Ulqini\" \/>\n<meta property=\"og:description\" content=\"&quot;Tra\u017ei\u0107u oprost od gra\u0111ana. Jer \u0110eka je najve\u0107i krivac \u0161to je Cungu 2011. postao predsjednik Op\u0161tine&quot; Autor: Samir Adrovi\u0107 Predsjednik Op\u0161tine\u00a0Ulcinj\" \/>\n<meta property=\"og:url\" content=\"https:\/\/www.visit-ulcinj.com\/blog\/2016\/01\/18\/fatmir-deka-kriv-sam-cungu-jer-sam-ti-pomogao\/\" \/>\n<meta property=\"og:site_name\" content=\"Lajme nga Ulqini\" \/>\n<meta property=\"article:published_time\" content=\"2016-01-18T18:24:31+00:00\" \/>\n<meta name=\"twitter:label1\" content=\"Written by\" \/>\n\t<meta name=\"twitter:data1\" content=\"ulqini\" \/>\n\t<meta name=\"twitter:label2\" content=\"Est. reading time\" \/>\n\t<meta name=\"twitter:data2\" content=\"2 minutes\" \/>\n<script type=\"application\/ld+json\" class=\"yoast-schema-graph\">{\"@context\":\"https:\/\/schema.org\",\"@graph\":[{\"@type\":\"WebSite\",\"@id\":\"https:\/\/www.visit-ulcinj.com\/blog\/#website\",\"url\":\"https:\/\/www.visit-ulcinj.com\/blog\/\",\"name\":\"Lajme nga Ulqini\",\"description\":\"Lajme,Vijesti,Ulqini,Ulqin,Crna Gora,Mali i Zi\",\"potentialAction\":[{\"@type\":\"SearchAction\",\"target\":{\"@type\":\"EntryPoint\",\"urlTemplate\":\"https:\/\/www.visit-ulcinj.com\/blog\/?s={search_term_string}\"},\"query-input\":\"required name=search_term_string\"}],\"inLanguage\":\"en-US\"},{\"@type\":\"WebPage\",\"@id\":\"https:\/\/www.visit-ulcinj.com\/blog\/2016\/01\/18\/fatmir-deka-kriv-sam-cungu-jer-sam-ti-pomogao\/#webpage\",\"url\":\"https:\/\/www.visit-ulcinj.com\/blog\/2016\/01\/18\/fatmir-deka-kriv-sam-cungu-jer-sam-ti-pomogao\/\",\"name\":\"Fatmir \u0110eka: Kriv sam Cungu, jer sam ti pomogao - Lajme nga Ulqini\",\"isPartOf\":{\"@id\":\"https:\/\/www.visit-ulcinj.com\/blog\/#website\"},\"datePublished\":\"2016-01-18T18:24:31+00:00\",\"dateModified\":\"2016-01-18T18:24:31+00:00\",\"author\":{\"@id\":\"https:\/\/www.visit-ulcinj.com\/blog\/#\/schema\/person\/dcab619c614d3038751c63bc2aadc06d\"},\"description\":\"\\\"Tra\u017ei\u0107u oprost od gra\u0111ana. Jer \u0110eka je najve\u0107i krivac \u0161to je Cungu 2011. postao predsjednik Op\u0161tine\\\" Autor: Samir Adrovi\u0107 Predsjednik Op\u0161tine\u00a0Ulcinj\",\"breadcrumb\":{\"@id\":\"https:\/\/www.visit-ulcinj.com\/blog\/2016\/01\/18\/fatmir-deka-kriv-sam-cungu-jer-sam-ti-pomogao\/#breadcrumb\"},\"inLanguage\":\"en-US\",\"potentialAction\":[{\"@type\":\"ReadAction\",\"target\":[\"https:\/\/www.visit-ulcinj.com\/blog\/2016\/01\/18\/fatmir-deka-kriv-sam-cungu-jer-sam-ti-pomogao\/\"]}]},{\"@type\":\"BreadcrumbList\",\"@id\":\"https:\/\/www.visit-ulcinj.com\/blog\/2016\/01\/18\/fatmir-deka-kriv-sam-cungu-jer-sam-ti-pomogao\/#breadcrumb\",\"itemListElement\":[{\"@type\":\"ListItem\",\"position\":1,\"name\":\"Fatmir \u0110eka: Kriv sam Cungu, jer sam ti pomogao\"}]},{\"@type\":\"Person\",\"@id\":\"https:\/\/www.visit-ulcinj.com\/blog\/#\/schema\/person\/dcab619c614d3038751c63bc2aadc06d\",\"name\":\"ulqini\",\"sameAs\":[\"http:\/\/www.visit-ulcinj.com\"],\"url\":\"https:\/\/www.visit-ulcinj.com\/blog\/author\/admin\/\"}]}<\/script>\n<!-- \/ Yoast SEO plugin. -->","yoast_head_json":{"title":"Fatmir \u0110eka: Kriv sam Cungu, jer sam ti pomogao - Lajme nga Ulqini","description":"\"Tra\u017ei\u0107u oprost od gra\u0111ana. Jer \u0110eka je najve\u0107i krivac \u0161to je Cungu 2011. postao predsjednik Op\u0161tine\" Autor: Samir Adrovi\u0107 Predsjednik Op\u0161tine\u00a0Ulcinj","robots":{"index":"index","follow":"follow","max-snippet":"max-snippet:-1","max-image-preview":"max-image-preview:large","max-video-preview":"max-video-preview:-1"},"canonical":"https:\/\/www.visit-ulcinj.com\/blog\/2016\/01\/18\/fatmir-deka-kriv-sam-cungu-jer-sam-ti-pomogao\/","og_locale":"en_US","og_type":"article","og_title":"Fatmir \u0110eka: Kriv sam Cungu, jer sam ti pomogao - Lajme nga Ulqini","og_description":"\"Tra\u017ei\u0107u oprost od gra\u0111ana. Jer \u0110eka je najve\u0107i krivac \u0161to je Cungu 2011. postao predsjednik Op\u0161tine\" Autor: Samir Adrovi\u0107 Predsjednik Op\u0161tine\u00a0Ulcinj","og_url":"https:\/\/www.visit-ulcinj.com\/blog\/2016\/01\/18\/fatmir-deka-kriv-sam-cungu-jer-sam-ti-pomogao\/","og_site_name":"Lajme nga Ulqini","article_published_time":"2016-01-18T18:24:31+00:00","twitter_misc":{"Written by":"ulqini","Est. reading time":"2 minutes"},"schema":{"@context":"https:\/\/schema.org","@graph":[{"@type":"WebSite","@id":"https:\/\/www.visit-ulcinj.com\/blog\/#website","url":"https:\/\/www.visit-ulcinj.com\/blog\/","name":"Lajme nga Ulqini","description":"Lajme,Vijesti,Ulqini,Ulqin,Crna Gora,Mali i Zi","potentialAction":[{"@type":"SearchAction","target":{"@type":"EntryPoint","urlTemplate":"https:\/\/www.visit-ulcinj.com\/blog\/?s={search_term_string}"},"query-input":"required name=search_term_string"}],"inLanguage":"en-US"},{"@type":"WebPage","@id":"https:\/\/www.visit-ulcinj.com\/blog\/2016\/01\/18\/fatmir-deka-kriv-sam-cungu-jer-sam-ti-pomogao\/#webpage","url":"https:\/\/www.visit-ulcinj.com\/blog\/2016\/01\/18\/fatmir-deka-kriv-sam-cungu-jer-sam-ti-pomogao\/","name":"Fatmir \u0110eka: Kriv sam Cungu, jer sam ti pomogao - Lajme nga Ulqini","isPartOf":{"@id":"https:\/\/www.visit-ulcinj.com\/blog\/#website"},"datePublished":"2016-01-18T18:24:31+00:00","dateModified":"2016-01-18T18:24:31+00:00","author":{"@id":"https:\/\/www.visit-ulcinj.com\/blog\/#\/schema\/person\/dcab619c614d3038751c63bc2aadc06d"},"description":"\"Tra\u017ei\u0107u oprost od gra\u0111ana. Jer \u0110eka je najve\u0107i krivac \u0161to je Cungu 2011. postao predsjednik Op\u0161tine\" Autor: Samir Adrovi\u0107 Predsjednik Op\u0161tine\u00a0Ulcinj","breadcrumb":{"@id":"https:\/\/www.visit-ulcinj.com\/blog\/2016\/01\/18\/fatmir-deka-kriv-sam-cungu-jer-sam-ti-pomogao\/#breadcrumb"},"inLanguage":"en-US","potentialAction":[{"@type":"ReadAction","target":["https:\/\/www.visit-ulcinj.com\/blog\/2016\/01\/18\/fatmir-deka-kriv-sam-cungu-jer-sam-ti-pomogao\/"]}]},{"@type":"BreadcrumbList","@id":"https:\/\/www.visit-ulcinj.com\/blog\/2016\/01\/18\/fatmir-deka-kriv-sam-cungu-jer-sam-ti-pomogao\/#breadcrumb","itemListElement":[{"@type":"ListItem","position":1,"name":"Fatmir \u0110eka: Kriv sam Cungu, jer sam ti pomogao"}]},{"@type":"Person","@id":"https:\/\/www.visit-ulcinj.com\/blog\/#\/schema\/person\/dcab619c614d3038751c63bc2aadc06d","name":"ulqini","sameAs":["http:\/\/www.visit-ulcinj.com"],"url":"https:\/\/www.visit-ulcinj.com\/blog\/author\/admin\/"}]}},"jetpack_featured_media_url":"","jetpack_sharing_enabled":true,"jetpack_shortlink":"https:\/\/wp.me\/pe6lTn-otU","_links":{"self":[{"href":"https:\/\/www.visit-ulcinj.com\/blog\/wp-json\/wp\/v2\/posts\/94110"}],"collection":[{"href":"https:\/\/www.visit-ulcinj.com\/blog\/wp-json\/wp\/v2\/posts"}],"about":[{"href":"https:\/\/www.visit-ulcinj.com\/blog\/wp-json\/wp\/v2\/types\/post"}],"author":[{"embeddable":true,"href":"https:\/\/www.visit-ulcinj.com\/blog\/wp-json\/wp\/v2\/users\/1"}],"replies":[{"embeddable":true,"href":"https:\/\/www.visit-ulcinj.com\/blog\/wp-json\/wp\/v2\/comments?post=94110"}],"version-history":[{"count":1,"href":"https:\/\/www.visit-ulcinj.com\/blog\/wp-json\/wp\/v2\/posts\/94110\/revisions"}],"predecessor-version":[{"id":94111,"href":"https:\/\/www.visit-ulcinj.com\/blog\/wp-json\/wp\/v2\/posts\/94110\/revisions\/94111"}],"wp:attachment":[{"href":"https:\/\/www.visit-ulcinj.com\/blog\/wp-json\/wp\/v2\/media?parent=94110"}],"wp:term":[{"taxonomy":"category","embeddable":true,"href":"https:\/\/www.visit-ulcinj.com\/blog\/wp-json\/wp\/v2\/categories?post=94110"},{"taxonomy":"post_tag","embeddable":true,"href":"https:\/\/www.visit-ulcinj.com\/blog\/wp-json\/wp\/v2\/tags?post=94110"}],"curies":[{"name":"wp","href":"https:\/\/api.w.org\/{rel}","templated":true}]}}