{"id":94116,"date":"2016-01-20T09:19:40","date_gmt":"2016-01-20T08:19:40","guid":{"rendered":"http:\/\/www.visit-ulcinj.com\/blog\/?p=94116"},"modified":"2016-01-20T09:19:40","modified_gmt":"2016-01-20T08:19:40","slug":"ulcinj-se-gusi-u-smecu-radnici-gradske-cistoce-u-strajku","status":"publish","type":"post","link":"https:\/\/www.visit-ulcinj.com\/blog\/2016\/01\/20\/ulcinj-se-gusi-u-smecu-radnici-gradske-cistoce-u-strajku\/","title":{"rendered":"Ulcinj se gu\u0161i u sme\u0107u, radnici gradske \u010disto\u0107e u \u0161trajku"},"content":{"rendered":"<p><a href=\"http:\/\/www.visit-ulcinj.com\/blog\/wp-content\/uploads\/2014\/05\/Smece-ulcinj.jpg\"><img loading=\"lazy\" class=\"alignleft wp-image-82481\" src=\"http:\/\/www.visit-ulcinj.com\/blog\/wp-content\/uploads\/2014\/05\/Smece-ulcinj.jpg\" alt=\"Smece-ulcinj\" width=\"508\" height=\"207\" srcset=\"https:\/\/www.visit-ulcinj.com\/blog\/wp-content\/uploads\/2014\/05\/Smece-ulcinj.jpg 701w, https:\/\/www.visit-ulcinj.com\/blog\/wp-content\/uploads\/2014\/05\/Smece-ulcinj-300x121.jpg 300w\" sizes=\"(max-width: 508px) 100vw, 508px\" \/><\/a>&#8220;Danas imam sastanak sa predsjednikom Op\u0161tine Fatmirom \u0110ekom. Svi znamo kakva je situacija ali poku\u0161a\u0107emo da izna\u0111emo neko rje\u0161enje. Sada vam ne mogu re\u0107i kada \u0107e po\u010deti ponovno uklanjanje otpada sa ulica i kontejnera&#8221;<\/p>\n<p><strong><span class=\"credits__author\"> Autor: Samir Adrovi\u0107 <\/span><\/strong><\/p>\n<p>Dio radnika gradske \u010disto\u0107e u Ulcinju stupio je ju\u010de popodne u \u0161trajk zbog neispla\u0107enih zarada pa je grad osvanuo zatrpan sme\u0107em u vrijeme kada se lokalna vlast nalazi u finansijskom i institucionalnom kolapsu.<\/p>\n<p>Direktor \u010cisto\u0107e Seit Katana\u00a0kazao je da su radnici pet plata u minusu i da im Op\u0161tina, kao osniva\u010d, duguje vi\u0161e od 300 hiljada eura.<\/p>\n<p>&#8220;Danas imam sastanak sa predsjednikom Op\u0161tine Fatmirom \u0110ekom. Svi znamo kakva je situacija ali poku\u0161a\u0107emo da izna\u0111emo neko rje\u0161enje. Sada vam ne mogu re\u0107i kada \u0107e po\u010deti ponovno uklanjanje otpada sa ulica i kontejnera&#8221;, kazao je Vijestima Katana.<\/p>\n<p>Lokalna vlast u Ulcinju zvani\u010dno se raspala sino\u0107 nakon \u0161to je URA i definitivno odlu\u010dila da uskrati podr\u0161ku Forci i koaliciji oko Demokratske partije. To je epilog skoro jednogodi\u0161nje krize koju je produkovalo neslaganje \u010delnika Force i Demokratske parrtije koje je kulminiralo zadnjih mjeseci. Skup\u0161tina je rijetko zasijedala a prema rije\u010dima predsjednika Op\u0161tine Fatmira \u0110eke, na usvajanje \u010deka vi\u0161e od 80 odluka.<\/p>\n<p>Zbog sva\u0111a u koaliciji, Skup\u0161tina nije usvojila rebalans bud\u017eeta za pro\u0161lu godinu \u0161to je bio uslov za dobijanje kredita od 4,2 miliona eura koji bio bio utro\u0161en na izmirivanje dugovanja radnicima Op\u0161tine i javnih preduze\u0107a i refinansiranje starijih kredita. Ni ju\u010dera\u010dnje zasijedanje na kome je trebalo da se usvoji odluka o privremenom finansiranju nije odr\u017eano zbog nedostatka kvoruma.<\/p>\n<p>\u0110eka je rekao da \u0107e zbog opstrukcija koalicionog poartnera, kredit biti operastivan tek u martu. Izlaz iz situacije zavisi od DPS, koji \u0107e prekompozijom sa Forcom ili DP, sasvim sigurno uskoro biti u vlasti a vanredni izbori trenutno su manje vjerovatnija opcija rje\u0161enja krize.<\/p>\n<p><strong>Izvor: Vijesti Online<\/strong><\/p>\n","protected":false},"excerpt":{"rendered":"<p>&#8220;Danas imam sastanak sa predsjednikom Op\u0161tine Fatmirom \u0110ekom. Svi znamo kakva je situacija ali poku\u0161a\u0107emo da izna\u0111emo neko rje\u0161enje. Sada vam ne mogu re\u0107i kada \u0107e po\u010deti ponovno uklanjanje otpada sa ulica i kontejnera&#8221; Autor: Samir Adrovi\u0107 Dio radnika gradske \u010disto\u0107e u Ulcinju stupio je ju\u010de popodne u \u0161trajk zbog neispla\u0107enih zarada pa je grad [&hellip;]<\/p>\n","protected":false},"author":1,"featured_media":0,"comment_status":"closed","ping_status":"closed","sticky":false,"template":"","format":"standard","meta":{"spay_email":"","jetpack_publicize_message":"","jetpack_is_tweetstorm":false,"jetpack_publicize_feature_enabled":true},"categories":[8337],"tags":[],"jetpack_publicize_connections":[],"yoast_head":"<!-- This site is optimized with the Yoast SEO plugin v19.1 - https:\/\/yoast.com\/wordpress\/plugins\/seo\/ -->\n<title>Ulcinj se gu\u0161i u sme\u0107u, radnici gradske \u010disto\u0107e u \u0161trajku - Lajme nga Ulqini<\/title>\n<meta name=\"description\" content=\"&quot;Danas imam sastanak sa predsjednikom Op\u0161tine Fatmirom \u0110ekom. Svi znamo kakva je situacija ali poku\u0161a\u0107emo da izna\u0111emo neko rje\u0161enje. Sada vam ne mogu re\u0107i\" \/>\n<meta name=\"robots\" content=\"index, follow, max-snippet:-1, max-image-preview:large, max-video-preview:-1\" \/>\n<link rel=\"canonical\" href=\"https:\/\/www.visit-ulcinj.com\/blog\/2016\/01\/20\/ulcinj-se-gusi-u-smecu-radnici-gradske-cistoce-u-strajku\/\" \/>\n<meta property=\"og:locale\" content=\"en_US\" \/>\n<meta property=\"og:type\" content=\"article\" \/>\n<meta property=\"og:title\" content=\"Ulcinj se gu\u0161i u sme\u0107u, radnici gradske \u010disto\u0107e u \u0161trajku - Lajme nga Ulqini\" \/>\n<meta property=\"og:description\" content=\"&quot;Danas imam sastanak sa predsjednikom Op\u0161tine Fatmirom \u0110ekom. Svi znamo kakva je situacija ali poku\u0161a\u0107emo da izna\u0111emo neko rje\u0161enje. Sada vam ne mogu re\u0107i\" \/>\n<meta property=\"og:url\" content=\"https:\/\/www.visit-ulcinj.com\/blog\/2016\/01\/20\/ulcinj-se-gusi-u-smecu-radnici-gradske-cistoce-u-strajku\/\" \/>\n<meta property=\"og:site_name\" content=\"Lajme nga Ulqini\" \/>\n<meta property=\"article:published_time\" content=\"2016-01-20T08:19:40+00:00\" \/>\n<meta property=\"og:image\" content=\"http:\/\/www.visit-ulcinj.com\/blog\/wp-content\/uploads\/2014\/05\/Smece-ulcinj.jpg\" \/>\n<meta name=\"twitter:label1\" content=\"Written by\" \/>\n\t<meta name=\"twitter:data1\" content=\"ulqini\" \/>\n\t<meta name=\"twitter:label2\" content=\"Est. reading time\" \/>\n\t<meta name=\"twitter:data2\" content=\"2 minutes\" \/>\n<script type=\"application\/ld+json\" class=\"yoast-schema-graph\">{\"@context\":\"https:\/\/schema.org\",\"@graph\":[{\"@type\":\"WebSite\",\"@id\":\"https:\/\/www.visit-ulcinj.com\/blog\/#website\",\"url\":\"https:\/\/www.visit-ulcinj.com\/blog\/\",\"name\":\"Lajme nga Ulqini\",\"description\":\"Lajme,Vijesti,Ulqini,Ulqin,Crna Gora,Mali i Zi\",\"potentialAction\":[{\"@type\":\"SearchAction\",\"target\":{\"@type\":\"EntryPoint\",\"urlTemplate\":\"https:\/\/www.visit-ulcinj.com\/blog\/?s={search_term_string}\"},\"query-input\":\"required name=search_term_string\"}],\"inLanguage\":\"en-US\"},{\"@type\":\"ImageObject\",\"inLanguage\":\"en-US\",\"@id\":\"https:\/\/www.visit-ulcinj.com\/blog\/2016\/01\/20\/ulcinj-se-gusi-u-smecu-radnici-gradske-cistoce-u-strajku\/#primaryimage\",\"url\":\"https:\/\/www.visit-ulcinj.com\/blog\/wp-content\/uploads\/2014\/05\/Smece-ulcinj.jpg\",\"contentUrl\":\"https:\/\/www.visit-ulcinj.com\/blog\/wp-content\/uploads\/2014\/05\/Smece-ulcinj.jpg\",\"width\":701,\"height\":285},{\"@type\":\"WebPage\",\"@id\":\"https:\/\/www.visit-ulcinj.com\/blog\/2016\/01\/20\/ulcinj-se-gusi-u-smecu-radnici-gradske-cistoce-u-strajku\/#webpage\",\"url\":\"https:\/\/www.visit-ulcinj.com\/blog\/2016\/01\/20\/ulcinj-se-gusi-u-smecu-radnici-gradske-cistoce-u-strajku\/\",\"name\":\"Ulcinj se gu\u0161i u sme\u0107u, radnici gradske \u010disto\u0107e u \u0161trajku - Lajme nga Ulqini\",\"isPartOf\":{\"@id\":\"https:\/\/www.visit-ulcinj.com\/blog\/#website\"},\"primaryImageOfPage\":{\"@id\":\"https:\/\/www.visit-ulcinj.com\/blog\/2016\/01\/20\/ulcinj-se-gusi-u-smecu-radnici-gradske-cistoce-u-strajku\/#primaryimage\"},\"datePublished\":\"2016-01-20T08:19:40+00:00\",\"dateModified\":\"2016-01-20T08:19:40+00:00\",\"author\":{\"@id\":\"https:\/\/www.visit-ulcinj.com\/blog\/#\/schema\/person\/dcab619c614d3038751c63bc2aadc06d\"},\"description\":\"\\\"Danas imam sastanak sa predsjednikom Op\u0161tine Fatmirom \u0110ekom. Svi znamo kakva je situacija ali poku\u0161a\u0107emo da izna\u0111emo neko rje\u0161enje. Sada vam ne mogu re\u0107i\",\"breadcrumb\":{\"@id\":\"https:\/\/www.visit-ulcinj.com\/blog\/2016\/01\/20\/ulcinj-se-gusi-u-smecu-radnici-gradske-cistoce-u-strajku\/#breadcrumb\"},\"inLanguage\":\"en-US\",\"potentialAction\":[{\"@type\":\"ReadAction\",\"target\":[\"https:\/\/www.visit-ulcinj.com\/blog\/2016\/01\/20\/ulcinj-se-gusi-u-smecu-radnici-gradske-cistoce-u-strajku\/\"]}]},{\"@type\":\"BreadcrumbList\",\"@id\":\"https:\/\/www.visit-ulcinj.com\/blog\/2016\/01\/20\/ulcinj-se-gusi-u-smecu-radnici-gradske-cistoce-u-strajku\/#breadcrumb\",\"itemListElement\":[{\"@type\":\"ListItem\",\"position\":1,\"name\":\"Ulcinj se gu\u0161i u sme\u0107u, radnici gradske \u010disto\u0107e u \u0161trajku\"}]},{\"@type\":\"Person\",\"@id\":\"https:\/\/www.visit-ulcinj.com\/blog\/#\/schema\/person\/dcab619c614d3038751c63bc2aadc06d\",\"name\":\"ulqini\",\"sameAs\":[\"http:\/\/www.visit-ulcinj.com\"],\"url\":\"https:\/\/www.visit-ulcinj.com\/blog\/author\/admin\/\"}]}<\/script>\n<!-- \/ Yoast SEO plugin. -->","yoast_head_json":{"title":"Ulcinj se gu\u0161i u sme\u0107u, radnici gradske \u010disto\u0107e u \u0161trajku - Lajme nga Ulqini","description":"\"Danas imam sastanak sa predsjednikom Op\u0161tine Fatmirom \u0110ekom. Svi znamo kakva je situacija ali poku\u0161a\u0107emo da izna\u0111emo neko rje\u0161enje. Sada vam ne mogu re\u0107i","robots":{"index":"index","follow":"follow","max-snippet":"max-snippet:-1","max-image-preview":"max-image-preview:large","max-video-preview":"max-video-preview:-1"},"canonical":"https:\/\/www.visit-ulcinj.com\/blog\/2016\/01\/20\/ulcinj-se-gusi-u-smecu-radnici-gradske-cistoce-u-strajku\/","og_locale":"en_US","og_type":"article","og_title":"Ulcinj se gu\u0161i u sme\u0107u, radnici gradske \u010disto\u0107e u \u0161trajku - Lajme nga Ulqini","og_description":"\"Danas imam sastanak sa predsjednikom Op\u0161tine Fatmirom \u0110ekom. Svi znamo kakva je situacija ali poku\u0161a\u0107emo da izna\u0111emo neko rje\u0161enje. Sada vam ne mogu re\u0107i","og_url":"https:\/\/www.visit-ulcinj.com\/blog\/2016\/01\/20\/ulcinj-se-gusi-u-smecu-radnici-gradske-cistoce-u-strajku\/","og_site_name":"Lajme nga Ulqini","article_published_time":"2016-01-20T08:19:40+00:00","og_image":[{"url":"http:\/\/www.visit-ulcinj.com\/blog\/wp-content\/uploads\/2014\/05\/Smece-ulcinj.jpg"}],"twitter_misc":{"Written by":"ulqini","Est. reading time":"2 minutes"},"schema":{"@context":"https:\/\/schema.org","@graph":[{"@type":"WebSite","@id":"https:\/\/www.visit-ulcinj.com\/blog\/#website","url":"https:\/\/www.visit-ulcinj.com\/blog\/","name":"Lajme nga Ulqini","description":"Lajme,Vijesti,Ulqini,Ulqin,Crna Gora,Mali i Zi","potentialAction":[{"@type":"SearchAction","target":{"@type":"EntryPoint","urlTemplate":"https:\/\/www.visit-ulcinj.com\/blog\/?s={search_term_string}"},"query-input":"required name=search_term_string"}],"inLanguage":"en-US"},{"@type":"ImageObject","inLanguage":"en-US","@id":"https:\/\/www.visit-ulcinj.com\/blog\/2016\/01\/20\/ulcinj-se-gusi-u-smecu-radnici-gradske-cistoce-u-strajku\/#primaryimage","url":"https:\/\/www.visit-ulcinj.com\/blog\/wp-content\/uploads\/2014\/05\/Smece-ulcinj.jpg","contentUrl":"https:\/\/www.visit-ulcinj.com\/blog\/wp-content\/uploads\/2014\/05\/Smece-ulcinj.jpg","width":701,"height":285},{"@type":"WebPage","@id":"https:\/\/www.visit-ulcinj.com\/blog\/2016\/01\/20\/ulcinj-se-gusi-u-smecu-radnici-gradske-cistoce-u-strajku\/#webpage","url":"https:\/\/www.visit-ulcinj.com\/blog\/2016\/01\/20\/ulcinj-se-gusi-u-smecu-radnici-gradske-cistoce-u-strajku\/","name":"Ulcinj se gu\u0161i u sme\u0107u, radnici gradske \u010disto\u0107e u \u0161trajku - Lajme nga Ulqini","isPartOf":{"@id":"https:\/\/www.visit-ulcinj.com\/blog\/#website"},"primaryImageOfPage":{"@id":"https:\/\/www.visit-ulcinj.com\/blog\/2016\/01\/20\/ulcinj-se-gusi-u-smecu-radnici-gradske-cistoce-u-strajku\/#primaryimage"},"datePublished":"2016-01-20T08:19:40+00:00","dateModified":"2016-01-20T08:19:40+00:00","author":{"@id":"https:\/\/www.visit-ulcinj.com\/blog\/#\/schema\/person\/dcab619c614d3038751c63bc2aadc06d"},"description":"\"Danas imam sastanak sa predsjednikom Op\u0161tine Fatmirom \u0110ekom. Svi znamo kakva je situacija ali poku\u0161a\u0107emo da izna\u0111emo neko rje\u0161enje. Sada vam ne mogu re\u0107i","breadcrumb":{"@id":"https:\/\/www.visit-ulcinj.com\/blog\/2016\/01\/20\/ulcinj-se-gusi-u-smecu-radnici-gradske-cistoce-u-strajku\/#breadcrumb"},"inLanguage":"en-US","potentialAction":[{"@type":"ReadAction","target":["https:\/\/www.visit-ulcinj.com\/blog\/2016\/01\/20\/ulcinj-se-gusi-u-smecu-radnici-gradske-cistoce-u-strajku\/"]}]},{"@type":"BreadcrumbList","@id":"https:\/\/www.visit-ulcinj.com\/blog\/2016\/01\/20\/ulcinj-se-gusi-u-smecu-radnici-gradske-cistoce-u-strajku\/#breadcrumb","itemListElement":[{"@type":"ListItem","position":1,"name":"Ulcinj se gu\u0161i u sme\u0107u, radnici gradske \u010disto\u0107e u \u0161trajku"}]},{"@type":"Person","@id":"https:\/\/www.visit-ulcinj.com\/blog\/#\/schema\/person\/dcab619c614d3038751c63bc2aadc06d","name":"ulqini","sameAs":["http:\/\/www.visit-ulcinj.com"],"url":"https:\/\/www.visit-ulcinj.com\/blog\/author\/admin\/"}]}},"jetpack_featured_media_url":"","jetpack_sharing_enabled":true,"jetpack_shortlink":"https:\/\/wp.me\/pe6lTn-ou0","_links":{"self":[{"href":"https:\/\/www.visit-ulcinj.com\/blog\/wp-json\/wp\/v2\/posts\/94116"}],"collection":[{"href":"https:\/\/www.visit-ulcinj.com\/blog\/wp-json\/wp\/v2\/posts"}],"about":[{"href":"https:\/\/www.visit-ulcinj.com\/blog\/wp-json\/wp\/v2\/types\/post"}],"author":[{"embeddable":true,"href":"https:\/\/www.visit-ulcinj.com\/blog\/wp-json\/wp\/v2\/users\/1"}],"replies":[{"embeddable":true,"href":"https:\/\/www.visit-ulcinj.com\/blog\/wp-json\/wp\/v2\/comments?post=94116"}],"version-history":[{"count":1,"href":"https:\/\/www.visit-ulcinj.com\/blog\/wp-json\/wp\/v2\/posts\/94116\/revisions"}],"predecessor-version":[{"id":94117,"href":"https:\/\/www.visit-ulcinj.com\/blog\/wp-json\/wp\/v2\/posts\/94116\/revisions\/94117"}],"wp:attachment":[{"href":"https:\/\/www.visit-ulcinj.com\/blog\/wp-json\/wp\/v2\/media?parent=94116"}],"wp:term":[{"taxonomy":"category","embeddable":true,"href":"https:\/\/www.visit-ulcinj.com\/blog\/wp-json\/wp\/v2\/categories?post=94116"},{"taxonomy":"post_tag","embeddable":true,"href":"https:\/\/www.visit-ulcinj.com\/blog\/wp-json\/wp\/v2\/tags?post=94116"}],"curies":[{"name":"wp","href":"https:\/\/api.w.org\/{rel}","templated":true}]}}