{"id":9412,"date":"2009-01-20T22:22:19","date_gmt":"2009-01-20T21:22:19","guid":{"rendered":"http:\/\/www.visit-ulcinj.com\/blog\/?p=9412"},"modified":"2009-01-20T22:22:24","modified_gmt":"2009-01-20T21:22:24","slug":"in-memoriam-dr-arben-abdullah-kurti","status":"publish","type":"post","link":"https:\/\/www.visit-ulcinj.com\/blog\/2009\/01\/20\/in-memoriam-dr-arben-abdullah-kurti\/","title":{"rendered":"IN MEMORIAM: Dr. Arben (Abdullah) Kurti"},"content":{"rendered":"<p><strong><img loading=\"lazy\" class=\"alignleft\" title=\"Dr. Arben (Abdullah) Kurti \" src=\"http:\/\/www.visit-ulcinj.com\/blog\/wp-content\/uploads\/2008\/03\/kuranilutja.thumbnail.gif\" alt=\"\" width=\"308\" height=\"272\" \/>Dr. Arben (Abdullah) Kurti (2.7.1979 &#8211; 3.1. 2009)<\/strong><br \/>\nN\u00eb mosh\u00ebn 29-vje\u00e7are nd\u00ebrroi jet\u00eb dr. Arben Abdullah Kurti. Shkoll\u00ebn fillore dhe gjimnazin e p\u00ebrfundoi n\u00eb Ulqin. N\u00eb vitin 2003 diplomoi n\u00eb Fakultetin e Mjek\u00ebsis\u00eb pran\u00eb Universitetit t\u00eb Tiran\u00ebs.<br \/>\nN\u00eb Sht\u00ebpin\u00eb e Sh\u00ebndetit n\u00eb Ulqin erdhi menj\u00ebher\u00eb pas diplomimit dhe filloi pun\u00ebn n\u00eb praktik\u00ebn e obliguar. Prej koleg\u00ebve, menaxhmentit e posa\u00e7\u00ebrisht prej pacient\u00ebve dallohet p\u00ebr cil\u00ebsit\u00eb e ve\u00e7anta: si mjek me dituri, i angazhuar p\u00ebr t\u00eb s\u00ebmurin, p\u00ebrcjellje t\u00eb mir\u00eb sa i takon mjek\u00ebsis\u00eb dhe risive n\u00eb edukimin e popullat\u00ebs n\u00eb kuadrin sh\u00ebndet\u00ebsor.<br \/>\nEdhe n\u00eb spitalin rajonal t\u00eb Tivarit ku Arbeni vazhdoi stazhin mjek\u00ebsor, bie n\u00eb sy nga udh\u00ebheq\u00ebsia si mjek me kualitete t\u00eb ve\u00e7anta dhe i jepet specializimi p\u00ebr pediatri. Ai vazhdoi pun\u00ebn n\u00eb Repartin p\u00ebr s\u00ebmundjet e f\u00ebmij\u00ebve n\u00eb Tivar, ku kishte mentor Dr. Rexhep Spuzh\u00ebn.<br \/>\nMe pun\u00ebsimin n\u00eb spitalin rajonal n\u00eb Tivarit, q\u00ebllimi i tij madhor ishte q\u00eb n\u00eb k\u00ebt\u00eb m\u00ebnyr\u00eb t\u00eb jet\u00eb ur\u00eb lidh\u00ebse nd\u00ebrmjet pacient\u00ebve dhe nj\u00ebkoh\u00ebsisht nd\u00ebrmjet dy institucioneve sh\u00ebndet\u00ebsore t\u00eb Tivarit dhe Ulqinit. Ishte ky viti i fundit i specializimit kur&#8230;<br \/>\nP\u00ebr cil\u00ebsit\u00eb e tij t\u00eb ve\u00e7anta njer\u00ebzore dhe mjek\u00ebsore d\u00ebshmojn\u00eb m\u00eb s\u00eb miri fjal\u00ebt e koleg\u00ebve dhe bashk\u00ebpun\u00ebtor\u00ebve t\u00eb tij m\u00eb t\u00eb af\u00ebrt n\u00eb tubimin p\u00ebrkujtimor, t\u00eb organizuar m\u00eb 3 janar, nga Spitali i Tivarit dhe Sht\u00ebpia e Sh\u00ebndetit n\u00eb Ulqin.<a rel=\"attachment wp-att-9413\" href=\"http:\/\/www.visit-ulcinj.com\/blog\/2009\/01\/20\/in-memoriam-dr-arben-abdullah-kurti\/karamanaga-2-2\/\"><img loading=\"lazy\" class=\"alignright size-medium wp-image-9413\" title=\"karamanaga-2\" src=\"http:\/\/www.visit-ulcinj.com\/blog\/wp-content\/uploads\/2009\/01\/karamanaga-2-300x295.jpg\" alt=\"karamanaga-2\" width=\"300\" height=\"295\" srcset=\"https:\/\/www.visit-ulcinj.com\/blog\/wp-content\/uploads\/2009\/01\/karamanaga-2-300x295.jpg 300w, https:\/\/www.visit-ulcinj.com\/blog\/wp-content\/uploads\/2009\/01\/karamanaga-2.jpg 360w\" sizes=\"(max-width: 300px) 100vw, 300px\" \/><\/a><br \/>\nMe k\u00ebt\u00eb rast, dr. Rexhep Spuzha u shpreh, n\u00eb mes tjerash, se &#8220;Beni ka pasur dashuri t\u00eb madhe p\u00ebr pediatrin\u00eb. F\u00ebmij\u00ebt e kan\u00eb dashur shum\u00eb. Kur ishte n\u00eb mesin e tyre, ata gjithmon\u00eb e prisnin me buz\u00ebqeshje&#8221;.<br \/>\nEdhe drejtori i Spitalit t\u00eb Tivarit, dr. Zoran Srzentiq, n\u00eb fjal\u00ebn e tij tha se &#8220;Dr. Beni ka qen\u00eb nj\u00eb kuad\u00ebr me perspektiv\u00eb t\u00eb madhe. Un\u00eb tek Beni kam par\u00eb kryeshefin e ardhsh\u00ebm t\u00eb repartit t\u00eb pediatris\u00eb n\u00eb spitalin ton\u00eb&#8221;.<br \/>\nEdhe si student, Dr. Arben Kurti u mor me aktivitete profesionale mjek\u00ebsore.<br \/>\nU dallua si besimtar i devotsh\u00ebm. Mori pjes\u00eb n\u00eb realizimin e librit &#8220;Udh\u00ebtim i shkurt\u00ebr n\u00ebp\u00ebr qenien njer\u00ebzore&#8221;, me tem\u00ebn &#8220;Kumtes\u00eb mbi disa \u00e7\u00ebshtje t\u00eb p\u00ebrkufizimit t\u00eb embrionit n\u00eb Kurzan&#8221;, botuar n\u00eb Tiran\u00eb n\u00eb prill 2003.<br \/>\nN\u00eb mosh\u00ebn 24-vje\u00e7are kreu nj\u00eb prej obligimeve fetare &#8211; Haxhin.<br \/>\nKa qen\u00eb i respektuar prej t\u00eb gjith\u00eb pun\u00ebtor\u00ebve t\u00eb sh\u00ebndet\u00ebsis\u00eb.<br \/>\nT\u00eb b\u00ebhesh mjek, nuk \u00ebsht\u00eb aspak e leht\u00eb, sepse shkollimi \u00ebsht\u00eb i v\u00ebshtir\u00eb dhe i gjat\u00eb. Familja e prof. Abdullah Kurtit, me mund\u00ebsi materiale t\u00eb kufizuara, ka b\u00ebr\u00eb shum\u00eb p\u00ebr shkollimin dhe edukimin e f\u00ebmij\u00ebve t\u00eb tyre.<br \/>\nHumbja e Dr. Arben Abdullah Kurtit \u00ebsht\u00eb e paz\u00ebvend\u00ebsueshme p\u00ebr sh\u00ebndet\u00ebsin\u00eb e rajonit Tivar &#8211; Ulqin, nj\u00eb dhimbje e madhe, jo vet\u00ebm p\u00ebr familjen e tij, por edhe p\u00ebr t\u00eb gjith\u00eb popullat\u00ebn ton\u00eb.<br \/>\n<strong>Prim. dr Gani Karamanaga<br \/>\nKoha Javore<\/strong><\/p>\n","protected":false},"excerpt":{"rendered":"<p>Dr. Arben (Abdullah) Kurti (2.7.1979 &#8211; 3.1. 2009) N\u00eb mosh\u00ebn 29-vje\u00e7are nd\u00ebrroi jet\u00eb dr. Arben Abdullah Kurti. Shkoll\u00ebn fillore dhe gjimnazin e p\u00ebrfundoi n\u00eb Ulqin. N\u00eb vitin 2003 diplomoi n\u00eb Fakultetin e Mjek\u00ebsis\u00eb pran\u00eb Universitetit t\u00eb Tiran\u00ebs. N\u00eb Sht\u00ebpin\u00eb e Sh\u00ebndetit n\u00eb Ulqin erdhi menj\u00ebher\u00eb pas diplomimit dhe filloi pun\u00ebn n\u00eb praktik\u00ebn e obliguar. Prej [&hellip;]<\/p>\n","protected":false},"author":1,"featured_media":0,"comment_status":"open","ping_status":"closed","sticky":false,"template":"","format":"standard","meta":{"spay_email":"","jetpack_publicize_message":"","jetpack_is_tweetstorm":false,"jetpack_publicize_feature_enabled":true},"categories":[11],"tags":[5930,5932,5933,5928,5929,2090,5931,95,1653,995,5934,213,200,18],"jetpack_publicize_connections":[],"yoast_head":"<!-- This site is optimized with the Yoast SEO plugin v19.1 - https:\/\/yoast.com\/wordpress\/plugins\/seo\/ -->\n<title>IN MEMORIAM: Dr. Arben (Abdullah) Kurti - Lajme nga Ulqini<\/title>\n<meta name=\"description\" content=\"Dr. Arben (Abdullah) Kurti (2.7.1979 - 3.1. 2009) N\u00eb mosh\u00ebn 29-vje\u00e7are nd\u00ebrroi jet\u00eb dr. Arben Abdullah Kurti. Shkoll\u00ebn fillore dhe gjimnazin e p\u00ebrfundoi\" \/>\n<meta name=\"robots\" content=\"index, follow, max-snippet:-1, max-image-preview:large, max-video-preview:-1\" \/>\n<link rel=\"canonical\" href=\"https:\/\/www.visit-ulcinj.com\/blog\/2009\/01\/20\/in-memoriam-dr-arben-abdullah-kurti\/\" \/>\n<meta property=\"og:locale\" content=\"en_US\" \/>\n<meta property=\"og:type\" content=\"article\" \/>\n<meta property=\"og:title\" content=\"IN MEMORIAM: Dr. Arben (Abdullah) Kurti - Lajme nga Ulqini\" \/>\n<meta property=\"og:description\" content=\"Dr. Arben (Abdullah) Kurti (2.7.1979 - 3.1. 2009) N\u00eb mosh\u00ebn 29-vje\u00e7are nd\u00ebrroi jet\u00eb dr. Arben Abdullah Kurti. Shkoll\u00ebn fillore dhe gjimnazin e p\u00ebrfundoi\" \/>\n<meta property=\"og:url\" content=\"https:\/\/www.visit-ulcinj.com\/blog\/2009\/01\/20\/in-memoriam-dr-arben-abdullah-kurti\/\" \/>\n<meta property=\"og:site_name\" content=\"Lajme nga Ulqini\" \/>\n<meta property=\"article:published_time\" content=\"2009-01-20T21:22:19+00:00\" \/>\n<meta property=\"article:modified_time\" content=\"2009-01-20T21:22:24+00:00\" \/>\n<meta property=\"og:image\" content=\"http:\/\/www.visit-ulcinj.com\/blog\/wp-content\/uploads\/2008\/03\/kuranilutja.thumbnail.gif\" \/>\n<meta name=\"twitter:label1\" content=\"Written by\" \/>\n\t<meta name=\"twitter:data1\" content=\"ulqini\" \/>\n\t<meta name=\"twitter:label2\" content=\"Est. reading time\" \/>\n\t<meta name=\"twitter:data2\" content=\"3 minutes\" \/>\n<script type=\"application\/ld+json\" class=\"yoast-schema-graph\">{\"@context\":\"https:\/\/schema.org\",\"@graph\":[{\"@type\":\"WebSite\",\"@id\":\"https:\/\/www.visit-ulcinj.com\/blog\/#website\",\"url\":\"https:\/\/www.visit-ulcinj.com\/blog\/\",\"name\":\"Lajme nga Ulqini\",\"description\":\"Lajme,Vijesti,Ulqini,Ulqin,Crna Gora,Mali i Zi\",\"potentialAction\":[{\"@type\":\"SearchAction\",\"target\":{\"@type\":\"EntryPoint\",\"urlTemplate\":\"https:\/\/www.visit-ulcinj.com\/blog\/?s={search_term_string}\"},\"query-input\":\"required name=search_term_string\"}],\"inLanguage\":\"en-US\"},{\"@type\":\"ImageObject\",\"inLanguage\":\"en-US\",\"@id\":\"https:\/\/www.visit-ulcinj.com\/blog\/2009\/01\/20\/in-memoriam-dr-arben-abdullah-kurti\/#primaryimage\",\"url\":\"http:\/\/www.visit-ulcinj.com\/blog\/wp-content\/uploads\/2008\/03\/kuranilutja.thumbnail.gif\",\"contentUrl\":\"http:\/\/www.visit-ulcinj.com\/blog\/wp-content\/uploads\/2008\/03\/kuranilutja.thumbnail.gif\"},{\"@type\":\"WebPage\",\"@id\":\"https:\/\/www.visit-ulcinj.com\/blog\/2009\/01\/20\/in-memoriam-dr-arben-abdullah-kurti\/#webpage\",\"url\":\"https:\/\/www.visit-ulcinj.com\/blog\/2009\/01\/20\/in-memoriam-dr-arben-abdullah-kurti\/\",\"name\":\"IN MEMORIAM: Dr. Arben (Abdullah) Kurti - Lajme nga Ulqini\",\"isPartOf\":{\"@id\":\"https:\/\/www.visit-ulcinj.com\/blog\/#website\"},\"primaryImageOfPage\":{\"@id\":\"https:\/\/www.visit-ulcinj.com\/blog\/2009\/01\/20\/in-memoriam-dr-arben-abdullah-kurti\/#primaryimage\"},\"datePublished\":\"2009-01-20T21:22:19+00:00\",\"dateModified\":\"2009-01-20T21:22:24+00:00\",\"author\":{\"@id\":\"https:\/\/www.visit-ulcinj.com\/blog\/#\/schema\/person\/dcab619c614d3038751c63bc2aadc06d\"},\"description\":\"Dr. Arben (Abdullah) Kurti (2.7.1979 - 3.1. 2009) N\u00eb mosh\u00ebn 29-vje\u00e7are nd\u00ebrroi jet\u00eb dr. Arben Abdullah Kurti. Shkoll\u00ebn fillore dhe gjimnazin e p\u00ebrfundoi\",\"breadcrumb\":{\"@id\":\"https:\/\/www.visit-ulcinj.com\/blog\/2009\/01\/20\/in-memoriam-dr-arben-abdullah-kurti\/#breadcrumb\"},\"inLanguage\":\"en-US\",\"potentialAction\":[{\"@type\":\"ReadAction\",\"target\":[\"https:\/\/www.visit-ulcinj.com\/blog\/2009\/01\/20\/in-memoriam-dr-arben-abdullah-kurti\/\"]}]},{\"@type\":\"BreadcrumbList\",\"@id\":\"https:\/\/www.visit-ulcinj.com\/blog\/2009\/01\/20\/in-memoriam-dr-arben-abdullah-kurti\/#breadcrumb\",\"itemListElement\":[{\"@type\":\"ListItem\",\"position\":1,\"name\":\"IN MEMORIAM: Dr. Arben (Abdullah) Kurti\"}]},{\"@type\":\"Person\",\"@id\":\"https:\/\/www.visit-ulcinj.com\/blog\/#\/schema\/person\/dcab619c614d3038751c63bc2aadc06d\",\"name\":\"ulqini\",\"sameAs\":[\"http:\/\/www.visit-ulcinj.com\"],\"url\":\"https:\/\/www.visit-ulcinj.com\/blog\/author\/admin\/\"}]}<\/script>\n<!-- \/ Yoast SEO plugin. -->","yoast_head_json":{"title":"IN MEMORIAM: Dr. Arben (Abdullah) Kurti - Lajme nga Ulqini","description":"Dr. Arben (Abdullah) Kurti (2.7.1979 - 3.1. 2009) N\u00eb mosh\u00ebn 29-vje\u00e7are nd\u00ebrroi jet\u00eb dr. Arben Abdullah Kurti. Shkoll\u00ebn fillore dhe gjimnazin e p\u00ebrfundoi","robots":{"index":"index","follow":"follow","max-snippet":"max-snippet:-1","max-image-preview":"max-image-preview:large","max-video-preview":"max-video-preview:-1"},"canonical":"https:\/\/www.visit-ulcinj.com\/blog\/2009\/01\/20\/in-memoriam-dr-arben-abdullah-kurti\/","og_locale":"en_US","og_type":"article","og_title":"IN MEMORIAM: Dr. Arben (Abdullah) Kurti - Lajme nga Ulqini","og_description":"Dr. Arben (Abdullah) Kurti (2.7.1979 - 3.1. 2009) N\u00eb mosh\u00ebn 29-vje\u00e7are nd\u00ebrroi jet\u00eb dr. Arben Abdullah Kurti. Shkoll\u00ebn fillore dhe gjimnazin e p\u00ebrfundoi","og_url":"https:\/\/www.visit-ulcinj.com\/blog\/2009\/01\/20\/in-memoriam-dr-arben-abdullah-kurti\/","og_site_name":"Lajme nga Ulqini","article_published_time":"2009-01-20T21:22:19+00:00","article_modified_time":"2009-01-20T21:22:24+00:00","og_image":[{"url":"http:\/\/www.visit-ulcinj.com\/blog\/wp-content\/uploads\/2008\/03\/kuranilutja.thumbnail.gif"}],"twitter_misc":{"Written by":"ulqini","Est. reading time":"3 minutes"},"schema":{"@context":"https:\/\/schema.org","@graph":[{"@type":"WebSite","@id":"https:\/\/www.visit-ulcinj.com\/blog\/#website","url":"https:\/\/www.visit-ulcinj.com\/blog\/","name":"Lajme nga Ulqini","description":"Lajme,Vijesti,Ulqini,Ulqin,Crna Gora,Mali i Zi","potentialAction":[{"@type":"SearchAction","target":{"@type":"EntryPoint","urlTemplate":"https:\/\/www.visit-ulcinj.com\/blog\/?s={search_term_string}"},"query-input":"required name=search_term_string"}],"inLanguage":"en-US"},{"@type":"ImageObject","inLanguage":"en-US","@id":"https:\/\/www.visit-ulcinj.com\/blog\/2009\/01\/20\/in-memoriam-dr-arben-abdullah-kurti\/#primaryimage","url":"http:\/\/www.visit-ulcinj.com\/blog\/wp-content\/uploads\/2008\/03\/kuranilutja.thumbnail.gif","contentUrl":"http:\/\/www.visit-ulcinj.com\/blog\/wp-content\/uploads\/2008\/03\/kuranilutja.thumbnail.gif"},{"@type":"WebPage","@id":"https:\/\/www.visit-ulcinj.com\/blog\/2009\/01\/20\/in-memoriam-dr-arben-abdullah-kurti\/#webpage","url":"https:\/\/www.visit-ulcinj.com\/blog\/2009\/01\/20\/in-memoriam-dr-arben-abdullah-kurti\/","name":"IN MEMORIAM: Dr. Arben (Abdullah) Kurti - Lajme nga Ulqini","isPartOf":{"@id":"https:\/\/www.visit-ulcinj.com\/blog\/#website"},"primaryImageOfPage":{"@id":"https:\/\/www.visit-ulcinj.com\/blog\/2009\/01\/20\/in-memoriam-dr-arben-abdullah-kurti\/#primaryimage"},"datePublished":"2009-01-20T21:22:19+00:00","dateModified":"2009-01-20T21:22:24+00:00","author":{"@id":"https:\/\/www.visit-ulcinj.com\/blog\/#\/schema\/person\/dcab619c614d3038751c63bc2aadc06d"},"description":"Dr. Arben (Abdullah) Kurti (2.7.1979 - 3.1. 2009) N\u00eb mosh\u00ebn 29-vje\u00e7are nd\u00ebrroi jet\u00eb dr. Arben Abdullah Kurti. Shkoll\u00ebn fillore dhe gjimnazin e p\u00ebrfundoi","breadcrumb":{"@id":"https:\/\/www.visit-ulcinj.com\/blog\/2009\/01\/20\/in-memoriam-dr-arben-abdullah-kurti\/#breadcrumb"},"inLanguage":"en-US","potentialAction":[{"@type":"ReadAction","target":["https:\/\/www.visit-ulcinj.com\/blog\/2009\/01\/20\/in-memoriam-dr-arben-abdullah-kurti\/"]}]},{"@type":"BreadcrumbList","@id":"https:\/\/www.visit-ulcinj.com\/blog\/2009\/01\/20\/in-memoriam-dr-arben-abdullah-kurti\/#breadcrumb","itemListElement":[{"@type":"ListItem","position":1,"name":"IN MEMORIAM: Dr. Arben (Abdullah) Kurti"}]},{"@type":"Person","@id":"https:\/\/www.visit-ulcinj.com\/blog\/#\/schema\/person\/dcab619c614d3038751c63bc2aadc06d","name":"ulqini","sameAs":["http:\/\/www.visit-ulcinj.com"],"url":"https:\/\/www.visit-ulcinj.com\/blog\/author\/admin\/"}]}},"jetpack_featured_media_url":"","jetpack_sharing_enabled":true,"jetpack_shortlink":"https:\/\/wp.me\/pe6lTn-2rO","_links":{"self":[{"href":"https:\/\/www.visit-ulcinj.com\/blog\/wp-json\/wp\/v2\/posts\/9412"}],"collection":[{"href":"https:\/\/www.visit-ulcinj.com\/blog\/wp-json\/wp\/v2\/posts"}],"about":[{"href":"https:\/\/www.visit-ulcinj.com\/blog\/wp-json\/wp\/v2\/types\/post"}],"author":[{"embeddable":true,"href":"https:\/\/www.visit-ulcinj.com\/blog\/wp-json\/wp\/v2\/users\/1"}],"replies":[{"embeddable":true,"href":"https:\/\/www.visit-ulcinj.com\/blog\/wp-json\/wp\/v2\/comments?post=9412"}],"version-history":[{"count":0,"href":"https:\/\/www.visit-ulcinj.com\/blog\/wp-json\/wp\/v2\/posts\/9412\/revisions"}],"wp:attachment":[{"href":"https:\/\/www.visit-ulcinj.com\/blog\/wp-json\/wp\/v2\/media?parent=9412"}],"wp:term":[{"taxonomy":"category","embeddable":true,"href":"https:\/\/www.visit-ulcinj.com\/blog\/wp-json\/wp\/v2\/categories?post=9412"},{"taxonomy":"post_tag","embeddable":true,"href":"https:\/\/www.visit-ulcinj.com\/blog\/wp-json\/wp\/v2\/tags?post=9412"}],"curies":[{"name":"wp","href":"https:\/\/api.w.org\/{rel}","templated":true}]}}