{"id":94124,"date":"2016-01-20T10:19:27","date_gmt":"2016-01-20T09:19:27","guid":{"rendered":"http:\/\/www.visit-ulcinj.com\/blog\/?p=94124"},"modified":"2016-01-20T10:19:27","modified_gmt":"2016-01-20T09:19:27","slug":"punetoret-e-pastrimit-ne-ulqin-6-muaj-pa-u-paguar","status":"publish","type":"post","link":"https:\/\/www.visit-ulcinj.com\/blog\/2016\/01\/20\/punetoret-e-pastrimit-ne-ulqin-6-muaj-pa-u-paguar\/","title":{"rendered":"Pun\u00ebtor\u00ebt e pastrimit n\u00eb Ulqin 6 muaj pa u paguar"},"content":{"rendered":"<p><a href=\"http:\/\/www.visit-ulcinj.com\/blog\/wp-content\/uploads\/2016\/01\/Mbeturinat-ne-Ulqin.jpg\"><img loading=\"lazy\" class=\"alignleft wp-image-94125\" src=\"http:\/\/www.visit-ulcinj.com\/blog\/wp-content\/uploads\/2016\/01\/Mbeturinat-ne-Ulqin.jpg\" alt=\"Mbeturinat ne Ulqin\" width=\"508\" height=\"286\" srcset=\"https:\/\/www.visit-ulcinj.com\/blog\/wp-content\/uploads\/2016\/01\/Mbeturinat-ne-Ulqin.jpg 960w, https:\/\/www.visit-ulcinj.com\/blog\/wp-content\/uploads\/2016\/01\/Mbeturinat-ne-Ulqin-300x169.jpg 300w\" sizes=\"(max-width: 508px) 100vw, 508px\" \/><\/a>Puntor\u00ebt e NP \u201cVeprimtarit\u00eb Komunale\u201d,\u00a0gjegj\u00ebsisht shofer\u00ebt,\u00a0kan\u00eb tre dit\u00eb q\u00eb jan\u00eb n\u00eb grev\u00eb p\u00ebr shkak t\u00eb pagave t\u00eb pa paguara nga muaji gusht. Si rezultat i\u00a0k\u00ebsaj, rrug\u00ebt e qytetit jan\u00eb t\u00eb mbushura me mbeturina. Kjo nuk \u00ebsht\u00eb hera e par\u00eb q\u00eb k\u00ebta puntor\u00eb jan\u00eb n\u00eb grev\u00eb p\u00ebr shkak t\u00eb mos marrjes s\u00eb pagave mujore. Drejtori i\u00a0kisaj ndermarrje Sait Katana p\u00ebr televizionin Teuta se deri te kjo gjendje ka ardhur si rezultat i t\u00eb\u00a0ardhurave t\u00eb cilat i\u00a0detyrohet Komuna e Ulqinit k\u00ebsaj nd\u00ebrmarrjeje, ku p\u00ebr vitin 2015 nga 437.007.50 euro q\u00eb ju detyrohet komuna ato kan\u00eb shlyer vet\u00ebm\u00a0 76 . 500.00 euro<\/p>\n<p><a href=\"http:\/\/www.visit-ulcinj.com\/blog\/wp-content\/uploads\/2016\/01\/Mbeturinat-ne-Ulqin-1.jpg\"><img loading=\"lazy\" class=\"alignleft wp-image-94126\" src=\"http:\/\/www.visit-ulcinj.com\/blog\/wp-content\/uploads\/2016\/01\/Mbeturinat-ne-Ulqin-1.jpg\" alt=\"Mbeturinat ne Ulqin-1\" width=\"508\" height=\"299\" srcset=\"https:\/\/www.visit-ulcinj.com\/blog\/wp-content\/uploads\/2016\/01\/Mbeturinat-ne-Ulqin-1.jpg 970w, https:\/\/www.visit-ulcinj.com\/blog\/wp-content\/uploads\/2016\/01\/Mbeturinat-ne-Ulqin-1-300x176.jpg 300w\" sizes=\"(max-width: 508px) 100vw, 508px\" \/><\/a><\/p>\n<p>P\u00ebrve\u00e7 pagave puntor\u00ebve u detyrohen edhe 100.000 euro n\u00eb form\u00eb t\u00eb kontributeve.<\/p>\n<p>Drejtori Katana nuk ka mundur t\u00eb jap\u00eb nje dat\u00eb t\u00eb caktuar se kur do t\u00eb mund t\u00eb shlyej\u00eb pagat e puntor\u00ebve, qoft\u00eb ajo edhe nj\u00eb t\u00eb vetme, kurse greva do t\u00eb vazhdoj\u00eb edhe n\u00eb dit\u00ebt n\u00eb vijim.<\/p>\n<p>Lajm.me<\/p>\n","protected":false},"excerpt":{"rendered":"<p>Puntor\u00ebt e NP \u201cVeprimtarit\u00eb Komunale\u201d,\u00a0gjegj\u00ebsisht shofer\u00ebt,\u00a0kan\u00eb tre dit\u00eb q\u00eb jan\u00eb n\u00eb grev\u00eb p\u00ebr shkak t\u00eb pagave t\u00eb pa paguara nga muaji gusht. Si rezultat i\u00a0k\u00ebsaj, rrug\u00ebt e qytetit jan\u00eb t\u00eb mbushura me mbeturina. Kjo nuk \u00ebsht\u00eb hera e par\u00eb q\u00eb k\u00ebta puntor\u00eb jan\u00eb n\u00eb grev\u00eb p\u00ebr shkak t\u00eb mos marrjes s\u00eb pagave mujore. Drejtori i\u00a0kisaj [&hellip;]<\/p>\n","protected":false},"author":1,"featured_media":0,"comment_status":"closed","ping_status":"closed","sticky":false,"template":"","format":"standard","meta":{"spay_email":"","jetpack_publicize_message":"","jetpack_is_tweetstorm":false,"jetpack_publicize_feature_enabled":true},"categories":[6950],"tags":[],"jetpack_publicize_connections":[],"yoast_head":"<!-- This site is optimized with the Yoast SEO plugin v19.1 - https:\/\/yoast.com\/wordpress\/plugins\/seo\/ -->\n<title>Pun\u00ebtor\u00ebt e pastrimit n\u00eb Ulqin 6 muaj pa u paguar - Lajme nga Ulqini<\/title>\n<meta name=\"description\" content=\"Puntor\u00ebt e NP \u201cVeprimtarit\u00eb Komunale\u201d,\u00a0gjegj\u00ebsisht shofer\u00ebt,\u00a0kan\u00eb tre dit\u00eb q\u00eb jan\u00eb n\u00eb grev\u00eb p\u00ebr shkak t\u00eb pagave t\u00eb pa paguara nga muaji gusht. Si rezultat\" \/>\n<meta name=\"robots\" content=\"index, follow, max-snippet:-1, max-image-preview:large, max-video-preview:-1\" \/>\n<link rel=\"canonical\" href=\"https:\/\/www.visit-ulcinj.com\/blog\/2016\/01\/20\/punetoret-e-pastrimit-ne-ulqin-6-muaj-pa-u-paguar\/\" \/>\n<meta property=\"og:locale\" content=\"en_US\" \/>\n<meta property=\"og:type\" content=\"article\" \/>\n<meta property=\"og:title\" content=\"Pun\u00ebtor\u00ebt e pastrimit n\u00eb Ulqin 6 muaj pa u paguar - Lajme nga Ulqini\" \/>\n<meta property=\"og:description\" content=\"Puntor\u00ebt e NP \u201cVeprimtarit\u00eb Komunale\u201d,\u00a0gjegj\u00ebsisht shofer\u00ebt,\u00a0kan\u00eb tre dit\u00eb q\u00eb jan\u00eb n\u00eb grev\u00eb p\u00ebr shkak t\u00eb pagave t\u00eb pa paguara nga muaji gusht. Si rezultat\" \/>\n<meta property=\"og:url\" content=\"https:\/\/www.visit-ulcinj.com\/blog\/2016\/01\/20\/punetoret-e-pastrimit-ne-ulqin-6-muaj-pa-u-paguar\/\" \/>\n<meta property=\"og:site_name\" content=\"Lajme nga Ulqini\" \/>\n<meta property=\"article:published_time\" content=\"2016-01-20T09:19:27+00:00\" \/>\n<meta property=\"og:image\" content=\"http:\/\/www.visit-ulcinj.com\/blog\/wp-content\/uploads\/2016\/01\/Mbeturinat-ne-Ulqin.jpg\" \/>\n<meta name=\"twitter:label1\" content=\"Written by\" \/>\n\t<meta name=\"twitter:data1\" content=\"ulqini\" \/>\n\t<meta name=\"twitter:label2\" content=\"Est. reading time\" \/>\n\t<meta name=\"twitter:data2\" content=\"1 minute\" \/>\n<script type=\"application\/ld+json\" class=\"yoast-schema-graph\">{\"@context\":\"https:\/\/schema.org\",\"@graph\":[{\"@type\":\"WebSite\",\"@id\":\"https:\/\/www.visit-ulcinj.com\/blog\/#website\",\"url\":\"https:\/\/www.visit-ulcinj.com\/blog\/\",\"name\":\"Lajme nga Ulqini\",\"description\":\"Lajme,Vijesti,Ulqini,Ulqin,Crna Gora,Mali i Zi\",\"potentialAction\":[{\"@type\":\"SearchAction\",\"target\":{\"@type\":\"EntryPoint\",\"urlTemplate\":\"https:\/\/www.visit-ulcinj.com\/blog\/?s={search_term_string}\"},\"query-input\":\"required name=search_term_string\"}],\"inLanguage\":\"en-US\"},{\"@type\":\"ImageObject\",\"inLanguage\":\"en-US\",\"@id\":\"https:\/\/www.visit-ulcinj.com\/blog\/2016\/01\/20\/punetoret-e-pastrimit-ne-ulqin-6-muaj-pa-u-paguar\/#primaryimage\",\"url\":\"https:\/\/www.visit-ulcinj.com\/blog\/wp-content\/uploads\/2016\/01\/Mbeturinat-ne-Ulqin.jpg\",\"contentUrl\":\"https:\/\/www.visit-ulcinj.com\/blog\/wp-content\/uploads\/2016\/01\/Mbeturinat-ne-Ulqin.jpg\",\"width\":960,\"height\":541},{\"@type\":\"WebPage\",\"@id\":\"https:\/\/www.visit-ulcinj.com\/blog\/2016\/01\/20\/punetoret-e-pastrimit-ne-ulqin-6-muaj-pa-u-paguar\/#webpage\",\"url\":\"https:\/\/www.visit-ulcinj.com\/blog\/2016\/01\/20\/punetoret-e-pastrimit-ne-ulqin-6-muaj-pa-u-paguar\/\",\"name\":\"Pun\u00ebtor\u00ebt e pastrimit n\u00eb Ulqin 6 muaj pa u paguar - Lajme nga Ulqini\",\"isPartOf\":{\"@id\":\"https:\/\/www.visit-ulcinj.com\/blog\/#website\"},\"primaryImageOfPage\":{\"@id\":\"https:\/\/www.visit-ulcinj.com\/blog\/2016\/01\/20\/punetoret-e-pastrimit-ne-ulqin-6-muaj-pa-u-paguar\/#primaryimage\"},\"datePublished\":\"2016-01-20T09:19:27+00:00\",\"dateModified\":\"2016-01-20T09:19:27+00:00\",\"author\":{\"@id\":\"https:\/\/www.visit-ulcinj.com\/blog\/#\/schema\/person\/dcab619c614d3038751c63bc2aadc06d\"},\"description\":\"Puntor\u00ebt e NP \u201cVeprimtarit\u00eb Komunale\u201d,\u00a0gjegj\u00ebsisht shofer\u00ebt,\u00a0kan\u00eb tre dit\u00eb q\u00eb jan\u00eb n\u00eb grev\u00eb p\u00ebr shkak t\u00eb pagave t\u00eb pa paguara nga muaji gusht. Si rezultat\",\"breadcrumb\":{\"@id\":\"https:\/\/www.visit-ulcinj.com\/blog\/2016\/01\/20\/punetoret-e-pastrimit-ne-ulqin-6-muaj-pa-u-paguar\/#breadcrumb\"},\"inLanguage\":\"en-US\",\"potentialAction\":[{\"@type\":\"ReadAction\",\"target\":[\"https:\/\/www.visit-ulcinj.com\/blog\/2016\/01\/20\/punetoret-e-pastrimit-ne-ulqin-6-muaj-pa-u-paguar\/\"]}]},{\"@type\":\"BreadcrumbList\",\"@id\":\"https:\/\/www.visit-ulcinj.com\/blog\/2016\/01\/20\/punetoret-e-pastrimit-ne-ulqin-6-muaj-pa-u-paguar\/#breadcrumb\",\"itemListElement\":[{\"@type\":\"ListItem\",\"position\":1,\"name\":\"Pun\u00ebtor\u00ebt e pastrimit n\u00eb Ulqin 6 muaj pa u paguar\"}]},{\"@type\":\"Person\",\"@id\":\"https:\/\/www.visit-ulcinj.com\/blog\/#\/schema\/person\/dcab619c614d3038751c63bc2aadc06d\",\"name\":\"ulqini\",\"sameAs\":[\"http:\/\/www.visit-ulcinj.com\"],\"url\":\"https:\/\/www.visit-ulcinj.com\/blog\/author\/admin\/\"}]}<\/script>\n<!-- \/ Yoast SEO plugin. -->","yoast_head_json":{"title":"Pun\u00ebtor\u00ebt e pastrimit n\u00eb Ulqin 6 muaj pa u paguar - Lajme nga Ulqini","description":"Puntor\u00ebt e NP \u201cVeprimtarit\u00eb Komunale\u201d,\u00a0gjegj\u00ebsisht shofer\u00ebt,\u00a0kan\u00eb tre dit\u00eb q\u00eb jan\u00eb n\u00eb grev\u00eb p\u00ebr shkak t\u00eb pagave t\u00eb pa paguara nga muaji gusht. Si rezultat","robots":{"index":"index","follow":"follow","max-snippet":"max-snippet:-1","max-image-preview":"max-image-preview:large","max-video-preview":"max-video-preview:-1"},"canonical":"https:\/\/www.visit-ulcinj.com\/blog\/2016\/01\/20\/punetoret-e-pastrimit-ne-ulqin-6-muaj-pa-u-paguar\/","og_locale":"en_US","og_type":"article","og_title":"Pun\u00ebtor\u00ebt e pastrimit n\u00eb Ulqin 6 muaj pa u paguar - Lajme nga Ulqini","og_description":"Puntor\u00ebt e NP \u201cVeprimtarit\u00eb Komunale\u201d,\u00a0gjegj\u00ebsisht shofer\u00ebt,\u00a0kan\u00eb tre dit\u00eb q\u00eb jan\u00eb n\u00eb grev\u00eb p\u00ebr shkak t\u00eb pagave t\u00eb pa paguara nga muaji gusht. Si rezultat","og_url":"https:\/\/www.visit-ulcinj.com\/blog\/2016\/01\/20\/punetoret-e-pastrimit-ne-ulqin-6-muaj-pa-u-paguar\/","og_site_name":"Lajme nga Ulqini","article_published_time":"2016-01-20T09:19:27+00:00","og_image":[{"url":"http:\/\/www.visit-ulcinj.com\/blog\/wp-content\/uploads\/2016\/01\/Mbeturinat-ne-Ulqin.jpg"}],"twitter_misc":{"Written by":"ulqini","Est. reading time":"1 minute"},"schema":{"@context":"https:\/\/schema.org","@graph":[{"@type":"WebSite","@id":"https:\/\/www.visit-ulcinj.com\/blog\/#website","url":"https:\/\/www.visit-ulcinj.com\/blog\/","name":"Lajme nga Ulqini","description":"Lajme,Vijesti,Ulqini,Ulqin,Crna Gora,Mali i Zi","potentialAction":[{"@type":"SearchAction","target":{"@type":"EntryPoint","urlTemplate":"https:\/\/www.visit-ulcinj.com\/blog\/?s={search_term_string}"},"query-input":"required name=search_term_string"}],"inLanguage":"en-US"},{"@type":"ImageObject","inLanguage":"en-US","@id":"https:\/\/www.visit-ulcinj.com\/blog\/2016\/01\/20\/punetoret-e-pastrimit-ne-ulqin-6-muaj-pa-u-paguar\/#primaryimage","url":"https:\/\/www.visit-ulcinj.com\/blog\/wp-content\/uploads\/2016\/01\/Mbeturinat-ne-Ulqin.jpg","contentUrl":"https:\/\/www.visit-ulcinj.com\/blog\/wp-content\/uploads\/2016\/01\/Mbeturinat-ne-Ulqin.jpg","width":960,"height":541},{"@type":"WebPage","@id":"https:\/\/www.visit-ulcinj.com\/blog\/2016\/01\/20\/punetoret-e-pastrimit-ne-ulqin-6-muaj-pa-u-paguar\/#webpage","url":"https:\/\/www.visit-ulcinj.com\/blog\/2016\/01\/20\/punetoret-e-pastrimit-ne-ulqin-6-muaj-pa-u-paguar\/","name":"Pun\u00ebtor\u00ebt e pastrimit n\u00eb Ulqin 6 muaj pa u paguar - Lajme nga Ulqini","isPartOf":{"@id":"https:\/\/www.visit-ulcinj.com\/blog\/#website"},"primaryImageOfPage":{"@id":"https:\/\/www.visit-ulcinj.com\/blog\/2016\/01\/20\/punetoret-e-pastrimit-ne-ulqin-6-muaj-pa-u-paguar\/#primaryimage"},"datePublished":"2016-01-20T09:19:27+00:00","dateModified":"2016-01-20T09:19:27+00:00","author":{"@id":"https:\/\/www.visit-ulcinj.com\/blog\/#\/schema\/person\/dcab619c614d3038751c63bc2aadc06d"},"description":"Puntor\u00ebt e NP \u201cVeprimtarit\u00eb Komunale\u201d,\u00a0gjegj\u00ebsisht shofer\u00ebt,\u00a0kan\u00eb tre dit\u00eb q\u00eb jan\u00eb n\u00eb grev\u00eb p\u00ebr shkak t\u00eb pagave t\u00eb pa paguara nga muaji gusht. Si rezultat","breadcrumb":{"@id":"https:\/\/www.visit-ulcinj.com\/blog\/2016\/01\/20\/punetoret-e-pastrimit-ne-ulqin-6-muaj-pa-u-paguar\/#breadcrumb"},"inLanguage":"en-US","potentialAction":[{"@type":"ReadAction","target":["https:\/\/www.visit-ulcinj.com\/blog\/2016\/01\/20\/punetoret-e-pastrimit-ne-ulqin-6-muaj-pa-u-paguar\/"]}]},{"@type":"BreadcrumbList","@id":"https:\/\/www.visit-ulcinj.com\/blog\/2016\/01\/20\/punetoret-e-pastrimit-ne-ulqin-6-muaj-pa-u-paguar\/#breadcrumb","itemListElement":[{"@type":"ListItem","position":1,"name":"Pun\u00ebtor\u00ebt e pastrimit n\u00eb Ulqin 6 muaj pa u paguar"}]},{"@type":"Person","@id":"https:\/\/www.visit-ulcinj.com\/blog\/#\/schema\/person\/dcab619c614d3038751c63bc2aadc06d","name":"ulqini","sameAs":["http:\/\/www.visit-ulcinj.com"],"url":"https:\/\/www.visit-ulcinj.com\/blog\/author\/admin\/"}]}},"jetpack_featured_media_url":"","jetpack_sharing_enabled":true,"jetpack_shortlink":"https:\/\/wp.me\/pe6lTn-ou8","_links":{"self":[{"href":"https:\/\/www.visit-ulcinj.com\/blog\/wp-json\/wp\/v2\/posts\/94124"}],"collection":[{"href":"https:\/\/www.visit-ulcinj.com\/blog\/wp-json\/wp\/v2\/posts"}],"about":[{"href":"https:\/\/www.visit-ulcinj.com\/blog\/wp-json\/wp\/v2\/types\/post"}],"author":[{"embeddable":true,"href":"https:\/\/www.visit-ulcinj.com\/blog\/wp-json\/wp\/v2\/users\/1"}],"replies":[{"embeddable":true,"href":"https:\/\/www.visit-ulcinj.com\/blog\/wp-json\/wp\/v2\/comments?post=94124"}],"version-history":[{"count":1,"href":"https:\/\/www.visit-ulcinj.com\/blog\/wp-json\/wp\/v2\/posts\/94124\/revisions"}],"predecessor-version":[{"id":94127,"href":"https:\/\/www.visit-ulcinj.com\/blog\/wp-json\/wp\/v2\/posts\/94124\/revisions\/94127"}],"wp:attachment":[{"href":"https:\/\/www.visit-ulcinj.com\/blog\/wp-json\/wp\/v2\/media?parent=94124"}],"wp:term":[{"taxonomy":"category","embeddable":true,"href":"https:\/\/www.visit-ulcinj.com\/blog\/wp-json\/wp\/v2\/categories?post=94124"},{"taxonomy":"post_tag","embeddable":true,"href":"https:\/\/www.visit-ulcinj.com\/blog\/wp-json\/wp\/v2\/tags?post=94124"}],"curies":[{"name":"wp","href":"https:\/\/api.w.org\/{rel}","templated":true}]}}