{"id":94141,"date":"2016-01-21T23:29:02","date_gmt":"2016-01-21T22:29:02","guid":{"rendered":"http:\/\/www.visit-ulcinj.com\/blog\/?p=94141"},"modified":"2016-01-21T23:29:02","modified_gmt":"2016-01-21T22:29:02","slug":"elezagic-albanske-partije-satelit-dps","status":"publish","type":"post","link":"https:\/\/www.visit-ulcinj.com\/blog\/2016\/01\/21\/elezagic-albanske-partije-satelit-dps\/","title":{"rendered":"Elezagic: &#8220;Albanske partije satelit DPS-a&#8221;"},"content":{"rendered":"<p><strong><a href=\"http:\/\/www.visit-ulcinj.com\/blog\/wp-content\/uploads\/2016\/01\/Skender-Elezagic-SDP-Ulcinj.jpg\"><img loading=\"lazy\" class=\"alignleft wp-image-94142\" src=\"http:\/\/www.visit-ulcinj.com\/blog\/wp-content\/uploads\/2016\/01\/Skender-Elezagic-SDP-Ulcinj.jpg\" alt=\"Skender-Elezagic-SDP-Ulcinj\" width=\"508\" height=\"338\" srcset=\"https:\/\/www.visit-ulcinj.com\/blog\/wp-content\/uploads\/2016\/01\/Skender-Elezagic-SDP-Ulcinj.jpg 960w, https:\/\/www.visit-ulcinj.com\/blog\/wp-content\/uploads\/2016\/01\/Skender-Elezagic-SDP-Ulcinj-300x199.jpg 300w\" sizes=\"(max-width: 508px) 100vw, 508px\" \/><\/a>Albanske nacionalne partije nijesu, u zamjenu za pod\u0161ku Demokratskoj partiji socijalista (DPS), zatra\u017eili rje\u0161avanje njihovih problema u Ulcinju koji je, kako su ocijenili iz Socijaldemokratske partije (SDP), jedna od najnerazvijenih crnogorskih op\u0161tina.<\/strong><\/p>\n<p>\u201cOvim putem, javno pitamo lidere albanskih politi\u010dkih partija, za\u0161to nisu imali hrabrosti da od svojih partnera, u zamjenu za podr\u0161ku, zatra\u017ee rje\u0161avanje makar nekog od goru\u0107ih ulcinjskih problema, recimo, utvr\u0111ivanje linije morskog dobra na isti na\u010din kako je to ura\u0111eno u ostalim primorskim op\u0161tinama, za\u0161tita imovine Solane, povra\u0107aj maslinjaka u Valdanosu, pokretnje barem jedne ozbiljne investicije u turisti\u010dke kapacitete (ili makar zaustaviti odvra\u0107anje investitora zainteresovanih da ula\u017eu u Ulcinj)?\u201d, naveo je u saop\u0161tenju predsjednik Op\u0161tinskog Odbora SDP Ulcinj, Skender Elezagi\u0107.<\/p>\n<p>Umjesto toga, kako je dodao, oni koji su uzrok svih navedenih problema imaju bezuslovnu podr\u0161ku predstavnika o\u0161te\u0107enih gra\u0111ana Ulcinja.<\/p>\n<p>\u201cRazloga za to mo\u017ee biti mnogo, ali te\u0161ko da su ideolo\u0161ke prirode\u201d, ocijenio je Elezagi\u0107.<\/p>\n<p>Prema njegovim rije\u010dima, albanski narod u Crnoj Gori podr\u017eao je sve pozitivne istorijske procese, otklon od Milo\u0161evi\u0107a i ratne politike, borbu za nezavisnost i evroatlanski put.<\/p>\n<p>\u201cAlbanske nacionalne partije i\u0161le i korak dalje, gotovo uvijek podr\u017eavale, ne samo pozitivnu dr\u017eavnu politiku, nego i DPS, \u010dak i kada je dr\u017eavna korist bila upitna, kao \u0161to su predsjedni\u010dki izbori, tre\u0107i mandat Filipa Vujanovi\u0107a i mnoge privatizacione projekte\u201d, naveo je Elezagi\u0107.<\/p>\n<p>On je dodao da ta podr\u0161ka nije izostala, ni kada je trebala, ni kada nije.<\/p>\n<p>\u201cAli je Ulcinj i dalje, iako najbogatiji po prirodnim resursima, jedna od najnerazvijenijih op\u0161tina u Crnoj Gori, jedini grad na crnogorskom primorju iz kojeg mladi emigriraju iz ekonomskih razloga\u201d, poru\u010dio je Elezagi\u0107.<\/p>\n<p>On je kazao da su predstavnici albanskih nacionalnih partija u crnogorskom Parlamentu pred glasanje o povjerenju Vladi Crne Gore, po ve\u0107 stvorenoj navici, prije svih ostalih i bez bilo kakvih uslova, po\u017eurili da, kako je naveo Elezagi\u0107, daju besu da \u0107e podr\u017eati Vladu.<\/p>\n<p>\u201cKao svaki dobar, poslu\u0161an i lojalan satelit poru\u010dili su centru svog Svemira da \u010dvrsto stoje na zacrtanoj orbiti i da ne\u0107e skrenuti sa puta, iako to nije volja onih koje predstavljaju\u201d, saop\u0161tio je on<\/p>\n<p>Elezagi\u0107 je pojasnio da u takvim situacijama svaki politi\u010dki subjekt ima apsolutno pravo da, u skladu sa svojim politi\u010dkim i partijskim interesima, samostalno donosi odluku i da tu nema nikakvog spora.<\/p>\n<p>\u201cMe\u0111utim, to su ujedno i situacije koje se, na sasvim legitiman na\u010din koriste da se oja\u010da svoja politi\u010dka pozicija i da se od partnera kojima treba podr\u0161ka, zatra\u017ei i dobije ustupak u vidu ispunjenja nekog svog zna\u010dajnog politi\u010dkog i programskog cilja\u201d, zaklju\u010dio je Elezagi\u0107.<\/p>\n<p><strong>Izvor: Mina \/ RTCG<\/strong><\/p>\n","protected":false},"excerpt":{"rendered":"<p>Albanske nacionalne partije nijesu, u zamjenu za pod\u0161ku Demokratskoj partiji socijalista (DPS), zatra\u017eili rje\u0161avanje njihovih problema u Ulcinju koji je, kako su ocijenili iz Socijaldemokratske partije (SDP), jedna od najnerazvijenih crnogorskih op\u0161tina. \u201cOvim putem, javno pitamo lidere albanskih politi\u010dkih partija, za\u0161to nisu imali hrabrosti da od svojih partnera, u zamjenu za podr\u0161ku, zatra\u017ee rje\u0161avanje makar [&hellip;]<\/p>\n","protected":false},"author":1,"featured_media":0,"comment_status":"closed","ping_status":"closed","sticky":false,"template":"","format":"standard","meta":{"spay_email":"","jetpack_publicize_message":"","jetpack_is_tweetstorm":false,"jetpack_publicize_feature_enabled":true},"categories":[8337],"tags":[],"jetpack_publicize_connections":[],"yoast_head":"<!-- This site is optimized with the Yoast SEO plugin v19.1 - https:\/\/yoast.com\/wordpress\/plugins\/seo\/ -->\n<title>Elezagic: &quot;Albanske partije satelit DPS-a&quot; - Lajme nga Ulqini<\/title>\n<meta name=\"description\" content=\"Albanske nacionalne partije nijesu, u zamjenu za pod\u0161ku Demokratskoj partiji socijalista (DPS), zatra\u017eili rje\u0161avanje njihovih problema u Ulcinju koji je,\" \/>\n<meta name=\"robots\" content=\"index, follow, max-snippet:-1, max-image-preview:large, max-video-preview:-1\" \/>\n<link rel=\"canonical\" href=\"https:\/\/www.visit-ulcinj.com\/blog\/2016\/01\/21\/elezagic-albanske-partije-satelit-dps\/\" \/>\n<meta property=\"og:locale\" content=\"en_US\" \/>\n<meta property=\"og:type\" content=\"article\" \/>\n<meta property=\"og:title\" content=\"Elezagic: &quot;Albanske partije satelit DPS-a&quot; - Lajme nga Ulqini\" \/>\n<meta property=\"og:description\" content=\"Albanske nacionalne partije nijesu, u zamjenu za pod\u0161ku Demokratskoj partiji socijalista (DPS), zatra\u017eili rje\u0161avanje njihovih problema u Ulcinju koji je,\" \/>\n<meta property=\"og:url\" content=\"https:\/\/www.visit-ulcinj.com\/blog\/2016\/01\/21\/elezagic-albanske-partije-satelit-dps\/\" \/>\n<meta property=\"og:site_name\" content=\"Lajme nga Ulqini\" \/>\n<meta property=\"article:published_time\" content=\"2016-01-21T22:29:02+00:00\" \/>\n<meta property=\"og:image\" content=\"http:\/\/www.visit-ulcinj.com\/blog\/wp-content\/uploads\/2016\/01\/Skender-Elezagic-SDP-Ulcinj.jpg\" \/>\n<meta name=\"twitter:label1\" content=\"Written by\" \/>\n\t<meta name=\"twitter:data1\" content=\"ulqini\" \/>\n\t<meta name=\"twitter:label2\" content=\"Est. reading time\" \/>\n\t<meta name=\"twitter:data2\" content=\"2 minutes\" \/>\n<script type=\"application\/ld+json\" class=\"yoast-schema-graph\">{\"@context\":\"https:\/\/schema.org\",\"@graph\":[{\"@type\":\"WebSite\",\"@id\":\"https:\/\/www.visit-ulcinj.com\/blog\/#website\",\"url\":\"https:\/\/www.visit-ulcinj.com\/blog\/\",\"name\":\"Lajme nga Ulqini\",\"description\":\"Lajme,Vijesti,Ulqini,Ulqin,Crna Gora,Mali i Zi\",\"potentialAction\":[{\"@type\":\"SearchAction\",\"target\":{\"@type\":\"EntryPoint\",\"urlTemplate\":\"https:\/\/www.visit-ulcinj.com\/blog\/?s={search_term_string}\"},\"query-input\":\"required name=search_term_string\"}],\"inLanguage\":\"en-US\"},{\"@type\":\"ImageObject\",\"inLanguage\":\"en-US\",\"@id\":\"https:\/\/www.visit-ulcinj.com\/blog\/2016\/01\/21\/elezagic-albanske-partije-satelit-dps\/#primaryimage\",\"url\":\"https:\/\/www.visit-ulcinj.com\/blog\/wp-content\/uploads\/2016\/01\/Skender-Elezagic-SDP-Ulcinj.jpg\",\"contentUrl\":\"https:\/\/www.visit-ulcinj.com\/blog\/wp-content\/uploads\/2016\/01\/Skender-Elezagic-SDP-Ulcinj.jpg\",\"width\":960,\"height\":638},{\"@type\":\"WebPage\",\"@id\":\"https:\/\/www.visit-ulcinj.com\/blog\/2016\/01\/21\/elezagic-albanske-partije-satelit-dps\/#webpage\",\"url\":\"https:\/\/www.visit-ulcinj.com\/blog\/2016\/01\/21\/elezagic-albanske-partije-satelit-dps\/\",\"name\":\"Elezagic: \\\"Albanske partije satelit DPS-a\\\" - Lajme nga Ulqini\",\"isPartOf\":{\"@id\":\"https:\/\/www.visit-ulcinj.com\/blog\/#website\"},\"primaryImageOfPage\":{\"@id\":\"https:\/\/www.visit-ulcinj.com\/blog\/2016\/01\/21\/elezagic-albanske-partije-satelit-dps\/#primaryimage\"},\"datePublished\":\"2016-01-21T22:29:02+00:00\",\"dateModified\":\"2016-01-21T22:29:02+00:00\",\"author\":{\"@id\":\"https:\/\/www.visit-ulcinj.com\/blog\/#\/schema\/person\/dcab619c614d3038751c63bc2aadc06d\"},\"description\":\"Albanske nacionalne partije nijesu, u zamjenu za pod\u0161ku Demokratskoj partiji socijalista (DPS), zatra\u017eili rje\u0161avanje njihovih problema u Ulcinju koji je,\",\"breadcrumb\":{\"@id\":\"https:\/\/www.visit-ulcinj.com\/blog\/2016\/01\/21\/elezagic-albanske-partije-satelit-dps\/#breadcrumb\"},\"inLanguage\":\"en-US\",\"potentialAction\":[{\"@type\":\"ReadAction\",\"target\":[\"https:\/\/www.visit-ulcinj.com\/blog\/2016\/01\/21\/elezagic-albanske-partije-satelit-dps\/\"]}]},{\"@type\":\"BreadcrumbList\",\"@id\":\"https:\/\/www.visit-ulcinj.com\/blog\/2016\/01\/21\/elezagic-albanske-partije-satelit-dps\/#breadcrumb\",\"itemListElement\":[{\"@type\":\"ListItem\",\"position\":1,\"name\":\"Elezagic: &#8220;Albanske partije satelit DPS-a&#8221;\"}]},{\"@type\":\"Person\",\"@id\":\"https:\/\/www.visit-ulcinj.com\/blog\/#\/schema\/person\/dcab619c614d3038751c63bc2aadc06d\",\"name\":\"ulqini\",\"sameAs\":[\"http:\/\/www.visit-ulcinj.com\"],\"url\":\"https:\/\/www.visit-ulcinj.com\/blog\/author\/admin\/\"}]}<\/script>\n<!-- \/ Yoast SEO plugin. -->","yoast_head_json":{"title":"Elezagic: \"Albanske partije satelit DPS-a\" - Lajme nga Ulqini","description":"Albanske nacionalne partije nijesu, u zamjenu za pod\u0161ku Demokratskoj partiji socijalista (DPS), zatra\u017eili rje\u0161avanje njihovih problema u Ulcinju koji je,","robots":{"index":"index","follow":"follow","max-snippet":"max-snippet:-1","max-image-preview":"max-image-preview:large","max-video-preview":"max-video-preview:-1"},"canonical":"https:\/\/www.visit-ulcinj.com\/blog\/2016\/01\/21\/elezagic-albanske-partije-satelit-dps\/","og_locale":"en_US","og_type":"article","og_title":"Elezagic: \"Albanske partije satelit DPS-a\" - Lajme nga Ulqini","og_description":"Albanske nacionalne partije nijesu, u zamjenu za pod\u0161ku Demokratskoj partiji socijalista (DPS), zatra\u017eili rje\u0161avanje njihovih problema u Ulcinju koji je,","og_url":"https:\/\/www.visit-ulcinj.com\/blog\/2016\/01\/21\/elezagic-albanske-partije-satelit-dps\/","og_site_name":"Lajme nga Ulqini","article_published_time":"2016-01-21T22:29:02+00:00","og_image":[{"url":"http:\/\/www.visit-ulcinj.com\/blog\/wp-content\/uploads\/2016\/01\/Skender-Elezagic-SDP-Ulcinj.jpg"}],"twitter_misc":{"Written by":"ulqini","Est. reading time":"2 minutes"},"schema":{"@context":"https:\/\/schema.org","@graph":[{"@type":"WebSite","@id":"https:\/\/www.visit-ulcinj.com\/blog\/#website","url":"https:\/\/www.visit-ulcinj.com\/blog\/","name":"Lajme nga Ulqini","description":"Lajme,Vijesti,Ulqini,Ulqin,Crna Gora,Mali i Zi","potentialAction":[{"@type":"SearchAction","target":{"@type":"EntryPoint","urlTemplate":"https:\/\/www.visit-ulcinj.com\/blog\/?s={search_term_string}"},"query-input":"required name=search_term_string"}],"inLanguage":"en-US"},{"@type":"ImageObject","inLanguage":"en-US","@id":"https:\/\/www.visit-ulcinj.com\/blog\/2016\/01\/21\/elezagic-albanske-partije-satelit-dps\/#primaryimage","url":"https:\/\/www.visit-ulcinj.com\/blog\/wp-content\/uploads\/2016\/01\/Skender-Elezagic-SDP-Ulcinj.jpg","contentUrl":"https:\/\/www.visit-ulcinj.com\/blog\/wp-content\/uploads\/2016\/01\/Skender-Elezagic-SDP-Ulcinj.jpg","width":960,"height":638},{"@type":"WebPage","@id":"https:\/\/www.visit-ulcinj.com\/blog\/2016\/01\/21\/elezagic-albanske-partije-satelit-dps\/#webpage","url":"https:\/\/www.visit-ulcinj.com\/blog\/2016\/01\/21\/elezagic-albanske-partije-satelit-dps\/","name":"Elezagic: \"Albanske partije satelit DPS-a\" - Lajme nga Ulqini","isPartOf":{"@id":"https:\/\/www.visit-ulcinj.com\/blog\/#website"},"primaryImageOfPage":{"@id":"https:\/\/www.visit-ulcinj.com\/blog\/2016\/01\/21\/elezagic-albanske-partije-satelit-dps\/#primaryimage"},"datePublished":"2016-01-21T22:29:02+00:00","dateModified":"2016-01-21T22:29:02+00:00","author":{"@id":"https:\/\/www.visit-ulcinj.com\/blog\/#\/schema\/person\/dcab619c614d3038751c63bc2aadc06d"},"description":"Albanske nacionalne partije nijesu, u zamjenu za pod\u0161ku Demokratskoj partiji socijalista (DPS), zatra\u017eili rje\u0161avanje njihovih problema u Ulcinju koji je,","breadcrumb":{"@id":"https:\/\/www.visit-ulcinj.com\/blog\/2016\/01\/21\/elezagic-albanske-partije-satelit-dps\/#breadcrumb"},"inLanguage":"en-US","potentialAction":[{"@type":"ReadAction","target":["https:\/\/www.visit-ulcinj.com\/blog\/2016\/01\/21\/elezagic-albanske-partije-satelit-dps\/"]}]},{"@type":"BreadcrumbList","@id":"https:\/\/www.visit-ulcinj.com\/blog\/2016\/01\/21\/elezagic-albanske-partije-satelit-dps\/#breadcrumb","itemListElement":[{"@type":"ListItem","position":1,"name":"Elezagic: &#8220;Albanske partije satelit DPS-a&#8221;"}]},{"@type":"Person","@id":"https:\/\/www.visit-ulcinj.com\/blog\/#\/schema\/person\/dcab619c614d3038751c63bc2aadc06d","name":"ulqini","sameAs":["http:\/\/www.visit-ulcinj.com"],"url":"https:\/\/www.visit-ulcinj.com\/blog\/author\/admin\/"}]}},"jetpack_featured_media_url":"","jetpack_sharing_enabled":true,"jetpack_shortlink":"https:\/\/wp.me\/pe6lTn-oup","_links":{"self":[{"href":"https:\/\/www.visit-ulcinj.com\/blog\/wp-json\/wp\/v2\/posts\/94141"}],"collection":[{"href":"https:\/\/www.visit-ulcinj.com\/blog\/wp-json\/wp\/v2\/posts"}],"about":[{"href":"https:\/\/www.visit-ulcinj.com\/blog\/wp-json\/wp\/v2\/types\/post"}],"author":[{"embeddable":true,"href":"https:\/\/www.visit-ulcinj.com\/blog\/wp-json\/wp\/v2\/users\/1"}],"replies":[{"embeddable":true,"href":"https:\/\/www.visit-ulcinj.com\/blog\/wp-json\/wp\/v2\/comments?post=94141"}],"version-history":[{"count":1,"href":"https:\/\/www.visit-ulcinj.com\/blog\/wp-json\/wp\/v2\/posts\/94141\/revisions"}],"predecessor-version":[{"id":94143,"href":"https:\/\/www.visit-ulcinj.com\/blog\/wp-json\/wp\/v2\/posts\/94141\/revisions\/94143"}],"wp:attachment":[{"href":"https:\/\/www.visit-ulcinj.com\/blog\/wp-json\/wp\/v2\/media?parent=94141"}],"wp:term":[{"taxonomy":"category","embeddable":true,"href":"https:\/\/www.visit-ulcinj.com\/blog\/wp-json\/wp\/v2\/categories?post=94141"},{"taxonomy":"post_tag","embeddable":true,"href":"https:\/\/www.visit-ulcinj.com\/blog\/wp-json\/wp\/v2\/tags?post=94141"}],"curies":[{"name":"wp","href":"https:\/\/api.w.org\/{rel}","templated":true}]}}