{"id":94147,"date":"2016-01-22T20:02:23","date_gmt":"2016-01-22T19:02:23","guid":{"rendered":"http:\/\/www.visit-ulcinj.com\/blog\/?p=94147"},"modified":"2016-01-25T07:00:23","modified_gmt":"2016-01-25T06:00:23","slug":"nika-beci-shoke-lironi-sa-pare-zyrat-sot-se-neser-di-te-jete-vone","status":"publish","type":"post","link":"https:\/\/www.visit-ulcinj.com\/blog\/2016\/01\/22\/nika-beci-shoke-lironi-sa-pare-zyrat-sot-se-neser-di-te-jete-vone\/","title":{"rendered":"Nika: Beci me shok\u00eb, lironi sa m\u00eb par\u00eb zyrat- sot, se nes\u00ebr- di t\u00eb jet\u00eb von\u00eb?!!"},"content":{"rendered":"<p><strong><em><a href=\"http:\/\/www.visit-ulcinj.com\/blog\/wp-content\/uploads\/2016\/01\/Safet-Beci-zyra-ne-komun-ulqin.jpg\"><img loading=\"lazy\" class=\"alignleft wp-image-94148\" src=\"http:\/\/www.visit-ulcinj.com\/blog\/wp-content\/uploads\/2016\/01\/Safet-Beci-zyra-ne-komun-ulqin.jpg\" alt=\"Safet-Beci-zyra-ne-komun-ulqin\" width=\"508\" height=\"346\" srcset=\"https:\/\/www.visit-ulcinj.com\/blog\/wp-content\/uploads\/2016\/01\/Safet-Beci-zyra-ne-komun-ulqin.jpg 852w, https:\/\/www.visit-ulcinj.com\/blog\/wp-content\/uploads\/2016\/01\/Safet-Beci-zyra-ne-komun-ulqin-300x205.jpg 300w\" sizes=\"(max-width: 508px) 100vw, 508px\" \/><\/a>Shkruan Muhamet Nika<\/em><\/strong><br \/>\nPasi n\u00ebnkryetari i komun\u00ebs \u2013 Safet Beci, bashk\u00eb me menaxherin e tij Omer Bajraktari, po dhe t\u00eb tjer\u00ebt, p\u00ebr opinion ve\u00e7 kan\u00eb dh\u00ebn\u00eb dor\u00ebheqje dhe e cila vazhdon ENDE t\u00eb p\u00ebrs\u00ebritet n\u00eb m\u00ebnyr\u00eb teatrale.., n\u00eb kuad\u00ebr t\u00eb kompetencave t\u00eb mija , si koordinator i sigurimit t\u00eb objektit dhe njeriu i par\u00eb p\u00ebrgjegj\u00ebs p\u00ebr rendin sht\u00ebpiak si dhe shfryt\u00ebzimin e hap\u00ebsirave t\u00eb komun\u00ebs , i ftoj ish- funksionar\u00ebt publikisht q\u00eb t\u00eb kthejn\u00eb pas \u00e7el\u00ebsat e zyrave q\u00eb kishin.<\/p>\n<p>P\u00ebrndryshe n\u00ebse kjo nuk ndodh\u00eb , atyre shum\u00eb shpejt \u2013 me procedur\u00eb, \u00a0mund tu thyhen dyert edhe me forc\u00eb.. . ?\u201d<\/p>\n<p>Si dhe gjithashtu tu bllokohet hyrja n\u00eb komun\u00eb \u2013 pun\u00eb e pa pun\u00eb, brenda dhe jasht\u00eb orarit. \u00c7do gj\u00eb do t\u00eb b\u00ebhet, kuptohet n\u00eb kuad\u00ebr t\u00eb kompetenc\u00ebs ligjore t\u00eb definuar edhe me vendimin e rendit sht\u00ebpiak. Pun\u00eb t\u00eb cil\u00ebn e kemi zbatuar edhe disa her\u00eb deri m\u00eb tani , n\u00eb raste t\u00eb ngjashme me \u201cfunksionar\u00eb rebel\u00eb&#8230;.\u201d?!<\/p>\n<p>K\u00ebto masa do t\u00eb vlejn\u00eb edhe p\u00ebr zotin Bardhi , i cili nuk ka m\u00eb as klub t\u00eb vetin , por mba t\u00eb uzurpuar zyr\u00ebn q\u00eb nga koha kur lidhja e tij.., ishte parti parlamentare.<\/p>\n<p>Atij sipas statutit dhe rregullores , do ti jepet nj\u00eb zyre m\u00eb e vog\u00ebl- ose n\u00eb te do t\u00eb vendosen edhe klubet e partive tjera. Masat e cekura , mund t\u00eb planifikohen n\u00eb kuad\u00ebr t\u00eb aksionit t\u00eb lirimit dhe ndarjes racionale t\u00eb hap\u00ebsirave , q\u00eb jan\u00eb m\u00eb se t\u00eb nevojshme p\u00ebr t\u00eb pun\u00ebsuarit n\u00eb administrat\u00ebn lokale&#8230;?!!<\/p>\n<p>&nbsp;<\/p>\n<p><strong>Pik\u00ebpamjet e shprehura n\u00eb faqen \u201cOPINIONE\u201d nuk p\u00ebrfaq\u00ebsojn\u00eb domosdoshm\u00ebrisht politik\u00ebn redaksionale t\u00eb \u201eLajmeve nga Ulqini\u201e<\/strong><\/p>\n","protected":false},"excerpt":{"rendered":"<p>Shkruan Muhamet Nika Pasi n\u00ebnkryetari i komun\u00ebs \u2013 Safet Beci, bashk\u00eb me menaxherin e tij Omer Bajraktari, po dhe t\u00eb tjer\u00ebt, p\u00ebr opinion ve\u00e7 kan\u00eb dh\u00ebn\u00eb dor\u00ebheqje dhe e cila vazhdon ENDE t\u00eb p\u00ebrs\u00ebritet n\u00eb m\u00ebnyr\u00eb teatrale.., n\u00eb kuad\u00ebr t\u00eb kompetencave t\u00eb mija , si koordinator i sigurimit t\u00eb objektit dhe njeriu i par\u00eb p\u00ebrgjegj\u00ebs [&hellip;]<\/p>\n","protected":false},"author":1,"featured_media":0,"comment_status":"open","ping_status":"closed","sticky":false,"template":"","format":"standard","meta":{"spay_email":"","jetpack_publicize_message":"","jetpack_is_tweetstorm":false,"jetpack_publicize_feature_enabled":true},"categories":[6],"tags":[],"jetpack_publicize_connections":[],"yoast_head":"<!-- This site is optimized with the Yoast SEO plugin v19.1 - https:\/\/yoast.com\/wordpress\/plugins\/seo\/ -->\n<title>Nika: Beci me shok\u00eb, lironi sa m\u00eb par\u00eb zyrat- sot, se nes\u00ebr- di t\u00eb jet\u00eb von\u00eb?!! - Lajme nga Ulqini<\/title>\n<meta name=\"description\" content=\"Shkruan Muhamet Nika Pasi n\u00ebnkryetari i komun\u00ebs \u2013 Safet Beci, bashk\u00eb me menaxherin e tij Omer Bajraktari, po dhe t\u00eb tjer\u00ebt, p\u00ebr opinion ve\u00e7 kan\u00eb dh\u00ebn\u00eb\" \/>\n<meta name=\"robots\" content=\"index, follow, max-snippet:-1, max-image-preview:large, max-video-preview:-1\" \/>\n<link rel=\"canonical\" href=\"https:\/\/www.visit-ulcinj.com\/blog\/2016\/01\/22\/nika-beci-shoke-lironi-sa-pare-zyrat-sot-se-neser-di-te-jete-vone\/\" \/>\n<meta property=\"og:locale\" content=\"en_US\" \/>\n<meta property=\"og:type\" content=\"article\" \/>\n<meta property=\"og:title\" content=\"Nika: Beci me shok\u00eb, lironi sa m\u00eb par\u00eb zyrat- sot, se nes\u00ebr- di t\u00eb jet\u00eb von\u00eb?!! - Lajme nga Ulqini\" \/>\n<meta property=\"og:description\" content=\"Shkruan Muhamet Nika Pasi n\u00ebnkryetari i komun\u00ebs \u2013 Safet Beci, bashk\u00eb me menaxherin e tij Omer Bajraktari, po dhe t\u00eb tjer\u00ebt, p\u00ebr opinion ve\u00e7 kan\u00eb dh\u00ebn\u00eb\" \/>\n<meta property=\"og:url\" content=\"https:\/\/www.visit-ulcinj.com\/blog\/2016\/01\/22\/nika-beci-shoke-lironi-sa-pare-zyrat-sot-se-neser-di-te-jete-vone\/\" \/>\n<meta property=\"og:site_name\" content=\"Lajme nga Ulqini\" \/>\n<meta property=\"article:published_time\" content=\"2016-01-22T19:02:23+00:00\" \/>\n<meta property=\"article:modified_time\" content=\"2016-01-25T06:00:23+00:00\" \/>\n<meta property=\"og:image\" content=\"http:\/\/www.visit-ulcinj.com\/blog\/wp-content\/uploads\/2016\/01\/Safet-Beci-zyra-ne-komun-ulqin.jpg\" \/>\n<meta name=\"twitter:label1\" content=\"Written by\" \/>\n\t<meta name=\"twitter:data1\" content=\"ulqini\" \/>\n\t<meta name=\"twitter:label2\" content=\"Est. reading time\" \/>\n\t<meta name=\"twitter:data2\" content=\"1 minute\" \/>\n<script type=\"application\/ld+json\" class=\"yoast-schema-graph\">{\"@context\":\"https:\/\/schema.org\",\"@graph\":[{\"@type\":\"WebSite\",\"@id\":\"https:\/\/www.visit-ulcinj.com\/blog\/#website\",\"url\":\"https:\/\/www.visit-ulcinj.com\/blog\/\",\"name\":\"Lajme nga Ulqini\",\"description\":\"Lajme,Vijesti,Ulqini,Ulqin,Crna Gora,Mali i Zi\",\"potentialAction\":[{\"@type\":\"SearchAction\",\"target\":{\"@type\":\"EntryPoint\",\"urlTemplate\":\"https:\/\/www.visit-ulcinj.com\/blog\/?s={search_term_string}\"},\"query-input\":\"required name=search_term_string\"}],\"inLanguage\":\"en-US\"},{\"@type\":\"ImageObject\",\"inLanguage\":\"en-US\",\"@id\":\"https:\/\/www.visit-ulcinj.com\/blog\/2016\/01\/22\/nika-beci-shoke-lironi-sa-pare-zyrat-sot-se-neser-di-te-jete-vone\/#primaryimage\",\"url\":\"https:\/\/www.visit-ulcinj.com\/blog\/wp-content\/uploads\/2016\/01\/Safet-Beci-zyra-ne-komun-ulqin.jpg\",\"contentUrl\":\"https:\/\/www.visit-ulcinj.com\/blog\/wp-content\/uploads\/2016\/01\/Safet-Beci-zyra-ne-komun-ulqin.jpg\",\"width\":852,\"height\":581},{\"@type\":\"WebPage\",\"@id\":\"https:\/\/www.visit-ulcinj.com\/blog\/2016\/01\/22\/nika-beci-shoke-lironi-sa-pare-zyrat-sot-se-neser-di-te-jete-vone\/#webpage\",\"url\":\"https:\/\/www.visit-ulcinj.com\/blog\/2016\/01\/22\/nika-beci-shoke-lironi-sa-pare-zyrat-sot-se-neser-di-te-jete-vone\/\",\"name\":\"Nika: Beci me shok\u00eb, lironi sa m\u00eb par\u00eb zyrat- sot, se nes\u00ebr- di t\u00eb jet\u00eb von\u00eb?!! - Lajme nga Ulqini\",\"isPartOf\":{\"@id\":\"https:\/\/www.visit-ulcinj.com\/blog\/#website\"},\"primaryImageOfPage\":{\"@id\":\"https:\/\/www.visit-ulcinj.com\/blog\/2016\/01\/22\/nika-beci-shoke-lironi-sa-pare-zyrat-sot-se-neser-di-te-jete-vone\/#primaryimage\"},\"datePublished\":\"2016-01-22T19:02:23+00:00\",\"dateModified\":\"2016-01-25T06:00:23+00:00\",\"author\":{\"@id\":\"https:\/\/www.visit-ulcinj.com\/blog\/#\/schema\/person\/dcab619c614d3038751c63bc2aadc06d\"},\"description\":\"Shkruan Muhamet Nika Pasi n\u00ebnkryetari i komun\u00ebs \u2013 Safet Beci, bashk\u00eb me menaxherin e tij Omer Bajraktari, po dhe t\u00eb tjer\u00ebt, p\u00ebr opinion ve\u00e7 kan\u00eb dh\u00ebn\u00eb\",\"breadcrumb\":{\"@id\":\"https:\/\/www.visit-ulcinj.com\/blog\/2016\/01\/22\/nika-beci-shoke-lironi-sa-pare-zyrat-sot-se-neser-di-te-jete-vone\/#breadcrumb\"},\"inLanguage\":\"en-US\",\"potentialAction\":[{\"@type\":\"ReadAction\",\"target\":[\"https:\/\/www.visit-ulcinj.com\/blog\/2016\/01\/22\/nika-beci-shoke-lironi-sa-pare-zyrat-sot-se-neser-di-te-jete-vone\/\"]}]},{\"@type\":\"BreadcrumbList\",\"@id\":\"https:\/\/www.visit-ulcinj.com\/blog\/2016\/01\/22\/nika-beci-shoke-lironi-sa-pare-zyrat-sot-se-neser-di-te-jete-vone\/#breadcrumb\",\"itemListElement\":[{\"@type\":\"ListItem\",\"position\":1,\"name\":\"Nika: Beci me shok\u00eb, lironi sa m\u00eb par\u00eb zyrat- sot, se nes\u00ebr- di t\u00eb jet\u00eb von\u00eb?!!\"}]},{\"@type\":\"Person\",\"@id\":\"https:\/\/www.visit-ulcinj.com\/blog\/#\/schema\/person\/dcab619c614d3038751c63bc2aadc06d\",\"name\":\"ulqini\",\"sameAs\":[\"http:\/\/www.visit-ulcinj.com\"],\"url\":\"https:\/\/www.visit-ulcinj.com\/blog\/author\/admin\/\"}]}<\/script>\n<!-- \/ Yoast SEO plugin. -->","yoast_head_json":{"title":"Nika: Beci me shok\u00eb, lironi sa m\u00eb par\u00eb zyrat- sot, se nes\u00ebr- di t\u00eb jet\u00eb von\u00eb?!! - Lajme nga Ulqini","description":"Shkruan Muhamet Nika Pasi n\u00ebnkryetari i komun\u00ebs \u2013 Safet Beci, bashk\u00eb me menaxherin e tij Omer Bajraktari, po dhe t\u00eb tjer\u00ebt, p\u00ebr opinion ve\u00e7 kan\u00eb dh\u00ebn\u00eb","robots":{"index":"index","follow":"follow","max-snippet":"max-snippet:-1","max-image-preview":"max-image-preview:large","max-video-preview":"max-video-preview:-1"},"canonical":"https:\/\/www.visit-ulcinj.com\/blog\/2016\/01\/22\/nika-beci-shoke-lironi-sa-pare-zyrat-sot-se-neser-di-te-jete-vone\/","og_locale":"en_US","og_type":"article","og_title":"Nika: Beci me shok\u00eb, lironi sa m\u00eb par\u00eb zyrat- sot, se nes\u00ebr- di t\u00eb jet\u00eb von\u00eb?!! - Lajme nga Ulqini","og_description":"Shkruan Muhamet Nika Pasi n\u00ebnkryetari i komun\u00ebs \u2013 Safet Beci, bashk\u00eb me menaxherin e tij Omer Bajraktari, po dhe t\u00eb tjer\u00ebt, p\u00ebr opinion ve\u00e7 kan\u00eb dh\u00ebn\u00eb","og_url":"https:\/\/www.visit-ulcinj.com\/blog\/2016\/01\/22\/nika-beci-shoke-lironi-sa-pare-zyrat-sot-se-neser-di-te-jete-vone\/","og_site_name":"Lajme nga Ulqini","article_published_time":"2016-01-22T19:02:23+00:00","article_modified_time":"2016-01-25T06:00:23+00:00","og_image":[{"url":"http:\/\/www.visit-ulcinj.com\/blog\/wp-content\/uploads\/2016\/01\/Safet-Beci-zyra-ne-komun-ulqin.jpg"}],"twitter_misc":{"Written by":"ulqini","Est. reading time":"1 minute"},"schema":{"@context":"https:\/\/schema.org","@graph":[{"@type":"WebSite","@id":"https:\/\/www.visit-ulcinj.com\/blog\/#website","url":"https:\/\/www.visit-ulcinj.com\/blog\/","name":"Lajme nga Ulqini","description":"Lajme,Vijesti,Ulqini,Ulqin,Crna Gora,Mali i Zi","potentialAction":[{"@type":"SearchAction","target":{"@type":"EntryPoint","urlTemplate":"https:\/\/www.visit-ulcinj.com\/blog\/?s={search_term_string}"},"query-input":"required name=search_term_string"}],"inLanguage":"en-US"},{"@type":"ImageObject","inLanguage":"en-US","@id":"https:\/\/www.visit-ulcinj.com\/blog\/2016\/01\/22\/nika-beci-shoke-lironi-sa-pare-zyrat-sot-se-neser-di-te-jete-vone\/#primaryimage","url":"https:\/\/www.visit-ulcinj.com\/blog\/wp-content\/uploads\/2016\/01\/Safet-Beci-zyra-ne-komun-ulqin.jpg","contentUrl":"https:\/\/www.visit-ulcinj.com\/blog\/wp-content\/uploads\/2016\/01\/Safet-Beci-zyra-ne-komun-ulqin.jpg","width":852,"height":581},{"@type":"WebPage","@id":"https:\/\/www.visit-ulcinj.com\/blog\/2016\/01\/22\/nika-beci-shoke-lironi-sa-pare-zyrat-sot-se-neser-di-te-jete-vone\/#webpage","url":"https:\/\/www.visit-ulcinj.com\/blog\/2016\/01\/22\/nika-beci-shoke-lironi-sa-pare-zyrat-sot-se-neser-di-te-jete-vone\/","name":"Nika: Beci me shok\u00eb, lironi sa m\u00eb par\u00eb zyrat- sot, se nes\u00ebr- di t\u00eb jet\u00eb von\u00eb?!! - Lajme nga Ulqini","isPartOf":{"@id":"https:\/\/www.visit-ulcinj.com\/blog\/#website"},"primaryImageOfPage":{"@id":"https:\/\/www.visit-ulcinj.com\/blog\/2016\/01\/22\/nika-beci-shoke-lironi-sa-pare-zyrat-sot-se-neser-di-te-jete-vone\/#primaryimage"},"datePublished":"2016-01-22T19:02:23+00:00","dateModified":"2016-01-25T06:00:23+00:00","author":{"@id":"https:\/\/www.visit-ulcinj.com\/blog\/#\/schema\/person\/dcab619c614d3038751c63bc2aadc06d"},"description":"Shkruan Muhamet Nika Pasi n\u00ebnkryetari i komun\u00ebs \u2013 Safet Beci, bashk\u00eb me menaxherin e tij Omer Bajraktari, po dhe t\u00eb tjer\u00ebt, p\u00ebr opinion ve\u00e7 kan\u00eb dh\u00ebn\u00eb","breadcrumb":{"@id":"https:\/\/www.visit-ulcinj.com\/blog\/2016\/01\/22\/nika-beci-shoke-lironi-sa-pare-zyrat-sot-se-neser-di-te-jete-vone\/#breadcrumb"},"inLanguage":"en-US","potentialAction":[{"@type":"ReadAction","target":["https:\/\/www.visit-ulcinj.com\/blog\/2016\/01\/22\/nika-beci-shoke-lironi-sa-pare-zyrat-sot-se-neser-di-te-jete-vone\/"]}]},{"@type":"BreadcrumbList","@id":"https:\/\/www.visit-ulcinj.com\/blog\/2016\/01\/22\/nika-beci-shoke-lironi-sa-pare-zyrat-sot-se-neser-di-te-jete-vone\/#breadcrumb","itemListElement":[{"@type":"ListItem","position":1,"name":"Nika: Beci me shok\u00eb, lironi sa m\u00eb par\u00eb zyrat- sot, se nes\u00ebr- di t\u00eb jet\u00eb von\u00eb?!!"}]},{"@type":"Person","@id":"https:\/\/www.visit-ulcinj.com\/blog\/#\/schema\/person\/dcab619c614d3038751c63bc2aadc06d","name":"ulqini","sameAs":["http:\/\/www.visit-ulcinj.com"],"url":"https:\/\/www.visit-ulcinj.com\/blog\/author\/admin\/"}]}},"jetpack_featured_media_url":"","jetpack_sharing_enabled":true,"jetpack_shortlink":"https:\/\/wp.me\/pe6lTn-ouv","_links":{"self":[{"href":"https:\/\/www.visit-ulcinj.com\/blog\/wp-json\/wp\/v2\/posts\/94147"}],"collection":[{"href":"https:\/\/www.visit-ulcinj.com\/blog\/wp-json\/wp\/v2\/posts"}],"about":[{"href":"https:\/\/www.visit-ulcinj.com\/blog\/wp-json\/wp\/v2\/types\/post"}],"author":[{"embeddable":true,"href":"https:\/\/www.visit-ulcinj.com\/blog\/wp-json\/wp\/v2\/users\/1"}],"replies":[{"embeddable":true,"href":"https:\/\/www.visit-ulcinj.com\/blog\/wp-json\/wp\/v2\/comments?post=94147"}],"version-history":[{"count":3,"href":"https:\/\/www.visit-ulcinj.com\/blog\/wp-json\/wp\/v2\/posts\/94147\/revisions"}],"predecessor-version":[{"id":94155,"href":"https:\/\/www.visit-ulcinj.com\/blog\/wp-json\/wp\/v2\/posts\/94147\/revisions\/94155"}],"wp:attachment":[{"href":"https:\/\/www.visit-ulcinj.com\/blog\/wp-json\/wp\/v2\/media?parent=94147"}],"wp:term":[{"taxonomy":"category","embeddable":true,"href":"https:\/\/www.visit-ulcinj.com\/blog\/wp-json\/wp\/v2\/categories?post=94147"},{"taxonomy":"post_tag","embeddable":true,"href":"https:\/\/www.visit-ulcinj.com\/blog\/wp-json\/wp\/v2\/tags?post=94147"}],"curies":[{"name":"wp","href":"https:\/\/api.w.org\/{rel}","templated":true}]}}