{"id":94151,"date":"2016-01-22T20:14:53","date_gmt":"2016-01-22T19:14:53","guid":{"rendered":"http:\/\/www.visit-ulcinj.com\/blog\/?p=94151"},"modified":"2016-01-22T20:14:53","modified_gmt":"2016-01-22T19:14:53","slug":"czip-gvozdenovic-odugovlaci-sa-zastitom-solane","status":"publish","type":"post","link":"https:\/\/www.visit-ulcinj.com\/blog\/2016\/01\/22\/czip-gvozdenovic-odugovlaci-sa-zastitom-solane\/","title":{"rendered":"CZIP: &#8220;Gvozdenovi\u0107 odugovla\u010di sa za\u0161titom Solane&#8221;"},"content":{"rendered":"<p><strong><a href=\"http:\/\/www.visit-ulcinj.com\/blog\/wp-content\/uploads\/2016\/01\/Gvozdenovic-Solana-Ulcinj.jpg\"><img loading=\"lazy\" class=\"alignleft wp-image-94152\" src=\"http:\/\/www.visit-ulcinj.com\/blog\/wp-content\/uploads\/2016\/01\/Gvozdenovic-Solana-Ulcinj.jpg\" alt=\"Gvozdenovic-Solana-Ulcinj\" width=\"508\" height=\"381\" srcset=\"https:\/\/www.visit-ulcinj.com\/blog\/wp-content\/uploads\/2016\/01\/Gvozdenovic-Solana-Ulcinj.jpg 640w, https:\/\/www.visit-ulcinj.com\/blog\/wp-content\/uploads\/2016\/01\/Gvozdenovic-Solana-Ulcinj-300x225.jpg 300w\" sizes=\"(max-width: 508px) 100vw, 508px\" \/><\/a>Ministarstvo odr\u017eivog razvoja i turizma uskratilo je saglasnost na za\u0161titu Solane u Ulcinju, poru\u010duju iz Centra za za\u0161titu ptica (CZIP).<\/strong><\/p>\n<p>Oni podsje\u0107aju da je ministar Branimir Gvozdenovi\u0107 na sastanku s Delegacijom EU u Crnoj Gori najavio niz prioriteta u oblasti za\u0161tite \u017eivotne sredine, a da je, kako navode iz CZIP-a, za\u0161titu Solane postavio na prvo mjesto.<\/p>\n<p>\u201cPosve\u0107enost Ministarstva odr\u017eivog razvoja da ispuni obe\u0107anja data Evropskoj komisiji i me\u0111unarodnoj zajednici dovedena je u pitanje, jer ne postoji zakonski osnov da se ova saglasnost po zahtjevu op\u0161tine Ulcinj ne dostavi u predvi\u0111enom roku shodno upravnom postupku. Naime, kako Zakon o za\u0161titi prirode u svojim odredbama predvi\u0111a obavezu davanja saglasnosti ministarstva na akt o progla\u0161enju za\u0161ti\u0107enog podru\u010dja, ne preciziraju\u0107i rok za ogla\u0161avanje, Ministarstvo odbija da dostavi saglasnost ili istu uskrati u formi koju predvi\u0111a Zakonom o upravnom postupku obzirom da je rije\u010d o obavezuju\u0107em mi\u0161ljenju bez kojeg se ovaj postupak ne mo\u017ee okon\u010dati\u201d, navodi se u saop\u0161tenju CZIP-a.<\/p>\n<p>Smatraju da je zabrinjavaju\u0107e da se proces nacionalne i me\u0111unarodne za\u0161tite odugovla\u010di.<\/p>\n<p>\u201cTako\u0111e, nijesu poznati razlozi zbog kojih se jo\u0161 uvijek nije podnio zahtjev Ramsarskom sekretarijatu za upis Solane na listu mo\u010dvarnih stani\u0161ta od me\u0111unarodnog zna\u010daja za koju nije uslov prethodna nacionalna za\u0161tita, \u0161to je \u010dinjenica sa kojom je resorno ministarstvo upoznato\u201d, dodaje se u saop\u0161tenju.<\/p>\n<p>U CZIP-u napominju da je pro\u0161lo vi\u0161e od 120 godina od kapitalnog izdanja za crnogorsku ornitologiju:\u00a0Ornis Balcanica &#8211; IV knjiga &#8211; Montenegro, autora Othmara Reisera\u00a0i\u00a0Ludvig von Fuhrera.<\/p>\n<p>\u201cNa\u017ealost jo\u0161 uvjek ne vidimo spremnost Vlade Crne Gore, uprkos na\u0161oj i inicijativama brojnih ambasada i Evropske komisije, da ovo stani\u0161te proglasi za\u0161ti\u0107enim. Ovim ih putem podsje\u0107amo da ispune obaveze date na konferenciji 13. marta pro\u0161le godine i Medjunarodnoj konferenciji o za\u0161titi Solani od 8-9. aprila, te da ovom va\u017enom stani\u0161tu za \u010ditavu Evropu, kona\u010dno dodijele nacionalni i me\u0111unarodni status za\u0161tite koji svojim bogatstvom ovo podru\u010dje zaslu\u017euje\u201d, zaklju\u010duje se u saop\u0161tenju CZIP-a.<\/p>\n<p><strong>Izvor: RTCG<\/strong><\/p>\n","protected":false},"excerpt":{"rendered":"<p>Ministarstvo odr\u017eivog razvoja i turizma uskratilo je saglasnost na za\u0161titu Solane u Ulcinju, poru\u010duju iz Centra za za\u0161titu ptica (CZIP). Oni podsje\u0107aju da je ministar Branimir Gvozdenovi\u0107 na sastanku s Delegacijom EU u Crnoj Gori najavio niz prioriteta u oblasti za\u0161tite \u017eivotne sredine, a da je, kako navode iz CZIP-a, za\u0161titu Solane postavio na prvo [&hellip;]<\/p>\n","protected":false},"author":1,"featured_media":0,"comment_status":"closed","ping_status":"closed","sticky":false,"template":"","format":"standard","meta":{"spay_email":"","jetpack_publicize_message":"","jetpack_is_tweetstorm":false,"jetpack_publicize_feature_enabled":true},"categories":[6950],"tags":[],"jetpack_publicize_connections":[],"yoast_head":"<!-- This site is optimized with the Yoast SEO plugin v19.1 - https:\/\/yoast.com\/wordpress\/plugins\/seo\/ -->\n<title>CZIP: &quot;Gvozdenovi\u0107 odugovla\u010di sa za\u0161titom Solane&quot; - Lajme nga Ulqini<\/title>\n<meta name=\"description\" content=\"Ministarstvo odr\u017eivog razvoja i turizma uskratilo je saglasnost na za\u0161titu Solane u Ulcinju, poru\u010duju iz Centra za za\u0161titu ptica (CZIP). Oni podsje\u0107aju da\" \/>\n<meta name=\"robots\" content=\"index, follow, max-snippet:-1, max-image-preview:large, max-video-preview:-1\" \/>\n<link rel=\"canonical\" href=\"https:\/\/www.visit-ulcinj.com\/blog\/2016\/01\/22\/czip-gvozdenovic-odugovlaci-sa-zastitom-solane\/\" \/>\n<meta property=\"og:locale\" content=\"en_US\" \/>\n<meta property=\"og:type\" content=\"article\" \/>\n<meta property=\"og:title\" content=\"CZIP: &quot;Gvozdenovi\u0107 odugovla\u010di sa za\u0161titom Solane&quot; - Lajme nga Ulqini\" \/>\n<meta property=\"og:description\" content=\"Ministarstvo odr\u017eivog razvoja i turizma uskratilo je saglasnost na za\u0161titu Solane u Ulcinju, poru\u010duju iz Centra za za\u0161titu ptica (CZIP). Oni podsje\u0107aju da\" \/>\n<meta property=\"og:url\" content=\"https:\/\/www.visit-ulcinj.com\/blog\/2016\/01\/22\/czip-gvozdenovic-odugovlaci-sa-zastitom-solane\/\" \/>\n<meta property=\"og:site_name\" content=\"Lajme nga Ulqini\" \/>\n<meta property=\"article:published_time\" content=\"2016-01-22T19:14:53+00:00\" \/>\n<meta property=\"og:image\" content=\"http:\/\/www.visit-ulcinj.com\/blog\/wp-content\/uploads\/2016\/01\/Gvozdenovic-Solana-Ulcinj.jpg\" \/>\n<meta name=\"twitter:label1\" content=\"Written by\" \/>\n\t<meta name=\"twitter:data1\" content=\"ulqini\" \/>\n\t<meta name=\"twitter:label2\" content=\"Est. reading time\" \/>\n\t<meta name=\"twitter:data2\" content=\"2 minutes\" \/>\n<script type=\"application\/ld+json\" class=\"yoast-schema-graph\">{\"@context\":\"https:\/\/schema.org\",\"@graph\":[{\"@type\":\"WebSite\",\"@id\":\"https:\/\/www.visit-ulcinj.com\/blog\/#website\",\"url\":\"https:\/\/www.visit-ulcinj.com\/blog\/\",\"name\":\"Lajme nga Ulqini\",\"description\":\"Lajme,Vijesti,Ulqini,Ulqin,Crna Gora,Mali i Zi\",\"potentialAction\":[{\"@type\":\"SearchAction\",\"target\":{\"@type\":\"EntryPoint\",\"urlTemplate\":\"https:\/\/www.visit-ulcinj.com\/blog\/?s={search_term_string}\"},\"query-input\":\"required name=search_term_string\"}],\"inLanguage\":\"en-US\"},{\"@type\":\"ImageObject\",\"inLanguage\":\"en-US\",\"@id\":\"https:\/\/www.visit-ulcinj.com\/blog\/2016\/01\/22\/czip-gvozdenovic-odugovlaci-sa-zastitom-solane\/#primaryimage\",\"url\":\"https:\/\/www.visit-ulcinj.com\/blog\/wp-content\/uploads\/2016\/01\/Gvozdenovic-Solana-Ulcinj.jpg\",\"contentUrl\":\"https:\/\/www.visit-ulcinj.com\/blog\/wp-content\/uploads\/2016\/01\/Gvozdenovic-Solana-Ulcinj.jpg\",\"width\":640,\"height\":480},{\"@type\":\"WebPage\",\"@id\":\"https:\/\/www.visit-ulcinj.com\/blog\/2016\/01\/22\/czip-gvozdenovic-odugovlaci-sa-zastitom-solane\/#webpage\",\"url\":\"https:\/\/www.visit-ulcinj.com\/blog\/2016\/01\/22\/czip-gvozdenovic-odugovlaci-sa-zastitom-solane\/\",\"name\":\"CZIP: \\\"Gvozdenovi\u0107 odugovla\u010di sa za\u0161titom Solane\\\" - Lajme nga Ulqini\",\"isPartOf\":{\"@id\":\"https:\/\/www.visit-ulcinj.com\/blog\/#website\"},\"primaryImageOfPage\":{\"@id\":\"https:\/\/www.visit-ulcinj.com\/blog\/2016\/01\/22\/czip-gvozdenovic-odugovlaci-sa-zastitom-solane\/#primaryimage\"},\"datePublished\":\"2016-01-22T19:14:53+00:00\",\"dateModified\":\"2016-01-22T19:14:53+00:00\",\"author\":{\"@id\":\"https:\/\/www.visit-ulcinj.com\/blog\/#\/schema\/person\/dcab619c614d3038751c63bc2aadc06d\"},\"description\":\"Ministarstvo odr\u017eivog razvoja i turizma uskratilo je saglasnost na za\u0161titu Solane u Ulcinju, poru\u010duju iz Centra za za\u0161titu ptica (CZIP). Oni podsje\u0107aju da\",\"breadcrumb\":{\"@id\":\"https:\/\/www.visit-ulcinj.com\/blog\/2016\/01\/22\/czip-gvozdenovic-odugovlaci-sa-zastitom-solane\/#breadcrumb\"},\"inLanguage\":\"en-US\",\"potentialAction\":[{\"@type\":\"ReadAction\",\"target\":[\"https:\/\/www.visit-ulcinj.com\/blog\/2016\/01\/22\/czip-gvozdenovic-odugovlaci-sa-zastitom-solane\/\"]}]},{\"@type\":\"BreadcrumbList\",\"@id\":\"https:\/\/www.visit-ulcinj.com\/blog\/2016\/01\/22\/czip-gvozdenovic-odugovlaci-sa-zastitom-solane\/#breadcrumb\",\"itemListElement\":[{\"@type\":\"ListItem\",\"position\":1,\"name\":\"CZIP: &#8220;Gvozdenovi\u0107 odugovla\u010di sa za\u0161titom Solane&#8221;\"}]},{\"@type\":\"Person\",\"@id\":\"https:\/\/www.visit-ulcinj.com\/blog\/#\/schema\/person\/dcab619c614d3038751c63bc2aadc06d\",\"name\":\"ulqini\",\"sameAs\":[\"http:\/\/www.visit-ulcinj.com\"],\"url\":\"https:\/\/www.visit-ulcinj.com\/blog\/author\/admin\/\"}]}<\/script>\n<!-- \/ Yoast SEO plugin. -->","yoast_head_json":{"title":"CZIP: \"Gvozdenovi\u0107 odugovla\u010di sa za\u0161titom Solane\" - Lajme nga Ulqini","description":"Ministarstvo odr\u017eivog razvoja i turizma uskratilo je saglasnost na za\u0161titu Solane u Ulcinju, poru\u010duju iz Centra za za\u0161titu ptica (CZIP). Oni podsje\u0107aju da","robots":{"index":"index","follow":"follow","max-snippet":"max-snippet:-1","max-image-preview":"max-image-preview:large","max-video-preview":"max-video-preview:-1"},"canonical":"https:\/\/www.visit-ulcinj.com\/blog\/2016\/01\/22\/czip-gvozdenovic-odugovlaci-sa-zastitom-solane\/","og_locale":"en_US","og_type":"article","og_title":"CZIP: \"Gvozdenovi\u0107 odugovla\u010di sa za\u0161titom Solane\" - Lajme nga Ulqini","og_description":"Ministarstvo odr\u017eivog razvoja i turizma uskratilo je saglasnost na za\u0161titu Solane u Ulcinju, poru\u010duju iz Centra za za\u0161titu ptica (CZIP). Oni podsje\u0107aju da","og_url":"https:\/\/www.visit-ulcinj.com\/blog\/2016\/01\/22\/czip-gvozdenovic-odugovlaci-sa-zastitom-solane\/","og_site_name":"Lajme nga Ulqini","article_published_time":"2016-01-22T19:14:53+00:00","og_image":[{"url":"http:\/\/www.visit-ulcinj.com\/blog\/wp-content\/uploads\/2016\/01\/Gvozdenovic-Solana-Ulcinj.jpg"}],"twitter_misc":{"Written by":"ulqini","Est. reading time":"2 minutes"},"schema":{"@context":"https:\/\/schema.org","@graph":[{"@type":"WebSite","@id":"https:\/\/www.visit-ulcinj.com\/blog\/#website","url":"https:\/\/www.visit-ulcinj.com\/blog\/","name":"Lajme nga Ulqini","description":"Lajme,Vijesti,Ulqini,Ulqin,Crna Gora,Mali i Zi","potentialAction":[{"@type":"SearchAction","target":{"@type":"EntryPoint","urlTemplate":"https:\/\/www.visit-ulcinj.com\/blog\/?s={search_term_string}"},"query-input":"required name=search_term_string"}],"inLanguage":"en-US"},{"@type":"ImageObject","inLanguage":"en-US","@id":"https:\/\/www.visit-ulcinj.com\/blog\/2016\/01\/22\/czip-gvozdenovic-odugovlaci-sa-zastitom-solane\/#primaryimage","url":"https:\/\/www.visit-ulcinj.com\/blog\/wp-content\/uploads\/2016\/01\/Gvozdenovic-Solana-Ulcinj.jpg","contentUrl":"https:\/\/www.visit-ulcinj.com\/blog\/wp-content\/uploads\/2016\/01\/Gvozdenovic-Solana-Ulcinj.jpg","width":640,"height":480},{"@type":"WebPage","@id":"https:\/\/www.visit-ulcinj.com\/blog\/2016\/01\/22\/czip-gvozdenovic-odugovlaci-sa-zastitom-solane\/#webpage","url":"https:\/\/www.visit-ulcinj.com\/blog\/2016\/01\/22\/czip-gvozdenovic-odugovlaci-sa-zastitom-solane\/","name":"CZIP: \"Gvozdenovi\u0107 odugovla\u010di sa za\u0161titom Solane\" - Lajme nga Ulqini","isPartOf":{"@id":"https:\/\/www.visit-ulcinj.com\/blog\/#website"},"primaryImageOfPage":{"@id":"https:\/\/www.visit-ulcinj.com\/blog\/2016\/01\/22\/czip-gvozdenovic-odugovlaci-sa-zastitom-solane\/#primaryimage"},"datePublished":"2016-01-22T19:14:53+00:00","dateModified":"2016-01-22T19:14:53+00:00","author":{"@id":"https:\/\/www.visit-ulcinj.com\/blog\/#\/schema\/person\/dcab619c614d3038751c63bc2aadc06d"},"description":"Ministarstvo odr\u017eivog razvoja i turizma uskratilo je saglasnost na za\u0161titu Solane u Ulcinju, poru\u010duju iz Centra za za\u0161titu ptica (CZIP). Oni podsje\u0107aju da","breadcrumb":{"@id":"https:\/\/www.visit-ulcinj.com\/blog\/2016\/01\/22\/czip-gvozdenovic-odugovlaci-sa-zastitom-solane\/#breadcrumb"},"inLanguage":"en-US","potentialAction":[{"@type":"ReadAction","target":["https:\/\/www.visit-ulcinj.com\/blog\/2016\/01\/22\/czip-gvozdenovic-odugovlaci-sa-zastitom-solane\/"]}]},{"@type":"BreadcrumbList","@id":"https:\/\/www.visit-ulcinj.com\/blog\/2016\/01\/22\/czip-gvozdenovic-odugovlaci-sa-zastitom-solane\/#breadcrumb","itemListElement":[{"@type":"ListItem","position":1,"name":"CZIP: &#8220;Gvozdenovi\u0107 odugovla\u010di sa za\u0161titom Solane&#8221;"}]},{"@type":"Person","@id":"https:\/\/www.visit-ulcinj.com\/blog\/#\/schema\/person\/dcab619c614d3038751c63bc2aadc06d","name":"ulqini","sameAs":["http:\/\/www.visit-ulcinj.com"],"url":"https:\/\/www.visit-ulcinj.com\/blog\/author\/admin\/"}]}},"jetpack_featured_media_url":"","jetpack_sharing_enabled":true,"jetpack_shortlink":"https:\/\/wp.me\/pe6lTn-ouz","_links":{"self":[{"href":"https:\/\/www.visit-ulcinj.com\/blog\/wp-json\/wp\/v2\/posts\/94151"}],"collection":[{"href":"https:\/\/www.visit-ulcinj.com\/blog\/wp-json\/wp\/v2\/posts"}],"about":[{"href":"https:\/\/www.visit-ulcinj.com\/blog\/wp-json\/wp\/v2\/types\/post"}],"author":[{"embeddable":true,"href":"https:\/\/www.visit-ulcinj.com\/blog\/wp-json\/wp\/v2\/users\/1"}],"replies":[{"embeddable":true,"href":"https:\/\/www.visit-ulcinj.com\/blog\/wp-json\/wp\/v2\/comments?post=94151"}],"version-history":[{"count":1,"href":"https:\/\/www.visit-ulcinj.com\/blog\/wp-json\/wp\/v2\/posts\/94151\/revisions"}],"predecessor-version":[{"id":94153,"href":"https:\/\/www.visit-ulcinj.com\/blog\/wp-json\/wp\/v2\/posts\/94151\/revisions\/94153"}],"wp:attachment":[{"href":"https:\/\/www.visit-ulcinj.com\/blog\/wp-json\/wp\/v2\/media?parent=94151"}],"wp:term":[{"taxonomy":"category","embeddable":true,"href":"https:\/\/www.visit-ulcinj.com\/blog\/wp-json\/wp\/v2\/categories?post=94151"},{"taxonomy":"post_tag","embeddable":true,"href":"https:\/\/www.visit-ulcinj.com\/blog\/wp-json\/wp\/v2\/tags?post=94151"}],"curies":[{"name":"wp","href":"https:\/\/api.w.org\/{rel}","templated":true}]}}