{"id":94158,"date":"2016-01-23T18:24:39","date_gmt":"2016-01-23T17:24:39","guid":{"rendered":"http:\/\/www.visit-ulcinj.com\/blog\/?p=94158"},"modified":"2016-01-23T18:24:39","modified_gmt":"2016-01-23T17:24:39","slug":"mospranimi-kalas-se-ulqinit-ne-unesco-deshtim-malit-te-zi","status":"publish","type":"post","link":"https:\/\/www.visit-ulcinj.com\/blog\/2016\/01\/23\/mospranimi-kalas-se-ulqinit-ne-unesco-deshtim-malit-te-zi\/","title":{"rendered":"Mospranimi i kalas s\u00eb Ulqinit n\u00eb UNESCO, d\u00ebshtim i Malit t\u00eb Zi"},"content":{"rendered":"<p><a href=\"http:\/\/www.visit-ulcinj.com\/blog\/wp-content\/uploads\/2016\/01\/Kalaja-e-Ulqini-Folklori-i-Ulqinit.jpg\"><img loading=\"lazy\" class=\"alignleft wp-image-94159\" src=\"http:\/\/www.visit-ulcinj.com\/blog\/wp-content\/uploads\/2016\/01\/Kalaja-e-Ulqini-Folklori-i-Ulqinit.jpg\" alt=\"Kalaja-e-Ulqini-Folklori-i-Ulqinit\" width=\"508\" height=\"369\" srcset=\"https:\/\/www.visit-ulcinj.com\/blog\/wp-content\/uploads\/2016\/01\/Kalaja-e-Ulqini-Folklori-i-Ulqinit.jpg 720w, https:\/\/www.visit-ulcinj.com\/blog\/wp-content\/uploads\/2016\/01\/Kalaja-e-Ulqini-Folklori-i-Ulqinit-300x218.jpg 300w\" sizes=\"(max-width: 508px) 100vw, 508px\" \/><\/a>Qeveria e Malit t\u00eb Zi ka miratuar informat\u00ebn p\u00ebr realizimin e projektit t\u00eb nominimit t\u00eb k\u00ebshtjellave mbrojt\u00ebse venedikase nga shekulli 15 dhe 16 p\u00ebr regjistrimin n\u00eb list\u00ebn e trash\u00ebgimis\u00eb kulturore bot\u00ebrore UNESCO, njofton portali Ul.info.<\/p>\n<p>Nj\u00eb nd\u00ebr k\u00ebto k\u00ebshtjella \u00ebsht\u00eb edhe Kalaja e Ulqinit, si zon\u00eb me r\u00ebnd\u00ebsi t\u00eb ve\u00e7ant\u00eb.<\/p>\n<p>P\u00ebr regjistrim t\u00eb k\u00ebsaj k\u00ebshtjelle unike nga shekulli i 5 p.e.r. n\u00eb list\u00ebn e UNESCO-s\u00eb tash shum\u00eb vite insiston Shoqata Kalaja.<\/p>\n<p>Por, deri tani ka munguar p\u00ebrkrahja konkrete e Qeveris\u00eb s\u00eb Malit t\u00eb Zi dhe administrat\u00ebs lokale.<\/p>\n","protected":false},"excerpt":{"rendered":"<p>Qeveria e Malit t\u00eb Zi ka miratuar informat\u00ebn p\u00ebr realizimin e projektit t\u00eb nominimit t\u00eb k\u00ebshtjellave mbrojt\u00ebse venedikase nga shekulli 15 dhe 16 p\u00ebr regjistrimin n\u00eb list\u00ebn e trash\u00ebgimis\u00eb kulturore bot\u00ebrore UNESCO, njofton portali Ul.info. Nj\u00eb nd\u00ebr k\u00ebto k\u00ebshtjella \u00ebsht\u00eb edhe Kalaja e Ulqinit, si zon\u00eb me r\u00ebnd\u00ebsi t\u00eb ve\u00e7ant\u00eb. P\u00ebr regjistrim t\u00eb k\u00ebsaj k\u00ebshtjelle [&hellip;]<\/p>\n","protected":false},"author":1,"featured_media":0,"comment_status":"closed","ping_status":"closed","sticky":false,"template":"","format":"standard","meta":{"spay_email":"","jetpack_publicize_message":"","jetpack_is_tweetstorm":false,"jetpack_publicize_feature_enabled":true},"categories":[4],"tags":[],"jetpack_publicize_connections":[],"yoast_head":"<!-- This site is optimized with the Yoast SEO plugin v19.1 - https:\/\/yoast.com\/wordpress\/plugins\/seo\/ -->\n<title>Mospranimi i kalas s\u00eb Ulqinit n\u00eb UNESCO, d\u00ebshtim i Malit t\u00eb Zi - Lajme nga Ulqini<\/title>\n<meta name=\"description\" content=\"Qeveria e Malit t\u00eb Zi ka miratuar informat\u00ebn p\u00ebr realizimin e projektit t\u00eb nominimit t\u00eb k\u00ebshtjellave mbrojt\u00ebse venedikase nga shekulli 15 dhe 16 p\u00ebr\" \/>\n<meta name=\"robots\" content=\"index, follow, max-snippet:-1, max-image-preview:large, max-video-preview:-1\" \/>\n<link rel=\"canonical\" href=\"https:\/\/www.visit-ulcinj.com\/blog\/2016\/01\/23\/mospranimi-kalas-se-ulqinit-ne-unesco-deshtim-malit-te-zi\/\" \/>\n<meta property=\"og:locale\" content=\"en_US\" \/>\n<meta property=\"og:type\" content=\"article\" \/>\n<meta property=\"og:title\" content=\"Mospranimi i kalas s\u00eb Ulqinit n\u00eb UNESCO, d\u00ebshtim i Malit t\u00eb Zi - Lajme nga Ulqini\" \/>\n<meta property=\"og:description\" content=\"Qeveria e Malit t\u00eb Zi ka miratuar informat\u00ebn p\u00ebr realizimin e projektit t\u00eb nominimit t\u00eb k\u00ebshtjellave mbrojt\u00ebse venedikase nga shekulli 15 dhe 16 p\u00ebr\" \/>\n<meta property=\"og:url\" content=\"https:\/\/www.visit-ulcinj.com\/blog\/2016\/01\/23\/mospranimi-kalas-se-ulqinit-ne-unesco-deshtim-malit-te-zi\/\" \/>\n<meta property=\"og:site_name\" content=\"Lajme nga Ulqini\" \/>\n<meta property=\"article:published_time\" content=\"2016-01-23T17:24:39+00:00\" \/>\n<meta property=\"og:image\" content=\"http:\/\/www.visit-ulcinj.com\/blog\/wp-content\/uploads\/2016\/01\/Kalaja-e-Ulqini-Folklori-i-Ulqinit.jpg\" \/>\n<meta name=\"twitter:label1\" content=\"Written by\" \/>\n\t<meta name=\"twitter:data1\" content=\"ulqini\" \/>\n\t<meta name=\"twitter:label2\" content=\"Est. reading time\" \/>\n\t<meta name=\"twitter:data2\" content=\"1 minute\" \/>\n<script type=\"application\/ld+json\" class=\"yoast-schema-graph\">{\"@context\":\"https:\/\/schema.org\",\"@graph\":[{\"@type\":\"WebSite\",\"@id\":\"https:\/\/www.visit-ulcinj.com\/blog\/#website\",\"url\":\"https:\/\/www.visit-ulcinj.com\/blog\/\",\"name\":\"Lajme nga Ulqini\",\"description\":\"Lajme,Vijesti,Ulqini,Ulqin,Crna Gora,Mali i Zi\",\"potentialAction\":[{\"@type\":\"SearchAction\",\"target\":{\"@type\":\"EntryPoint\",\"urlTemplate\":\"https:\/\/www.visit-ulcinj.com\/blog\/?s={search_term_string}\"},\"query-input\":\"required name=search_term_string\"}],\"inLanguage\":\"en-US\"},{\"@type\":\"ImageObject\",\"inLanguage\":\"en-US\",\"@id\":\"https:\/\/www.visit-ulcinj.com\/blog\/2016\/01\/23\/mospranimi-kalas-se-ulqinit-ne-unesco-deshtim-malit-te-zi\/#primaryimage\",\"url\":\"https:\/\/www.visit-ulcinj.com\/blog\/wp-content\/uploads\/2016\/01\/Kalaja-e-Ulqini-Folklori-i-Ulqinit.jpg\",\"contentUrl\":\"https:\/\/www.visit-ulcinj.com\/blog\/wp-content\/uploads\/2016\/01\/Kalaja-e-Ulqini-Folklori-i-Ulqinit.jpg\",\"width\":720,\"height\":523},{\"@type\":\"WebPage\",\"@id\":\"https:\/\/www.visit-ulcinj.com\/blog\/2016\/01\/23\/mospranimi-kalas-se-ulqinit-ne-unesco-deshtim-malit-te-zi\/#webpage\",\"url\":\"https:\/\/www.visit-ulcinj.com\/blog\/2016\/01\/23\/mospranimi-kalas-se-ulqinit-ne-unesco-deshtim-malit-te-zi\/\",\"name\":\"Mospranimi i kalas s\u00eb Ulqinit n\u00eb UNESCO, d\u00ebshtim i Malit t\u00eb Zi - Lajme nga Ulqini\",\"isPartOf\":{\"@id\":\"https:\/\/www.visit-ulcinj.com\/blog\/#website\"},\"primaryImageOfPage\":{\"@id\":\"https:\/\/www.visit-ulcinj.com\/blog\/2016\/01\/23\/mospranimi-kalas-se-ulqinit-ne-unesco-deshtim-malit-te-zi\/#primaryimage\"},\"datePublished\":\"2016-01-23T17:24:39+00:00\",\"dateModified\":\"2016-01-23T17:24:39+00:00\",\"author\":{\"@id\":\"https:\/\/www.visit-ulcinj.com\/blog\/#\/schema\/person\/dcab619c614d3038751c63bc2aadc06d\"},\"description\":\"Qeveria e Malit t\u00eb Zi ka miratuar informat\u00ebn p\u00ebr realizimin e projektit t\u00eb nominimit t\u00eb k\u00ebshtjellave mbrojt\u00ebse venedikase nga shekulli 15 dhe 16 p\u00ebr\",\"breadcrumb\":{\"@id\":\"https:\/\/www.visit-ulcinj.com\/blog\/2016\/01\/23\/mospranimi-kalas-se-ulqinit-ne-unesco-deshtim-malit-te-zi\/#breadcrumb\"},\"inLanguage\":\"en-US\",\"potentialAction\":[{\"@type\":\"ReadAction\",\"target\":[\"https:\/\/www.visit-ulcinj.com\/blog\/2016\/01\/23\/mospranimi-kalas-se-ulqinit-ne-unesco-deshtim-malit-te-zi\/\"]}]},{\"@type\":\"BreadcrumbList\",\"@id\":\"https:\/\/www.visit-ulcinj.com\/blog\/2016\/01\/23\/mospranimi-kalas-se-ulqinit-ne-unesco-deshtim-malit-te-zi\/#breadcrumb\",\"itemListElement\":[{\"@type\":\"ListItem\",\"position\":1,\"name\":\"Mospranimi i kalas s\u00eb Ulqinit n\u00eb UNESCO, d\u00ebshtim i Malit t\u00eb Zi\"}]},{\"@type\":\"Person\",\"@id\":\"https:\/\/www.visit-ulcinj.com\/blog\/#\/schema\/person\/dcab619c614d3038751c63bc2aadc06d\",\"name\":\"ulqini\",\"sameAs\":[\"http:\/\/www.visit-ulcinj.com\"],\"url\":\"https:\/\/www.visit-ulcinj.com\/blog\/author\/admin\/\"}]}<\/script>\n<!-- \/ Yoast SEO plugin. -->","yoast_head_json":{"title":"Mospranimi i kalas s\u00eb Ulqinit n\u00eb UNESCO, d\u00ebshtim i Malit t\u00eb Zi - Lajme nga Ulqini","description":"Qeveria e Malit t\u00eb Zi ka miratuar informat\u00ebn p\u00ebr realizimin e projektit t\u00eb nominimit t\u00eb k\u00ebshtjellave mbrojt\u00ebse venedikase nga shekulli 15 dhe 16 p\u00ebr","robots":{"index":"index","follow":"follow","max-snippet":"max-snippet:-1","max-image-preview":"max-image-preview:large","max-video-preview":"max-video-preview:-1"},"canonical":"https:\/\/www.visit-ulcinj.com\/blog\/2016\/01\/23\/mospranimi-kalas-se-ulqinit-ne-unesco-deshtim-malit-te-zi\/","og_locale":"en_US","og_type":"article","og_title":"Mospranimi i kalas s\u00eb Ulqinit n\u00eb UNESCO, d\u00ebshtim i Malit t\u00eb Zi - Lajme nga Ulqini","og_description":"Qeveria e Malit t\u00eb Zi ka miratuar informat\u00ebn p\u00ebr realizimin e projektit t\u00eb nominimit t\u00eb k\u00ebshtjellave mbrojt\u00ebse venedikase nga shekulli 15 dhe 16 p\u00ebr","og_url":"https:\/\/www.visit-ulcinj.com\/blog\/2016\/01\/23\/mospranimi-kalas-se-ulqinit-ne-unesco-deshtim-malit-te-zi\/","og_site_name":"Lajme nga Ulqini","article_published_time":"2016-01-23T17:24:39+00:00","og_image":[{"url":"http:\/\/www.visit-ulcinj.com\/blog\/wp-content\/uploads\/2016\/01\/Kalaja-e-Ulqini-Folklori-i-Ulqinit.jpg"}],"twitter_misc":{"Written by":"ulqini","Est. reading time":"1 minute"},"schema":{"@context":"https:\/\/schema.org","@graph":[{"@type":"WebSite","@id":"https:\/\/www.visit-ulcinj.com\/blog\/#website","url":"https:\/\/www.visit-ulcinj.com\/blog\/","name":"Lajme nga Ulqini","description":"Lajme,Vijesti,Ulqini,Ulqin,Crna Gora,Mali i Zi","potentialAction":[{"@type":"SearchAction","target":{"@type":"EntryPoint","urlTemplate":"https:\/\/www.visit-ulcinj.com\/blog\/?s={search_term_string}"},"query-input":"required name=search_term_string"}],"inLanguage":"en-US"},{"@type":"ImageObject","inLanguage":"en-US","@id":"https:\/\/www.visit-ulcinj.com\/blog\/2016\/01\/23\/mospranimi-kalas-se-ulqinit-ne-unesco-deshtim-malit-te-zi\/#primaryimage","url":"https:\/\/www.visit-ulcinj.com\/blog\/wp-content\/uploads\/2016\/01\/Kalaja-e-Ulqini-Folklori-i-Ulqinit.jpg","contentUrl":"https:\/\/www.visit-ulcinj.com\/blog\/wp-content\/uploads\/2016\/01\/Kalaja-e-Ulqini-Folklori-i-Ulqinit.jpg","width":720,"height":523},{"@type":"WebPage","@id":"https:\/\/www.visit-ulcinj.com\/blog\/2016\/01\/23\/mospranimi-kalas-se-ulqinit-ne-unesco-deshtim-malit-te-zi\/#webpage","url":"https:\/\/www.visit-ulcinj.com\/blog\/2016\/01\/23\/mospranimi-kalas-se-ulqinit-ne-unesco-deshtim-malit-te-zi\/","name":"Mospranimi i kalas s\u00eb Ulqinit n\u00eb UNESCO, d\u00ebshtim i Malit t\u00eb Zi - Lajme nga Ulqini","isPartOf":{"@id":"https:\/\/www.visit-ulcinj.com\/blog\/#website"},"primaryImageOfPage":{"@id":"https:\/\/www.visit-ulcinj.com\/blog\/2016\/01\/23\/mospranimi-kalas-se-ulqinit-ne-unesco-deshtim-malit-te-zi\/#primaryimage"},"datePublished":"2016-01-23T17:24:39+00:00","dateModified":"2016-01-23T17:24:39+00:00","author":{"@id":"https:\/\/www.visit-ulcinj.com\/blog\/#\/schema\/person\/dcab619c614d3038751c63bc2aadc06d"},"description":"Qeveria e Malit t\u00eb Zi ka miratuar informat\u00ebn p\u00ebr realizimin e projektit t\u00eb nominimit t\u00eb k\u00ebshtjellave mbrojt\u00ebse venedikase nga shekulli 15 dhe 16 p\u00ebr","breadcrumb":{"@id":"https:\/\/www.visit-ulcinj.com\/blog\/2016\/01\/23\/mospranimi-kalas-se-ulqinit-ne-unesco-deshtim-malit-te-zi\/#breadcrumb"},"inLanguage":"en-US","potentialAction":[{"@type":"ReadAction","target":["https:\/\/www.visit-ulcinj.com\/blog\/2016\/01\/23\/mospranimi-kalas-se-ulqinit-ne-unesco-deshtim-malit-te-zi\/"]}]},{"@type":"BreadcrumbList","@id":"https:\/\/www.visit-ulcinj.com\/blog\/2016\/01\/23\/mospranimi-kalas-se-ulqinit-ne-unesco-deshtim-malit-te-zi\/#breadcrumb","itemListElement":[{"@type":"ListItem","position":1,"name":"Mospranimi i kalas s\u00eb Ulqinit n\u00eb UNESCO, d\u00ebshtim i Malit t\u00eb Zi"}]},{"@type":"Person","@id":"https:\/\/www.visit-ulcinj.com\/blog\/#\/schema\/person\/dcab619c614d3038751c63bc2aadc06d","name":"ulqini","sameAs":["http:\/\/www.visit-ulcinj.com"],"url":"https:\/\/www.visit-ulcinj.com\/blog\/author\/admin\/"}]}},"jetpack_featured_media_url":"","jetpack_sharing_enabled":true,"jetpack_shortlink":"https:\/\/wp.me\/pe6lTn-ouG","_links":{"self":[{"href":"https:\/\/www.visit-ulcinj.com\/blog\/wp-json\/wp\/v2\/posts\/94158"}],"collection":[{"href":"https:\/\/www.visit-ulcinj.com\/blog\/wp-json\/wp\/v2\/posts"}],"about":[{"href":"https:\/\/www.visit-ulcinj.com\/blog\/wp-json\/wp\/v2\/types\/post"}],"author":[{"embeddable":true,"href":"https:\/\/www.visit-ulcinj.com\/blog\/wp-json\/wp\/v2\/users\/1"}],"replies":[{"embeddable":true,"href":"https:\/\/www.visit-ulcinj.com\/blog\/wp-json\/wp\/v2\/comments?post=94158"}],"version-history":[{"count":1,"href":"https:\/\/www.visit-ulcinj.com\/blog\/wp-json\/wp\/v2\/posts\/94158\/revisions"}],"predecessor-version":[{"id":94160,"href":"https:\/\/www.visit-ulcinj.com\/blog\/wp-json\/wp\/v2\/posts\/94158\/revisions\/94160"}],"wp:attachment":[{"href":"https:\/\/www.visit-ulcinj.com\/blog\/wp-json\/wp\/v2\/media?parent=94158"}],"wp:term":[{"taxonomy":"category","embeddable":true,"href":"https:\/\/www.visit-ulcinj.com\/blog\/wp-json\/wp\/v2\/categories?post=94158"},{"taxonomy":"post_tag","embeddable":true,"href":"https:\/\/www.visit-ulcinj.com\/blog\/wp-json\/wp\/v2\/tags?post=94158"}],"curies":[{"name":"wp","href":"https:\/\/api.w.org\/{rel}","templated":true}]}}