{"id":94161,"date":"2016-01-23T18:33:14","date_gmt":"2016-01-23T17:33:14","guid":{"rendered":"http:\/\/www.visit-ulcinj.com\/blog\/?p=94161"},"modified":"2016-01-23T18:33:14","modified_gmt":"2016-01-23T17:33:14","slug":"forca-te-mbeshtes-mocionin-e-votebesimit-qeverise-se-malit-te-zi","status":"publish","type":"post","link":"https:\/\/www.visit-ulcinj.com\/blog\/2016\/01\/23\/forca-te-mbeshtes-mocionin-e-votebesimit-qeverise-se-malit-te-zi\/","title":{"rendered":"Forca do t\u00eb mb\u00ebshtes mocionin e vot\u00ebbesimit Qeveris\u00eb s\u00eb Malit t\u00eb Zi"},"content":{"rendered":"<p><strong> <a href=\"http:\/\/www.visit-ulcinj.com\/blog\/wp-content\/uploads\/2016\/01\/Gjukanoviq-Cungu.jpg\"><img loading=\"lazy\" class=\"alignleft wp-image-94162\" src=\"http:\/\/www.visit-ulcinj.com\/blog\/wp-content\/uploads\/2016\/01\/Gjukanoviq-Cungu.jpg\" alt=\"Gjukanoviq-Cungu\" width=\"508\" height=\"338\" srcset=\"https:\/\/www.visit-ulcinj.com\/blog\/wp-content\/uploads\/2016\/01\/Gjukanoviq-Cungu.jpg 1020w, https:\/\/www.visit-ulcinj.com\/blog\/wp-content\/uploads\/2016\/01\/Gjukanoviq-Cungu-300x200.jpg 300w\" sizes=\"(max-width: 508px) 100vw, 508px\" \/><\/a>Kumtes\u00eb p\u00ebr opinion e K\u00ebshillit Qendror t\u00eb Forc\u00ebs s\u00eb Re Demokratike<\/strong><\/p>\n<p><strong>K\u00ebshilli Qendror i Forc\u00ebs s\u00eb Re Demokratike<\/strong>, n\u00eb mbledhjen e mbajtur t\u00eb premten\u00a0 dat\u00eb 22 janar 2016, diskutoj n\u00eb lidhje me\u00a0 k\u00ebrkes\u00ebn e Qeveris\u00eb s\u00eb Malit t\u00eb Zi d\u00ebrguar Kuvendit republikan, q\u00eb me dat\u00eb 25 janar t\u00eb vendoset n\u00eb rend t\u00eb dit\u00ebs vot\u00ebbesimi i saj.<\/p>\n<p>Iniciativa e Qeveris\u00eb s\u00eb Malit t\u00eb Zi p\u00ebr vot\u00ebbesim \u00ebsht\u00eb e drejt\u00eb\u00a0 Kushtetuese dhe vjen pas ftes\u00ebs p\u00ebr antarsim n\u00eb NATO<strong>,<\/strong>\u00a0 i cili s\u00eb bashku me antarsimin n\u00eb BE \u00ebsht\u00eb edhe prioriteti kryesor politik i Forc\u00ebs. Arsyet p\u00ebr k\u00ebt\u00eb q\u00ebndrim jan\u00eb se antarsimi n\u00eb k\u00ebto dy struktura krijon kushtet dhe mund\u00ebsit\u00eb optimale p\u00ebr forcimin e m\u00ebtejsh\u00ebm t\u00eb shtetit t\u00eb s\u00eb drejt\u00ebs, p\u00ebr zhvillimin ekonomik, p\u00ebrmirsimin e t\u00eb drejtave t\u00eb popujve autokton, \u00a0dhe t\u00eb drejtat e njeriut n\u00eb p\u00ebrgjith\u00ebsi.<\/p>\n<p>Politika e cila e \u00e7on Malin e Zi drejt antarsimit n\u00eb Bashkimin Europian dhe NATO , dhe me t\u00eb cil\u00ebn nd\u00ebrpritet ndikimi historik i lindjes, \u00ebsht\u00eb padyshim n\u00eb interes t\u00eb gjith\u00eb shqiptar\u00ebve n\u00eb Mal t\u00eb Zi.<\/p>\n<p>Retorika shqet\u00ebsuese gjat\u00eb protestave t\u00eb fundit,konfirmoi edhe nj\u00ebher\u00eb se politika e Qeveris\u00eb s\u00eb Malit t\u00eb Zi n\u00eb lidhje me marr\u00ebdh\u00ebniet e mira fqinj\u00ebsore, posa\u00e7\u00ebrisht me Kosov\u00ebn dhe Shqip\u00ebrin\u00eb, \u00ebsht\u00eb n\u00eb harmoni t\u00eb plot\u00eb me interesat komb\u00ebtare t\u00eb komunitetit shqiptar n\u00eb Mal t\u00eb Zi.<\/p>\n<p>N\u00eb nj\u00eb vit zgjedhjesh, \u00a0ku koha e mbajtjes s\u00eb tyre varet nga dialogu politik dhe gatishm\u00ebrin\u00eb e institucioneve p\u00ebr ti zbatuar ato n\u00eb p\u00ebrputhje me legjislacionin e \u00a0ndryshuar, \u00a0\u00a0besojm\u00eb se vazhdimsia politike \u00ebsht\u00eb karakteristik\u00eb e stabilitetit t\u00eb partis\u00eb.<\/p>\n<p>K\u00ebshilli Qendror nj\u00ebz\u00ebri vendosi q\u00eb Forca ti jap\u00eb besimin Qeveris\u00eb n\u00eb seanc\u00ebn e ardhshme.<\/p>\n<p>Shpresojm\u00eb q\u00eb k\u00ebrkesat e pandryshuara politike t\u00eb Forc\u00ebs, t\u00eb\u00a0 konfirmuara me nj\u00eb politik\u00eb konsistente n\u00eb tentativat p\u00ebr p\u00ebrmir\u00ebsimin e gjendjes s\u00eb shqiptar\u00ebve n\u00eb Mal t\u00eb Zi, do t\u00eb realizohen me nj\u00eb dinamik\u00eb m\u00eb intenzive dhe cil\u00ebsore, \u00e7ka deri tani nuk ishte e mundur p\u00ebr shkak t\u00eb mosmarrveshjeve n\u00eb shumic\u00ebn aktuale.<\/p>\n<p><strong>Sh\u00ebrbimi p\u00ebr informim i Forc\u00ebs<\/strong><\/p>\n<p>Lajm.me<\/p>\n","protected":false},"excerpt":{"rendered":"<p>Kumtes\u00eb p\u00ebr opinion e K\u00ebshillit Qendror t\u00eb Forc\u00ebs s\u00eb Re Demokratike K\u00ebshilli Qendror i Forc\u00ebs s\u00eb Re Demokratike, n\u00eb mbledhjen e mbajtur t\u00eb premten\u00a0 dat\u00eb 22 janar 2016, diskutoj n\u00eb lidhje me\u00a0 k\u00ebrkes\u00ebn e Qeveris\u00eb s\u00eb Malit t\u00eb Zi d\u00ebrguar Kuvendit republikan, q\u00eb me dat\u00eb 25 janar t\u00eb vendoset n\u00eb rend t\u00eb dit\u00ebs vot\u00ebbesimi i [&hellip;]<\/p>\n","protected":false},"author":1,"featured_media":0,"comment_status":"closed","ping_status":"closed","sticky":false,"template":"","format":"standard","meta":{"spay_email":"","jetpack_publicize_message":"","jetpack_is_tweetstorm":false,"jetpack_publicize_feature_enabled":true},"categories":[6],"tags":[],"jetpack_publicize_connections":[],"yoast_head":"<!-- This site is optimized with the Yoast SEO plugin v19.1 - https:\/\/yoast.com\/wordpress\/plugins\/seo\/ -->\n<title>Forca do t\u00eb mb\u00ebshtes mocionin e vot\u00ebbesimit Qeveris\u00eb s\u00eb Malit t\u00eb Zi - Lajme nga Ulqini<\/title>\n<meta name=\"description\" content=\"Kumtes\u00eb p\u00ebr opinion e K\u00ebshillit Qendror t\u00eb Forc\u00ebs s\u00eb Re Demokratike K\u00ebshilli Qendror i Forc\u00ebs s\u00eb Re Demokratike, n\u00eb mbledhjen e mbajtur t\u00eb premten\u00a0 dat\u00eb\" \/>\n<meta name=\"robots\" content=\"index, follow, max-snippet:-1, max-image-preview:large, max-video-preview:-1\" \/>\n<link rel=\"canonical\" href=\"https:\/\/www.visit-ulcinj.com\/blog\/2016\/01\/23\/forca-te-mbeshtes-mocionin-e-votebesimit-qeverise-se-malit-te-zi\/\" \/>\n<meta property=\"og:locale\" content=\"en_US\" \/>\n<meta property=\"og:type\" content=\"article\" \/>\n<meta property=\"og:title\" content=\"Forca do t\u00eb mb\u00ebshtes mocionin e vot\u00ebbesimit Qeveris\u00eb s\u00eb Malit t\u00eb Zi - Lajme nga Ulqini\" \/>\n<meta property=\"og:description\" content=\"Kumtes\u00eb p\u00ebr opinion e K\u00ebshillit Qendror t\u00eb Forc\u00ebs s\u00eb Re Demokratike K\u00ebshilli Qendror i Forc\u00ebs s\u00eb Re Demokratike, n\u00eb mbledhjen e mbajtur t\u00eb premten\u00a0 dat\u00eb\" \/>\n<meta property=\"og:url\" content=\"https:\/\/www.visit-ulcinj.com\/blog\/2016\/01\/23\/forca-te-mbeshtes-mocionin-e-votebesimit-qeverise-se-malit-te-zi\/\" \/>\n<meta property=\"og:site_name\" content=\"Lajme nga Ulqini\" \/>\n<meta property=\"article:published_time\" content=\"2016-01-23T17:33:14+00:00\" \/>\n<meta property=\"og:image\" content=\"http:\/\/www.visit-ulcinj.com\/blog\/wp-content\/uploads\/2016\/01\/Gjukanoviq-Cungu.jpg\" \/>\n<meta name=\"twitter:label1\" content=\"Written by\" \/>\n\t<meta name=\"twitter:data1\" content=\"ulqini\" \/>\n\t<meta name=\"twitter:label2\" content=\"Est. reading time\" \/>\n\t<meta name=\"twitter:data2\" content=\"2 minutes\" \/>\n<script type=\"application\/ld+json\" class=\"yoast-schema-graph\">{\"@context\":\"https:\/\/schema.org\",\"@graph\":[{\"@type\":\"WebSite\",\"@id\":\"https:\/\/www.visit-ulcinj.com\/blog\/#website\",\"url\":\"https:\/\/www.visit-ulcinj.com\/blog\/\",\"name\":\"Lajme nga Ulqini\",\"description\":\"Lajme,Vijesti,Ulqini,Ulqin,Crna Gora,Mali i Zi\",\"potentialAction\":[{\"@type\":\"SearchAction\",\"target\":{\"@type\":\"EntryPoint\",\"urlTemplate\":\"https:\/\/www.visit-ulcinj.com\/blog\/?s={search_term_string}\"},\"query-input\":\"required name=search_term_string\"}],\"inLanguage\":\"en-US\"},{\"@type\":\"ImageObject\",\"inLanguage\":\"en-US\",\"@id\":\"https:\/\/www.visit-ulcinj.com\/blog\/2016\/01\/23\/forca-te-mbeshtes-mocionin-e-votebesimit-qeverise-se-malit-te-zi\/#primaryimage\",\"url\":\"https:\/\/www.visit-ulcinj.com\/blog\/wp-content\/uploads\/2016\/01\/Gjukanoviq-Cungu.jpg\",\"contentUrl\":\"https:\/\/www.visit-ulcinj.com\/blog\/wp-content\/uploads\/2016\/01\/Gjukanoviq-Cungu.jpg\",\"width\":1020,\"height\":679},{\"@type\":\"WebPage\",\"@id\":\"https:\/\/www.visit-ulcinj.com\/blog\/2016\/01\/23\/forca-te-mbeshtes-mocionin-e-votebesimit-qeverise-se-malit-te-zi\/#webpage\",\"url\":\"https:\/\/www.visit-ulcinj.com\/blog\/2016\/01\/23\/forca-te-mbeshtes-mocionin-e-votebesimit-qeverise-se-malit-te-zi\/\",\"name\":\"Forca do t\u00eb mb\u00ebshtes mocionin e vot\u00ebbesimit Qeveris\u00eb s\u00eb Malit t\u00eb Zi - Lajme nga Ulqini\",\"isPartOf\":{\"@id\":\"https:\/\/www.visit-ulcinj.com\/blog\/#website\"},\"primaryImageOfPage\":{\"@id\":\"https:\/\/www.visit-ulcinj.com\/blog\/2016\/01\/23\/forca-te-mbeshtes-mocionin-e-votebesimit-qeverise-se-malit-te-zi\/#primaryimage\"},\"datePublished\":\"2016-01-23T17:33:14+00:00\",\"dateModified\":\"2016-01-23T17:33:14+00:00\",\"author\":{\"@id\":\"https:\/\/www.visit-ulcinj.com\/blog\/#\/schema\/person\/dcab619c614d3038751c63bc2aadc06d\"},\"description\":\"Kumtes\u00eb p\u00ebr opinion e K\u00ebshillit Qendror t\u00eb Forc\u00ebs s\u00eb Re Demokratike K\u00ebshilli Qendror i Forc\u00ebs s\u00eb Re Demokratike, n\u00eb mbledhjen e mbajtur t\u00eb premten\u00a0 dat\u00eb\",\"breadcrumb\":{\"@id\":\"https:\/\/www.visit-ulcinj.com\/blog\/2016\/01\/23\/forca-te-mbeshtes-mocionin-e-votebesimit-qeverise-se-malit-te-zi\/#breadcrumb\"},\"inLanguage\":\"en-US\",\"potentialAction\":[{\"@type\":\"ReadAction\",\"target\":[\"https:\/\/www.visit-ulcinj.com\/blog\/2016\/01\/23\/forca-te-mbeshtes-mocionin-e-votebesimit-qeverise-se-malit-te-zi\/\"]}]},{\"@type\":\"BreadcrumbList\",\"@id\":\"https:\/\/www.visit-ulcinj.com\/blog\/2016\/01\/23\/forca-te-mbeshtes-mocionin-e-votebesimit-qeverise-se-malit-te-zi\/#breadcrumb\",\"itemListElement\":[{\"@type\":\"ListItem\",\"position\":1,\"name\":\"Forca do t\u00eb mb\u00ebshtes mocionin e vot\u00ebbesimit Qeveris\u00eb s\u00eb Malit t\u00eb Zi\"}]},{\"@type\":\"Person\",\"@id\":\"https:\/\/www.visit-ulcinj.com\/blog\/#\/schema\/person\/dcab619c614d3038751c63bc2aadc06d\",\"name\":\"ulqini\",\"sameAs\":[\"http:\/\/www.visit-ulcinj.com\"],\"url\":\"https:\/\/www.visit-ulcinj.com\/blog\/author\/admin\/\"}]}<\/script>\n<!-- \/ Yoast SEO plugin. -->","yoast_head_json":{"title":"Forca do t\u00eb mb\u00ebshtes mocionin e vot\u00ebbesimit Qeveris\u00eb s\u00eb Malit t\u00eb Zi - Lajme nga Ulqini","description":"Kumtes\u00eb p\u00ebr opinion e K\u00ebshillit Qendror t\u00eb Forc\u00ebs s\u00eb Re Demokratike K\u00ebshilli Qendror i Forc\u00ebs s\u00eb Re Demokratike, n\u00eb mbledhjen e mbajtur t\u00eb premten\u00a0 dat\u00eb","robots":{"index":"index","follow":"follow","max-snippet":"max-snippet:-1","max-image-preview":"max-image-preview:large","max-video-preview":"max-video-preview:-1"},"canonical":"https:\/\/www.visit-ulcinj.com\/blog\/2016\/01\/23\/forca-te-mbeshtes-mocionin-e-votebesimit-qeverise-se-malit-te-zi\/","og_locale":"en_US","og_type":"article","og_title":"Forca do t\u00eb mb\u00ebshtes mocionin e vot\u00ebbesimit Qeveris\u00eb s\u00eb Malit t\u00eb Zi - Lajme nga Ulqini","og_description":"Kumtes\u00eb p\u00ebr opinion e K\u00ebshillit Qendror t\u00eb Forc\u00ebs s\u00eb Re Demokratike K\u00ebshilli Qendror i Forc\u00ebs s\u00eb Re Demokratike, n\u00eb mbledhjen e mbajtur t\u00eb premten\u00a0 dat\u00eb","og_url":"https:\/\/www.visit-ulcinj.com\/blog\/2016\/01\/23\/forca-te-mbeshtes-mocionin-e-votebesimit-qeverise-se-malit-te-zi\/","og_site_name":"Lajme nga Ulqini","article_published_time":"2016-01-23T17:33:14+00:00","og_image":[{"url":"http:\/\/www.visit-ulcinj.com\/blog\/wp-content\/uploads\/2016\/01\/Gjukanoviq-Cungu.jpg"}],"twitter_misc":{"Written by":"ulqini","Est. reading time":"2 minutes"},"schema":{"@context":"https:\/\/schema.org","@graph":[{"@type":"WebSite","@id":"https:\/\/www.visit-ulcinj.com\/blog\/#website","url":"https:\/\/www.visit-ulcinj.com\/blog\/","name":"Lajme nga Ulqini","description":"Lajme,Vijesti,Ulqini,Ulqin,Crna Gora,Mali i Zi","potentialAction":[{"@type":"SearchAction","target":{"@type":"EntryPoint","urlTemplate":"https:\/\/www.visit-ulcinj.com\/blog\/?s={search_term_string}"},"query-input":"required name=search_term_string"}],"inLanguage":"en-US"},{"@type":"ImageObject","inLanguage":"en-US","@id":"https:\/\/www.visit-ulcinj.com\/blog\/2016\/01\/23\/forca-te-mbeshtes-mocionin-e-votebesimit-qeverise-se-malit-te-zi\/#primaryimage","url":"https:\/\/www.visit-ulcinj.com\/blog\/wp-content\/uploads\/2016\/01\/Gjukanoviq-Cungu.jpg","contentUrl":"https:\/\/www.visit-ulcinj.com\/blog\/wp-content\/uploads\/2016\/01\/Gjukanoviq-Cungu.jpg","width":1020,"height":679},{"@type":"WebPage","@id":"https:\/\/www.visit-ulcinj.com\/blog\/2016\/01\/23\/forca-te-mbeshtes-mocionin-e-votebesimit-qeverise-se-malit-te-zi\/#webpage","url":"https:\/\/www.visit-ulcinj.com\/blog\/2016\/01\/23\/forca-te-mbeshtes-mocionin-e-votebesimit-qeverise-se-malit-te-zi\/","name":"Forca do t\u00eb mb\u00ebshtes mocionin e vot\u00ebbesimit Qeveris\u00eb s\u00eb Malit t\u00eb Zi - Lajme nga Ulqini","isPartOf":{"@id":"https:\/\/www.visit-ulcinj.com\/blog\/#website"},"primaryImageOfPage":{"@id":"https:\/\/www.visit-ulcinj.com\/blog\/2016\/01\/23\/forca-te-mbeshtes-mocionin-e-votebesimit-qeverise-se-malit-te-zi\/#primaryimage"},"datePublished":"2016-01-23T17:33:14+00:00","dateModified":"2016-01-23T17:33:14+00:00","author":{"@id":"https:\/\/www.visit-ulcinj.com\/blog\/#\/schema\/person\/dcab619c614d3038751c63bc2aadc06d"},"description":"Kumtes\u00eb p\u00ebr opinion e K\u00ebshillit Qendror t\u00eb Forc\u00ebs s\u00eb Re Demokratike K\u00ebshilli Qendror i Forc\u00ebs s\u00eb Re Demokratike, n\u00eb mbledhjen e mbajtur t\u00eb premten\u00a0 dat\u00eb","breadcrumb":{"@id":"https:\/\/www.visit-ulcinj.com\/blog\/2016\/01\/23\/forca-te-mbeshtes-mocionin-e-votebesimit-qeverise-se-malit-te-zi\/#breadcrumb"},"inLanguage":"en-US","potentialAction":[{"@type":"ReadAction","target":["https:\/\/www.visit-ulcinj.com\/blog\/2016\/01\/23\/forca-te-mbeshtes-mocionin-e-votebesimit-qeverise-se-malit-te-zi\/"]}]},{"@type":"BreadcrumbList","@id":"https:\/\/www.visit-ulcinj.com\/blog\/2016\/01\/23\/forca-te-mbeshtes-mocionin-e-votebesimit-qeverise-se-malit-te-zi\/#breadcrumb","itemListElement":[{"@type":"ListItem","position":1,"name":"Forca do t\u00eb mb\u00ebshtes mocionin e vot\u00ebbesimit Qeveris\u00eb s\u00eb Malit t\u00eb Zi"}]},{"@type":"Person","@id":"https:\/\/www.visit-ulcinj.com\/blog\/#\/schema\/person\/dcab619c614d3038751c63bc2aadc06d","name":"ulqini","sameAs":["http:\/\/www.visit-ulcinj.com"],"url":"https:\/\/www.visit-ulcinj.com\/blog\/author\/admin\/"}]}},"jetpack_featured_media_url":"","jetpack_sharing_enabled":true,"jetpack_shortlink":"https:\/\/wp.me\/pe6lTn-ouJ","_links":{"self":[{"href":"https:\/\/www.visit-ulcinj.com\/blog\/wp-json\/wp\/v2\/posts\/94161"}],"collection":[{"href":"https:\/\/www.visit-ulcinj.com\/blog\/wp-json\/wp\/v2\/posts"}],"about":[{"href":"https:\/\/www.visit-ulcinj.com\/blog\/wp-json\/wp\/v2\/types\/post"}],"author":[{"embeddable":true,"href":"https:\/\/www.visit-ulcinj.com\/blog\/wp-json\/wp\/v2\/users\/1"}],"replies":[{"embeddable":true,"href":"https:\/\/www.visit-ulcinj.com\/blog\/wp-json\/wp\/v2\/comments?post=94161"}],"version-history":[{"count":1,"href":"https:\/\/www.visit-ulcinj.com\/blog\/wp-json\/wp\/v2\/posts\/94161\/revisions"}],"predecessor-version":[{"id":94163,"href":"https:\/\/www.visit-ulcinj.com\/blog\/wp-json\/wp\/v2\/posts\/94161\/revisions\/94163"}],"wp:attachment":[{"href":"https:\/\/www.visit-ulcinj.com\/blog\/wp-json\/wp\/v2\/media?parent=94161"}],"wp:term":[{"taxonomy":"category","embeddable":true,"href":"https:\/\/www.visit-ulcinj.com\/blog\/wp-json\/wp\/v2\/categories?post=94161"},{"taxonomy":"post_tag","embeddable":true,"href":"https:\/\/www.visit-ulcinj.com\/blog\/wp-json\/wp\/v2\/tags?post=94161"}],"curies":[{"name":"wp","href":"https:\/\/api.w.org\/{rel}","templated":true}]}}