{"id":94167,"date":"2016-01-24T13:53:13","date_gmt":"2016-01-24T12:53:13","guid":{"rendered":"http:\/\/www.visit-ulcinj.com\/blog\/?p=94167"},"modified":"2016-01-24T13:53:13","modified_gmt":"2016-01-24T12:53:13","slug":"ko-je-odgovoran-za-kolaps-u-opstini-ulcinj-video","status":"publish","type":"post","link":"https:\/\/www.visit-ulcinj.com\/blog\/2016\/01\/24\/ko-je-odgovoran-za-kolaps-u-opstini-ulcinj-video\/","title":{"rendered":"Ko je odgovoran za kolaps u Op\u0161tini Ulcinj &#8211; Video"},"content":{"rendered":"<p><strong><a href=\"http:\/\/www.visit-ulcinj.com\/blog\/wp-content\/uploads\/2015\/11\/Gjeka-Cungu-Shkrela.jpg\"><img loading=\"lazy\" class=\"alignleft wp-image-93218\" src=\"http:\/\/www.visit-ulcinj.com\/blog\/wp-content\/uploads\/2015\/11\/Gjeka-Cungu-Shkrela.jpg\" alt=\"Gjeka-Cungu-Shkrela\" width=\"508\" height=\"382\" srcset=\"https:\/\/www.visit-ulcinj.com\/blog\/wp-content\/uploads\/2015\/11\/Gjeka-Cungu-Shkrela.jpg 852w, https:\/\/www.visit-ulcinj.com\/blog\/wp-content\/uploads\/2015\/11\/Gjeka-Cungu-Shkrela-300x225.jpg 300w\" sizes=\"(max-width: 508px) 100vw, 508px\" \/><\/a>\u0110eka krivi Forcu za kolaps u Ulcinju<\/strong><\/p>\n<p class=\"lead\"><strong><em>&#8220;Forca je napravila puno \u0161tete, ne predsjedniku Op\u0161tine, ve\u0107 Op\u0161tini, gra\u0111anima i radnicima javnih preduze\u0107a. Njih 500 nije primilo plate, kasni se sa potpisivanjem ugovora sa Vodacomom i KFW bankom, koji je vrijedan 20 miliona. Po meni je to nenormalno, da sam bio na njihovom mjestu nikada to ne bih uradio. Stidio bih se, jer iz inata raditi takve stvari, u inat gradu, gra\u0111anima, svojoj djeci&#8221;<\/em><\/strong><\/p>\n<p class=\"lead\"><strong><span class=\"credits__author\"> Autor: Suzana Gani\u0107 <\/span><\/strong><\/p>\n<p>Ulcinj nema skup\u0161tinsku ve\u0107inu. Koalicija koju su \u010dinili Demokratska partija Fatmira \u0110eke, Forca Nazifa Cungua i URA, zvani\u010dno ne postoji.<\/p>\n<p>Grad je u kolapsu, a ukoliko po\u010detkom februara ne do\u0111e do prekompozicije vlasti\u00a0i DPS ne preuzme vo\u0111enje grada, bi\u0107e raspisani vanredni izbori. U koaliciju sa DPS-om bi i \u0110eka i Cungu. To je jedan od razloga, zbog kojih je URA napustila koalicione partnere.<\/p>\n<p>&#8220;Iz tri razloga smo napustili koalicionu vlast. Prvi je institucionalni haos, koji vlada mjesecima. Drugi &#8211; jer se ne po\u0161tuje koalicioni sporazum i tre\u0107i jer na\u0161i koalicioni partneri prvo tajno, a sada i otvoreno, pregovaraju sa DPS-om&#8221;, kazao je Dritan Abazovi\u0107 iz URA.<\/p>\n<p>Aktuelni gradona\u010delnik, Fatmir \u0110eka, tvrdi da je kolaps u ulcinjskoj Op\u0161tini izazvao samo jedan politi\u010dki subjekt &#8211; Forca. Blokirali su, ka\u017ee, krucijalne projekte, rebalans i bud\u017eet, koji stoji zaklju\u010dan u fioci predsjednika Skup\u0161tine, iz redova Force.<\/p>\n<p>&#8220;Forca je napravila puno \u0161tete, ne predsjedniku Op\u0161tine, ve\u0107 Op\u0161tini, gra\u0111anima i radnicima javnih preduze\u0107a. Njih 500 nije primilo plate, kasni se sa potpisivanjem ugovora sa Vodacomom i KFW bankom, koji je vrijedan 20 miliona. Po meni je to nenormalno, da sam bio na njihovom mjestu nikada to ne bih uradio.\u00a0Stidio bih se, jer iz inata raditi takve stvari, u inat gradu, gra\u0111anima, svojoj djeci&#8221;,\u00a0kazao je \u0110eka.<\/p>\n<p>S druge strane, lider Force\u00a0tvrdi da je \u0110eka izgubio njihovo povjerenje jer je zaustavljao razvojne projekte, prekora\u010dio potro\u0161nju bud\u017eetskih sredstava, nije ih uklju\u010divao na adekvatan na\u010din u dono\u0161enje\u00a0va\u017enih odluka, a zakazao je,\u00a0tvrdi, i u objavljivanju javnih nabavki i tendera.<\/p>\n<p>&#8220;Sada je najbitnije da se formira nova vlast, ho\u0107e li biti kroz prekompoziciju ili \u0161iru koaliciju, vidje\u0107emo. Mo\u017eda je najbolje da se mandat vrati gra\u0111anima i da se raspi\u0161u novi izbori&#8221;, ka\u017ee Cungu.<\/p>\n<p>Na pitanje da je Forca dostavila ponudu DPS-u, on je kazao da\u00a0su sa tom partijom vodili razgovore, da su partneri na dr\u017eavnom nivou, te da to nije problemati\u010dno.<\/p>\n<p>\u0110eka \u00a0u ovakvom politi\u010dkom stavu i pona\u0161anju ipak vidi problem<\/p>\n<p>&#8220;Ovaj slu\u010daj djelovanja politi\u010dkog subjekta, nijesam imao prilike da vidim, to je novo iskustvo za mene. Nije mi jasan cilj, kad opstruira\u0161 i pravi\u0161 \u0161tetu. To je slu\u010daj za stru\u010dnjake&#8221;, kazao je \u0110eka.<\/p>\n<p>Prvi \u010dovjek grada poru\u010duje da je Ulcinju pod hitno neophodna nova vlast. Spreman je, kako ka\u017ee, i na prekompoziciju, ali ne bje\u017ei ni od vanrednih izbora.<\/p>\n<p>U URA ipak smatraju da skup\u0161tinu treba raspustiti i pripremati se za vanredne izbore.<\/p>\n<p><strong>Izvor: Vijesti Online<\/strong><\/p>\n<p><iframe loading=\"lazy\" src=\"https:\/\/www.youtube.com\/embed\/Z_4KRq8aTFI\" width=\"508\" height=\"315\" frameborder=\"0\" allowfullscreen=\"allowfullscreen\"><\/iframe><\/p>\n","protected":false},"excerpt":{"rendered":"<p>\u0110eka krivi Forcu za kolaps u Ulcinju &#8220;Forca je napravila puno \u0161tete, ne predsjedniku Op\u0161tine, ve\u0107 Op\u0161tini, gra\u0111anima i radnicima javnih preduze\u0107a. Njih 500 nije primilo plate, kasni se sa potpisivanjem ugovora sa Vodacomom i KFW bankom, koji je vrijedan 20 miliona. Po meni je to nenormalno, da sam bio na njihovom mjestu nikada to [&hellip;]<\/p>\n","protected":false},"author":1,"featured_media":0,"comment_status":"closed","ping_status":"closed","sticky":false,"template":"","format":"standard","meta":{"spay_email":"","jetpack_publicize_message":"","jetpack_is_tweetstorm":false,"jetpack_publicize_feature_enabled":true},"categories":[8337],"tags":[],"jetpack_publicize_connections":[],"yoast_head":"<!-- This site is optimized with the Yoast SEO plugin v19.1 - https:\/\/yoast.com\/wordpress\/plugins\/seo\/ -->\n<title>Ko je odgovoran za kolaps u Op\u0161tini Ulcinj - Video - Lajme nga Ulqini<\/title>\n<meta name=\"description\" content=\"\u0110eka krivi Forcu za kolaps u Ulcinju &quot;Forca je napravila puno \u0161tete, ne predsjedniku Op\u0161tine, ve\u0107 Op\u0161tini, gra\u0111anima i radnicima javnih preduze\u0107a. Njih\" \/>\n<meta name=\"robots\" content=\"index, follow, max-snippet:-1, max-image-preview:large, max-video-preview:-1\" \/>\n<link rel=\"canonical\" href=\"https:\/\/www.visit-ulcinj.com\/blog\/2016\/01\/24\/ko-je-odgovoran-za-kolaps-u-opstini-ulcinj-video\/\" \/>\n<meta property=\"og:locale\" content=\"en_US\" \/>\n<meta property=\"og:type\" content=\"article\" \/>\n<meta property=\"og:title\" content=\"Ko je odgovoran za kolaps u Op\u0161tini Ulcinj - Video - Lajme nga Ulqini\" \/>\n<meta property=\"og:description\" content=\"\u0110eka krivi Forcu za kolaps u Ulcinju &quot;Forca je napravila puno \u0161tete, ne predsjedniku Op\u0161tine, ve\u0107 Op\u0161tini, gra\u0111anima i radnicima javnih preduze\u0107a. Njih\" \/>\n<meta property=\"og:url\" content=\"https:\/\/www.visit-ulcinj.com\/blog\/2016\/01\/24\/ko-je-odgovoran-za-kolaps-u-opstini-ulcinj-video\/\" \/>\n<meta property=\"og:site_name\" content=\"Lajme nga Ulqini\" \/>\n<meta property=\"article:published_time\" content=\"2016-01-24T12:53:13+00:00\" \/>\n<meta property=\"og:image\" content=\"http:\/\/www.visit-ulcinj.com\/blog\/wp-content\/uploads\/2015\/11\/Gjeka-Cungu-Shkrela.jpg\" \/>\n<meta name=\"twitter:label1\" content=\"Written by\" \/>\n\t<meta name=\"twitter:data1\" content=\"ulqini\" \/>\n\t<meta name=\"twitter:label2\" content=\"Est. reading time\" \/>\n\t<meta name=\"twitter:data2\" content=\"3 minutes\" \/>\n<script type=\"application\/ld+json\" class=\"yoast-schema-graph\">{\"@context\":\"https:\/\/schema.org\",\"@graph\":[{\"@type\":\"WebSite\",\"@id\":\"https:\/\/www.visit-ulcinj.com\/blog\/#website\",\"url\":\"https:\/\/www.visit-ulcinj.com\/blog\/\",\"name\":\"Lajme nga Ulqini\",\"description\":\"Lajme,Vijesti,Ulqini,Ulqin,Crna Gora,Mali i Zi\",\"potentialAction\":[{\"@type\":\"SearchAction\",\"target\":{\"@type\":\"EntryPoint\",\"urlTemplate\":\"https:\/\/www.visit-ulcinj.com\/blog\/?s={search_term_string}\"},\"query-input\":\"required name=search_term_string\"}],\"inLanguage\":\"en-US\"},{\"@type\":\"ImageObject\",\"inLanguage\":\"en-US\",\"@id\":\"https:\/\/www.visit-ulcinj.com\/blog\/2016\/01\/24\/ko-je-odgovoran-za-kolaps-u-opstini-ulcinj-video\/#primaryimage\",\"url\":\"https:\/\/www.visit-ulcinj.com\/blog\/wp-content\/uploads\/2015\/11\/Gjeka-Cungu-Shkrela.jpg\",\"contentUrl\":\"https:\/\/www.visit-ulcinj.com\/blog\/wp-content\/uploads\/2015\/11\/Gjeka-Cungu-Shkrela.jpg\",\"width\":852,\"height\":640},{\"@type\":\"WebPage\",\"@id\":\"https:\/\/www.visit-ulcinj.com\/blog\/2016\/01\/24\/ko-je-odgovoran-za-kolaps-u-opstini-ulcinj-video\/#webpage\",\"url\":\"https:\/\/www.visit-ulcinj.com\/blog\/2016\/01\/24\/ko-je-odgovoran-za-kolaps-u-opstini-ulcinj-video\/\",\"name\":\"Ko je odgovoran za kolaps u Op\u0161tini Ulcinj - Video - Lajme nga Ulqini\",\"isPartOf\":{\"@id\":\"https:\/\/www.visit-ulcinj.com\/blog\/#website\"},\"primaryImageOfPage\":{\"@id\":\"https:\/\/www.visit-ulcinj.com\/blog\/2016\/01\/24\/ko-je-odgovoran-za-kolaps-u-opstini-ulcinj-video\/#primaryimage\"},\"datePublished\":\"2016-01-24T12:53:13+00:00\",\"dateModified\":\"2016-01-24T12:53:13+00:00\",\"author\":{\"@id\":\"https:\/\/www.visit-ulcinj.com\/blog\/#\/schema\/person\/dcab619c614d3038751c63bc2aadc06d\"},\"description\":\"\u0110eka krivi Forcu za kolaps u Ulcinju \\\"Forca je napravila puno \u0161tete, ne predsjedniku Op\u0161tine, ve\u0107 Op\u0161tini, gra\u0111anima i radnicima javnih preduze\u0107a. Njih\",\"breadcrumb\":{\"@id\":\"https:\/\/www.visit-ulcinj.com\/blog\/2016\/01\/24\/ko-je-odgovoran-za-kolaps-u-opstini-ulcinj-video\/#breadcrumb\"},\"inLanguage\":\"en-US\",\"potentialAction\":[{\"@type\":\"ReadAction\",\"target\":[\"https:\/\/www.visit-ulcinj.com\/blog\/2016\/01\/24\/ko-je-odgovoran-za-kolaps-u-opstini-ulcinj-video\/\"]}]},{\"@type\":\"BreadcrumbList\",\"@id\":\"https:\/\/www.visit-ulcinj.com\/blog\/2016\/01\/24\/ko-je-odgovoran-za-kolaps-u-opstini-ulcinj-video\/#breadcrumb\",\"itemListElement\":[{\"@type\":\"ListItem\",\"position\":1,\"name\":\"Ko je odgovoran za kolaps u Op\u0161tini Ulcinj &#8211; Video\"}]},{\"@type\":\"Person\",\"@id\":\"https:\/\/www.visit-ulcinj.com\/blog\/#\/schema\/person\/dcab619c614d3038751c63bc2aadc06d\",\"name\":\"ulqini\",\"sameAs\":[\"http:\/\/www.visit-ulcinj.com\"],\"url\":\"https:\/\/www.visit-ulcinj.com\/blog\/author\/admin\/\"}]}<\/script>\n<!-- \/ Yoast SEO plugin. -->","yoast_head_json":{"title":"Ko je odgovoran za kolaps u Op\u0161tini Ulcinj - Video - Lajme nga Ulqini","description":"\u0110eka krivi Forcu za kolaps u Ulcinju \"Forca je napravila puno \u0161tete, ne predsjedniku Op\u0161tine, ve\u0107 Op\u0161tini, gra\u0111anima i radnicima javnih preduze\u0107a. Njih","robots":{"index":"index","follow":"follow","max-snippet":"max-snippet:-1","max-image-preview":"max-image-preview:large","max-video-preview":"max-video-preview:-1"},"canonical":"https:\/\/www.visit-ulcinj.com\/blog\/2016\/01\/24\/ko-je-odgovoran-za-kolaps-u-opstini-ulcinj-video\/","og_locale":"en_US","og_type":"article","og_title":"Ko je odgovoran za kolaps u Op\u0161tini Ulcinj - Video - Lajme nga Ulqini","og_description":"\u0110eka krivi Forcu za kolaps u Ulcinju \"Forca je napravila puno \u0161tete, ne predsjedniku Op\u0161tine, ve\u0107 Op\u0161tini, gra\u0111anima i radnicima javnih preduze\u0107a. Njih","og_url":"https:\/\/www.visit-ulcinj.com\/blog\/2016\/01\/24\/ko-je-odgovoran-za-kolaps-u-opstini-ulcinj-video\/","og_site_name":"Lajme nga Ulqini","article_published_time":"2016-01-24T12:53:13+00:00","og_image":[{"url":"http:\/\/www.visit-ulcinj.com\/blog\/wp-content\/uploads\/2015\/11\/Gjeka-Cungu-Shkrela.jpg"}],"twitter_misc":{"Written by":"ulqini","Est. reading time":"3 minutes"},"schema":{"@context":"https:\/\/schema.org","@graph":[{"@type":"WebSite","@id":"https:\/\/www.visit-ulcinj.com\/blog\/#website","url":"https:\/\/www.visit-ulcinj.com\/blog\/","name":"Lajme nga Ulqini","description":"Lajme,Vijesti,Ulqini,Ulqin,Crna Gora,Mali i Zi","potentialAction":[{"@type":"SearchAction","target":{"@type":"EntryPoint","urlTemplate":"https:\/\/www.visit-ulcinj.com\/blog\/?s={search_term_string}"},"query-input":"required name=search_term_string"}],"inLanguage":"en-US"},{"@type":"ImageObject","inLanguage":"en-US","@id":"https:\/\/www.visit-ulcinj.com\/blog\/2016\/01\/24\/ko-je-odgovoran-za-kolaps-u-opstini-ulcinj-video\/#primaryimage","url":"https:\/\/www.visit-ulcinj.com\/blog\/wp-content\/uploads\/2015\/11\/Gjeka-Cungu-Shkrela.jpg","contentUrl":"https:\/\/www.visit-ulcinj.com\/blog\/wp-content\/uploads\/2015\/11\/Gjeka-Cungu-Shkrela.jpg","width":852,"height":640},{"@type":"WebPage","@id":"https:\/\/www.visit-ulcinj.com\/blog\/2016\/01\/24\/ko-je-odgovoran-za-kolaps-u-opstini-ulcinj-video\/#webpage","url":"https:\/\/www.visit-ulcinj.com\/blog\/2016\/01\/24\/ko-je-odgovoran-za-kolaps-u-opstini-ulcinj-video\/","name":"Ko je odgovoran za kolaps u Op\u0161tini Ulcinj - Video - Lajme nga Ulqini","isPartOf":{"@id":"https:\/\/www.visit-ulcinj.com\/blog\/#website"},"primaryImageOfPage":{"@id":"https:\/\/www.visit-ulcinj.com\/blog\/2016\/01\/24\/ko-je-odgovoran-za-kolaps-u-opstini-ulcinj-video\/#primaryimage"},"datePublished":"2016-01-24T12:53:13+00:00","dateModified":"2016-01-24T12:53:13+00:00","author":{"@id":"https:\/\/www.visit-ulcinj.com\/blog\/#\/schema\/person\/dcab619c614d3038751c63bc2aadc06d"},"description":"\u0110eka krivi Forcu za kolaps u Ulcinju \"Forca je napravila puno \u0161tete, ne predsjedniku Op\u0161tine, ve\u0107 Op\u0161tini, gra\u0111anima i radnicima javnih preduze\u0107a. Njih","breadcrumb":{"@id":"https:\/\/www.visit-ulcinj.com\/blog\/2016\/01\/24\/ko-je-odgovoran-za-kolaps-u-opstini-ulcinj-video\/#breadcrumb"},"inLanguage":"en-US","potentialAction":[{"@type":"ReadAction","target":["https:\/\/www.visit-ulcinj.com\/blog\/2016\/01\/24\/ko-je-odgovoran-za-kolaps-u-opstini-ulcinj-video\/"]}]},{"@type":"BreadcrumbList","@id":"https:\/\/www.visit-ulcinj.com\/blog\/2016\/01\/24\/ko-je-odgovoran-za-kolaps-u-opstini-ulcinj-video\/#breadcrumb","itemListElement":[{"@type":"ListItem","position":1,"name":"Ko je odgovoran za kolaps u Op\u0161tini Ulcinj &#8211; Video"}]},{"@type":"Person","@id":"https:\/\/www.visit-ulcinj.com\/blog\/#\/schema\/person\/dcab619c614d3038751c63bc2aadc06d","name":"ulqini","sameAs":["http:\/\/www.visit-ulcinj.com"],"url":"https:\/\/www.visit-ulcinj.com\/blog\/author\/admin\/"}]}},"jetpack_featured_media_url":"","jetpack_sharing_enabled":true,"jetpack_shortlink":"https:\/\/wp.me\/pe6lTn-ouP","_links":{"self":[{"href":"https:\/\/www.visit-ulcinj.com\/blog\/wp-json\/wp\/v2\/posts\/94167"}],"collection":[{"href":"https:\/\/www.visit-ulcinj.com\/blog\/wp-json\/wp\/v2\/posts"}],"about":[{"href":"https:\/\/www.visit-ulcinj.com\/blog\/wp-json\/wp\/v2\/types\/post"}],"author":[{"embeddable":true,"href":"https:\/\/www.visit-ulcinj.com\/blog\/wp-json\/wp\/v2\/users\/1"}],"replies":[{"embeddable":true,"href":"https:\/\/www.visit-ulcinj.com\/blog\/wp-json\/wp\/v2\/comments?post=94167"}],"version-history":[{"count":1,"href":"https:\/\/www.visit-ulcinj.com\/blog\/wp-json\/wp\/v2\/posts\/94167\/revisions"}],"predecessor-version":[{"id":94168,"href":"https:\/\/www.visit-ulcinj.com\/blog\/wp-json\/wp\/v2\/posts\/94167\/revisions\/94168"}],"wp:attachment":[{"href":"https:\/\/www.visit-ulcinj.com\/blog\/wp-json\/wp\/v2\/media?parent=94167"}],"wp:term":[{"taxonomy":"category","embeddable":true,"href":"https:\/\/www.visit-ulcinj.com\/blog\/wp-json\/wp\/v2\/categories?post=94167"},{"taxonomy":"post_tag","embeddable":true,"href":"https:\/\/www.visit-ulcinj.com\/blog\/wp-json\/wp\/v2\/tags?post=94167"}],"curies":[{"name":"wp","href":"https:\/\/api.w.org\/{rel}","templated":true}]}}