{"id":94172,"date":"2016-01-25T06:45:16","date_gmt":"2016-01-25T05:45:16","guid":{"rendered":"http:\/\/www.visit-ulcinj.com\/blog\/?p=94172"},"modified":"2016-01-25T19:37:37","modified_gmt":"2016-01-25T18:37:37","slug":"ish-te-perndjekurit-politike-shqiptare-ne-malin-e-zi","status":"publish","type":"post","link":"https:\/\/www.visit-ulcinj.com\/blog\/2016\/01\/25\/ish-te-perndjekurit-politike-shqiptare-ne-malin-e-zi\/","title":{"rendered":"Ish t\u00eb p\u00ebrndjekurit politik\u00eb shqiptar\u00eb n\u00eb Malin e Zi"},"content":{"rendered":"<div>\n<div><a href=\"http:\/\/www.visit-ulcinj.com\/blog\/wp-content\/uploads\/2016\/01\/Ish-t\u00eb-p\u00ebrndjekurit-politik\u00eb.jpg\"><img loading=\"lazy\" class=\"alignleft wp-image-94173\" src=\"http:\/\/www.visit-ulcinj.com\/blog\/wp-content\/uploads\/2016\/01\/Ish-t\u00eb-p\u00ebrndjekurit-politik\u00eb.jpg\" alt=\"Ish-t\u00eb p\u00ebrndjekurit politik\u00eb\" width=\"508\" height=\"280\" srcset=\"https:\/\/www.visit-ulcinj.com\/blog\/wp-content\/uploads\/2016\/01\/Ish-t\u00eb-p\u00ebrndjekurit-politik\u00eb.jpg 680w, https:\/\/www.visit-ulcinj.com\/blog\/wp-content\/uploads\/2016\/01\/Ish-t\u00eb-p\u00ebrndjekurit-politik\u00eb-300x165.jpg 300w\" sizes=\"(max-width: 508px) 100vw, 508px\" \/><\/a>Ish t\u00eb p\u00ebrndjekurit politik\u00eb nga komuniteti shqiptar n\u00eb Mal t\u00eb zi, cil\u00ebsohen si shtresa m\u00eb e goditur dhe m\u00eb e cenuar e shoq\u00ebris\u00eb. Edhpse me vite t\u00eb t\u00ebra kaluan n\u00ebp\u00ebr burgjet komuniste, ata ende sot kan\u00eb mbetur pa mb\u00ebshtetje t\u00eb institucioneve p\u00ebrkat\u00ebse t\u00eb Malit t\u00eb Zi. Ata theksojn\u00eb se ish t\u00eb p\u00ebrndjekurit politik\u00eb, t\u00eb cil\u00ebt u sakrifikuan p\u00ebr \u00e7\u00ebshtjen komb\u00ebtare, duhet t\u00eb d\u00ebmshp\u00ebrblehen dhe t\u00eb g\u00ebzojn\u00eb status t\u00eb barabart\u00eb me ish t\u00eb p\u00ebrndjekurit politik\u00eb n\u00eb rajon.<\/div>\n<div><\/div>\n<div>Korrespondenti i Z\u00ebrit t\u00eb Amerik\u00ebs Ali Salaj \u00a0p\u00ebrgatiti kronik\u00ebn:<\/div>\n<div>VAO<\/div>\n<div><!--YouTube Error: bad URL entered--><\/div>\n<\/div>\n","protected":false},"excerpt":{"rendered":"<p>Ish t\u00eb p\u00ebrndjekurit politik\u00eb nga komuniteti shqiptar n\u00eb Mal t\u00eb zi, cil\u00ebsohen si shtresa m\u00eb e goditur dhe m\u00eb e cenuar e shoq\u00ebris\u00eb. Edhpse me vite t\u00eb t\u00ebra kaluan n\u00ebp\u00ebr burgjet komuniste, ata ende sot kan\u00eb mbetur pa mb\u00ebshtetje t\u00eb institucioneve p\u00ebrkat\u00ebse t\u00eb Malit t\u00eb Zi. Ata theksojn\u00eb se ish t\u00eb p\u00ebrndjekurit politik\u00eb, t\u00eb cil\u00ebt [&hellip;]<\/p>\n","protected":false},"author":1,"featured_media":0,"comment_status":"closed","ping_status":"closed","sticky":false,"template":"","format":"standard","meta":{"spay_email":"","jetpack_publicize_message":"","jetpack_is_tweetstorm":false,"jetpack_publicize_feature_enabled":true},"categories":[1,11],"tags":[],"jetpack_publicize_connections":[],"yoast_head":"<!-- This site is optimized with the Yoast SEO plugin v19.1 - https:\/\/yoast.com\/wordpress\/plugins\/seo\/ -->\n<title>Ish t\u00eb p\u00ebrndjekurit politik\u00eb shqiptar\u00eb n\u00eb Malin e Zi - Lajme nga Ulqini<\/title>\n<meta name=\"description\" content=\"Ish t\u00eb p\u00ebrndjekurit politik\u00eb nga komuniteti shqiptar n\u00eb Mal t\u00eb zi, cil\u00ebsohen si shtresa m\u00eb e goditur dhe m\u00eb e cenuar e shoq\u00ebris\u00eb. Edhpse me vite t\u00eb t\u00ebra\" \/>\n<meta name=\"robots\" content=\"index, follow, max-snippet:-1, max-image-preview:large, max-video-preview:-1\" \/>\n<link rel=\"canonical\" href=\"https:\/\/www.visit-ulcinj.com\/blog\/2016\/01\/25\/ish-te-perndjekurit-politike-shqiptare-ne-malin-e-zi\/\" \/>\n<meta property=\"og:locale\" content=\"en_US\" \/>\n<meta property=\"og:type\" content=\"article\" \/>\n<meta property=\"og:title\" content=\"Ish t\u00eb p\u00ebrndjekurit politik\u00eb shqiptar\u00eb n\u00eb Malin e Zi - Lajme nga Ulqini\" \/>\n<meta property=\"og:description\" content=\"Ish t\u00eb p\u00ebrndjekurit politik\u00eb nga komuniteti shqiptar n\u00eb Mal t\u00eb zi, cil\u00ebsohen si shtresa m\u00eb e goditur dhe m\u00eb e cenuar e shoq\u00ebris\u00eb. Edhpse me vite t\u00eb t\u00ebra\" \/>\n<meta property=\"og:url\" content=\"https:\/\/www.visit-ulcinj.com\/blog\/2016\/01\/25\/ish-te-perndjekurit-politike-shqiptare-ne-malin-e-zi\/\" \/>\n<meta property=\"og:site_name\" content=\"Lajme nga Ulqini\" \/>\n<meta property=\"article:published_time\" content=\"2016-01-25T05:45:16+00:00\" \/>\n<meta property=\"article:modified_time\" content=\"2016-01-25T18:37:37+00:00\" \/>\n<meta name=\"twitter:label1\" content=\"Written by\" \/>\n\t<meta name=\"twitter:data1\" content=\"ulqini\" \/>\n\t<meta name=\"twitter:label2\" content=\"Est. reading time\" \/>\n\t<meta name=\"twitter:data2\" content=\"1 minute\" \/>\n<script type=\"application\/ld+json\" class=\"yoast-schema-graph\">{\"@context\":\"https:\/\/schema.org\",\"@graph\":[{\"@type\":\"WebSite\",\"@id\":\"https:\/\/www.visit-ulcinj.com\/blog\/#website\",\"url\":\"https:\/\/www.visit-ulcinj.com\/blog\/\",\"name\":\"Lajme nga Ulqini\",\"description\":\"Lajme,Vijesti,Ulqini,Ulqin,Crna Gora,Mali i Zi\",\"potentialAction\":[{\"@type\":\"SearchAction\",\"target\":{\"@type\":\"EntryPoint\",\"urlTemplate\":\"https:\/\/www.visit-ulcinj.com\/blog\/?s={search_term_string}\"},\"query-input\":\"required name=search_term_string\"}],\"inLanguage\":\"en-US\"},{\"@type\":\"WebPage\",\"@id\":\"https:\/\/www.visit-ulcinj.com\/blog\/2016\/01\/25\/ish-te-perndjekurit-politike-shqiptare-ne-malin-e-zi\/#webpage\",\"url\":\"https:\/\/www.visit-ulcinj.com\/blog\/2016\/01\/25\/ish-te-perndjekurit-politike-shqiptare-ne-malin-e-zi\/\",\"name\":\"Ish t\u00eb p\u00ebrndjekurit politik\u00eb shqiptar\u00eb n\u00eb Malin e Zi - Lajme nga Ulqini\",\"isPartOf\":{\"@id\":\"https:\/\/www.visit-ulcinj.com\/blog\/#website\"},\"datePublished\":\"2016-01-25T05:45:16+00:00\",\"dateModified\":\"2016-01-25T18:37:37+00:00\",\"author\":{\"@id\":\"https:\/\/www.visit-ulcinj.com\/blog\/#\/schema\/person\/dcab619c614d3038751c63bc2aadc06d\"},\"description\":\"Ish t\u00eb p\u00ebrndjekurit politik\u00eb nga komuniteti shqiptar n\u00eb Mal t\u00eb zi, cil\u00ebsohen si shtresa m\u00eb e goditur dhe m\u00eb e cenuar e shoq\u00ebris\u00eb. Edhpse me vite t\u00eb t\u00ebra\",\"breadcrumb\":{\"@id\":\"https:\/\/www.visit-ulcinj.com\/blog\/2016\/01\/25\/ish-te-perndjekurit-politike-shqiptare-ne-malin-e-zi\/#breadcrumb\"},\"inLanguage\":\"en-US\",\"potentialAction\":[{\"@type\":\"ReadAction\",\"target\":[\"https:\/\/www.visit-ulcinj.com\/blog\/2016\/01\/25\/ish-te-perndjekurit-politike-shqiptare-ne-malin-e-zi\/\"]}]},{\"@type\":\"BreadcrumbList\",\"@id\":\"https:\/\/www.visit-ulcinj.com\/blog\/2016\/01\/25\/ish-te-perndjekurit-politike-shqiptare-ne-malin-e-zi\/#breadcrumb\",\"itemListElement\":[{\"@type\":\"ListItem\",\"position\":1,\"name\":\"Ish t\u00eb p\u00ebrndjekurit politik\u00eb shqiptar\u00eb n\u00eb Malin e Zi\"}]},{\"@type\":\"Person\",\"@id\":\"https:\/\/www.visit-ulcinj.com\/blog\/#\/schema\/person\/dcab619c614d3038751c63bc2aadc06d\",\"name\":\"ulqini\",\"sameAs\":[\"http:\/\/www.visit-ulcinj.com\"],\"url\":\"https:\/\/www.visit-ulcinj.com\/blog\/author\/admin\/\"}]}<\/script>\n<!-- \/ Yoast SEO plugin. -->","yoast_head_json":{"title":"Ish t\u00eb p\u00ebrndjekurit politik\u00eb shqiptar\u00eb n\u00eb Malin e Zi - Lajme nga Ulqini","description":"Ish t\u00eb p\u00ebrndjekurit politik\u00eb nga komuniteti shqiptar n\u00eb Mal t\u00eb zi, cil\u00ebsohen si shtresa m\u00eb e goditur dhe m\u00eb e cenuar e shoq\u00ebris\u00eb. Edhpse me vite t\u00eb t\u00ebra","robots":{"index":"index","follow":"follow","max-snippet":"max-snippet:-1","max-image-preview":"max-image-preview:large","max-video-preview":"max-video-preview:-1"},"canonical":"https:\/\/www.visit-ulcinj.com\/blog\/2016\/01\/25\/ish-te-perndjekurit-politike-shqiptare-ne-malin-e-zi\/","og_locale":"en_US","og_type":"article","og_title":"Ish t\u00eb p\u00ebrndjekurit politik\u00eb shqiptar\u00eb n\u00eb Malin e Zi - Lajme nga Ulqini","og_description":"Ish t\u00eb p\u00ebrndjekurit politik\u00eb nga komuniteti shqiptar n\u00eb Mal t\u00eb zi, cil\u00ebsohen si shtresa m\u00eb e goditur dhe m\u00eb e cenuar e shoq\u00ebris\u00eb. Edhpse me vite t\u00eb t\u00ebra","og_url":"https:\/\/www.visit-ulcinj.com\/blog\/2016\/01\/25\/ish-te-perndjekurit-politike-shqiptare-ne-malin-e-zi\/","og_site_name":"Lajme nga Ulqini","article_published_time":"2016-01-25T05:45:16+00:00","article_modified_time":"2016-01-25T18:37:37+00:00","twitter_misc":{"Written by":"ulqini","Est. reading time":"1 minute"},"schema":{"@context":"https:\/\/schema.org","@graph":[{"@type":"WebSite","@id":"https:\/\/www.visit-ulcinj.com\/blog\/#website","url":"https:\/\/www.visit-ulcinj.com\/blog\/","name":"Lajme nga Ulqini","description":"Lajme,Vijesti,Ulqini,Ulqin,Crna Gora,Mali i Zi","potentialAction":[{"@type":"SearchAction","target":{"@type":"EntryPoint","urlTemplate":"https:\/\/www.visit-ulcinj.com\/blog\/?s={search_term_string}"},"query-input":"required name=search_term_string"}],"inLanguage":"en-US"},{"@type":"WebPage","@id":"https:\/\/www.visit-ulcinj.com\/blog\/2016\/01\/25\/ish-te-perndjekurit-politike-shqiptare-ne-malin-e-zi\/#webpage","url":"https:\/\/www.visit-ulcinj.com\/blog\/2016\/01\/25\/ish-te-perndjekurit-politike-shqiptare-ne-malin-e-zi\/","name":"Ish t\u00eb p\u00ebrndjekurit politik\u00eb shqiptar\u00eb n\u00eb Malin e Zi - Lajme nga Ulqini","isPartOf":{"@id":"https:\/\/www.visit-ulcinj.com\/blog\/#website"},"datePublished":"2016-01-25T05:45:16+00:00","dateModified":"2016-01-25T18:37:37+00:00","author":{"@id":"https:\/\/www.visit-ulcinj.com\/blog\/#\/schema\/person\/dcab619c614d3038751c63bc2aadc06d"},"description":"Ish t\u00eb p\u00ebrndjekurit politik\u00eb nga komuniteti shqiptar n\u00eb Mal t\u00eb zi, cil\u00ebsohen si shtresa m\u00eb e goditur dhe m\u00eb e cenuar e shoq\u00ebris\u00eb. Edhpse me vite t\u00eb t\u00ebra","breadcrumb":{"@id":"https:\/\/www.visit-ulcinj.com\/blog\/2016\/01\/25\/ish-te-perndjekurit-politike-shqiptare-ne-malin-e-zi\/#breadcrumb"},"inLanguage":"en-US","potentialAction":[{"@type":"ReadAction","target":["https:\/\/www.visit-ulcinj.com\/blog\/2016\/01\/25\/ish-te-perndjekurit-politike-shqiptare-ne-malin-e-zi\/"]}]},{"@type":"BreadcrumbList","@id":"https:\/\/www.visit-ulcinj.com\/blog\/2016\/01\/25\/ish-te-perndjekurit-politike-shqiptare-ne-malin-e-zi\/#breadcrumb","itemListElement":[{"@type":"ListItem","position":1,"name":"Ish t\u00eb p\u00ebrndjekurit politik\u00eb shqiptar\u00eb n\u00eb Malin e Zi"}]},{"@type":"Person","@id":"https:\/\/www.visit-ulcinj.com\/blog\/#\/schema\/person\/dcab619c614d3038751c63bc2aadc06d","name":"ulqini","sameAs":["http:\/\/www.visit-ulcinj.com"],"url":"https:\/\/www.visit-ulcinj.com\/blog\/author\/admin\/"}]}},"jetpack_featured_media_url":"","jetpack_sharing_enabled":true,"jetpack_shortlink":"https:\/\/wp.me\/pe6lTn-ouU","_links":{"self":[{"href":"https:\/\/www.visit-ulcinj.com\/blog\/wp-json\/wp\/v2\/posts\/94172"}],"collection":[{"href":"https:\/\/www.visit-ulcinj.com\/blog\/wp-json\/wp\/v2\/posts"}],"about":[{"href":"https:\/\/www.visit-ulcinj.com\/blog\/wp-json\/wp\/v2\/types\/post"}],"author":[{"embeddable":true,"href":"https:\/\/www.visit-ulcinj.com\/blog\/wp-json\/wp\/v2\/users\/1"}],"replies":[{"embeddable":true,"href":"https:\/\/www.visit-ulcinj.com\/blog\/wp-json\/wp\/v2\/comments?post=94172"}],"version-history":[{"count":1,"href":"https:\/\/www.visit-ulcinj.com\/blog\/wp-json\/wp\/v2\/posts\/94172\/revisions"}],"predecessor-version":[{"id":94174,"href":"https:\/\/www.visit-ulcinj.com\/blog\/wp-json\/wp\/v2\/posts\/94172\/revisions\/94174"}],"wp:attachment":[{"href":"https:\/\/www.visit-ulcinj.com\/blog\/wp-json\/wp\/v2\/media?parent=94172"}],"wp:term":[{"taxonomy":"category","embeddable":true,"href":"https:\/\/www.visit-ulcinj.com\/blog\/wp-json\/wp\/v2\/categories?post=94172"},{"taxonomy":"post_tag","embeddable":true,"href":"https:\/\/www.visit-ulcinj.com\/blog\/wp-json\/wp\/v2\/tags?post=94172"}],"curies":[{"name":"wp","href":"https:\/\/api.w.org\/{rel}","templated":true}]}}