{"id":94175,"date":"2016-01-25T06:50:38","date_gmt":"2016-01-25T05:50:38","guid":{"rendered":"http:\/\/www.visit-ulcinj.com\/blog\/?p=94175"},"modified":"2016-01-25T06:54:37","modified_gmt":"2016-01-25T05:54:37","slug":"forcat-politike-shqiptare-ne-mal-te-zi-per-nje-platforme-te-perbashket-video","status":"publish","type":"post","link":"https:\/\/www.visit-ulcinj.com\/blog\/2016\/01\/25\/forcat-politike-shqiptare-ne-mal-te-zi-per-nje-platforme-te-perbashket-video\/","title":{"rendered":"Forcat politike shqiptare n\u00eb Mal t\u00eb Zi p\u00ebr nj\u00eb platforme t\u00eb p\u00ebrbashk\u00ebt &#8211; Video"},"content":{"rendered":"<div>\n<div><a href=\"http:\/\/www.visit-ulcinj.com\/blog\/wp-content\/uploads\/2012\/07\/koalicioni-shqiptar-ne-mal-te-zi.jpg\"><img loading=\"lazy\" class=\"alignleft wp-image-62309\" src=\"http:\/\/www.visit-ulcinj.com\/blog\/wp-content\/uploads\/2012\/07\/koalicioni-shqiptar-ne-mal-te-zi.jpg\" alt=\"koalicioni-shqiptar-ne-mal-te-zi\" width=\"508\" height=\"701\" srcset=\"https:\/\/www.visit-ulcinj.com\/blog\/wp-content\/uploads\/2012\/07\/koalicioni-shqiptar-ne-mal-te-zi.jpg 415w, https:\/\/www.visit-ulcinj.com\/blog\/wp-content\/uploads\/2012\/07\/koalicioni-shqiptar-ne-mal-te-zi-217x300.jpg 217w\" sizes=\"(max-width: 508px) 100vw, 508px\" \/><\/a>Forcat politike shqiptare n\u00eb Mal t\u00eb Zi, k\u00ebto dit\u00eb, po punojn\u00eb n\u00eb hartimin e nj\u00eb platforme t\u00eb p\u00ebrbashk\u00ebt t\u00eb veprimit politik. Me k\u00ebt\u00eb platform\u00eb pritet q\u00eb t\u00eb harmonizohen q\u00ebndrimet dhe k\u00ebrkesat e shqiptar\u00ebve n\u00eb fush\u00ebn e t\u00eb drejtave dhe lirive t\u00eb k\u00ebtij komunitetit n\u00eb Mal t\u00eb zi.<\/div>\n<div><\/div>\n<div>Kjo nuk \u00ebsht\u00eb hera e par\u00eb q\u00eb subjektet politike shqiptare b\u00ebjn\u00eb p\u00ebrpjekje p\u00ebr bashk\u00ebrendimin e veprimtaris\u00eb s\u00eb tyre, por q\u00eb t\u00eb gjitha d\u00ebshtuan. Si pasoj\u00eb koh\u00ebve t\u00eb fundit \u00ebsht\u00eb shtuar numri i partive politike duke e p\u00ebr\u00e7ar\u00eb elektoratin dhe duke rrezikuar p\u00ebrfaq\u00ebsimin e shqiptar\u00ebve n\u00eb Parlamentin e Malit t\u00eb Zi.<\/div>\n<div><\/div>\n<div>Korrespondenti i Z\u00ebrit t\u00eb Amerik\u00ebs Ali Salaj \u00a0p\u00ebrgatiti kronik\u00ebn:<\/div>\n<div>VAO<\/div>\n<div><!--YouTube Error: bad URL entered--><\/div>\n<\/div>\n<div><b>\u00a0<\/b><\/div>\n<p>&nbsp;<\/p>\n","protected":false},"excerpt":{"rendered":"<p>Forcat politike shqiptare n\u00eb Mal t\u00eb Zi, k\u00ebto dit\u00eb, po punojn\u00eb n\u00eb hartimin e nj\u00eb platforme t\u00eb p\u00ebrbashk\u00ebt t\u00eb veprimit politik. Me k\u00ebt\u00eb platform\u00eb pritet q\u00eb t\u00eb harmonizohen q\u00ebndrimet dhe k\u00ebrkesat e shqiptar\u00ebve n\u00eb fush\u00ebn e t\u00eb drejtave dhe lirive t\u00eb k\u00ebtij komunitetit n\u00eb Mal t\u00eb zi. Kjo nuk \u00ebsht\u00eb hera e par\u00eb q\u00eb subjektet [&hellip;]<\/p>\n","protected":false},"author":1,"featured_media":0,"comment_status":"closed","ping_status":"closed","sticky":false,"template":"","format":"standard","meta":{"spay_email":"","jetpack_publicize_message":"","jetpack_is_tweetstorm":false,"jetpack_publicize_feature_enabled":true},"categories":[6],"tags":[],"jetpack_publicize_connections":[],"yoast_head":"<!-- This site is optimized with the Yoast SEO plugin v19.1 - https:\/\/yoast.com\/wordpress\/plugins\/seo\/ -->\n<title>Forcat politike shqiptare n\u00eb Mal t\u00eb Zi p\u00ebr nj\u00eb platforme t\u00eb p\u00ebrbashk\u00ebt - Video - Lajme nga Ulqini<\/title>\n<meta name=\"description\" content=\"Forcat politike shqiptare n\u00eb Mal t\u00eb Zi, k\u00ebto dit\u00eb, po punojn\u00eb n\u00eb hartimin e nj\u00eb platforme t\u00eb p\u00ebrbashk\u00ebt t\u00eb veprimit politik. Me k\u00ebt\u00eb platform\u00eb pritet q\u00eb\" \/>\n<meta name=\"robots\" content=\"index, follow, max-snippet:-1, max-image-preview:large, max-video-preview:-1\" \/>\n<link rel=\"canonical\" href=\"https:\/\/www.visit-ulcinj.com\/blog\/2016\/01\/25\/forcat-politike-shqiptare-ne-mal-te-zi-per-nje-platforme-te-perbashket-video\/\" \/>\n<meta property=\"og:locale\" content=\"en_US\" \/>\n<meta property=\"og:type\" content=\"article\" \/>\n<meta property=\"og:title\" content=\"Forcat politike shqiptare n\u00eb Mal t\u00eb Zi p\u00ebr nj\u00eb platforme t\u00eb p\u00ebrbashk\u00ebt - Video - Lajme nga Ulqini\" \/>\n<meta property=\"og:description\" content=\"Forcat politike shqiptare n\u00eb Mal t\u00eb Zi, k\u00ebto dit\u00eb, po punojn\u00eb n\u00eb hartimin e nj\u00eb platforme t\u00eb p\u00ebrbashk\u00ebt t\u00eb veprimit politik. Me k\u00ebt\u00eb platform\u00eb pritet q\u00eb\" \/>\n<meta property=\"og:url\" content=\"https:\/\/www.visit-ulcinj.com\/blog\/2016\/01\/25\/forcat-politike-shqiptare-ne-mal-te-zi-per-nje-platforme-te-perbashket-video\/\" \/>\n<meta property=\"og:site_name\" content=\"Lajme nga Ulqini\" \/>\n<meta property=\"article:published_time\" content=\"2016-01-25T05:50:38+00:00\" \/>\n<meta property=\"article:modified_time\" content=\"2016-01-25T05:54:37+00:00\" \/>\n<meta property=\"og:image\" content=\"http:\/\/www.visit-ulcinj.com\/blog\/wp-content\/uploads\/2012\/07\/koalicioni-shqiptar-ne-mal-te-zi.jpg\" \/>\n<meta name=\"twitter:label1\" content=\"Written by\" \/>\n\t<meta name=\"twitter:data1\" content=\"ulqini\" \/>\n\t<meta name=\"twitter:label2\" content=\"Est. reading time\" \/>\n\t<meta name=\"twitter:data2\" content=\"1 minute\" \/>\n<script type=\"application\/ld+json\" class=\"yoast-schema-graph\">{\"@context\":\"https:\/\/schema.org\",\"@graph\":[{\"@type\":\"WebSite\",\"@id\":\"https:\/\/www.visit-ulcinj.com\/blog\/#website\",\"url\":\"https:\/\/www.visit-ulcinj.com\/blog\/\",\"name\":\"Lajme nga Ulqini\",\"description\":\"Lajme,Vijesti,Ulqini,Ulqin,Crna Gora,Mali i Zi\",\"potentialAction\":[{\"@type\":\"SearchAction\",\"target\":{\"@type\":\"EntryPoint\",\"urlTemplate\":\"https:\/\/www.visit-ulcinj.com\/blog\/?s={search_term_string}\"},\"query-input\":\"required name=search_term_string\"}],\"inLanguage\":\"en-US\"},{\"@type\":\"ImageObject\",\"inLanguage\":\"en-US\",\"@id\":\"https:\/\/www.visit-ulcinj.com\/blog\/2016\/01\/25\/forcat-politike-shqiptare-ne-mal-te-zi-per-nje-platforme-te-perbashket-video\/#primaryimage\",\"url\":\"https:\/\/www.visit-ulcinj.com\/blog\/wp-content\/uploads\/2012\/07\/koalicioni-shqiptar-ne-mal-te-zi.jpg\",\"contentUrl\":\"https:\/\/www.visit-ulcinj.com\/blog\/wp-content\/uploads\/2012\/07\/koalicioni-shqiptar-ne-mal-te-zi.jpg\",\"width\":\"415\",\"height\":\"573\"},{\"@type\":\"WebPage\",\"@id\":\"https:\/\/www.visit-ulcinj.com\/blog\/2016\/01\/25\/forcat-politike-shqiptare-ne-mal-te-zi-per-nje-platforme-te-perbashket-video\/#webpage\",\"url\":\"https:\/\/www.visit-ulcinj.com\/blog\/2016\/01\/25\/forcat-politike-shqiptare-ne-mal-te-zi-per-nje-platforme-te-perbashket-video\/\",\"name\":\"Forcat politike shqiptare n\u00eb Mal t\u00eb Zi p\u00ebr nj\u00eb platforme t\u00eb p\u00ebrbashk\u00ebt - Video - Lajme nga Ulqini\",\"isPartOf\":{\"@id\":\"https:\/\/www.visit-ulcinj.com\/blog\/#website\"},\"primaryImageOfPage\":{\"@id\":\"https:\/\/www.visit-ulcinj.com\/blog\/2016\/01\/25\/forcat-politike-shqiptare-ne-mal-te-zi-per-nje-platforme-te-perbashket-video\/#primaryimage\"},\"datePublished\":\"2016-01-25T05:50:38+00:00\",\"dateModified\":\"2016-01-25T05:54:37+00:00\",\"author\":{\"@id\":\"https:\/\/www.visit-ulcinj.com\/blog\/#\/schema\/person\/dcab619c614d3038751c63bc2aadc06d\"},\"description\":\"Forcat politike shqiptare n\u00eb Mal t\u00eb Zi, k\u00ebto dit\u00eb, po punojn\u00eb n\u00eb hartimin e nj\u00eb platforme t\u00eb p\u00ebrbashk\u00ebt t\u00eb veprimit politik. Me k\u00ebt\u00eb platform\u00eb pritet q\u00eb\",\"breadcrumb\":{\"@id\":\"https:\/\/www.visit-ulcinj.com\/blog\/2016\/01\/25\/forcat-politike-shqiptare-ne-mal-te-zi-per-nje-platforme-te-perbashket-video\/#breadcrumb\"},\"inLanguage\":\"en-US\",\"potentialAction\":[{\"@type\":\"ReadAction\",\"target\":[\"https:\/\/www.visit-ulcinj.com\/blog\/2016\/01\/25\/forcat-politike-shqiptare-ne-mal-te-zi-per-nje-platforme-te-perbashket-video\/\"]}]},{\"@type\":\"BreadcrumbList\",\"@id\":\"https:\/\/www.visit-ulcinj.com\/blog\/2016\/01\/25\/forcat-politike-shqiptare-ne-mal-te-zi-per-nje-platforme-te-perbashket-video\/#breadcrumb\",\"itemListElement\":[{\"@type\":\"ListItem\",\"position\":1,\"name\":\"Forcat politike shqiptare n\u00eb Mal t\u00eb Zi p\u00ebr nj\u00eb platforme t\u00eb p\u00ebrbashk\u00ebt &#8211; Video\"}]},{\"@type\":\"Person\",\"@id\":\"https:\/\/www.visit-ulcinj.com\/blog\/#\/schema\/person\/dcab619c614d3038751c63bc2aadc06d\",\"name\":\"ulqini\",\"sameAs\":[\"http:\/\/www.visit-ulcinj.com\"],\"url\":\"https:\/\/www.visit-ulcinj.com\/blog\/author\/admin\/\"}]}<\/script>\n<!-- \/ Yoast SEO plugin. -->","yoast_head_json":{"title":"Forcat politike shqiptare n\u00eb Mal t\u00eb Zi p\u00ebr nj\u00eb platforme t\u00eb p\u00ebrbashk\u00ebt - Video - Lajme nga Ulqini","description":"Forcat politike shqiptare n\u00eb Mal t\u00eb Zi, k\u00ebto dit\u00eb, po punojn\u00eb n\u00eb hartimin e nj\u00eb platforme t\u00eb p\u00ebrbashk\u00ebt t\u00eb veprimit politik. Me k\u00ebt\u00eb platform\u00eb pritet q\u00eb","robots":{"index":"index","follow":"follow","max-snippet":"max-snippet:-1","max-image-preview":"max-image-preview:large","max-video-preview":"max-video-preview:-1"},"canonical":"https:\/\/www.visit-ulcinj.com\/blog\/2016\/01\/25\/forcat-politike-shqiptare-ne-mal-te-zi-per-nje-platforme-te-perbashket-video\/","og_locale":"en_US","og_type":"article","og_title":"Forcat politike shqiptare n\u00eb Mal t\u00eb Zi p\u00ebr nj\u00eb platforme t\u00eb p\u00ebrbashk\u00ebt - Video - Lajme nga Ulqini","og_description":"Forcat politike shqiptare n\u00eb Mal t\u00eb Zi, k\u00ebto dit\u00eb, po punojn\u00eb n\u00eb hartimin e nj\u00eb platforme t\u00eb p\u00ebrbashk\u00ebt t\u00eb veprimit politik. Me k\u00ebt\u00eb platform\u00eb pritet q\u00eb","og_url":"https:\/\/www.visit-ulcinj.com\/blog\/2016\/01\/25\/forcat-politike-shqiptare-ne-mal-te-zi-per-nje-platforme-te-perbashket-video\/","og_site_name":"Lajme nga Ulqini","article_published_time":"2016-01-25T05:50:38+00:00","article_modified_time":"2016-01-25T05:54:37+00:00","og_image":[{"url":"http:\/\/www.visit-ulcinj.com\/blog\/wp-content\/uploads\/2012\/07\/koalicioni-shqiptar-ne-mal-te-zi.jpg"}],"twitter_misc":{"Written by":"ulqini","Est. reading time":"1 minute"},"schema":{"@context":"https:\/\/schema.org","@graph":[{"@type":"WebSite","@id":"https:\/\/www.visit-ulcinj.com\/blog\/#website","url":"https:\/\/www.visit-ulcinj.com\/blog\/","name":"Lajme nga Ulqini","description":"Lajme,Vijesti,Ulqini,Ulqin,Crna Gora,Mali i Zi","potentialAction":[{"@type":"SearchAction","target":{"@type":"EntryPoint","urlTemplate":"https:\/\/www.visit-ulcinj.com\/blog\/?s={search_term_string}"},"query-input":"required name=search_term_string"}],"inLanguage":"en-US"},{"@type":"ImageObject","inLanguage":"en-US","@id":"https:\/\/www.visit-ulcinj.com\/blog\/2016\/01\/25\/forcat-politike-shqiptare-ne-mal-te-zi-per-nje-platforme-te-perbashket-video\/#primaryimage","url":"https:\/\/www.visit-ulcinj.com\/blog\/wp-content\/uploads\/2012\/07\/koalicioni-shqiptar-ne-mal-te-zi.jpg","contentUrl":"https:\/\/www.visit-ulcinj.com\/blog\/wp-content\/uploads\/2012\/07\/koalicioni-shqiptar-ne-mal-te-zi.jpg","width":"415","height":"573"},{"@type":"WebPage","@id":"https:\/\/www.visit-ulcinj.com\/blog\/2016\/01\/25\/forcat-politike-shqiptare-ne-mal-te-zi-per-nje-platforme-te-perbashket-video\/#webpage","url":"https:\/\/www.visit-ulcinj.com\/blog\/2016\/01\/25\/forcat-politike-shqiptare-ne-mal-te-zi-per-nje-platforme-te-perbashket-video\/","name":"Forcat politike shqiptare n\u00eb Mal t\u00eb Zi p\u00ebr nj\u00eb platforme t\u00eb p\u00ebrbashk\u00ebt - Video - Lajme nga Ulqini","isPartOf":{"@id":"https:\/\/www.visit-ulcinj.com\/blog\/#website"},"primaryImageOfPage":{"@id":"https:\/\/www.visit-ulcinj.com\/blog\/2016\/01\/25\/forcat-politike-shqiptare-ne-mal-te-zi-per-nje-platforme-te-perbashket-video\/#primaryimage"},"datePublished":"2016-01-25T05:50:38+00:00","dateModified":"2016-01-25T05:54:37+00:00","author":{"@id":"https:\/\/www.visit-ulcinj.com\/blog\/#\/schema\/person\/dcab619c614d3038751c63bc2aadc06d"},"description":"Forcat politike shqiptare n\u00eb Mal t\u00eb Zi, k\u00ebto dit\u00eb, po punojn\u00eb n\u00eb hartimin e nj\u00eb platforme t\u00eb p\u00ebrbashk\u00ebt t\u00eb veprimit politik. Me k\u00ebt\u00eb platform\u00eb pritet q\u00eb","breadcrumb":{"@id":"https:\/\/www.visit-ulcinj.com\/blog\/2016\/01\/25\/forcat-politike-shqiptare-ne-mal-te-zi-per-nje-platforme-te-perbashket-video\/#breadcrumb"},"inLanguage":"en-US","potentialAction":[{"@type":"ReadAction","target":["https:\/\/www.visit-ulcinj.com\/blog\/2016\/01\/25\/forcat-politike-shqiptare-ne-mal-te-zi-per-nje-platforme-te-perbashket-video\/"]}]},{"@type":"BreadcrumbList","@id":"https:\/\/www.visit-ulcinj.com\/blog\/2016\/01\/25\/forcat-politike-shqiptare-ne-mal-te-zi-per-nje-platforme-te-perbashket-video\/#breadcrumb","itemListElement":[{"@type":"ListItem","position":1,"name":"Forcat politike shqiptare n\u00eb Mal t\u00eb Zi p\u00ebr nj\u00eb platforme t\u00eb p\u00ebrbashk\u00ebt &#8211; Video"}]},{"@type":"Person","@id":"https:\/\/www.visit-ulcinj.com\/blog\/#\/schema\/person\/dcab619c614d3038751c63bc2aadc06d","name":"ulqini","sameAs":["http:\/\/www.visit-ulcinj.com"],"url":"https:\/\/www.visit-ulcinj.com\/blog\/author\/admin\/"}]}},"jetpack_featured_media_url":"","jetpack_sharing_enabled":true,"jetpack_shortlink":"https:\/\/wp.me\/pe6lTn-ouX","_links":{"self":[{"href":"https:\/\/www.visit-ulcinj.com\/blog\/wp-json\/wp\/v2\/posts\/94175"}],"collection":[{"href":"https:\/\/www.visit-ulcinj.com\/blog\/wp-json\/wp\/v2\/posts"}],"about":[{"href":"https:\/\/www.visit-ulcinj.com\/blog\/wp-json\/wp\/v2\/types\/post"}],"author":[{"embeddable":true,"href":"https:\/\/www.visit-ulcinj.com\/blog\/wp-json\/wp\/v2\/users\/1"}],"replies":[{"embeddable":true,"href":"https:\/\/www.visit-ulcinj.com\/blog\/wp-json\/wp\/v2\/comments?post=94175"}],"version-history":[{"count":1,"href":"https:\/\/www.visit-ulcinj.com\/blog\/wp-json\/wp\/v2\/posts\/94175\/revisions"}],"predecessor-version":[{"id":94176,"href":"https:\/\/www.visit-ulcinj.com\/blog\/wp-json\/wp\/v2\/posts\/94175\/revisions\/94176"}],"wp:attachment":[{"href":"https:\/\/www.visit-ulcinj.com\/blog\/wp-json\/wp\/v2\/media?parent=94175"}],"wp:term":[{"taxonomy":"category","embeddable":true,"href":"https:\/\/www.visit-ulcinj.com\/blog\/wp-json\/wp\/v2\/categories?post=94175"},{"taxonomy":"post_tag","embeddable":true,"href":"https:\/\/www.visit-ulcinj.com\/blog\/wp-json\/wp\/v2\/tags?post=94175"}],"curies":[{"name":"wp","href":"https:\/\/api.w.org\/{rel}","templated":true}]}}