{"id":94177,"date":"2016-01-25T14:11:20","date_gmt":"2016-01-25T13:11:20","guid":{"rendered":"http:\/\/www.visit-ulcinj.com\/blog\/?p=94177"},"modified":"2016-01-26T11:11:49","modified_gmt":"2016-01-26T10:11:49","slug":"nika-kinobashta-u-humb-sepse-ekspertet-e-gjyqit-deshmuan-rrejshem","status":"publish","type":"post","link":"https:\/\/www.visit-ulcinj.com\/blog\/2016\/01\/25\/nika-kinobashta-u-humb-sepse-ekspertet-e-gjyqit-deshmuan-rrejshem\/","title":{"rendered":"Nika: Kinobashta u humb, sepse ekspert\u00ebt e gjyqit d\u00ebshmuan rrejsh\u00ebm&#8230;?!!"},"content":{"rendered":"<p><strong><em><a href=\"http:\/\/www.visit-ulcinj.com\/blog\/wp-content\/uploads\/2015\/08\/Kino-Bashta-Ulcinj.jpg\"><img loading=\"lazy\" class=\"alignleft wp-image-92077\" src=\"http:\/\/www.visit-ulcinj.com\/blog\/wp-content\/uploads\/2015\/08\/Kino-Bashta-Ulcinj.jpg\" alt=\"Kino-Bashta-Ulcinj\" width=\"508\" height=\"262\" srcset=\"https:\/\/www.visit-ulcinj.com\/blog\/wp-content\/uploads\/2015\/08\/Kino-Bashta-Ulcinj.jpg 661w, https:\/\/www.visit-ulcinj.com\/blog\/wp-content\/uploads\/2015\/08\/Kino-Bashta-Ulcinj-300x155.jpg 300w\" sizes=\"(max-width: 508px) 100vw, 508px\" \/><\/a>Shkruan Muhamet Nika<\/em><\/strong><\/p>\n<p>Sa p\u00ebr, kinobashten t\u00eb cil\u00ebs mediat- personat dhe portalet , po i kthehen shpesh , shtojm\u00eb se p\u00ebr hetimet -nuk \u00ebsht\u00eb problem pse u dha, por si u dha \u2013 me ligj apo pa ligj ajo, pasi e drejta e dh\u00ebnies s\u00eb saj me qira \u00ebsht\u00eb e miratuar nga kuvendi i komun\u00ebs- n\u00eb aktin themelues dhe e regjistruar n\u00eb Gjykat\u00ebn Ekonomike.<\/p>\n<p>Deri sa isha vet\u00eb drejtor , ajo ishte e dh\u00ebn\u00eb sipas kontrat\u00ebs me ligj edhe brenda destinimit. Por p\u00ebr ta pruar situat\u00ebn n\u00eb suaza normale, pasi fitohej me shantazhe \u201ce grushta\u201d \u2013 p\u00ebr dy tri mij\u00eb euro n\u00eb vit\u2026,vitin e dyt\u00eb t\u00eb mandatit , ajo nuk u dha fare-Pra mu imponua t\u00eb humbas nj\u00eb sezon t\u00eb t\u00ebr\u00eb dhe u dha vitin e radh\u00ebs e afatizuar deri n\u00eb sezonin e vitit 2007.<\/p>\n<p>Gjat\u00eb vitit 2008 , kam d\u00ebgjuar se me pal\u00ebn ishte n\u00ebnshkruar fillimisht nj\u00eb kontrat\u00eb e re ditore ,q\u00eb pasuesi i jem si drejtor e dha at\u00eb p\u00ebr organizim koncerti; p\u00ebr 3 or\u00eb 300 euro&#8230;?! Por me vendim t\u00eb k\u00ebshillit drejtues dhe t\u00eb komun\u00ebs, nuk u b\u00eb m\u00eb n\u00ebnshkrimi i kontratave t\u00eb tilla dhe ajo gjat\u00eb ver\u00ebs s\u00eb vitit 2008 nuk punoi\u2026.?!!! N\u00eb t\u00eb nj\u00ebjt\u00ebn koh\u00eb k\u00ebshilli drejtues i qendres- kishte njoftuar me shkrim sekretariatin e komun\u00ebs q\u00eb personit i cili e shfryt\u00ebzonte , ti nd\u00ebrpritet leja e pun\u00ebs \u00e7ka edhe ndodhi, por si dhe kush e mbuloi at\u00eb me letra \u2013 nuk \u00ebsht\u00eb m\u00eb problem i Qendr\u00ebs p\u00ebr Kultur\u00eb- Ulqin.<\/p>\n<p>Nd\u00ebrsa , si duket ,ajo u humb n\u00eb proceset gjyq\u00ebsore q\u00eb pasuan, pas koh\u00ebs sime- pasi q\u00eb ekspert\u00ebt e gjyqit kishin d\u00ebshmuar rrejsh\u00ebm duke fshehur faktet. P\u00ebr k\u00ebt\u00eb shih k\u00ebto dokumente si m\u00eb posht\u00eb.<\/p>\n<p><strong>Me 19.12. 2008<\/strong>\u00a0. komisioni p\u00ebr kthim t\u00eb pasuris\u00eb , i kthen familjes s\u00eb Zyberajve tok\u00ebn (parcelat kadastrale- pasi kishin k\u00ebrkuar q\u00eb toka e cila ishte marr\u00eb p\u00ebr nd\u00ebrtim t\u00eb kinos dhe q\u00eb nuk ishte nd\u00ebrtuar, tu kthehej , sipas ligjit. Kurse p\u00ebr hap\u00ebsirat e nd\u00ebrtuara e n\u00eb funksion, t\u00eb kompensoheshin nga fondi p\u00ebrkat\u00ebs- Shtojm\u00eb q\u00eb l\u00ebnda e till\u00eb gjyq\u00ebsore n\u00eb Tivar , kishte arritur , pasi komisioni i formuar nga komuna kishte v\u00ebrtetuar se aty nuk ishte nd\u00ebrtuar fare objekt filmi&#8230;? Habit\u00eb fakti- si \u00ebsht\u00eb mundur nj\u00eb gj\u00eb e till\u00eb , pasi t\u00eb gjith\u00eb an\u00ebtar\u00ebt e komisionit ishin ulqinak\u00eb dhe q\u00eb kan\u00eb shikuar film aty.<\/p>\n<p><strong>N\u00eb dokumentin p\u00ebr kthim t\u00eb pasuris\u00eb t\u00eb komisionit t\u00eb Tivarit, nr: 030-ul-6- 308-5\/208, m\u00eb 19 .12 .2008 n\u00eb Tivar shkruan<\/strong>:\u201dKomisioni p\u00ebr kthim t\u00eb pasuris\u00eb\u2026 mbi baz\u00ebn e analizave- mendimeve e d\u00ebshmive t\u00eb inxhinierit t\u00eb nd\u00ebrtimtaris\u00eb\u00a0<strong>Marnikoviq Andris\u00eb<\/strong>&#8211; t\u00eb dh\u00ebn\u00eb \u2013<\/p>\n<ul>\n<li>para komisionit n\u00eb Ulqin, dhe t\u00eb p\u00ebrs\u00ebritura pasi toka ishte e pa nd\u00ebrtuar ai u \u00a0 \u00a0 \u00a0 besoi sepse fjala ishte p\u00ebr ekspert t\u00eb p\u00ebrhersh\u00ebm gjyqi .<\/li>\n<li>Eksperti i gjeodezis\u00eb\u00a0<strong>Popoviq Dragolub<\/strong>\u00a0, kishte b\u00ebr\u00eb identifikimin e parcelave kadastrale dhe p\u00ebr kufijt\u00eb e shtrirjes s\u00eb tyre\u2026.,si pron\u00ebsi e KO t\u00eb Qendr\u00ebs p\u00ebr Kultur\u00eb\u2026, q\u00eb edhe kjo u mor p\u00ebr t\u00eb v\u00ebrtet\u00eb?!<\/li>\n<li>N\u00eb dokument e cekur shkruan: <strong><em><span style=\"text-decoration: underline;\">Pasi fjala ishte p\u00ebr ekspert\u00eb t\u00eb p\u00ebrhersh\u00ebm gjyqi, komisioni i d\u00ebshmis\u00eb s\u00eb tyre u kishte besuar deri n\u00eb fund\u2026.?!<\/span><\/em><\/strong><\/li>\n<li>Dhe duke u nisur nga kjo po shihet, se ishin pjekur t\u00eb gjitha kushtet p\u00ebr kthim t\u00eb parcelave p\u00ebrkat\u00ebse si t\u00eb pa nd\u00ebrtuara e jo n\u00eb funksion&#8230;?!<\/li>\n<\/ul>\n<p>Kuptohet se mbrojtja e sht\u00ebpis\u00eb s\u00eb kultur\u00ebs kish reaguar n\u00eb k\u00ebt\u00eb vendim t\u00eb komisionit dhe gjykata e kish marr\u00eb n\u00eb konsiderat\u00eb ankes\u00ebn e sht\u00ebpis\u00eb s\u00eb kultur\u00ebs, andaj edhe l\u00ebnda ishte fituar.<\/p>\n<p>Por si \u00ebsht\u00eb zhvilluar mbrojtja e radh\u00ebs nga komuna- pasi pala ishte ankuar s\u00eb rish, k\u00ebt\u00eb pritet ta zgjidhin si enigm\u00eb organet e hetuesis\u00eb.<\/p>\n<p>Duke e ditur se po t\u00eb vazhdonim do t\u00eb fillonim e p\u00ebrs\u00ebritnim veten, po udh\u00ebzojm\u00eb n\u00eb aktin e ankes\u00ebs s\u00eb qendr\u00ebs p\u00ebr kultur\u00eb . nr.6 . m\u00eb<\/p>\n<p>15.1.2009. E n\u00eb t\u00eb cil\u00ebn mbrojt\u00ebsi i komun\u00ebs kish shtuar:<\/p>\n<ul>\n<li>\u201c Q\u00eb jan\u00eb laike dhe plot\u00ebsisht t\u00eb pav\u00ebrteta \u2013konstatimet e ekspert\u00ebve t\u00eb gjyqit \u2013 atij t\u00eb gjeodezis\u00eb dhe atij t\u00eb nd\u00ebrtimtaris\u00eb\u2026, se pasuria e patundshme e parcelave kadastrale n\u00eb pron\u00ebsi t\u00eb kultur\u00ebs, ishte tok\u00eb e pand\u00ebrruar dhe se duhet t\u00eb kthehen sipas ligjit\u2026?! Dhe se, gjithashtu, ka mosp\u00ebrputhje , kur thot\u00eb se\u201d n\u00eb mes t\u00eb tapis\u00eb e sip\u00ebrfaqes ekziston mund\u00ebsia e mosp\u00ebrputhjes s\u00eb kufijve sepse nuk ishte peshuar me instrumente gjeodezike..\u201d\u00a0<strong><em>Duke l\u00ebn\u00eb dyshim , se parcellat n\u00eb fjal\u00eb t\u00eb jen\u00eb jasht\u00eb kufijve aktual\u00eb t\u00eb kinos&#8230;?!!<\/em><\/strong><\/li>\n<li>Q\u00eb gjetjeve t\u00eb ekspertit t\u00eb gjeodezis\u00eb t\u00eb dh\u00ebna- pa dal\u00eb n\u00eb vend ngjarje- u ishte bashkangjitur edhe eksperti i nd\u00ebrtimtaris\u00eb \u2013Andrija Marnikoviqi, i cili n\u00eb fakt nuk \u00ebsht\u00eb inxhinier i nd\u00ebrtimtaris\u00eb, por i komunikacionit dhe shprehet habija q\u00eb p\u00ebrse e b\u00ebri k\u00ebt\u00eb organi p\u00ebr kthim t\u00eb pasuris\u00eb\u2026?!<\/li>\n<\/ul>\n<p>Gjithashtu ne p\u00ebr t\u00eb d\u00ebshmuar t\u00eb kund\u00ebrt\u00ebn , p\u00ebrve\u00e7 d\u00ebshmive t\u00eb nxjerra nga mbrojt\u00ebsi i sht\u00ebpis\u00eb s\u00eb kultur\u00ebs , sjellim t\u00eb skanuar edhe procesverbalin p\u00ebr kryerjen e punimeve n\u00eb kinobasht\u00eb , i cili konstatonte gjendjen nd\u00ebrmjet pun\u00ebdh\u00ebn\u00ebsit dhe pun\u00ebmarr\u00ebsit nga viti 1971,kur ajo u sanua me p\u00eblqimin dhe lejen e urbanistik\u00ebs..?!!<\/p>\n<p>Po p\u00ebrse u fsheh , ky argument, mbase kjo ndodhi , p\u00ebr t\u00eb mos u prishur pun\u00eb atyre q\u00eb kan\u00eb vendosur kafiterit\u00eb e veta- private, posht\u00eb kinobasht\u00ebs ; n\u00ebn investimin e kryer nga komuna dhe t\u00eb privatizuar pa p\u00eblqimin e saj &#8230;?!.<\/p>\n<p>Bile t\u00eb gjith\u00eb e din\u00eb se ata i shtin\u00eb n\u00eb dor\u00eb duke qen\u00eb edhe n\u00eb konflikt interesi , duke i\u00a0\u00a0 \u201cbler\u00eb\u201d, pre Rivjera e kish n\u00eb shfryt\u00ebzim si nd\u00ebrmarrje turistike\u2026<strong><em>JA PSE \u00cbSHT\u00cb SHUM\u00cb E V\u00cbSHTIR\u00cb T\u00cb FLAS\u00cbSH T\u00cb V\u00cbRTET\u00cbN DHE \u00cbSHT\u00cb PUN\u00cb E SHENJT\u00cb- NJ\u00cbKOH\u00cbSISHT?! KTHIMI I SAJ N\u00cb K\u00cbT\u00cb FORM\u00cb \u00cbSHT\u00cb PRESEDAN SEPSE NUK PRITET T\u00cb K\u00cbNDOJN\u00cb \u2013 NGJASH\u00cbM AS ATA T\u00cb CIL\u00cbT BLEN\u00cb N\u00cb KALA T\u00cb ULQINIT, NGA RIVJERA PASURIN\u00cb E CILA ISHTE PRON\u00cb E ZYBERAJVE&#8230;?!!<\/em><\/strong><\/p>\n<p><strong><em>P\u00ebr k\u00ebt\u00eb shih dokumentet korruptuese\u2026<\/em><\/strong><\/p>\n<ul>\n<li><strong>Pjes\u00eb nga dokumenti nr: 030-ul-6- 308-5\/208, m\u00eb 19 .12 2008 n\u00eb Tivar- Komisioni i Tivarit.<\/strong><\/li>\n<li><strong>Ankesa e sht\u00ebpis\u00eb s\u00eb kultur\u00ebs q\u00eb e pranoi gjykata- e n\u00eb t\u00eb cil\u00ebn \u2013 pala p\u00ebrs\u00ebri u ankua.<\/strong><\/li>\n<li><strong>Kopje e procesverbalit t\u00eb ofertave t\u00eb nd\u00ebrtimit t\u00eb kinobasht\u00ebs. m\u00eb 1971.<\/strong><\/li>\n<li><a href=\"http:\/\/www.visit-ulcinj.com\/blog\/wp-content\/uploads\/2016\/01\/Pjes\u00eb-nga-dokumenti-Kino-Bashta-Ulqin.jpg\"><img loading=\"lazy\" class=\"alignleft wp-image-94178\" src=\"http:\/\/www.visit-ulcinj.com\/blog\/wp-content\/uploads\/2016\/01\/Pjes\u00eb-nga-dokumenti-Kino-Bashta-Ulqin.jpg\" alt=\"Pjes\u00eb nga  dokumenti Kino-Bashta-Ulqin\" width=\"508\" height=\"702\" srcset=\"https:\/\/www.visit-ulcinj.com\/blog\/wp-content\/uploads\/2016\/01\/Pjes\u00eb-nga-dokumenti-Kino-Bashta-Ulqin.jpg 591w, https:\/\/www.visit-ulcinj.com\/blog\/wp-content\/uploads\/2016\/01\/Pjes\u00eb-nga-dokumenti-Kino-Bashta-Ulqin-217x300.jpg 217w\" sizes=\"(max-width: 508px) 100vw, 508px\" \/><\/a><\/li>\n<li><a href=\"http:\/\/www.visit-ulcinj.com\/blog\/wp-content\/uploads\/2016\/01\/Pjes\u00eb-nga-dokumenti-Kino-Bashta-Ulqin-1.jpg\"><img loading=\"lazy\" class=\"alignleft wp-image-94179\" src=\"http:\/\/www.visit-ulcinj.com\/blog\/wp-content\/uploads\/2016\/01\/Pjes\u00eb-nga-dokumenti-Kino-Bashta-Ulqin-1.jpg\" alt=\"Pjes\u00eb nga  dokumenti Kino-Bashta-Ulqin-1\" width=\"508\" height=\"721\" srcset=\"https:\/\/www.visit-ulcinj.com\/blog\/wp-content\/uploads\/2016\/01\/Pjes\u00eb-nga-dokumenti-Kino-Bashta-Ulqin-1.jpg 567w, https:\/\/www.visit-ulcinj.com\/blog\/wp-content\/uploads\/2016\/01\/Pjes\u00eb-nga-dokumenti-Kino-Bashta-Ulqin-1-211x300.jpg 211w\" sizes=\"(max-width: 508px) 100vw, 508px\" \/><\/a><\/li>\n<li><a href=\"http:\/\/www.visit-ulcinj.com\/blog\/wp-content\/uploads\/2016\/01\/Pjes\u00eb-nga-dokumenti-Kino-Bashta-Ulqin-2.jpg\"><img loading=\"lazy\" class=\"alignleft wp-image-94180\" src=\"http:\/\/www.visit-ulcinj.com\/blog\/wp-content\/uploads\/2016\/01\/Pjes\u00eb-nga-dokumenti-Kino-Bashta-Ulqin-2.jpg\" alt=\"Pjes\u00eb nga  dokumenti Kino-Bashta-Ulqin-2\" width=\"508\" height=\"737\" srcset=\"https:\/\/www.visit-ulcinj.com\/blog\/wp-content\/uploads\/2016\/01\/Pjes\u00eb-nga-dokumenti-Kino-Bashta-Ulqin-2.jpg 598w, https:\/\/www.visit-ulcinj.com\/blog\/wp-content\/uploads\/2016\/01\/Pjes\u00eb-nga-dokumenti-Kino-Bashta-Ulqin-2-207x300.jpg 207w\" sizes=\"(max-width: 508px) 100vw, 508px\" \/><\/a><\/li>\n<li><a href=\"http:\/\/www.visit-ulcinj.com\/blog\/wp-content\/uploads\/2016\/01\/Pjes\u00eb-nga-dokumenti-Kino-Bashta-Ulqin-3.jpg\"><img loading=\"lazy\" class=\"alignleft wp-image-94181\" src=\"http:\/\/www.visit-ulcinj.com\/blog\/wp-content\/uploads\/2016\/01\/Pjes\u00eb-nga-dokumenti-Kino-Bashta-Ulqin-3.jpg\" alt=\"Pjes\u00eb nga  dokumenti Kino-Bashta-Ulqin-3\" width=\"508\" height=\"668\" srcset=\"https:\/\/www.visit-ulcinj.com\/blog\/wp-content\/uploads\/2016\/01\/Pjes\u00eb-nga-dokumenti-Kino-Bashta-Ulqin-3.jpg 627w, https:\/\/www.visit-ulcinj.com\/blog\/wp-content\/uploads\/2016\/01\/Pjes\u00eb-nga-dokumenti-Kino-Bashta-Ulqin-3-228x300.jpg 228w\" sizes=\"(max-width: 508px) 100vw, 508px\" \/><\/a><\/li>\n<li><a href=\"http:\/\/www.visit-ulcinj.com\/blog\/wp-content\/uploads\/2016\/01\/dokumenti-Kino-Bashta-Ulqin.jpg\"><img loading=\"lazy\" class=\"alignleft wp-image-94238\" src=\"http:\/\/www.visit-ulcinj.com\/blog\/wp-content\/uploads\/2016\/01\/dokumenti-Kino-Bashta-Ulqin.jpg\" alt=\"dokumenti-Kino-Bashta-Ulqin\" width=\"508\" height=\"701\" srcset=\"https:\/\/www.visit-ulcinj.com\/blog\/wp-content\/uploads\/2016\/01\/dokumenti-Kino-Bashta-Ulqin.jpg 628w, https:\/\/www.visit-ulcinj.com\/blog\/wp-content\/uploads\/2016\/01\/dokumenti-Kino-Bashta-Ulqin-218x300.jpg 218w\" sizes=\"(max-width: 508px) 100vw, 508px\" \/><\/a><\/li>\n<\/ul>\n<p><strong>Pik\u00ebpamjet e shprehura n\u00eb faqen \u201cOPINIONE\u201d nuk p\u00ebrfaq\u00ebsojn\u00eb domosdoshm\u00ebrisht politik\u00ebn redaksionale t\u00eb \u201eLajmeve nga Ulqini\u201e<\/strong><\/p>\n","protected":false},"excerpt":{"rendered":"<p>Shkruan Muhamet Nika Sa p\u00ebr, kinobashten t\u00eb cil\u00ebs mediat- personat dhe portalet , po i kthehen shpesh , shtojm\u00eb se p\u00ebr hetimet -nuk \u00ebsht\u00eb problem pse u dha, por si u dha \u2013 me ligj apo pa ligj ajo, pasi e drejta e dh\u00ebnies s\u00eb saj me qira \u00ebsht\u00eb e miratuar nga kuvendi i komun\u00ebs- [&hellip;]<\/p>\n","protected":false},"author":1,"featured_media":0,"comment_status":"closed","ping_status":"closed","sticky":false,"template":"","format":"standard","meta":{"spay_email":"","jetpack_publicize_message":"","jetpack_is_tweetstorm":false,"jetpack_publicize_feature_enabled":true},"categories":[14249],"tags":[],"jetpack_publicize_connections":[],"yoast_head":"<!-- This site is optimized with the Yoast SEO plugin v19.1 - https:\/\/yoast.com\/wordpress\/plugins\/seo\/ -->\n<title>Nika: Kinobashta u humb, sepse ekspert\u00ebt e gjyqit d\u00ebshmuan rrejsh\u00ebm...?!! - Lajme nga Ulqini<\/title>\n<meta name=\"description\" content=\"Shkruan Muhamet Nika Sa p\u00ebr, kinobashten t\u00eb cil\u00ebs mediat- personat dhe portalet , po i kthehen shpesh , shtojm\u00eb se p\u00ebr hetimet -nuk \u00ebsht\u00eb problem pse u\" \/>\n<meta name=\"robots\" content=\"index, follow, max-snippet:-1, max-image-preview:large, max-video-preview:-1\" \/>\n<link rel=\"canonical\" href=\"https:\/\/www.visit-ulcinj.com\/blog\/2016\/01\/25\/nika-kinobashta-u-humb-sepse-ekspertet-e-gjyqit-deshmuan-rrejshem\/\" \/>\n<meta property=\"og:locale\" content=\"en_US\" \/>\n<meta property=\"og:type\" content=\"article\" \/>\n<meta property=\"og:title\" content=\"Nika: Kinobashta u humb, sepse ekspert\u00ebt e gjyqit d\u00ebshmuan rrejsh\u00ebm...?!! - Lajme nga Ulqini\" \/>\n<meta property=\"og:description\" content=\"Shkruan Muhamet Nika Sa p\u00ebr, kinobashten t\u00eb cil\u00ebs mediat- personat dhe portalet , po i kthehen shpesh , shtojm\u00eb se p\u00ebr hetimet -nuk \u00ebsht\u00eb problem pse u\" \/>\n<meta property=\"og:url\" content=\"https:\/\/www.visit-ulcinj.com\/blog\/2016\/01\/25\/nika-kinobashta-u-humb-sepse-ekspertet-e-gjyqit-deshmuan-rrejshem\/\" \/>\n<meta property=\"og:site_name\" content=\"Lajme nga Ulqini\" \/>\n<meta property=\"article:published_time\" content=\"2016-01-25T13:11:20+00:00\" \/>\n<meta property=\"article:modified_time\" content=\"2016-01-26T10:11:49+00:00\" \/>\n<meta property=\"og:image\" content=\"http:\/\/www.visit-ulcinj.com\/blog\/wp-content\/uploads\/2015\/08\/Kino-Bashta-Ulcinj.jpg\" \/>\n<meta name=\"twitter:label1\" content=\"Written by\" \/>\n\t<meta name=\"twitter:data1\" content=\"ulqini\" \/>\n\t<meta name=\"twitter:label2\" content=\"Est. reading time\" \/>\n\t<meta name=\"twitter:data2\" content=\"6 minutes\" \/>\n<script type=\"application\/ld+json\" class=\"yoast-schema-graph\">{\"@context\":\"https:\/\/schema.org\",\"@graph\":[{\"@type\":\"WebSite\",\"@id\":\"https:\/\/www.visit-ulcinj.com\/blog\/#website\",\"url\":\"https:\/\/www.visit-ulcinj.com\/blog\/\",\"name\":\"Lajme nga Ulqini\",\"description\":\"Lajme,Vijesti,Ulqini,Ulqin,Crna Gora,Mali i Zi\",\"potentialAction\":[{\"@type\":\"SearchAction\",\"target\":{\"@type\":\"EntryPoint\",\"urlTemplate\":\"https:\/\/www.visit-ulcinj.com\/blog\/?s={search_term_string}\"},\"query-input\":\"required name=search_term_string\"}],\"inLanguage\":\"en-US\"},{\"@type\":\"ImageObject\",\"inLanguage\":\"en-US\",\"@id\":\"https:\/\/www.visit-ulcinj.com\/blog\/2016\/01\/25\/nika-kinobashta-u-humb-sepse-ekspertet-e-gjyqit-deshmuan-rrejshem\/#primaryimage\",\"url\":\"https:\/\/www.visit-ulcinj.com\/blog\/wp-content\/uploads\/2015\/08\/Kino-Bashta-Ulcinj.jpg\",\"contentUrl\":\"https:\/\/www.visit-ulcinj.com\/blog\/wp-content\/uploads\/2015\/08\/Kino-Bashta-Ulcinj.jpg\",\"width\":661,\"height\":341},{\"@type\":\"WebPage\",\"@id\":\"https:\/\/www.visit-ulcinj.com\/blog\/2016\/01\/25\/nika-kinobashta-u-humb-sepse-ekspertet-e-gjyqit-deshmuan-rrejshem\/#webpage\",\"url\":\"https:\/\/www.visit-ulcinj.com\/blog\/2016\/01\/25\/nika-kinobashta-u-humb-sepse-ekspertet-e-gjyqit-deshmuan-rrejshem\/\",\"name\":\"Nika: Kinobashta u humb, sepse ekspert\u00ebt e gjyqit d\u00ebshmuan rrejsh\u00ebm...?!! - Lajme nga Ulqini\",\"isPartOf\":{\"@id\":\"https:\/\/www.visit-ulcinj.com\/blog\/#website\"},\"primaryImageOfPage\":{\"@id\":\"https:\/\/www.visit-ulcinj.com\/blog\/2016\/01\/25\/nika-kinobashta-u-humb-sepse-ekspertet-e-gjyqit-deshmuan-rrejshem\/#primaryimage\"},\"datePublished\":\"2016-01-25T13:11:20+00:00\",\"dateModified\":\"2016-01-26T10:11:49+00:00\",\"author\":{\"@id\":\"https:\/\/www.visit-ulcinj.com\/blog\/#\/schema\/person\/dcab619c614d3038751c63bc2aadc06d\"},\"description\":\"Shkruan Muhamet Nika Sa p\u00ebr, kinobashten t\u00eb cil\u00ebs mediat- personat dhe portalet , po i kthehen shpesh , shtojm\u00eb se p\u00ebr hetimet -nuk \u00ebsht\u00eb problem pse u\",\"breadcrumb\":{\"@id\":\"https:\/\/www.visit-ulcinj.com\/blog\/2016\/01\/25\/nika-kinobashta-u-humb-sepse-ekspertet-e-gjyqit-deshmuan-rrejshem\/#breadcrumb\"},\"inLanguage\":\"en-US\",\"potentialAction\":[{\"@type\":\"ReadAction\",\"target\":[\"https:\/\/www.visit-ulcinj.com\/blog\/2016\/01\/25\/nika-kinobashta-u-humb-sepse-ekspertet-e-gjyqit-deshmuan-rrejshem\/\"]}]},{\"@type\":\"BreadcrumbList\",\"@id\":\"https:\/\/www.visit-ulcinj.com\/blog\/2016\/01\/25\/nika-kinobashta-u-humb-sepse-ekspertet-e-gjyqit-deshmuan-rrejshem\/#breadcrumb\",\"itemListElement\":[{\"@type\":\"ListItem\",\"position\":1,\"name\":\"Nika: Kinobashta u humb, sepse ekspert\u00ebt e gjyqit d\u00ebshmuan rrejsh\u00ebm&#8230;?!!\"}]},{\"@type\":\"Person\",\"@id\":\"https:\/\/www.visit-ulcinj.com\/blog\/#\/schema\/person\/dcab619c614d3038751c63bc2aadc06d\",\"name\":\"ulqini\",\"sameAs\":[\"http:\/\/www.visit-ulcinj.com\"],\"url\":\"https:\/\/www.visit-ulcinj.com\/blog\/author\/admin\/\"}]}<\/script>\n<!-- \/ Yoast SEO plugin. -->","yoast_head_json":{"title":"Nika: Kinobashta u humb, sepse ekspert\u00ebt e gjyqit d\u00ebshmuan rrejsh\u00ebm...?!! - Lajme nga Ulqini","description":"Shkruan Muhamet Nika Sa p\u00ebr, kinobashten t\u00eb cil\u00ebs mediat- personat dhe portalet , po i kthehen shpesh , shtojm\u00eb se p\u00ebr hetimet -nuk \u00ebsht\u00eb problem pse u","robots":{"index":"index","follow":"follow","max-snippet":"max-snippet:-1","max-image-preview":"max-image-preview:large","max-video-preview":"max-video-preview:-1"},"canonical":"https:\/\/www.visit-ulcinj.com\/blog\/2016\/01\/25\/nika-kinobashta-u-humb-sepse-ekspertet-e-gjyqit-deshmuan-rrejshem\/","og_locale":"en_US","og_type":"article","og_title":"Nika: Kinobashta u humb, sepse ekspert\u00ebt e gjyqit d\u00ebshmuan rrejsh\u00ebm...?!! - Lajme nga Ulqini","og_description":"Shkruan Muhamet Nika Sa p\u00ebr, kinobashten t\u00eb cil\u00ebs mediat- personat dhe portalet , po i kthehen shpesh , shtojm\u00eb se p\u00ebr hetimet -nuk \u00ebsht\u00eb problem pse u","og_url":"https:\/\/www.visit-ulcinj.com\/blog\/2016\/01\/25\/nika-kinobashta-u-humb-sepse-ekspertet-e-gjyqit-deshmuan-rrejshem\/","og_site_name":"Lajme nga Ulqini","article_published_time":"2016-01-25T13:11:20+00:00","article_modified_time":"2016-01-26T10:11:49+00:00","og_image":[{"url":"http:\/\/www.visit-ulcinj.com\/blog\/wp-content\/uploads\/2015\/08\/Kino-Bashta-Ulcinj.jpg"}],"twitter_misc":{"Written by":"ulqini","Est. reading time":"6 minutes"},"schema":{"@context":"https:\/\/schema.org","@graph":[{"@type":"WebSite","@id":"https:\/\/www.visit-ulcinj.com\/blog\/#website","url":"https:\/\/www.visit-ulcinj.com\/blog\/","name":"Lajme nga Ulqini","description":"Lajme,Vijesti,Ulqini,Ulqin,Crna Gora,Mali i Zi","potentialAction":[{"@type":"SearchAction","target":{"@type":"EntryPoint","urlTemplate":"https:\/\/www.visit-ulcinj.com\/blog\/?s={search_term_string}"},"query-input":"required name=search_term_string"}],"inLanguage":"en-US"},{"@type":"ImageObject","inLanguage":"en-US","@id":"https:\/\/www.visit-ulcinj.com\/blog\/2016\/01\/25\/nika-kinobashta-u-humb-sepse-ekspertet-e-gjyqit-deshmuan-rrejshem\/#primaryimage","url":"https:\/\/www.visit-ulcinj.com\/blog\/wp-content\/uploads\/2015\/08\/Kino-Bashta-Ulcinj.jpg","contentUrl":"https:\/\/www.visit-ulcinj.com\/blog\/wp-content\/uploads\/2015\/08\/Kino-Bashta-Ulcinj.jpg","width":661,"height":341},{"@type":"WebPage","@id":"https:\/\/www.visit-ulcinj.com\/blog\/2016\/01\/25\/nika-kinobashta-u-humb-sepse-ekspertet-e-gjyqit-deshmuan-rrejshem\/#webpage","url":"https:\/\/www.visit-ulcinj.com\/blog\/2016\/01\/25\/nika-kinobashta-u-humb-sepse-ekspertet-e-gjyqit-deshmuan-rrejshem\/","name":"Nika: Kinobashta u humb, sepse ekspert\u00ebt e gjyqit d\u00ebshmuan rrejsh\u00ebm...?!! - Lajme nga Ulqini","isPartOf":{"@id":"https:\/\/www.visit-ulcinj.com\/blog\/#website"},"primaryImageOfPage":{"@id":"https:\/\/www.visit-ulcinj.com\/blog\/2016\/01\/25\/nika-kinobashta-u-humb-sepse-ekspertet-e-gjyqit-deshmuan-rrejshem\/#primaryimage"},"datePublished":"2016-01-25T13:11:20+00:00","dateModified":"2016-01-26T10:11:49+00:00","author":{"@id":"https:\/\/www.visit-ulcinj.com\/blog\/#\/schema\/person\/dcab619c614d3038751c63bc2aadc06d"},"description":"Shkruan Muhamet Nika Sa p\u00ebr, kinobashten t\u00eb cil\u00ebs mediat- personat dhe portalet , po i kthehen shpesh , shtojm\u00eb se p\u00ebr hetimet -nuk \u00ebsht\u00eb problem pse u","breadcrumb":{"@id":"https:\/\/www.visit-ulcinj.com\/blog\/2016\/01\/25\/nika-kinobashta-u-humb-sepse-ekspertet-e-gjyqit-deshmuan-rrejshem\/#breadcrumb"},"inLanguage":"en-US","potentialAction":[{"@type":"ReadAction","target":["https:\/\/www.visit-ulcinj.com\/blog\/2016\/01\/25\/nika-kinobashta-u-humb-sepse-ekspertet-e-gjyqit-deshmuan-rrejshem\/"]}]},{"@type":"BreadcrumbList","@id":"https:\/\/www.visit-ulcinj.com\/blog\/2016\/01\/25\/nika-kinobashta-u-humb-sepse-ekspertet-e-gjyqit-deshmuan-rrejshem\/#breadcrumb","itemListElement":[{"@type":"ListItem","position":1,"name":"Nika: Kinobashta u humb, sepse ekspert\u00ebt e gjyqit d\u00ebshmuan rrejsh\u00ebm&#8230;?!!"}]},{"@type":"Person","@id":"https:\/\/www.visit-ulcinj.com\/blog\/#\/schema\/person\/dcab619c614d3038751c63bc2aadc06d","name":"ulqini","sameAs":["http:\/\/www.visit-ulcinj.com"],"url":"https:\/\/www.visit-ulcinj.com\/blog\/author\/admin\/"}]}},"jetpack_featured_media_url":"","jetpack_sharing_enabled":true,"jetpack_shortlink":"https:\/\/wp.me\/pe6lTn-ouZ","_links":{"self":[{"href":"https:\/\/www.visit-ulcinj.com\/blog\/wp-json\/wp\/v2\/posts\/94177"}],"collection":[{"href":"https:\/\/www.visit-ulcinj.com\/blog\/wp-json\/wp\/v2\/posts"}],"about":[{"href":"https:\/\/www.visit-ulcinj.com\/blog\/wp-json\/wp\/v2\/types\/post"}],"author":[{"embeddable":true,"href":"https:\/\/www.visit-ulcinj.com\/blog\/wp-json\/wp\/v2\/users\/1"}],"replies":[{"embeddable":true,"href":"https:\/\/www.visit-ulcinj.com\/blog\/wp-json\/wp\/v2\/comments?post=94177"}],"version-history":[{"count":8,"href":"https:\/\/www.visit-ulcinj.com\/blog\/wp-json\/wp\/v2\/posts\/94177\/revisions"}],"predecessor-version":[{"id":94241,"href":"https:\/\/www.visit-ulcinj.com\/blog\/wp-json\/wp\/v2\/posts\/94177\/revisions\/94241"}],"wp:attachment":[{"href":"https:\/\/www.visit-ulcinj.com\/blog\/wp-json\/wp\/v2\/media?parent=94177"}],"wp:term":[{"taxonomy":"category","embeddable":true,"href":"https:\/\/www.visit-ulcinj.com\/blog\/wp-json\/wp\/v2\/categories?post=94177"},{"taxonomy":"post_tag","embeddable":true,"href":"https:\/\/www.visit-ulcinj.com\/blog\/wp-json\/wp\/v2\/tags?post=94177"}],"curies":[{"name":"wp","href":"https:\/\/api.w.org\/{rel}","templated":true}]}}