{"id":942,"date":"2008-03-17T12:51:56","date_gmt":"2008-03-17T17:51:56","guid":{"rendered":"http:\/\/www.visit-ulcinj.com\/blog\/2008\/03\/17\/forca-e-re-demokratike-kritikon-qendrimin-e-kandidatit-presidencialfilip-vujanoviqlidhur-me-ullishten-e-valdanosit\/"},"modified":"2008-03-17T12:51:57","modified_gmt":"2008-03-17T17:51:57","slug":"forca-e-re-demokratike-kritikon-qendrimin-e-kandidatit-presidencialfilip-vujanoviqlidhur-me-ullishten-e-valdanosit","status":"publish","type":"post","link":"https:\/\/www.visit-ulcinj.com\/blog\/2008\/03\/17\/forca-e-re-demokratike-kritikon-qendrimin-e-kandidatit-presidencialfilip-vujanoviqlidhur-me-ullishten-e-valdanosit\/","title":{"rendered":"Forca e Re Demokratike kritikon q\u00ebndrimin e kandidatit presidencial,Filip Vujanoviq,lidhur me ullisht\u00ebn e valdanosit"},"content":{"rendered":"<p><a href=\"http:\/\/www.visit-ulcinj.com\/blog\/wp-content\/uploads\/2008\/03\/dzaudet-cakuli-2.jpg\" title=\"D\u017eaudet Cakuli_ulcinj\"><img loading=\"lazy\" src=\"http:\/\/www.visit-ulcinj.com\/blog\/wp-content\/uploads\/2008\/03\/dzaudet-cakuli-2.thumbnail.jpg\" alt=\"D\u017eaudet Cakuli_ulcinj\" align=\"left\" height=\"195\" width=\"200\" \/><\/a><strong>Q\u00ebndrim i \u00e7uditsh\u00ebm dhe politikisht i pap\u00ebrgjegjsh\u00ebm<\/strong><br \/>\nUlqin &#8211; Forca e Re Demokratike ka kritikuar q\u00ebndrimin e kandidatit presidencial Filip Vujanoviq lidhur me Ullisht\u00ebn e Valdanosit, duke e cil\u00ebsuar at\u00eb &#8220;t\u00eb \u00e7uditsh\u00ebm dhe politikisht t\u00eb pap\u00ebrgjegjsh\u00ebm&#8221;.<br \/>\nGjat\u00eb vizit\u00ebs s\u00eb tij jav\u00ebn e kaluar n\u00eb Ulqin n\u00eb kuad\u00ebr t\u00eb fushat\u00ebs zgjedhore presidenciale, Vujanoviq ka vizituar Gjirin e Valdanosit dhe ka deklaruar se ullishtat duhet t`u ofrohen ish pronar\u00ebve me qira me nj\u00eb kompensim simbolik.<br \/>\nForca e Re Demokratike e ka p\u00ebrkujtuar Presidentin Vujanoviq se kjo \u00ebsht\u00eb n\u00eb kund\u00ebrshtim me Ligjin p\u00ebr ekspropriim.<br \/>\n&#8220;Ligji p\u00ebr ekspropriim \u00ebsht\u00eb m\u00eb se i qart\u00eb sa i p\u00ebrket deekspropriimit, nd\u00ebrsa kandidati p\u00ebr kryetar e l\u00eb anash k\u00ebt\u00eb argument dhe iu ofron ish pronar\u00ebve q\u00eb t\u00eb b\u00ebhen qiraxhinj n\u00eb pronat e veta, n\u00eb m\u00ebnyr\u00eb q\u00eb ata t\u00eb v\u00ebrtetojn\u00eb legjitimitetin e veprimit t\u00eb kund\u00ebrligjsh\u00ebm ndaj k\u00ebtyre qytetar\u00ebve dhe pronave t\u00eb tyre&#8221;, ka th\u00ebn\u00eb t\u00eb n\u00ebnkryetari i Forc\u00ebs, Xhaudet Cakuli, n\u00eb nj\u00eb konferenc\u00eb p\u00ebr shtyp t\u00eb h\u00ebn\u00ebn.<br \/>\nAi ka kritikuar edhe po ashtu edhe pushtetin lokal dhe personat q\u00eb e kan\u00eb shoq\u00ebruar Vujanoviqin gjat\u00eb vizit\u00ebs s\u00eb tij p\u00ebr q\u00ebndrimin ndaj Valdanosit.<br \/>\n&#8220;Mb\u00ebshtetjen p\u00ebr k\u00ebt\u00eb q\u00ebndrim Vujanoviq e ka tek personat e nj\u00eb mendjeje politike q\u00eb e shoq\u00ebruan&#8221;, ka th\u00ebn\u00eb Cakuli.<a href=\"http:\/\/www.visit-ulcinj.com\/blog\/wp-content\/uploads\/2008\/03\/valdanos-buchtulcin1.jpg\" title=\"Valdanos Bucht_ulcinj1\"><img loading=\"lazy\" src=\"http:\/\/www.visit-ulcinj.com\/blog\/wp-content\/uploads\/2008\/03\/valdanos-buchtulcin1.thumbnail.jpg\" alt=\"Valdanos Bucht_ulcinj1\" align=\"right\" height=\"146\" width=\"200\" \/><\/a><br \/>\nN\u00ebnkryetari i Forc\u00ebs ka p\u00ebrkujtuar se ekziston vendimi i Kuvendit t\u00eb Komun\u00ebs s\u00eb Ulqinit, i marr\u00eb nj\u00ebz\u00ebri nga t\u00eb gjitha forcat politike n\u00eb koh\u00ebn kur ai ishte kryetar i tij, p\u00ebr kthimin, gjegj\u00ebsisht deekspropriimin e Ullisht\u00ebs s\u00eb Valdanosit si dhe p\u00ebrfundimet e nxjerra nga tubimi i ish pronar\u00ebve n\u00eb dhjetor t\u00eb vitit t\u00eb kaluar, n\u00ebp\u00ebrmes t\u00eb cilave refuzohet oferta p\u00ebr dh\u00ebnien me qira t\u00eb k\u00ebsaj ullishte si dhe k\u00ebrkohet q\u00eb pronar\u00ebve t`u kthehet e drejta e pron\u00ebsis\u00eb.<br \/>\n&#8220;Si kryetar i Kuvendit t\u00eb Komun\u00ebs s\u00eb Ulqinit, me shkres\u00eb nr. 02-1159\/2, t\u00eb dat\u00ebs 23 maj 2007, e kam njohur Presidentin e Republik\u00ebs, z. Vujanoviq, me p\u00ebrmbajtjen e vendimit dhe i kam propozuar q\u00eb t\u00eb mbahet mbledhje e p\u00ebrbashk\u00ebt n\u00eb t\u00eb cil\u00ebn do t\u00eb merreshim vesh p\u00ebr procedur\u00ebn e realizimit t\u00eb k\u00ebtij Vendimi, por prej tij kurr\u00eb nuk kam fituar p\u00ebrgjigje&#8221;, ka th\u00ebn\u00eb Cakuli.<br \/>\n(Kohapress)<\/p>\n","protected":false},"excerpt":{"rendered":"<p><img loading=\"lazy\" src=\"http:\/\/www.visit-ulcinj.com\/blog\/wp-content\/uploads\/2008\/03\/dzaudet-cakuli-2.thumbnail.jpg\" alt=\"D\u017eaudet Cakuli_ulcinj\" align=\"left\" height=\"140\" width=\"140\" \/><\/p>\n","protected":false},"author":1,"featured_media":0,"comment_status":"open","ping_status":"closed","sticky":false,"template":"","format":"standard","meta":{"spay_email":"","jetpack_publicize_message":"","jetpack_is_tweetstorm":false,"jetpack_publicize_feature_enabled":true},"categories":[11],"tags":[],"jetpack_publicize_connections":[],"yoast_head":"<!-- This site is optimized with the Yoast SEO plugin v19.1 - https:\/\/yoast.com\/wordpress\/plugins\/seo\/ -->\n<title>Forca e Re Demokratike kritikon q\u00ebndrimin e kandidatit presidencial,Filip Vujanoviq,lidhur me ullisht\u00ebn e valdanosit - Lajme nga Ulqini<\/title>\n<meta name=\"robots\" content=\"index, follow, max-snippet:-1, max-image-preview:large, max-video-preview:-1\" \/>\n<link rel=\"canonical\" href=\"https:\/\/www.visit-ulcinj.com\/blog\/2008\/03\/17\/forca-e-re-demokratike-kritikon-qendrimin-e-kandidatit-presidencialfilip-vujanoviqlidhur-me-ullishten-e-valdanosit\/\" \/>\n<meta property=\"og:locale\" content=\"en_US\" \/>\n<meta property=\"og:type\" content=\"article\" \/>\n<meta property=\"og:title\" content=\"Forca e Re Demokratike kritikon q\u00ebndrimin e kandidatit presidencial,Filip Vujanoviq,lidhur me ullisht\u00ebn e valdanosit - Lajme nga Ulqini\" \/>\n<meta property=\"og:url\" content=\"https:\/\/www.visit-ulcinj.com\/blog\/2008\/03\/17\/forca-e-re-demokratike-kritikon-qendrimin-e-kandidatit-presidencialfilip-vujanoviqlidhur-me-ullishten-e-valdanosit\/\" \/>\n<meta property=\"og:site_name\" content=\"Lajme nga Ulqini\" \/>\n<meta property=\"article:published_time\" content=\"2008-03-17T17:51:56+00:00\" \/>\n<meta property=\"article:modified_time\" content=\"2008-03-17T17:51:57+00:00\" \/>\n<meta property=\"og:image\" content=\"http:\/\/www.visit-ulcinj.com\/blog\/wp-content\/uploads\/2008\/03\/dzaudet-cakuli-2.thumbnail.jpg\" \/>\n<meta name=\"twitter:label1\" content=\"Written by\" \/>\n\t<meta name=\"twitter:data1\" content=\"ulqini\" \/>\n\t<meta name=\"twitter:label2\" content=\"Est. reading time\" \/>\n\t<meta name=\"twitter:data2\" content=\"2 minutes\" \/>\n<script type=\"application\/ld+json\" class=\"yoast-schema-graph\">{\"@context\":\"https:\/\/schema.org\",\"@graph\":[{\"@type\":\"WebSite\",\"@id\":\"https:\/\/www.visit-ulcinj.com\/blog\/#website\",\"url\":\"https:\/\/www.visit-ulcinj.com\/blog\/\",\"name\":\"Lajme nga Ulqini\",\"description\":\"Lajme,Vijesti,Ulqini,Ulqin,Crna Gora,Mali i Zi\",\"potentialAction\":[{\"@type\":\"SearchAction\",\"target\":{\"@type\":\"EntryPoint\",\"urlTemplate\":\"https:\/\/www.visit-ulcinj.com\/blog\/?s={search_term_string}\"},\"query-input\":\"required name=search_term_string\"}],\"inLanguage\":\"en-US\"},{\"@type\":\"ImageObject\",\"inLanguage\":\"en-US\",\"@id\":\"https:\/\/www.visit-ulcinj.com\/blog\/2008\/03\/17\/forca-e-re-demokratike-kritikon-qendrimin-e-kandidatit-presidencialfilip-vujanoviqlidhur-me-ullishten-e-valdanosit\/#primaryimage\",\"url\":\"http:\/\/www.visit-ulcinj.com\/blog\/wp-content\/uploads\/2008\/03\/dzaudet-cakuli-2.thumbnail.jpg\",\"contentUrl\":\"http:\/\/www.visit-ulcinj.com\/blog\/wp-content\/uploads\/2008\/03\/dzaudet-cakuli-2.thumbnail.jpg\"},{\"@type\":\"WebPage\",\"@id\":\"https:\/\/www.visit-ulcinj.com\/blog\/2008\/03\/17\/forca-e-re-demokratike-kritikon-qendrimin-e-kandidatit-presidencialfilip-vujanoviqlidhur-me-ullishten-e-valdanosit\/#webpage\",\"url\":\"https:\/\/www.visit-ulcinj.com\/blog\/2008\/03\/17\/forca-e-re-demokratike-kritikon-qendrimin-e-kandidatit-presidencialfilip-vujanoviqlidhur-me-ullishten-e-valdanosit\/\",\"name\":\"Forca e Re Demokratike kritikon q\u00ebndrimin e kandidatit presidencial,Filip Vujanoviq,lidhur me ullisht\u00ebn e valdanosit - Lajme nga Ulqini\",\"isPartOf\":{\"@id\":\"https:\/\/www.visit-ulcinj.com\/blog\/#website\"},\"primaryImageOfPage\":{\"@id\":\"https:\/\/www.visit-ulcinj.com\/blog\/2008\/03\/17\/forca-e-re-demokratike-kritikon-qendrimin-e-kandidatit-presidencialfilip-vujanoviqlidhur-me-ullishten-e-valdanosit\/#primaryimage\"},\"datePublished\":\"2008-03-17T17:51:56+00:00\",\"dateModified\":\"2008-03-17T17:51:57+00:00\",\"author\":{\"@id\":\"https:\/\/www.visit-ulcinj.com\/blog\/#\/schema\/person\/dcab619c614d3038751c63bc2aadc06d\"},\"breadcrumb\":{\"@id\":\"https:\/\/www.visit-ulcinj.com\/blog\/2008\/03\/17\/forca-e-re-demokratike-kritikon-qendrimin-e-kandidatit-presidencialfilip-vujanoviqlidhur-me-ullishten-e-valdanosit\/#breadcrumb\"},\"inLanguage\":\"en-US\",\"potentialAction\":[{\"@type\":\"ReadAction\",\"target\":[\"https:\/\/www.visit-ulcinj.com\/blog\/2008\/03\/17\/forca-e-re-demokratike-kritikon-qendrimin-e-kandidatit-presidencialfilip-vujanoviqlidhur-me-ullishten-e-valdanosit\/\"]}]},{\"@type\":\"BreadcrumbList\",\"@id\":\"https:\/\/www.visit-ulcinj.com\/blog\/2008\/03\/17\/forca-e-re-demokratike-kritikon-qendrimin-e-kandidatit-presidencialfilip-vujanoviqlidhur-me-ullishten-e-valdanosit\/#breadcrumb\",\"itemListElement\":[{\"@type\":\"ListItem\",\"position\":1,\"name\":\"Forca e Re Demokratike kritikon q\u00ebndrimin e kandidatit presidencial,Filip Vujanoviq,lidhur me ullisht\u00ebn e valdanosit\"}]},{\"@type\":\"Person\",\"@id\":\"https:\/\/www.visit-ulcinj.com\/blog\/#\/schema\/person\/dcab619c614d3038751c63bc2aadc06d\",\"name\":\"ulqini\",\"sameAs\":[\"http:\/\/www.visit-ulcinj.com\"],\"url\":\"https:\/\/www.visit-ulcinj.com\/blog\/author\/admin\/\"}]}<\/script>\n<!-- \/ Yoast SEO plugin. -->","yoast_head_json":{"title":"Forca e Re Demokratike kritikon q\u00ebndrimin e kandidatit presidencial,Filip Vujanoviq,lidhur me ullisht\u00ebn e valdanosit - Lajme nga Ulqini","robots":{"index":"index","follow":"follow","max-snippet":"max-snippet:-1","max-image-preview":"max-image-preview:large","max-video-preview":"max-video-preview:-1"},"canonical":"https:\/\/www.visit-ulcinj.com\/blog\/2008\/03\/17\/forca-e-re-demokratike-kritikon-qendrimin-e-kandidatit-presidencialfilip-vujanoviqlidhur-me-ullishten-e-valdanosit\/","og_locale":"en_US","og_type":"article","og_title":"Forca e Re Demokratike kritikon q\u00ebndrimin e kandidatit presidencial,Filip Vujanoviq,lidhur me ullisht\u00ebn e valdanosit - Lajme nga Ulqini","og_url":"https:\/\/www.visit-ulcinj.com\/blog\/2008\/03\/17\/forca-e-re-demokratike-kritikon-qendrimin-e-kandidatit-presidencialfilip-vujanoviqlidhur-me-ullishten-e-valdanosit\/","og_site_name":"Lajme nga Ulqini","article_published_time":"2008-03-17T17:51:56+00:00","article_modified_time":"2008-03-17T17:51:57+00:00","og_image":[{"url":"http:\/\/www.visit-ulcinj.com\/blog\/wp-content\/uploads\/2008\/03\/dzaudet-cakuli-2.thumbnail.jpg"}],"twitter_misc":{"Written by":"ulqini","Est. reading time":"2 minutes"},"schema":{"@context":"https:\/\/schema.org","@graph":[{"@type":"WebSite","@id":"https:\/\/www.visit-ulcinj.com\/blog\/#website","url":"https:\/\/www.visit-ulcinj.com\/blog\/","name":"Lajme nga Ulqini","description":"Lajme,Vijesti,Ulqini,Ulqin,Crna Gora,Mali i Zi","potentialAction":[{"@type":"SearchAction","target":{"@type":"EntryPoint","urlTemplate":"https:\/\/www.visit-ulcinj.com\/blog\/?s={search_term_string}"},"query-input":"required name=search_term_string"}],"inLanguage":"en-US"},{"@type":"ImageObject","inLanguage":"en-US","@id":"https:\/\/www.visit-ulcinj.com\/blog\/2008\/03\/17\/forca-e-re-demokratike-kritikon-qendrimin-e-kandidatit-presidencialfilip-vujanoviqlidhur-me-ullishten-e-valdanosit\/#primaryimage","url":"http:\/\/www.visit-ulcinj.com\/blog\/wp-content\/uploads\/2008\/03\/dzaudet-cakuli-2.thumbnail.jpg","contentUrl":"http:\/\/www.visit-ulcinj.com\/blog\/wp-content\/uploads\/2008\/03\/dzaudet-cakuli-2.thumbnail.jpg"},{"@type":"WebPage","@id":"https:\/\/www.visit-ulcinj.com\/blog\/2008\/03\/17\/forca-e-re-demokratike-kritikon-qendrimin-e-kandidatit-presidencialfilip-vujanoviqlidhur-me-ullishten-e-valdanosit\/#webpage","url":"https:\/\/www.visit-ulcinj.com\/blog\/2008\/03\/17\/forca-e-re-demokratike-kritikon-qendrimin-e-kandidatit-presidencialfilip-vujanoviqlidhur-me-ullishten-e-valdanosit\/","name":"Forca e Re Demokratike kritikon q\u00ebndrimin e kandidatit presidencial,Filip Vujanoviq,lidhur me ullisht\u00ebn e valdanosit - Lajme nga Ulqini","isPartOf":{"@id":"https:\/\/www.visit-ulcinj.com\/blog\/#website"},"primaryImageOfPage":{"@id":"https:\/\/www.visit-ulcinj.com\/blog\/2008\/03\/17\/forca-e-re-demokratike-kritikon-qendrimin-e-kandidatit-presidencialfilip-vujanoviqlidhur-me-ullishten-e-valdanosit\/#primaryimage"},"datePublished":"2008-03-17T17:51:56+00:00","dateModified":"2008-03-17T17:51:57+00:00","author":{"@id":"https:\/\/www.visit-ulcinj.com\/blog\/#\/schema\/person\/dcab619c614d3038751c63bc2aadc06d"},"breadcrumb":{"@id":"https:\/\/www.visit-ulcinj.com\/blog\/2008\/03\/17\/forca-e-re-demokratike-kritikon-qendrimin-e-kandidatit-presidencialfilip-vujanoviqlidhur-me-ullishten-e-valdanosit\/#breadcrumb"},"inLanguage":"en-US","potentialAction":[{"@type":"ReadAction","target":["https:\/\/www.visit-ulcinj.com\/blog\/2008\/03\/17\/forca-e-re-demokratike-kritikon-qendrimin-e-kandidatit-presidencialfilip-vujanoviqlidhur-me-ullishten-e-valdanosit\/"]}]},{"@type":"BreadcrumbList","@id":"https:\/\/www.visit-ulcinj.com\/blog\/2008\/03\/17\/forca-e-re-demokratike-kritikon-qendrimin-e-kandidatit-presidencialfilip-vujanoviqlidhur-me-ullishten-e-valdanosit\/#breadcrumb","itemListElement":[{"@type":"ListItem","position":1,"name":"Forca e Re Demokratike kritikon q\u00ebndrimin e kandidatit presidencial,Filip Vujanoviq,lidhur me ullisht\u00ebn e valdanosit"}]},{"@type":"Person","@id":"https:\/\/www.visit-ulcinj.com\/blog\/#\/schema\/person\/dcab619c614d3038751c63bc2aadc06d","name":"ulqini","sameAs":["http:\/\/www.visit-ulcinj.com"],"url":"https:\/\/www.visit-ulcinj.com\/blog\/author\/admin\/"}]}},"jetpack_featured_media_url":"","jetpack_sharing_enabled":true,"jetpack_shortlink":"https:\/\/wp.me\/pe6lTn-fc","_links":{"self":[{"href":"https:\/\/www.visit-ulcinj.com\/blog\/wp-json\/wp\/v2\/posts\/942"}],"collection":[{"href":"https:\/\/www.visit-ulcinj.com\/blog\/wp-json\/wp\/v2\/posts"}],"about":[{"href":"https:\/\/www.visit-ulcinj.com\/blog\/wp-json\/wp\/v2\/types\/post"}],"author":[{"embeddable":true,"href":"https:\/\/www.visit-ulcinj.com\/blog\/wp-json\/wp\/v2\/users\/1"}],"replies":[{"embeddable":true,"href":"https:\/\/www.visit-ulcinj.com\/blog\/wp-json\/wp\/v2\/comments?post=942"}],"version-history":[{"count":0,"href":"https:\/\/www.visit-ulcinj.com\/blog\/wp-json\/wp\/v2\/posts\/942\/revisions"}],"wp:attachment":[{"href":"https:\/\/www.visit-ulcinj.com\/blog\/wp-json\/wp\/v2\/media?parent=942"}],"wp:term":[{"taxonomy":"category","embeddable":true,"href":"https:\/\/www.visit-ulcinj.com\/blog\/wp-json\/wp\/v2\/categories?post=942"},{"taxonomy":"post_tag","embeddable":true,"href":"https:\/\/www.visit-ulcinj.com\/blog\/wp-json\/wp\/v2\/tags?post=942"}],"curies":[{"name":"wp","href":"https:\/\/api.w.org\/{rel}","templated":true}]}}