{"id":94205,"date":"2016-01-25T15:51:40","date_gmt":"2016-01-25T14:51:40","guid":{"rendered":"http:\/\/www.visit-ulcinj.com\/blog\/?p=94205"},"modified":"2016-01-25T18:19:46","modified_gmt":"2016-01-25T17:19:46","slug":"qeveria-e-malit-te-zi-kerkon-votebesim-pas-presionit-opozitar","status":"publish","type":"post","link":"https:\/\/www.visit-ulcinj.com\/blog\/2016\/01\/25\/qeveria-e-malit-te-zi-kerkon-votebesim-pas-presionit-opozitar\/","title":{"rendered":"Qeveria e Malit t\u00eb Zi k\u00ebrkon vot\u00ebbesim pas presionit opozitar &#8211; Video"},"content":{"rendered":"<p><a href=\"http:\/\/www.visit-ulcinj.com\/blog\/wp-content\/uploads\/2016\/01\/Gjukanoviq.jpg\"><img loading=\"lazy\" class=\"alignleft wp-image-94206\" src=\"http:\/\/www.visit-ulcinj.com\/blog\/wp-content\/uploads\/2016\/01\/Gjukanoviq.jpg\" alt=\"Gjukanoviq\" width=\"508\" height=\"319\" srcset=\"https:\/\/www.visit-ulcinj.com\/blog\/wp-content\/uploads\/2016\/01\/Gjukanoviq.jpg 470w, https:\/\/www.visit-ulcinj.com\/blog\/wp-content\/uploads\/2016\/01\/Gjukanoviq-300x188.jpg 300w\" sizes=\"(max-width: 508px) 100vw, 508px\" \/><\/a>N\u00eb Parlamentin e Malit t\u00eb Zi po debatohet p\u00ebr vot\u00ebbesim t\u00eb qeveris\u00eb, pasi thirrja p\u00ebr an\u00ebtar\u00ebsim n\u00eb NATO ka shkaktuar presion nga opozita proruse n\u00eb k\u00ebt\u00eb vend.<\/p>\n<p>Duke folur sot n\u00eb parlament, kryeministri, Millo Gjukanoviq, tha se \u201cata q\u00eb d\u00ebshirojn\u00eb t\u00eb jen\u00eb si n\u00eb qeveri ashtu edhe n\u00eb opozit\u00eb\u201d duhet t\u00eb p\u00ebrjashtohen nga qeveria, duke iu referuar nj\u00eb partie n\u00eb koalicionin qeveritar, e cila e kund\u00ebrshton zotin Gjukanoviq.<\/p>\n<p>Nj\u00ebher\u00ebsh, qindra mb\u00ebshtet\u00ebs t\u00eb opozit\u00ebs jan\u00eb mbledhur para nd\u00ebrtes\u00ebs s\u00eb parlamentit duke brohoritur slogane kund\u00ebr qeveris\u00eb.<\/p>\n<p>Thirrja e kryeministrit Gjukanoviq p\u00ebr vot\u00ebbesim n\u00eb kuvend shihet si nj\u00eb manov\u00ebr politik para zgjedhjeve parlamentare q\u00eb parashihen t\u00eb mbahen k\u00ebt\u00eb vit.<\/p>\n<p>Por, debati p\u00ebr vot\u00ebbesim mund t\u00eb zgjas\u00eb disa dit\u00eb.<\/p>\n<p>Disa pjes\u00eb t\u00eb opozit\u00ebs e kund\u00ebrshtojn\u00eb hyrjen e Malit t\u00eb Zi n\u00eb NATO dhe e akuzojn\u00eb Gjukanoviqin p\u00ebr lejimin e lul\u00ebzimit t\u00eb krimit t\u00eb organizuar dhe korrupsionit, pas shkat\u00ebrrimit t\u00eb ish-Jugosllavis\u00eb, n\u00eb vitet e 90-ta.<\/p>\n<p><strong>Bota Sot<\/strong><\/p>\n<p><iframe loading=\"lazy\" frameborder=\"0\" width=\"508\" height=\"315\" src=\"\/\/www.dailymotion.com\/embed\/video\/x3o66vg?autoPlay=1\" allowfullscreen><\/iframe><\/p>\n","protected":false},"excerpt":{"rendered":"<p>N\u00eb Parlamentin e Malit t\u00eb Zi po debatohet p\u00ebr vot\u00ebbesim t\u00eb qeveris\u00eb, pasi thirrja p\u00ebr an\u00ebtar\u00ebsim n\u00eb NATO ka shkaktuar presion nga opozita proruse n\u00eb k\u00ebt\u00eb vend. Duke folur sot n\u00eb parlament, kryeministri, Millo Gjukanoviq, tha se \u201cata q\u00eb d\u00ebshirojn\u00eb t\u00eb jen\u00eb si n\u00eb qeveri ashtu edhe n\u00eb opozit\u00eb\u201d duhet t\u00eb p\u00ebrjashtohen nga qeveria, duke [&hellip;]<\/p>\n","protected":false},"author":1,"featured_media":0,"comment_status":"closed","ping_status":"closed","sticky":false,"template":"","format":"standard","meta":{"spay_email":"","jetpack_publicize_message":"","jetpack_is_tweetstorm":false,"jetpack_publicize_feature_enabled":true},"categories":[12],"tags":[],"jetpack_publicize_connections":[],"yoast_head":"<!-- This site is optimized with the Yoast SEO plugin v19.1 - https:\/\/yoast.com\/wordpress\/plugins\/seo\/ -->\n<title>Qeveria e Malit t\u00eb Zi k\u00ebrkon vot\u00ebbesim pas presionit opozitar - Video - Lajme nga Ulqini<\/title>\n<meta name=\"description\" content=\"N\u00eb Parlamentin e Malit t\u00eb Zi po debatohet p\u00ebr vot\u00ebbesim t\u00eb qeveris\u00eb, pasi thirrja p\u00ebr an\u00ebtar\u00ebsim n\u00eb NATO ka shkaktuar presion nga opozita proruse n\u00eb k\u00ebt\u00eb\" \/>\n<meta name=\"robots\" content=\"index, follow, max-snippet:-1, max-image-preview:large, max-video-preview:-1\" \/>\n<link rel=\"canonical\" href=\"https:\/\/www.visit-ulcinj.com\/blog\/2016\/01\/25\/qeveria-e-malit-te-zi-kerkon-votebesim-pas-presionit-opozitar\/\" \/>\n<meta property=\"og:locale\" content=\"en_US\" \/>\n<meta property=\"og:type\" content=\"article\" \/>\n<meta property=\"og:title\" content=\"Qeveria e Malit t\u00eb Zi k\u00ebrkon vot\u00ebbesim pas presionit opozitar - Video - Lajme nga Ulqini\" \/>\n<meta property=\"og:description\" content=\"N\u00eb Parlamentin e Malit t\u00eb Zi po debatohet p\u00ebr vot\u00ebbesim t\u00eb qeveris\u00eb, pasi thirrja p\u00ebr an\u00ebtar\u00ebsim n\u00eb NATO ka shkaktuar presion nga opozita proruse n\u00eb k\u00ebt\u00eb\" \/>\n<meta property=\"og:url\" content=\"https:\/\/www.visit-ulcinj.com\/blog\/2016\/01\/25\/qeveria-e-malit-te-zi-kerkon-votebesim-pas-presionit-opozitar\/\" \/>\n<meta property=\"og:site_name\" content=\"Lajme nga Ulqini\" \/>\n<meta property=\"article:published_time\" content=\"2016-01-25T14:51:40+00:00\" \/>\n<meta property=\"article:modified_time\" content=\"2016-01-25T17:19:46+00:00\" \/>\n<meta property=\"og:image\" content=\"http:\/\/www.visit-ulcinj.com\/blog\/wp-content\/uploads\/2016\/01\/Gjukanoviq.jpg\" \/>\n<meta name=\"twitter:label1\" content=\"Written by\" \/>\n\t<meta name=\"twitter:data1\" content=\"ulqini\" \/>\n\t<meta name=\"twitter:label2\" content=\"Est. reading time\" \/>\n\t<meta name=\"twitter:data2\" content=\"1 minute\" \/>\n<script type=\"application\/ld+json\" class=\"yoast-schema-graph\">{\"@context\":\"https:\/\/schema.org\",\"@graph\":[{\"@type\":\"WebSite\",\"@id\":\"https:\/\/www.visit-ulcinj.com\/blog\/#website\",\"url\":\"https:\/\/www.visit-ulcinj.com\/blog\/\",\"name\":\"Lajme nga Ulqini\",\"description\":\"Lajme,Vijesti,Ulqini,Ulqin,Crna Gora,Mali i Zi\",\"potentialAction\":[{\"@type\":\"SearchAction\",\"target\":{\"@type\":\"EntryPoint\",\"urlTemplate\":\"https:\/\/www.visit-ulcinj.com\/blog\/?s={search_term_string}\"},\"query-input\":\"required name=search_term_string\"}],\"inLanguage\":\"en-US\"},{\"@type\":\"ImageObject\",\"inLanguage\":\"en-US\",\"@id\":\"https:\/\/www.visit-ulcinj.com\/blog\/2016\/01\/25\/qeveria-e-malit-te-zi-kerkon-votebesim-pas-presionit-opozitar\/#primaryimage\",\"url\":\"https:\/\/www.visit-ulcinj.com\/blog\/wp-content\/uploads\/2016\/01\/Gjukanoviq.jpg\",\"contentUrl\":\"https:\/\/www.visit-ulcinj.com\/blog\/wp-content\/uploads\/2016\/01\/Gjukanoviq.jpg\",\"width\":470,\"height\":295},{\"@type\":\"WebPage\",\"@id\":\"https:\/\/www.visit-ulcinj.com\/blog\/2016\/01\/25\/qeveria-e-malit-te-zi-kerkon-votebesim-pas-presionit-opozitar\/#webpage\",\"url\":\"https:\/\/www.visit-ulcinj.com\/blog\/2016\/01\/25\/qeveria-e-malit-te-zi-kerkon-votebesim-pas-presionit-opozitar\/\",\"name\":\"Qeveria e Malit t\u00eb Zi k\u00ebrkon vot\u00ebbesim pas presionit opozitar - Video - Lajme nga Ulqini\",\"isPartOf\":{\"@id\":\"https:\/\/www.visit-ulcinj.com\/blog\/#website\"},\"primaryImageOfPage\":{\"@id\":\"https:\/\/www.visit-ulcinj.com\/blog\/2016\/01\/25\/qeveria-e-malit-te-zi-kerkon-votebesim-pas-presionit-opozitar\/#primaryimage\"},\"datePublished\":\"2016-01-25T14:51:40+00:00\",\"dateModified\":\"2016-01-25T17:19:46+00:00\",\"author\":{\"@id\":\"https:\/\/www.visit-ulcinj.com\/blog\/#\/schema\/person\/dcab619c614d3038751c63bc2aadc06d\"},\"description\":\"N\u00eb Parlamentin e Malit t\u00eb Zi po debatohet p\u00ebr vot\u00ebbesim t\u00eb qeveris\u00eb, pasi thirrja p\u00ebr an\u00ebtar\u00ebsim n\u00eb NATO ka shkaktuar presion nga opozita proruse n\u00eb k\u00ebt\u00eb\",\"breadcrumb\":{\"@id\":\"https:\/\/www.visit-ulcinj.com\/blog\/2016\/01\/25\/qeveria-e-malit-te-zi-kerkon-votebesim-pas-presionit-opozitar\/#breadcrumb\"},\"inLanguage\":\"en-US\",\"potentialAction\":[{\"@type\":\"ReadAction\",\"target\":[\"https:\/\/www.visit-ulcinj.com\/blog\/2016\/01\/25\/qeveria-e-malit-te-zi-kerkon-votebesim-pas-presionit-opozitar\/\"]}]},{\"@type\":\"BreadcrumbList\",\"@id\":\"https:\/\/www.visit-ulcinj.com\/blog\/2016\/01\/25\/qeveria-e-malit-te-zi-kerkon-votebesim-pas-presionit-opozitar\/#breadcrumb\",\"itemListElement\":[{\"@type\":\"ListItem\",\"position\":1,\"name\":\"Qeveria e Malit t\u00eb Zi k\u00ebrkon vot\u00ebbesim pas presionit opozitar &#8211; Video\"}]},{\"@type\":\"Person\",\"@id\":\"https:\/\/www.visit-ulcinj.com\/blog\/#\/schema\/person\/dcab619c614d3038751c63bc2aadc06d\",\"name\":\"ulqini\",\"sameAs\":[\"http:\/\/www.visit-ulcinj.com\"],\"url\":\"https:\/\/www.visit-ulcinj.com\/blog\/author\/admin\/\"}]}<\/script>\n<!-- \/ Yoast SEO plugin. -->","yoast_head_json":{"title":"Qeveria e Malit t\u00eb Zi k\u00ebrkon vot\u00ebbesim pas presionit opozitar - Video - Lajme nga Ulqini","description":"N\u00eb Parlamentin e Malit t\u00eb Zi po debatohet p\u00ebr vot\u00ebbesim t\u00eb qeveris\u00eb, pasi thirrja p\u00ebr an\u00ebtar\u00ebsim n\u00eb NATO ka shkaktuar presion nga opozita proruse n\u00eb k\u00ebt\u00eb","robots":{"index":"index","follow":"follow","max-snippet":"max-snippet:-1","max-image-preview":"max-image-preview:large","max-video-preview":"max-video-preview:-1"},"canonical":"https:\/\/www.visit-ulcinj.com\/blog\/2016\/01\/25\/qeveria-e-malit-te-zi-kerkon-votebesim-pas-presionit-opozitar\/","og_locale":"en_US","og_type":"article","og_title":"Qeveria e Malit t\u00eb Zi k\u00ebrkon vot\u00ebbesim pas presionit opozitar - Video - Lajme nga Ulqini","og_description":"N\u00eb Parlamentin e Malit t\u00eb Zi po debatohet p\u00ebr vot\u00ebbesim t\u00eb qeveris\u00eb, pasi thirrja p\u00ebr an\u00ebtar\u00ebsim n\u00eb NATO ka shkaktuar presion nga opozita proruse n\u00eb k\u00ebt\u00eb","og_url":"https:\/\/www.visit-ulcinj.com\/blog\/2016\/01\/25\/qeveria-e-malit-te-zi-kerkon-votebesim-pas-presionit-opozitar\/","og_site_name":"Lajme nga Ulqini","article_published_time":"2016-01-25T14:51:40+00:00","article_modified_time":"2016-01-25T17:19:46+00:00","og_image":[{"url":"http:\/\/www.visit-ulcinj.com\/blog\/wp-content\/uploads\/2016\/01\/Gjukanoviq.jpg"}],"twitter_misc":{"Written by":"ulqini","Est. reading time":"1 minute"},"schema":{"@context":"https:\/\/schema.org","@graph":[{"@type":"WebSite","@id":"https:\/\/www.visit-ulcinj.com\/blog\/#website","url":"https:\/\/www.visit-ulcinj.com\/blog\/","name":"Lajme nga Ulqini","description":"Lajme,Vijesti,Ulqini,Ulqin,Crna Gora,Mali i Zi","potentialAction":[{"@type":"SearchAction","target":{"@type":"EntryPoint","urlTemplate":"https:\/\/www.visit-ulcinj.com\/blog\/?s={search_term_string}"},"query-input":"required name=search_term_string"}],"inLanguage":"en-US"},{"@type":"ImageObject","inLanguage":"en-US","@id":"https:\/\/www.visit-ulcinj.com\/blog\/2016\/01\/25\/qeveria-e-malit-te-zi-kerkon-votebesim-pas-presionit-opozitar\/#primaryimage","url":"https:\/\/www.visit-ulcinj.com\/blog\/wp-content\/uploads\/2016\/01\/Gjukanoviq.jpg","contentUrl":"https:\/\/www.visit-ulcinj.com\/blog\/wp-content\/uploads\/2016\/01\/Gjukanoviq.jpg","width":470,"height":295},{"@type":"WebPage","@id":"https:\/\/www.visit-ulcinj.com\/blog\/2016\/01\/25\/qeveria-e-malit-te-zi-kerkon-votebesim-pas-presionit-opozitar\/#webpage","url":"https:\/\/www.visit-ulcinj.com\/blog\/2016\/01\/25\/qeveria-e-malit-te-zi-kerkon-votebesim-pas-presionit-opozitar\/","name":"Qeveria e Malit t\u00eb Zi k\u00ebrkon vot\u00ebbesim pas presionit opozitar - Video - Lajme nga Ulqini","isPartOf":{"@id":"https:\/\/www.visit-ulcinj.com\/blog\/#website"},"primaryImageOfPage":{"@id":"https:\/\/www.visit-ulcinj.com\/blog\/2016\/01\/25\/qeveria-e-malit-te-zi-kerkon-votebesim-pas-presionit-opozitar\/#primaryimage"},"datePublished":"2016-01-25T14:51:40+00:00","dateModified":"2016-01-25T17:19:46+00:00","author":{"@id":"https:\/\/www.visit-ulcinj.com\/blog\/#\/schema\/person\/dcab619c614d3038751c63bc2aadc06d"},"description":"N\u00eb Parlamentin e Malit t\u00eb Zi po debatohet p\u00ebr vot\u00ebbesim t\u00eb qeveris\u00eb, pasi thirrja p\u00ebr an\u00ebtar\u00ebsim n\u00eb NATO ka shkaktuar presion nga opozita proruse n\u00eb k\u00ebt\u00eb","breadcrumb":{"@id":"https:\/\/www.visit-ulcinj.com\/blog\/2016\/01\/25\/qeveria-e-malit-te-zi-kerkon-votebesim-pas-presionit-opozitar\/#breadcrumb"},"inLanguage":"en-US","potentialAction":[{"@type":"ReadAction","target":["https:\/\/www.visit-ulcinj.com\/blog\/2016\/01\/25\/qeveria-e-malit-te-zi-kerkon-votebesim-pas-presionit-opozitar\/"]}]},{"@type":"BreadcrumbList","@id":"https:\/\/www.visit-ulcinj.com\/blog\/2016\/01\/25\/qeveria-e-malit-te-zi-kerkon-votebesim-pas-presionit-opozitar\/#breadcrumb","itemListElement":[{"@type":"ListItem","position":1,"name":"Qeveria e Malit t\u00eb Zi k\u00ebrkon vot\u00ebbesim pas presionit opozitar &#8211; Video"}]},{"@type":"Person","@id":"https:\/\/www.visit-ulcinj.com\/blog\/#\/schema\/person\/dcab619c614d3038751c63bc2aadc06d","name":"ulqini","sameAs":["http:\/\/www.visit-ulcinj.com"],"url":"https:\/\/www.visit-ulcinj.com\/blog\/author\/admin\/"}]}},"jetpack_featured_media_url":"","jetpack_sharing_enabled":true,"jetpack_shortlink":"https:\/\/wp.me\/pe6lTn-ovr","_links":{"self":[{"href":"https:\/\/www.visit-ulcinj.com\/blog\/wp-json\/wp\/v2\/posts\/94205"}],"collection":[{"href":"https:\/\/www.visit-ulcinj.com\/blog\/wp-json\/wp\/v2\/posts"}],"about":[{"href":"https:\/\/www.visit-ulcinj.com\/blog\/wp-json\/wp\/v2\/types\/post"}],"author":[{"embeddable":true,"href":"https:\/\/www.visit-ulcinj.com\/blog\/wp-json\/wp\/v2\/users\/1"}],"replies":[{"embeddable":true,"href":"https:\/\/www.visit-ulcinj.com\/blog\/wp-json\/wp\/v2\/comments?post=94205"}],"version-history":[{"count":2,"href":"https:\/\/www.visit-ulcinj.com\/blog\/wp-json\/wp\/v2\/posts\/94205\/revisions"}],"predecessor-version":[{"id":94216,"href":"https:\/\/www.visit-ulcinj.com\/blog\/wp-json\/wp\/v2\/posts\/94205\/revisions\/94216"}],"wp:attachment":[{"href":"https:\/\/www.visit-ulcinj.com\/blog\/wp-json\/wp\/v2\/media?parent=94205"}],"wp:term":[{"taxonomy":"category","embeddable":true,"href":"https:\/\/www.visit-ulcinj.com\/blog\/wp-json\/wp\/v2\/categories?post=94205"},{"taxonomy":"post_tag","embeddable":true,"href":"https:\/\/www.visit-ulcinj.com\/blog\/wp-json\/wp\/v2\/tags?post=94205"}],"curies":[{"name":"wp","href":"https:\/\/api.w.org\/{rel}","templated":true}]}}