{"id":94223,"date":"2016-01-25T19:44:09","date_gmt":"2016-01-25T18:44:09","guid":{"rendered":"http:\/\/www.visit-ulcinj.com\/blog\/?p=94223"},"modified":"2016-01-25T19:44:09","modified_gmt":"2016-01-25T18:44:09","slug":"nik-gjeloshaj-pritet-qe-te-votoje-kunder-qeverise","status":"publish","type":"post","link":"https:\/\/www.visit-ulcinj.com\/blog\/2016\/01\/25\/nik-gjeloshaj-pritet-qe-te-votoje-kunder-qeverise\/","title":{"rendered":"Nik Gjeloshaj pritet q\u00eb t\u00eb votoj\u00eb kund\u00ebr Qeveris\u00eb?"},"content":{"rendered":"<p class=\"western\" lang=\"en-US\"><span lang=\"sq-AL\"><strong><a href=\"http:\/\/www.visit-ulcinj.com\/blog\/wp-content\/uploads\/2016\/01\/Nik-Gjeloshaj1.jpg\"><img loading=\"lazy\" class=\"alignleft wp-image-94224\" src=\"http:\/\/www.visit-ulcinj.com\/blog\/wp-content\/uploads\/2016\/01\/Nik-Gjeloshaj1.jpg\" alt=\"Nik-Gjeloshaj\" width=\"508\" height=\"337\" srcset=\"https:\/\/www.visit-ulcinj.com\/blog\/wp-content\/uploads\/2016\/01\/Nik-Gjeloshaj1.jpg 580w, https:\/\/www.visit-ulcinj.com\/blog\/wp-content\/uploads\/2016\/01\/Nik-Gjeloshaj1-300x199.jpg 300w\" sizes=\"(max-width: 508px) 100vw, 508px\" \/><\/a>Deputeti i Alternativ\u00ebs Shqiptare Nik Gjeloshaj do t\u00eb votoj\u00eb kund\u00ebr besimit t\u00eb Qeveris\u00eb s\u00eb Malit t\u00eb Zi, m\u00ebson malesia.org nga burime ende jozyrtare. <\/strong><\/span><\/p>\n<p>Nga burime tona m\u00ebsojm\u00eb se Gjeloshaj pritet q\u00eb t\u00eb votoj\u00eb kund\u00ebr qeveris\u00eb, megjithat\u00eb ende nuk \u00ebsht\u00eb gjith\u00e7ka e qart\u00eb.<\/p>\n<p>N\u00eb mbledhjen e par\u00eb t\u00eb kryesis\u00eb s\u00eb ASH-s\u00eb, lidhur \u00e7\u00ebshtjes s\u00eb votimit pro apo kund\u00ebr qeveris\u00eb, nuk \u00ebsht\u00eb pru nj\u00eb vendim, dhe pritet q\u00eb mbledhja t\u00eb vazhdoj\u00eb sonte.<\/p>\n<p>Kryetari i Partis\u00eb Demokratike dhe udh\u00ebheq\u00ebsi i list\u00ebs s\u00eb koalicionit PD-ASH-LDn\u00ebMZ Fatmir Gjeka, m\u00eb her\u00ebt kishte rekomanduar Gjeloshajt q\u00eb t\u00eb votoj\u00eb pro qeveris\u00eb. Nd\u00ebrsa nga LDn\u00ebMZ ende nuk \u00ebsht\u00eb b\u00ebr\u00eb ndonj\u00eb q\u00ebndrim zyrtar\u00eb.<\/p>\n<p>Deputeti tjet\u00ebr nga partit\u00eb shqiptare, Genci Nimanbegu nga Forca, nj\u00ebkoh\u00ebsisht dhe kryetar\u00eb i K\u00ebshillit Komb\u00ebtar Shqiptar, kishte deklaruar se do t\u00eb votoj\u00eb pro qeveris\u00eb s\u00eb Djukanovic.<\/p>\n<p>Seanca p\u00ebr vot\u00ebbesimin e qeveris\u00eb s\u00eb Malit t\u00eb Zi ka filluar sot n\u00eb Parlamentin malazez me polemika t\u00eb ashpra n\u00eb mes t\u00eb opozit\u00ebs dhe shumic\u00ebs parlamentare, por dhe SDP-s\u00eb e cila \u00ebsht\u00eb pjes\u00eb e k\u00ebsaj shumic\u00eb, por e cila ka paralajm\u00ebruar se do t\u00eb votoj\u00eb kund\u00ebr. \/MALESIA.ORG\/<\/p>\n","protected":false},"excerpt":{"rendered":"<p>Deputeti i Alternativ\u00ebs Shqiptare Nik Gjeloshaj do t\u00eb votoj\u00eb kund\u00ebr besimit t\u00eb Qeveris\u00eb s\u00eb Malit t\u00eb Zi, m\u00ebson malesia.org nga burime ende jozyrtare. Nga burime tona m\u00ebsojm\u00eb se Gjeloshaj pritet q\u00eb t\u00eb votoj\u00eb kund\u00ebr qeveris\u00eb, megjithat\u00eb ende nuk \u00ebsht\u00eb gjith\u00e7ka e qart\u00eb. N\u00eb mbledhjen e par\u00eb t\u00eb kryesis\u00eb s\u00eb ASH-s\u00eb, lidhur \u00e7\u00ebshtjes s\u00eb votimit pro [&hellip;]<\/p>\n","protected":false},"author":1,"featured_media":0,"comment_status":"closed","ping_status":"closed","sticky":false,"template":"","format":"standard","meta":{"spay_email":"","jetpack_publicize_message":"","jetpack_is_tweetstorm":false,"jetpack_publicize_feature_enabled":true},"categories":[6950],"tags":[],"jetpack_publicize_connections":[],"yoast_head":"<!-- This site is optimized with the Yoast SEO plugin v19.1 - https:\/\/yoast.com\/wordpress\/plugins\/seo\/ -->\n<title>Nik Gjeloshaj pritet q\u00eb t\u00eb votoj\u00eb kund\u00ebr Qeveris\u00eb? - Lajme nga Ulqini<\/title>\n<meta name=\"description\" content=\"Deputeti i Alternativ\u00ebs Shqiptare Nik Gjeloshaj do t\u00eb votoj\u00eb kund\u00ebr besimit t\u00eb Qeveris\u00eb s\u00eb Malit t\u00eb Zi, m\u00ebson malesia.org nga burime ende jozyrtare. Nga\" \/>\n<meta name=\"robots\" content=\"index, follow, max-snippet:-1, max-image-preview:large, max-video-preview:-1\" \/>\n<link rel=\"canonical\" href=\"https:\/\/www.visit-ulcinj.com\/blog\/2016\/01\/25\/nik-gjeloshaj-pritet-qe-te-votoje-kunder-qeverise\/\" \/>\n<meta property=\"og:locale\" content=\"en_US\" \/>\n<meta property=\"og:type\" content=\"article\" \/>\n<meta property=\"og:title\" content=\"Nik Gjeloshaj pritet q\u00eb t\u00eb votoj\u00eb kund\u00ebr Qeveris\u00eb? - Lajme nga Ulqini\" \/>\n<meta property=\"og:description\" content=\"Deputeti i Alternativ\u00ebs Shqiptare Nik Gjeloshaj do t\u00eb votoj\u00eb kund\u00ebr besimit t\u00eb Qeveris\u00eb s\u00eb Malit t\u00eb Zi, m\u00ebson malesia.org nga burime ende jozyrtare. Nga\" \/>\n<meta property=\"og:url\" content=\"https:\/\/www.visit-ulcinj.com\/blog\/2016\/01\/25\/nik-gjeloshaj-pritet-qe-te-votoje-kunder-qeverise\/\" \/>\n<meta property=\"og:site_name\" content=\"Lajme nga Ulqini\" \/>\n<meta property=\"article:published_time\" content=\"2016-01-25T18:44:09+00:00\" \/>\n<meta property=\"og:image\" content=\"http:\/\/www.visit-ulcinj.com\/blog\/wp-content\/uploads\/2016\/01\/Nik-Gjeloshaj1.jpg\" \/>\n<meta name=\"twitter:label1\" content=\"Written by\" \/>\n\t<meta name=\"twitter:data1\" content=\"ulqini\" \/>\n\t<meta name=\"twitter:label2\" content=\"Est. reading time\" \/>\n\t<meta name=\"twitter:data2\" content=\"1 minute\" \/>\n<script type=\"application\/ld+json\" class=\"yoast-schema-graph\">{\"@context\":\"https:\/\/schema.org\",\"@graph\":[{\"@type\":\"WebSite\",\"@id\":\"https:\/\/www.visit-ulcinj.com\/blog\/#website\",\"url\":\"https:\/\/www.visit-ulcinj.com\/blog\/\",\"name\":\"Lajme nga Ulqini\",\"description\":\"Lajme,Vijesti,Ulqini,Ulqin,Crna Gora,Mali i Zi\",\"potentialAction\":[{\"@type\":\"SearchAction\",\"target\":{\"@type\":\"EntryPoint\",\"urlTemplate\":\"https:\/\/www.visit-ulcinj.com\/blog\/?s={search_term_string}\"},\"query-input\":\"required name=search_term_string\"}],\"inLanguage\":\"en-US\"},{\"@type\":\"ImageObject\",\"inLanguage\":\"en-US\",\"@id\":\"https:\/\/www.visit-ulcinj.com\/blog\/2016\/01\/25\/nik-gjeloshaj-pritet-qe-te-votoje-kunder-qeverise\/#primaryimage\",\"url\":\"https:\/\/www.visit-ulcinj.com\/blog\/wp-content\/uploads\/2016\/01\/Nik-Gjeloshaj1.jpg\",\"contentUrl\":\"https:\/\/www.visit-ulcinj.com\/blog\/wp-content\/uploads\/2016\/01\/Nik-Gjeloshaj1.jpg\",\"width\":580,\"height\":385},{\"@type\":\"WebPage\",\"@id\":\"https:\/\/www.visit-ulcinj.com\/blog\/2016\/01\/25\/nik-gjeloshaj-pritet-qe-te-votoje-kunder-qeverise\/#webpage\",\"url\":\"https:\/\/www.visit-ulcinj.com\/blog\/2016\/01\/25\/nik-gjeloshaj-pritet-qe-te-votoje-kunder-qeverise\/\",\"name\":\"Nik Gjeloshaj pritet q\u00eb t\u00eb votoj\u00eb kund\u00ebr Qeveris\u00eb? - Lajme nga Ulqini\",\"isPartOf\":{\"@id\":\"https:\/\/www.visit-ulcinj.com\/blog\/#website\"},\"primaryImageOfPage\":{\"@id\":\"https:\/\/www.visit-ulcinj.com\/blog\/2016\/01\/25\/nik-gjeloshaj-pritet-qe-te-votoje-kunder-qeverise\/#primaryimage\"},\"datePublished\":\"2016-01-25T18:44:09+00:00\",\"dateModified\":\"2016-01-25T18:44:09+00:00\",\"author\":{\"@id\":\"https:\/\/www.visit-ulcinj.com\/blog\/#\/schema\/person\/dcab619c614d3038751c63bc2aadc06d\"},\"description\":\"Deputeti i Alternativ\u00ebs Shqiptare Nik Gjeloshaj do t\u00eb votoj\u00eb kund\u00ebr besimit t\u00eb Qeveris\u00eb s\u00eb Malit t\u00eb Zi, m\u00ebson malesia.org nga burime ende jozyrtare. Nga\",\"breadcrumb\":{\"@id\":\"https:\/\/www.visit-ulcinj.com\/blog\/2016\/01\/25\/nik-gjeloshaj-pritet-qe-te-votoje-kunder-qeverise\/#breadcrumb\"},\"inLanguage\":\"en-US\",\"potentialAction\":[{\"@type\":\"ReadAction\",\"target\":[\"https:\/\/www.visit-ulcinj.com\/blog\/2016\/01\/25\/nik-gjeloshaj-pritet-qe-te-votoje-kunder-qeverise\/\"]}]},{\"@type\":\"BreadcrumbList\",\"@id\":\"https:\/\/www.visit-ulcinj.com\/blog\/2016\/01\/25\/nik-gjeloshaj-pritet-qe-te-votoje-kunder-qeverise\/#breadcrumb\",\"itemListElement\":[{\"@type\":\"ListItem\",\"position\":1,\"name\":\"Nik Gjeloshaj pritet q\u00eb t\u00eb votoj\u00eb kund\u00ebr Qeveris\u00eb?\"}]},{\"@type\":\"Person\",\"@id\":\"https:\/\/www.visit-ulcinj.com\/blog\/#\/schema\/person\/dcab619c614d3038751c63bc2aadc06d\",\"name\":\"ulqini\",\"sameAs\":[\"http:\/\/www.visit-ulcinj.com\"],\"url\":\"https:\/\/www.visit-ulcinj.com\/blog\/author\/admin\/\"}]}<\/script>\n<!-- \/ Yoast SEO plugin. -->","yoast_head_json":{"title":"Nik Gjeloshaj pritet q\u00eb t\u00eb votoj\u00eb kund\u00ebr Qeveris\u00eb? - Lajme nga Ulqini","description":"Deputeti i Alternativ\u00ebs Shqiptare Nik Gjeloshaj do t\u00eb votoj\u00eb kund\u00ebr besimit t\u00eb Qeveris\u00eb s\u00eb Malit t\u00eb Zi, m\u00ebson malesia.org nga burime ende jozyrtare. Nga","robots":{"index":"index","follow":"follow","max-snippet":"max-snippet:-1","max-image-preview":"max-image-preview:large","max-video-preview":"max-video-preview:-1"},"canonical":"https:\/\/www.visit-ulcinj.com\/blog\/2016\/01\/25\/nik-gjeloshaj-pritet-qe-te-votoje-kunder-qeverise\/","og_locale":"en_US","og_type":"article","og_title":"Nik Gjeloshaj pritet q\u00eb t\u00eb votoj\u00eb kund\u00ebr Qeveris\u00eb? - Lajme nga Ulqini","og_description":"Deputeti i Alternativ\u00ebs Shqiptare Nik Gjeloshaj do t\u00eb votoj\u00eb kund\u00ebr besimit t\u00eb Qeveris\u00eb s\u00eb Malit t\u00eb Zi, m\u00ebson malesia.org nga burime ende jozyrtare. Nga","og_url":"https:\/\/www.visit-ulcinj.com\/blog\/2016\/01\/25\/nik-gjeloshaj-pritet-qe-te-votoje-kunder-qeverise\/","og_site_name":"Lajme nga Ulqini","article_published_time":"2016-01-25T18:44:09+00:00","og_image":[{"url":"http:\/\/www.visit-ulcinj.com\/blog\/wp-content\/uploads\/2016\/01\/Nik-Gjeloshaj1.jpg"}],"twitter_misc":{"Written by":"ulqini","Est. reading time":"1 minute"},"schema":{"@context":"https:\/\/schema.org","@graph":[{"@type":"WebSite","@id":"https:\/\/www.visit-ulcinj.com\/blog\/#website","url":"https:\/\/www.visit-ulcinj.com\/blog\/","name":"Lajme nga Ulqini","description":"Lajme,Vijesti,Ulqini,Ulqin,Crna Gora,Mali i Zi","potentialAction":[{"@type":"SearchAction","target":{"@type":"EntryPoint","urlTemplate":"https:\/\/www.visit-ulcinj.com\/blog\/?s={search_term_string}"},"query-input":"required name=search_term_string"}],"inLanguage":"en-US"},{"@type":"ImageObject","inLanguage":"en-US","@id":"https:\/\/www.visit-ulcinj.com\/blog\/2016\/01\/25\/nik-gjeloshaj-pritet-qe-te-votoje-kunder-qeverise\/#primaryimage","url":"https:\/\/www.visit-ulcinj.com\/blog\/wp-content\/uploads\/2016\/01\/Nik-Gjeloshaj1.jpg","contentUrl":"https:\/\/www.visit-ulcinj.com\/blog\/wp-content\/uploads\/2016\/01\/Nik-Gjeloshaj1.jpg","width":580,"height":385},{"@type":"WebPage","@id":"https:\/\/www.visit-ulcinj.com\/blog\/2016\/01\/25\/nik-gjeloshaj-pritet-qe-te-votoje-kunder-qeverise\/#webpage","url":"https:\/\/www.visit-ulcinj.com\/blog\/2016\/01\/25\/nik-gjeloshaj-pritet-qe-te-votoje-kunder-qeverise\/","name":"Nik Gjeloshaj pritet q\u00eb t\u00eb votoj\u00eb kund\u00ebr Qeveris\u00eb? - Lajme nga Ulqini","isPartOf":{"@id":"https:\/\/www.visit-ulcinj.com\/blog\/#website"},"primaryImageOfPage":{"@id":"https:\/\/www.visit-ulcinj.com\/blog\/2016\/01\/25\/nik-gjeloshaj-pritet-qe-te-votoje-kunder-qeverise\/#primaryimage"},"datePublished":"2016-01-25T18:44:09+00:00","dateModified":"2016-01-25T18:44:09+00:00","author":{"@id":"https:\/\/www.visit-ulcinj.com\/blog\/#\/schema\/person\/dcab619c614d3038751c63bc2aadc06d"},"description":"Deputeti i Alternativ\u00ebs Shqiptare Nik Gjeloshaj do t\u00eb votoj\u00eb kund\u00ebr besimit t\u00eb Qeveris\u00eb s\u00eb Malit t\u00eb Zi, m\u00ebson malesia.org nga burime ende jozyrtare. Nga","breadcrumb":{"@id":"https:\/\/www.visit-ulcinj.com\/blog\/2016\/01\/25\/nik-gjeloshaj-pritet-qe-te-votoje-kunder-qeverise\/#breadcrumb"},"inLanguage":"en-US","potentialAction":[{"@type":"ReadAction","target":["https:\/\/www.visit-ulcinj.com\/blog\/2016\/01\/25\/nik-gjeloshaj-pritet-qe-te-votoje-kunder-qeverise\/"]}]},{"@type":"BreadcrumbList","@id":"https:\/\/www.visit-ulcinj.com\/blog\/2016\/01\/25\/nik-gjeloshaj-pritet-qe-te-votoje-kunder-qeverise\/#breadcrumb","itemListElement":[{"@type":"ListItem","position":1,"name":"Nik Gjeloshaj pritet q\u00eb t\u00eb votoj\u00eb kund\u00ebr Qeveris\u00eb?"}]},{"@type":"Person","@id":"https:\/\/www.visit-ulcinj.com\/blog\/#\/schema\/person\/dcab619c614d3038751c63bc2aadc06d","name":"ulqini","sameAs":["http:\/\/www.visit-ulcinj.com"],"url":"https:\/\/www.visit-ulcinj.com\/blog\/author\/admin\/"}]}},"jetpack_featured_media_url":"","jetpack_sharing_enabled":true,"jetpack_shortlink":"https:\/\/wp.me\/pe6lTn-ovJ","_links":{"self":[{"href":"https:\/\/www.visit-ulcinj.com\/blog\/wp-json\/wp\/v2\/posts\/94223"}],"collection":[{"href":"https:\/\/www.visit-ulcinj.com\/blog\/wp-json\/wp\/v2\/posts"}],"about":[{"href":"https:\/\/www.visit-ulcinj.com\/blog\/wp-json\/wp\/v2\/types\/post"}],"author":[{"embeddable":true,"href":"https:\/\/www.visit-ulcinj.com\/blog\/wp-json\/wp\/v2\/users\/1"}],"replies":[{"embeddable":true,"href":"https:\/\/www.visit-ulcinj.com\/blog\/wp-json\/wp\/v2\/comments?post=94223"}],"version-history":[{"count":1,"href":"https:\/\/www.visit-ulcinj.com\/blog\/wp-json\/wp\/v2\/posts\/94223\/revisions"}],"predecessor-version":[{"id":94225,"href":"https:\/\/www.visit-ulcinj.com\/blog\/wp-json\/wp\/v2\/posts\/94223\/revisions\/94225"}],"wp:attachment":[{"href":"https:\/\/www.visit-ulcinj.com\/blog\/wp-json\/wp\/v2\/media?parent=94223"}],"wp:term":[{"taxonomy":"category","embeddable":true,"href":"https:\/\/www.visit-ulcinj.com\/blog\/wp-json\/wp\/v2\/categories?post=94223"},{"taxonomy":"post_tag","embeddable":true,"href":"https:\/\/www.visit-ulcinj.com\/blog\/wp-json\/wp\/v2\/tags?post=94223"}],"curies":[{"name":"wp","href":"https:\/\/api.w.org\/{rel}","templated":true}]}}