{"id":94232,"date":"2016-01-25T20:46:11","date_gmt":"2016-01-25T19:46:11","guid":{"rendered":"http:\/\/www.visit-ulcinj.com\/blog\/?p=94232"},"modified":"2016-01-25T20:46:11","modified_gmt":"2016-01-25T19:46:11","slug":"skupstina-crne-gore-dps-sdp-ukrstili-koplja-u-parlamentu-video","status":"publish","type":"post","link":"https:\/\/www.visit-ulcinj.com\/blog\/2016\/01\/25\/skupstina-crne-gore-dps-sdp-ukrstili-koplja-u-parlamentu-video\/","title":{"rendered":"Skup\u0161tina Crne Gore: DPS i SDP ukrstili koplja u parlamentu &#8211; Video"},"content":{"rendered":"<p><a href=\"http:\/\/www.visit-ulcinj.com\/blog\/wp-content\/uploads\/2016\/01\/skupstina-crne-gore.jpg\"><img loading=\"lazy\" class=\"alignleft wp-image-94233\" src=\"http:\/\/www.visit-ulcinj.com\/blog\/wp-content\/uploads\/2016\/01\/skupstina-crne-gore.jpg\" alt=\"skupstina-crne-gore\" width=\"508\" height=\"291\" srcset=\"https:\/\/www.visit-ulcinj.com\/blog\/wp-content\/uploads\/2016\/01\/skupstina-crne-gore.jpg 811w, https:\/\/www.visit-ulcinj.com\/blog\/wp-content\/uploads\/2016\/01\/skupstina-crne-gore-300x172.jpg 300w\" sizes=\"(max-width: 508px) 100vw, 508px\" \/><\/a>U 18 sati zavr\u0161ena je skup\u0161tinska rasprava, povremeno i burna, o pitanju povjerenja crnogorskoj Vladi. Rasprava \u0107e biti nastavljena sjutra kada bi poslanici trebalo da se izjasne glasanjem. Premijer Milo \u0110ukanovi\u0107, u uvodnoj rije\u010di, kazao je da nakon sjednice parlamenta, na kojoj treba da se odlu\u010di o povjerenju Vladi, vi\u0161e ne\u0107e biti mjesta za uloge onih koji su navikli da istovremeno budu i vlast i opozicija. Sa druge strane, \u0161ef parlamenta, Ranko Krivokapi\u0107, poru\u010duje da Vlada Crne Gore tra\u017ei poslu\u0161nike, a ne poslanike.<\/p>\n<!--YouTube Error: bad URL entered-->\n<p>Uo\u010di po\u010detka rasprave o povjerenju Vladi u Skup\u0161tini Crne Gore, odr\u017eana je sjednica Kolegijuma predsjednika parlamenta Ranka Krivokapi\u0107a, koju su tra\u017eili albanski poslanici.<\/p>\n<p>U uvodnom izlaganju, premijer \u0110ukanovi\u0107 je rekao da je povod za iniciranje provjere povjerenja Vladi nije ne\u0161to \u0161to je neo\u010dekivano. Podsjetio je da je od zavr\u0161etka predsjedni\u010dkih izbora 2013. vidljiv poreme\u0107aj u funkcionisanju vladaju\u0107e koalicije.<\/p>\n<p>Posljedice nesporazuma izme\u0111u koalicionih partnera nosile su doze rizika po ostvarivanje vitalnih dr\u017eavnih interesa Crne Gore.<\/p>\n<p>&#8220;One su se prevashodno ogledale u odlaganju, ili otkazivanju jednog broja izvjesno usagla\u0161enih investicionih aran\u017emana. Logi\u010dno, to je zna\u010dilo gubitak vi\u0161e stotina radnih mjesta u turizmu&#8221;, rekao je, izme\u0111u ostalog, \u0110ukanovi\u0107.<\/p>\n<p>Kriza odnosa u vladaju\u0107oj koaliciji odrazila se, ka\u017ee premijer, i na funkcionisanje politi\u010dkog sistema u dr\u017eavi, i podsje\u0107a da je od teku\u0107eg mandata 2012. Crna Gora bila najstabilnija dr\u017eava u regionu.<\/p>\n<p><strong>Podsjetio na stvaranje novih ve\u0107ina<\/strong><\/p>\n<p>Premijer je podsjetio i na stvaranje novih ve\u0107ina u parlamentu, koje su uslovile izglasavanje seta izbornih zakona, uve\u0107anje bud\u017eetske potro\u0161nje, a kreirana su skupa socijalna i za\u0161tita prava.<\/p>\n<p>&#8220;A tako\u0111e su odbijani vladini predlozi za realizaciju razvojnih projekata, koji bi zna\u010dili valorizaciju neiskori\u0161\u0107enih resursa i otvaranje kvalitetnih radnih mjesta&#8221;, kazao je \u0110ukanovi\u0107.<\/p>\n<p>\u0110ukanovi\u0107 je rekao da je mnogo puta govorio da nekonzistentno funkcionisanje vlasti toleri\u0161e samo zbog i\u0161\u010dekivanja poziva Crnoj Gori za NATO.<\/p>\n<p>&#8220;Izgledalo je da je jedini nepovoljni scenario koji bi osujetio ovaj najva\u017eniji uspjeh Crne Gore od obnove nezavisnosti, izazivanje politi\u010dke nestabilnosti&#8221;, rekao je premijer, navode\u0107i da je 2015. godina bila uspje\u0161na ne samo po dobijanju pozivnice za NATO, ve\u0107 i zbog otvaranja pregovara\u010dkih poglavlja, po\u010detka izgradnje autoputa&#8230;<\/p>\n<p>\u0110ukanovi\u0107 je rekao da su nakon vladine incijative o provjeri povjerenja njegovom kabinetu, iz jednog dijela politi\u010dke javnosti i njima naklonjenih medija, lansirane &#8220;iskonstruisane optu\u017ebe prema Vladi i DPS-u, od kojih je najbesmislenija i najgluplja da je to potez koji \u0107e ugroziti zapo\u010deti parlamentarni dijalog u cilju dalje regularizacije politi\u010dkog ambijenta za odr\u017eavanje ovogodi\u0161njih parlamentarnih izbora&#8221;.<\/p>\n<p>&#8220;Za\u0161to tako ocjenjujem ove neutemeljene, tendenciozne i nebulozne izmi\u0161ljotine? Formalno, ne mo\u017ee pravo propisano ustavom i nesumnjiva demokratska praksa svih demokratski odgovornih dru\u0161tava da se provjere sumnje, u na\u0161em slu\u010daju izre\u010dene od strane stranke konstituenta vlasti, ugroziti politi\u010dku stabilnost dru\u0161tva. Najva\u017eniji politi\u010dki doga\u0111aj u Crnoj Gori ove godine bi\u0107e parlamentarni izbori, u \u010dijoj funkciji je zapo\u010deti dijalog parlamentarnih partija, za koji se bez ostatka od prvog dana zalo\u017eila Vlada i najve\u0107a stranka vladaju\u0107e koalicije&#8221;, podsjetio je \u0110ukanovi\u0107.<\/p>\n<p>On je rekao da nije \u010duo nijedan argument &#8220;za\u0161to bi vlada i DPS imale neki tajni motiv za ugro\u017eavanje politi\u010dke stabilnosti zemlje i kako bi provjera povjerenja vladi mogla slu\u017eiti tom cilju&#8221;.<\/p>\n<p>&#8220;Mislim da je rije\u010d o neodgovornoj galami, od strane partija kojima ne odgovara ra\u0161\u010di\u0161\u0107avanje politi\u010dke magle, i normalizacija politi\u010dkog \u017eivota. Jasno je da nakon ove sjednice ne\u0107e imati mjesta za uloge onih koji su navikli da istovremeno budu i vlast i opozicija. Preciznije, da budu vlast zbog svih pogodnosti koje im taj status donosi, a da istovremeno budu nevje\u0161to prikrivena podr\u0161ka svima koji tu vlast podrivaju&#8221;, poru\u010dio je \u0110ukanovi\u0107.<\/p>\n<p><strong>Nema plana &#8220;B&#8221;<\/strong><\/p>\n<p>Odgovaraju\u0107i na komentare opozicije, \u0110ukanovi\u0107 je kazao da ne vidi razlog za zebnju da \u0107e se nakon glasanja o povjerenju, promijeniti uslovi u Crnoj Gori, jer je kako ka\u017ee Crna Gora bezbjednosno i politi\u010dki stabilna i to kako ka\u017ee ne mo\u017ee biti dovedeno u pitanje glasanjem o Vladi.<\/p>\n<p>On je saop\u0161tio i da je inicijativa pokrenuta iz moralne i politi\u010dke odgovornosi kao odgovor na kritike da Vlada nema legitimitet.<\/p>\n<p>&#8220;Provjeri\u0107emo ovdje da li Vlada ima legitimitet&#8230; Nema plana &#8220;B&#8221;, ozbiljni smo ljudi \u017eelimo da provjerimo legitimitet Vlade&#8221;, kazao je \u0110ukanovi\u0107 i poru\u010dio da je nakon toga cilj da se stvore uslove za slodobno izja\u0161njavanje gra\u0111ana na izborima i da se nastavi sa ekonomskim razvojem.<\/p>\n<p><strong>Krivokapi\u0107: Pobijedila ideja gra\u0111anske Crne Gore<\/strong><\/p>\n<p>Predsjednik parlamenta i lider SDP-a, Ranko Krivokapi\u0107, kazao je da je misija svake dobre politike &#8220;da va\u0161e ideje pobje\u0111uju&#8221;.<\/p>\n<p>&#8220;Najbolje je kad pobijede kod va\u0161ih progonitelja, koji su vas proganjali, \u0107erali, neke i po neke i i\u0161\u0107erali. I SDP je imao tu istorijsku privilegiju, da oni koji su ih proganjali prihvate njihove ideje&#8221;, rekao je Krivokapi\u0107, podsje\u0107aju\u0107i da je pobijedila ideja nezavisne Crne Gore, osniva\u010dkog akta SDP-a.<\/p>\n<p>Pobijedila je, kako je rekao, i ideja gra\u0111anske Crne Gore i NATO-a, a pora\u017eena je ideja onih koji su s Milo\u0161evi\u0107em krenuli u rat.<\/p>\n<p>&#8220;Dobili su priliku da budu pobjednici. Bojim se da priliku nijesu iskoristili. Re\u0107i \u0107u i kako. Ozbiljan \u010dovjek mora da misli i \u0161to mu ka\u017eu neprijatelji, i dvije re\u010denice mene prate u ovoj borbi za gra\u0111ansku Crnu Goru. Jedna je ona koju sam \u010duo od Havijera Solane kad me ubje\u0111ivao da podr\u017eimo Beogradski sporazum, s argumentacijom koja bila sljede\u0107a: &#8216;Mali ste, i kao takvi nemate snage za demokratiju, posta\u0107ete autokratija&#8217;. I druga, tako\u0111e, protivnika na referendumu za nezavisnost: &#8216;Pravite privatnu, a ne nezavisnu dr\u017eavu'&#8221;, rekao je Krivokapi\u0107.<\/p>\n<p>On je rekao da &#8220;neki jo\u0161 sanjaju jedinstvo vlasti&#8221;.<\/p>\n<p>&#8220;Mo\u017eda ga dobiju na \u0161est mjeseci, ali \u0107e izgubiti mnogo vi\u0161e nakon toga&#8221;, rekao je Krivokapi\u0107.<\/p>\n<p>On je rekao da Vlada tra\u017ei podjelu parlamenta &#8220;da ne glasamo kao slobodni ljudi&#8221;.<\/p>\n<p>&#8220;Tra\u017ei poslu\u0161nike, a ne poslanike. To je neznanje koje vodi ka korupciji&#8221;, poru\u010dio je predsjednik SDP-a i parlamenta, navode\u0107i kako NATO zastava ne mo\u017ee biti pokri\u0107e za &#8220;raskubanje&#8221; ekonomije Crne Gore.<\/p>\n<p>Krivokapi\u0107 je imao poruku za premijera \u0110ukanovi\u0107a.<\/p>\n<p>&#8220;Ja \u0107u biti posljednji koji \u0107e odustati da brani ono \u0161to ste stvorili, gospodine \u0110ukanovi\u0107u. Kad svi odu, ja \u0107u ostati da branim ono \u0161to ste stvorili. Jer ovoj Crnoj Gori treba ime Mila \u0110ukanovi\u0107a, ali koji nije ugro\u017een od Mila \u0110ukanovi\u0107a. Onog Mila \u0110ukanovi\u0107a je stvorio istorijske stvari u Crnoj Gori, koje ugro\u017eava ovaj Milo \u0110ukanovi\u0107. To je moja dr\u017eavna du\u017enost, ne \u010dak i li\u010dna, da to sa\u010duvamo. Vidite da ne idete u besmisao. Da nekog ko vas je tri godine ubje\u0111ivao za ovu zastavu ne progla\u0161avate \u010detnikom&#8221;, rekao je Krivokapi\u0107.<\/p>\n<p><strong>Simovi\u0107: Jasno je za\u0161to graju<\/strong><\/p>\n<p>\u0160ef kluba poslanika DPS-a, Milutin Simovi\u0107, rekao je da je premijerova\u00a0inicijativa izazvala razli\u010dite reakcije, navode\u0107i kako\u00a0smo u posljednje vrijeme bili\u00a0svjedoci otvorenih osporavanja legitimiteta Vlade, ne samo iz redova opozicije, ve\u0107 i iz redova jednog koalicionog partnera.<\/p>\n<p>&#8220;Jasni su razlozi aktuelne politi\u010dke graje. Gubi se \u0161ansa i pozicija da se ucjenjuje ve\u0107i koalicioni partner, gubi se vje\u010diti monopol jezi\u010dka na vagi. Svaki stav i odluka koja ne odgovara ovakvoj potrebi, poziciji SDP-a i njenim partnerima predstavlja se kao korupcija. Kad SDP naglava\u010dke promijeni svoj politi\u010dki stav u odnosu na koalicioni program, i kad to izaziva politi\u010dku nestabilnost, onda to nije korupcija&#8221;, rekao je Simovi\u0107.<\/p>\n<p>Podsjetio je da je SDP vi\u0161e puta stvarao ad hoc koalicije, sa kojima su obarani zakoni i druga akta koja je koaliciona vlada predlagala.<\/p>\n<p>&#8220;Zaustavljani su va\u017eni sistemski zakoni. Tom istom ve\u0107inom predlagani su i usvajani zakoni koji ustavno i finansijski nijesu bili odr\u017eivi, predstavljaju\u0107i se kao spasilac privrede i jedini tuma\u010d i poznavalac pravnog sistema Crne Gore&#8221;, rekao je Simovi\u0107, navode\u0107i da bi SDP u slu\u010daju samostalnog nastupa na izborima te\u0161ko dostigao cenzus.<\/p>\n<p>Lider Demosa, Miodrag Leki\u0107, kazao je da\u00a0o\u010dekuje da poslanici izglasaju nepovjerenje Vladi Crne Gore. No, kako je istakao, pitanje je da li \u0107emo iz krize iza\u0107i nekom demokratskom tranzicijom kroz rje\u0161enja koja bi zaustavila agoniju, ili \u0107e se desiti radikalizacija prilika uz radikalna rje\u0161enja.<\/p>\n<p><strong>Leki\u0107: Nastavljamo borbu<\/strong><\/p>\n<p>&#8220;Demos se zala\u017ee za vladu izbornog povjerenja. Nalazimo se u izbornoj godini i da kroz neka pravila iza\u0111emo iz ove duboke krize&#8221;, rekao je Leki\u0107, navode\u0107i da bi dobro bilo da se parlamentarne stranke izjasne o predlogu Pozitivne Crne Gore.<\/p>\n<p>Demos \u0107e, kako je rekao, nastaviti da se bori protiv Vlade Crne Gore koja je, kako je ocijenio, dovela zemlju do ekonomskog sunovrata.<\/p>\n<p>\u0160ef kluba poslanika SNP-a, Aleksandar Damjanovi\u0107, rekao je &#8220;da smo danas do\u0161li do prirodnog kraja ove vlade&#8221;. Vlada je, kako je rekao, zaokru\u017eila svoj rad, bez obzira na ishod glasanja u parlamentu.<\/p>\n<p>Damjanovi\u0107 je rekao da je ta\u010dna konstatacija premijera da u parlamentu sjede poslanici koji mandat nijesu dobili na izborima, podsje\u0107aju\u0107i \u0110ukanovi\u0107a da i u Vladi sjede predstavnici partija koji svoj legitimitet nijesu ostvarili na izborima.<\/p>\n<p>Predsjednik Pozitivne Crne Gore, Darko Pajovi\u0107, rekao je da plan koji je ponudila Pozitivna spaja Crnu Goru. On je rekao da je Pozitivnoj va\u017eno da politi\u010dari nakon izbora jedni drugima \u010destitaju. \u017deljeli su, kako je rekao, da pozovu na dijalog i odgovornost.<\/p>\n<p><strong>Pajovi\u0107: Pozitivna nema namjeru da se svrsta ni na \u010diju stranu<\/strong><\/p>\n<p>Prema Pajovi\u0107evi\u0107evim rije\u010dima, Pozitivna je ponudila rje\u0161enje. &#8220;U srijedu \u0107e Vlada dobiti ili ne\u0107e dobiti povjerenje, nakon \u010dega slijede tri mogu\u0107a scenarija. Prvi scenario je da nam slijede izbori za 90 dana, sa sve postoje\u0107om strukturom koja je danas na vlasti&#8221;.<\/p>\n<p>Druga opcija je, kako je naveo, parcijalna prelazna vlada. \u00bbPozitivna se ne zala\u017ee za parcijalno rje\u0161enje, ne mislimo da podjele ne rje\u0161ava ako 50 odsto Crne Gore pobijedi 50 odsto druge Crne Gore\u00ab, pojasnio je Pajovi\u0107.<\/p>\n<p>On je naglasio da je jedino mogu\u0107e rje\u0161enje u\u010de\u0161\u0107e svih, i dodao da predlog pozitivne najvi\u0161e ide u prilog \u00bbonih koji su danas ispred Skup\u0161tine\u00ab.<\/p>\n<p>Pajovi\u0107 je naglasio da Plan pozitivne nije ucjena, nego ponuda da se prevazi\u0111e evidentna politi\u010dka kriza u Crnoj Gori.<\/p>\n<p>\u00bbScenario koji sam pomenuo sadr\u017ei u sebi sve ono \u0161to je parlamentarna opozicija tra\u017eila. I ovo nije mogu\u0107e realizovati ukoliko nemamo dobru volju onih koji \u010dine Vladi, i ja sam toga apsolutno svjestan\u00ab, naveo je Pajovi\u0107.<\/p>\n<p>On je poru\u010dio da Pozitivna nema namjeru da se svrstava ni na \u010diju stranu.<\/p>\n<p>Ljerka Dragi\u010devi\u0107 iz Hrvatske gra\u0111anske inicijative (HGI) rekla je da ne sumnja kako \u0107e Vlada dobiti podr\u0161ku u parlamentu, zbog dobijanja pozivnice u NATO savez.<\/p>\n<p>&#8220;Kao aktivni u\u010desnik u Vladi, HGI \u0107e ostati dosljedna svojoj davno zacrtanoj politici op\u0161teg napretka&#8221;, rekla je Dragi\u010devi\u0107.<\/p>\n<p>Predsjednik Liberalne partije (LP), Andrija Popovi\u0107, rekao je da politi\u010dka kriza koja je obilje\u017eila protekli period danas mora do\u017eivjeti svoj vrhunac.<\/p>\n<p>&#8220;Uli\u010dna demokratija i nasilje nikad nikome ni\u0161ta dobro nijesu donijele&#8221;, rekao je Popovi\u0107, navode\u0107i da \u0107e Liberalna partija biti dosljedna koalicionom sporazumu.<\/p>\n<p>Almer Kala\u010d (BS) rekao je da \u0107e njegova stranka dati podr\u0161ku Vladi, navode\u0107i da strate\u0161ki interesi dr\u017eave ne smiju da budu ugro\u017eeni.<\/p>\n<p><strong>Abazovi\u0107: CG pozivnicu za NATO mogla dobiti ranije<\/strong><\/p>\n<p>Lider Socijalisti\u010dke narodne partije Sr\u0111an Mili\u0107 ocijenio je da je datum provjere povjerenja Vladi izbaran za danas, jer se \u010dekala pozivnica Crnoj Gori za NATO.<\/p>\n<p>\u201eTo va\u0161e \u010dekanje punopravne pozivnice za NATO je ko\u0161talo dr\u017eavu milijarde eura\u201c, smatra Mili\u0107.<\/p>\n<p>On je poru\u010dio da su Crnoj Gori neophodne promjene. \u201ePromjene koje ne smiju biti po sistemu &#8211; sve je isto samo njega nema kao premijera, ve\u0107 je promjena sistema i vrijednosti u tom sistemu vi\u0161e nego nu\u017ena\u201c.<\/p>\n<p>Mili\u0107 je pozvao Krivokapi\u0107a i \u0110ukanovi\u0107a da podijele sa gra\u0111anima uspjehe koje je koaliciona Vlada postigla.<\/p>\n<p>Odgovaraju\u0107i na to pitanje, \u0110ukanovi\u0107 je kazao da je u trogodi\u0161njem mandatu Vlada dr\u017eavu dovela do NATO-a, kao i da su nastavili sa dinami\u010dnim pregovorima sa Evropskom unijom (EU).<\/p>\n<p>On je ukazao na to da je Crna Gora na kraju pro\u0161le godine dobila i do sada, kako je ocijenio, najafirmativniji Izvje\u0161taj EU sa stanovni\u0161ta rezultata reformiskih napora.<\/p>\n<p>\u0110ukanovi\u0107 je naveo da je Vlada tokom ovog mandata zapo\u010dela realizaciju najkrupnijih razvojnih projekata u dr\u017eavi kao \u0161to je projekat auto-puta.<\/p>\n<p>\u201eOvo su u\u010dinci koji mogu slu\u017eiti na \u010dast ovoj Vladi i svim njenim koalicionim partnerima. Bez obzira na epilog ove sjednice, treba ukazati na ono \u0161to je rezultat zajedni\u010dkog napora\u201c, naveo je \u0110ukanovi\u0107.<\/p>\n<p>On je ocijenio da su ih postignuti rezultati doveli do nepovjerenja jednog dijela parlamentarne opozicije, onog dijela koji, kako smatra \u0110ukanovi\u0107, ne dijeli te vrijednosti.<\/p>\n<p>\u201eOni ne misle da Crna Gora treba da bude nezavisna, da treba da ide put NATO i evropske integracije. Permanento poku\u0161avaju da nas optu\u017ee da je neuspje\u0161na i da djeluje neodgovnorno sa stanovn\u0161ta nacionalnih interesa. Ja mislim da ta ocjena nipo\u0161to ne mo\u017ee da stoji\u201c, objasnio je \u0110ukanovi\u0107.<\/p>\n<p>Nezavisni poslanik, Dritan Abazovi\u0107, ocijenio je da je Crna Gora pozivnicu za NATO mogla dobiti ranije.<\/p>\n<p>On je naveo da su 2009. godine Albanija i Hrvatska u\u0161le u NATO, navode\u0107i da te dr\u017eave nijesu institucionalo ispred Crne Gore.<\/p>\n<p>\u201eZna\u010di mogli smo i ranije dobili pozivnicu. Mi na\u0161u pozivnicu dobijamo sa zaka\u0161njenjem. Vi sa njom imate pravo da se pohvalite i mi koji smo dali skroman doprinos, ali taj kurs je mogao da se izabere mnogo ranije\u201c, ocijenio je Abazovi\u0107.<\/p>\n<p>\u0160ef poslani\u010dkog kluba Socijaldemokratske partije, D\u017eavid \u0160abovi\u0107, kazao je da ta stranka ne\u0107e glasati za povjerenje Vladi.<\/p>\n<p>\u201eVlada koja se poku\u0161ava odr\u017eati politi\u010dkom korupcijom, Vlada za koju njen premijer ka\u017ee da je globalni i istorijski presedan jer je \u010dine predstavnici partije koja nije u\u010destvovala na izborima\u201c, naveo je on.<\/p>\n<p>Prema njegovim rije\u010dima, Vlada je postavila pitanje svog povjerenja par mjeseci uo\u010di izbora &#8211; ne da bi ga provjerila, \u201ejasno je da ga nema pa \u010dak i da skupi ili kupi 41 poslanika, ve\u0107 da bi ru\u0161ila dijalog oko uslova za fer izbore koji su vi\u0161e puta podr\u017eali iz EU\u201c.<\/p>\n<p>Vlada, kako je dodao \u0160abovi\u0107, destabilizuje dr\u017eavu da bi sa\u010duvala vlast.<\/p>\n<p>\u201eTakva vlada nema niti mo\u017ee imati na\u0161e povjerenje\u201c, poru\u010dio je \u0160abovi\u0107.<\/p>\n<p>Premijer \u0110ukanovi\u0107 je, govore\u0107i o rezultatima Vlade u prethodnom mandatu, kazao da je Crna Gora u pro\u0161loj godini ostvarila rast ekonomije od 4,3 odsto \u0161to predstavlja, kako je naveo, kontinuitet rasta u odnosu na prethodne dvije godine.<\/p>\n<p>\u201eSve tri godine mandata ove Vlade karakteri\u0161e ekonomski rast \u0161to nije ba\u0161 uobi\u010dajno ni u regionu, ni u Evropi, pogotovo ne na ovom nivou \u0161to smatra zna\u010dajnim uspjehom\u201c, poru\u010dio je \u0110ukanovi\u0107.<\/p>\n<p>Govore\u0107i o NATO integracijama, on je kazao da su uspjeli da Crnu Goru okrenu ka sistemu vrijednosti evroatlanske zajednice na kojem, kako je naveo \u0110ukanovi\u0107, danas po\u010divaju najrazvijenija dru\u0161tva.<\/p>\n<p>On, kako je kazao, ne misli da je uspjeh dr\u017eave \u0161to ulazi u NATO da bi se svrstala uz vojni blok, niti da \u0107e NATO dobiti kroz velike vojne potencijale Crne Gore. \u201eAli mislim da je jako va\u017eno i za nas, i za NATO da se \u0161iri evroatlanski sistem vrijednosti\u201c.<\/p>\n<p>\u201eSvjestan sam da dobar dio crnogorskog parlamenta ne podr\u017eava NATO integracije, ali svjestan sam i da \u0107emo za koju godinu biti zahvalni \u0161to je Crna Gora stala na ovu strate\u0161ku magistralu\u201c, naveo je \u0110ukanovi\u0107.<\/p>\n<p><strong>Izvor: RTCG<\/strong><\/p>\n","protected":false},"excerpt":{"rendered":"<p>U 18 sati zavr\u0161ena je skup\u0161tinska rasprava, povremeno i burna, o pitanju povjerenja crnogorskoj Vladi. Rasprava \u0107e biti nastavljena sjutra kada bi poslanici trebalo da se izjasne glasanjem. Premijer Milo \u0110ukanovi\u0107, u uvodnoj rije\u010di, kazao je da nakon sjednice parlamenta, na kojoj treba da se odlu\u010di o povjerenju Vladi, vi\u0161e ne\u0107e biti mjesta za uloge [&hellip;]<\/p>\n","protected":false},"author":1,"featured_media":0,"comment_status":"closed","ping_status":"closed","sticky":false,"template":"","format":"standard","meta":{"spay_email":"","jetpack_publicize_message":"","jetpack_is_tweetstorm":false,"jetpack_publicize_feature_enabled":true},"categories":[6950],"tags":[],"jetpack_publicize_connections":[],"yoast_head":"<!-- This site is optimized with the Yoast SEO plugin v19.1 - https:\/\/yoast.com\/wordpress\/plugins\/seo\/ -->\n<title>Skup\u0161tina Crne Gore: DPS i SDP ukrstili koplja u parlamentu - Video - Lajme nga Ulqini<\/title>\n<meta name=\"description\" content=\"U 18 sati zavr\u0161ena je skup\u0161tinska rasprava, povremeno i burna, o pitanju povjerenja crnogorskoj Vladi. Rasprava \u0107e biti nastavljena sjutra kada bi\" \/>\n<meta name=\"robots\" content=\"index, follow, max-snippet:-1, max-image-preview:large, max-video-preview:-1\" \/>\n<link rel=\"canonical\" href=\"https:\/\/www.visit-ulcinj.com\/blog\/2016\/01\/25\/skupstina-crne-gore-dps-sdp-ukrstili-koplja-u-parlamentu-video\/\" \/>\n<meta property=\"og:locale\" content=\"en_US\" \/>\n<meta property=\"og:type\" content=\"article\" \/>\n<meta property=\"og:title\" content=\"Skup\u0161tina Crne Gore: DPS i SDP ukrstili koplja u parlamentu - Video - Lajme nga Ulqini\" \/>\n<meta property=\"og:description\" content=\"U 18 sati zavr\u0161ena je skup\u0161tinska rasprava, povremeno i burna, o pitanju povjerenja crnogorskoj Vladi. Rasprava \u0107e biti nastavljena sjutra kada bi\" \/>\n<meta property=\"og:url\" content=\"https:\/\/www.visit-ulcinj.com\/blog\/2016\/01\/25\/skupstina-crne-gore-dps-sdp-ukrstili-koplja-u-parlamentu-video\/\" \/>\n<meta property=\"og:site_name\" content=\"Lajme nga Ulqini\" \/>\n<meta property=\"article:published_time\" content=\"2016-01-25T19:46:11+00:00\" \/>\n<meta property=\"og:image\" content=\"http:\/\/www.visit-ulcinj.com\/blog\/wp-content\/uploads\/2016\/01\/skupstina-crne-gore.jpg\" \/>\n<meta name=\"twitter:label1\" content=\"Written by\" \/>\n\t<meta name=\"twitter:data1\" content=\"ulqini\" \/>\n\t<meta name=\"twitter:label2\" content=\"Est. reading time\" \/>\n\t<meta name=\"twitter:data2\" content=\"13 minutes\" \/>\n<script type=\"application\/ld+json\" class=\"yoast-schema-graph\">{\"@context\":\"https:\/\/schema.org\",\"@graph\":[{\"@type\":\"WebSite\",\"@id\":\"https:\/\/www.visit-ulcinj.com\/blog\/#website\",\"url\":\"https:\/\/www.visit-ulcinj.com\/blog\/\",\"name\":\"Lajme nga Ulqini\",\"description\":\"Lajme,Vijesti,Ulqini,Ulqin,Crna Gora,Mali i Zi\",\"potentialAction\":[{\"@type\":\"SearchAction\",\"target\":{\"@type\":\"EntryPoint\",\"urlTemplate\":\"https:\/\/www.visit-ulcinj.com\/blog\/?s={search_term_string}\"},\"query-input\":\"required name=search_term_string\"}],\"inLanguage\":\"en-US\"},{\"@type\":\"ImageObject\",\"inLanguage\":\"en-US\",\"@id\":\"https:\/\/www.visit-ulcinj.com\/blog\/2016\/01\/25\/skupstina-crne-gore-dps-sdp-ukrstili-koplja-u-parlamentu-video\/#primaryimage\",\"url\":\"https:\/\/www.visit-ulcinj.com\/blog\/wp-content\/uploads\/2016\/01\/skupstina-crne-gore.jpg\",\"contentUrl\":\"https:\/\/www.visit-ulcinj.com\/blog\/wp-content\/uploads\/2016\/01\/skupstina-crne-gore.jpg\",\"width\":811,\"height\":465},{\"@type\":\"WebPage\",\"@id\":\"https:\/\/www.visit-ulcinj.com\/blog\/2016\/01\/25\/skupstina-crne-gore-dps-sdp-ukrstili-koplja-u-parlamentu-video\/#webpage\",\"url\":\"https:\/\/www.visit-ulcinj.com\/blog\/2016\/01\/25\/skupstina-crne-gore-dps-sdp-ukrstili-koplja-u-parlamentu-video\/\",\"name\":\"Skup\u0161tina Crne Gore: DPS i SDP ukrstili koplja u parlamentu - Video - Lajme nga Ulqini\",\"isPartOf\":{\"@id\":\"https:\/\/www.visit-ulcinj.com\/blog\/#website\"},\"primaryImageOfPage\":{\"@id\":\"https:\/\/www.visit-ulcinj.com\/blog\/2016\/01\/25\/skupstina-crne-gore-dps-sdp-ukrstili-koplja-u-parlamentu-video\/#primaryimage\"},\"datePublished\":\"2016-01-25T19:46:11+00:00\",\"dateModified\":\"2016-01-25T19:46:11+00:00\",\"author\":{\"@id\":\"https:\/\/www.visit-ulcinj.com\/blog\/#\/schema\/person\/dcab619c614d3038751c63bc2aadc06d\"},\"description\":\"U 18 sati zavr\u0161ena je skup\u0161tinska rasprava, povremeno i burna, o pitanju povjerenja crnogorskoj Vladi. Rasprava \u0107e biti nastavljena sjutra kada bi\",\"breadcrumb\":{\"@id\":\"https:\/\/www.visit-ulcinj.com\/blog\/2016\/01\/25\/skupstina-crne-gore-dps-sdp-ukrstili-koplja-u-parlamentu-video\/#breadcrumb\"},\"inLanguage\":\"en-US\",\"potentialAction\":[{\"@type\":\"ReadAction\",\"target\":[\"https:\/\/www.visit-ulcinj.com\/blog\/2016\/01\/25\/skupstina-crne-gore-dps-sdp-ukrstili-koplja-u-parlamentu-video\/\"]}]},{\"@type\":\"BreadcrumbList\",\"@id\":\"https:\/\/www.visit-ulcinj.com\/blog\/2016\/01\/25\/skupstina-crne-gore-dps-sdp-ukrstili-koplja-u-parlamentu-video\/#breadcrumb\",\"itemListElement\":[{\"@type\":\"ListItem\",\"position\":1,\"name\":\"Skup\u0161tina Crne Gore: DPS i SDP ukrstili koplja u parlamentu &#8211; Video\"}]},{\"@type\":\"Person\",\"@id\":\"https:\/\/www.visit-ulcinj.com\/blog\/#\/schema\/person\/dcab619c614d3038751c63bc2aadc06d\",\"name\":\"ulqini\",\"sameAs\":[\"http:\/\/www.visit-ulcinj.com\"],\"url\":\"https:\/\/www.visit-ulcinj.com\/blog\/author\/admin\/\"}]}<\/script>\n<!-- \/ Yoast SEO plugin. -->","yoast_head_json":{"title":"Skup\u0161tina Crne Gore: DPS i SDP ukrstili koplja u parlamentu - Video - Lajme nga Ulqini","description":"U 18 sati zavr\u0161ena je skup\u0161tinska rasprava, povremeno i burna, o pitanju povjerenja crnogorskoj Vladi. Rasprava \u0107e biti nastavljena sjutra kada bi","robots":{"index":"index","follow":"follow","max-snippet":"max-snippet:-1","max-image-preview":"max-image-preview:large","max-video-preview":"max-video-preview:-1"},"canonical":"https:\/\/www.visit-ulcinj.com\/blog\/2016\/01\/25\/skupstina-crne-gore-dps-sdp-ukrstili-koplja-u-parlamentu-video\/","og_locale":"en_US","og_type":"article","og_title":"Skup\u0161tina Crne Gore: DPS i SDP ukrstili koplja u parlamentu - Video - Lajme nga Ulqini","og_description":"U 18 sati zavr\u0161ena je skup\u0161tinska rasprava, povremeno i burna, o pitanju povjerenja crnogorskoj Vladi. Rasprava \u0107e biti nastavljena sjutra kada bi","og_url":"https:\/\/www.visit-ulcinj.com\/blog\/2016\/01\/25\/skupstina-crne-gore-dps-sdp-ukrstili-koplja-u-parlamentu-video\/","og_site_name":"Lajme nga Ulqini","article_published_time":"2016-01-25T19:46:11+00:00","og_image":[{"url":"http:\/\/www.visit-ulcinj.com\/blog\/wp-content\/uploads\/2016\/01\/skupstina-crne-gore.jpg"}],"twitter_misc":{"Written by":"ulqini","Est. reading time":"13 minutes"},"schema":{"@context":"https:\/\/schema.org","@graph":[{"@type":"WebSite","@id":"https:\/\/www.visit-ulcinj.com\/blog\/#website","url":"https:\/\/www.visit-ulcinj.com\/blog\/","name":"Lajme nga Ulqini","description":"Lajme,Vijesti,Ulqini,Ulqin,Crna Gora,Mali i Zi","potentialAction":[{"@type":"SearchAction","target":{"@type":"EntryPoint","urlTemplate":"https:\/\/www.visit-ulcinj.com\/blog\/?s={search_term_string}"},"query-input":"required name=search_term_string"}],"inLanguage":"en-US"},{"@type":"ImageObject","inLanguage":"en-US","@id":"https:\/\/www.visit-ulcinj.com\/blog\/2016\/01\/25\/skupstina-crne-gore-dps-sdp-ukrstili-koplja-u-parlamentu-video\/#primaryimage","url":"https:\/\/www.visit-ulcinj.com\/blog\/wp-content\/uploads\/2016\/01\/skupstina-crne-gore.jpg","contentUrl":"https:\/\/www.visit-ulcinj.com\/blog\/wp-content\/uploads\/2016\/01\/skupstina-crne-gore.jpg","width":811,"height":465},{"@type":"WebPage","@id":"https:\/\/www.visit-ulcinj.com\/blog\/2016\/01\/25\/skupstina-crne-gore-dps-sdp-ukrstili-koplja-u-parlamentu-video\/#webpage","url":"https:\/\/www.visit-ulcinj.com\/blog\/2016\/01\/25\/skupstina-crne-gore-dps-sdp-ukrstili-koplja-u-parlamentu-video\/","name":"Skup\u0161tina Crne Gore: DPS i SDP ukrstili koplja u parlamentu - Video - Lajme nga Ulqini","isPartOf":{"@id":"https:\/\/www.visit-ulcinj.com\/blog\/#website"},"primaryImageOfPage":{"@id":"https:\/\/www.visit-ulcinj.com\/blog\/2016\/01\/25\/skupstina-crne-gore-dps-sdp-ukrstili-koplja-u-parlamentu-video\/#primaryimage"},"datePublished":"2016-01-25T19:46:11+00:00","dateModified":"2016-01-25T19:46:11+00:00","author":{"@id":"https:\/\/www.visit-ulcinj.com\/blog\/#\/schema\/person\/dcab619c614d3038751c63bc2aadc06d"},"description":"U 18 sati zavr\u0161ena je skup\u0161tinska rasprava, povremeno i burna, o pitanju povjerenja crnogorskoj Vladi. Rasprava \u0107e biti nastavljena sjutra kada bi","breadcrumb":{"@id":"https:\/\/www.visit-ulcinj.com\/blog\/2016\/01\/25\/skupstina-crne-gore-dps-sdp-ukrstili-koplja-u-parlamentu-video\/#breadcrumb"},"inLanguage":"en-US","potentialAction":[{"@type":"ReadAction","target":["https:\/\/www.visit-ulcinj.com\/blog\/2016\/01\/25\/skupstina-crne-gore-dps-sdp-ukrstili-koplja-u-parlamentu-video\/"]}]},{"@type":"BreadcrumbList","@id":"https:\/\/www.visit-ulcinj.com\/blog\/2016\/01\/25\/skupstina-crne-gore-dps-sdp-ukrstili-koplja-u-parlamentu-video\/#breadcrumb","itemListElement":[{"@type":"ListItem","position":1,"name":"Skup\u0161tina Crne Gore: DPS i SDP ukrstili koplja u parlamentu &#8211; Video"}]},{"@type":"Person","@id":"https:\/\/www.visit-ulcinj.com\/blog\/#\/schema\/person\/dcab619c614d3038751c63bc2aadc06d","name":"ulqini","sameAs":["http:\/\/www.visit-ulcinj.com"],"url":"https:\/\/www.visit-ulcinj.com\/blog\/author\/admin\/"}]}},"jetpack_featured_media_url":"","jetpack_sharing_enabled":true,"jetpack_shortlink":"https:\/\/wp.me\/pe6lTn-ovS","_links":{"self":[{"href":"https:\/\/www.visit-ulcinj.com\/blog\/wp-json\/wp\/v2\/posts\/94232"}],"collection":[{"href":"https:\/\/www.visit-ulcinj.com\/blog\/wp-json\/wp\/v2\/posts"}],"about":[{"href":"https:\/\/www.visit-ulcinj.com\/blog\/wp-json\/wp\/v2\/types\/post"}],"author":[{"embeddable":true,"href":"https:\/\/www.visit-ulcinj.com\/blog\/wp-json\/wp\/v2\/users\/1"}],"replies":[{"embeddable":true,"href":"https:\/\/www.visit-ulcinj.com\/blog\/wp-json\/wp\/v2\/comments?post=94232"}],"version-history":[{"count":1,"href":"https:\/\/www.visit-ulcinj.com\/blog\/wp-json\/wp\/v2\/posts\/94232\/revisions"}],"predecessor-version":[{"id":94234,"href":"https:\/\/www.visit-ulcinj.com\/blog\/wp-json\/wp\/v2\/posts\/94232\/revisions\/94234"}],"wp:attachment":[{"href":"https:\/\/www.visit-ulcinj.com\/blog\/wp-json\/wp\/v2\/media?parent=94232"}],"wp:term":[{"taxonomy":"category","embeddable":true,"href":"https:\/\/www.visit-ulcinj.com\/blog\/wp-json\/wp\/v2\/categories?post=94232"},{"taxonomy":"post_tag","embeddable":true,"href":"https:\/\/www.visit-ulcinj.com\/blog\/wp-json\/wp\/v2\/tags?post=94232"}],"curies":[{"name":"wp","href":"https:\/\/api.w.org\/{rel}","templated":true}]}}