{"id":94247,"date":"2016-01-26T16:43:59","date_gmt":"2016-01-26T15:43:59","guid":{"rendered":"http:\/\/www.visit-ulcinj.com\/blog\/?p=94247"},"modified":"2016-01-26T16:43:59","modified_gmt":"2016-01-26T15:43:59","slug":"agjencia-turke-per-zhvillim-dhe-bashkepunim-nderkombetare-tika-fillon-jetesimin-e-disa-projekteve-ne-komunen-tone","status":"publish","type":"post","link":"https:\/\/www.visit-ulcinj.com\/blog\/2016\/01\/26\/agjencia-turke-per-zhvillim-dhe-bashkepunim-nderkombetare-tika-fillon-jetesimin-e-disa-projekteve-ne-komunen-tone\/","title":{"rendered":"Agjencia Turke p\u00ebr Zhvillim dhe Bashk\u00ebpunim  Nd\u00ebrkomb\u00ebtar\u00eb TIKA fillon jet\u00ebsimin e disa projekteve n\u00eb Komun\u00ebn ton\u00eb"},"content":{"rendered":"<p><a href=\"http:\/\/www.visit-ulcinj.com\/blog\/wp-content\/uploads\/2016\/01\/TIKA-ULQIN-GJEKA.jpg\"><img loading=\"lazy\" class=\"alignleft wp-image-94248\" src=\"http:\/\/www.visit-ulcinj.com\/blog\/wp-content\/uploads\/2016\/01\/TIKA-ULQIN-GJEKA.jpg\" alt=\"TIKA-ULQIN-GJEKA\" width=\"508\" height=\"381\" srcset=\"https:\/\/www.visit-ulcinj.com\/blog\/wp-content\/uploads\/2016\/01\/TIKA-ULQIN-GJEKA.jpg 960w, https:\/\/www.visit-ulcinj.com\/blog\/wp-content\/uploads\/2016\/01\/TIKA-ULQIN-GJEKA-300x225.jpg 300w\" sizes=\"(max-width: 508px) 100vw, 508px\" \/><\/a>Sot n\u00eb Kabinetin e Kryetarit t\u00eb Komun\u00ebs s\u00eb Ulqinit Fatmir Gjeka u n\u00ebnshkrua Protokoli i bashk\u00ebpunimit nd\u00ebrmjet Agjencis\u00eb Turke p\u00ebr Zhvillim dhe Bashk\u00ebpunim Nderkomb\u00ebtar\u00eb &#8211; TIKA, Komun\u00ebs, Ministris\u00eb s\u00eb Kultur\u00ebs dhe Bashk\u00ebsise Islame n\u00eb qytetin ton\u00eb. Kjo marr\u00ebveshje\u00a0 parasheh fillimin e rikonstruimit t\u00eb Hamamit t\u00eb Xhamise s\u00eb Pash\u00ebs e me pas dhe rikonstruimin e\u00a0 Xhamis\u00eb s\u00eb Namazgjase. Hamami u tha se \u00ebsht\u00eb objekt me vlera t\u00eb padiskutueshme dhe paraqet\u00a0 nj\u00eb vep\u00ebr monumentale jo vet\u00ebm p\u00ebr Ulqinin por edhe m\u00eb gj\u00ebr\u00eb.<\/p>\n<p>Objekti do studim t\u00eb ve\u00e7ant\u00eb andaj n\u00eb tre muajt e ardh\u00ebsh\u00ebm pritet t\u00eb hartohet projekti nga ekspert\u00eb turq e me pas do t\u00eb fillohet me jet\u00ebsimin e projektit. T\u00eb gjith\u00eb n\u00ebnshkruesit e protokolit ve\u00e7uan r\u00ebnd\u00ebsin\u00eb q\u00eb kan\u00eb objekte t\u00eb k\u00ebtij lloji e u tha se TIKA me aktivitete t\u00eb tilla do t\u00eb\u00a0 vazhdoj\u00eb edhe n\u00eb t\u00eb ardhmen.<\/p>\n<p>Komuna Ulqinit<\/p>\n","protected":false},"excerpt":{"rendered":"<p>Sot n\u00eb Kabinetin e Kryetarit t\u00eb Komun\u00ebs s\u00eb Ulqinit Fatmir Gjeka u n\u00ebnshkrua Protokoli i bashk\u00ebpunimit nd\u00ebrmjet Agjencis\u00eb Turke p\u00ebr Zhvillim dhe Bashk\u00ebpunim Nderkomb\u00ebtar\u00eb &#8211; TIKA, Komun\u00ebs, Ministris\u00eb s\u00eb Kultur\u00ebs dhe Bashk\u00ebsise Islame n\u00eb qytetin ton\u00eb. Kjo marr\u00ebveshje\u00a0 parasheh fillimin e rikonstruimit t\u00eb Hamamit t\u00eb Xhamise s\u00eb Pash\u00ebs e me pas dhe rikonstruimin e\u00a0 Xhamis\u00eb [&hellip;]<\/p>\n","protected":false},"author":1,"featured_media":0,"comment_status":"closed","ping_status":"closed","sticky":false,"template":"","format":"standard","meta":{"spay_email":"","jetpack_publicize_message":"","jetpack_is_tweetstorm":false,"jetpack_publicize_feature_enabled":true},"categories":[2451],"tags":[],"jetpack_publicize_connections":[],"yoast_head":"<!-- This site is optimized with the Yoast SEO plugin v19.1 - https:\/\/yoast.com\/wordpress\/plugins\/seo\/ -->\n<title>Agjencia Turke p\u00ebr Zhvillim dhe Bashk\u00ebpunim Nd\u00ebrkomb\u00ebtar\u00eb TIKA fillon jet\u00ebsimin e disa projekteve n\u00eb Komun\u00ebn ton\u00eb - Lajme nga Ulqini<\/title>\n<meta name=\"description\" content=\"Sot n\u00eb Kabinetin e Kryetarit t\u00eb Komun\u00ebs s\u00eb Ulqinit Fatmir Gjeka u n\u00ebnshkrua Protokoli i bashk\u00ebpunimit nd\u00ebrmjet Agjencis\u00eb Turke p\u00ebr Zhvillim dhe\" \/>\n<meta name=\"robots\" content=\"index, follow, max-snippet:-1, max-image-preview:large, max-video-preview:-1\" \/>\n<link rel=\"canonical\" href=\"https:\/\/www.visit-ulcinj.com\/blog\/2016\/01\/26\/agjencia-turke-per-zhvillim-dhe-bashkepunim-nderkombetare-tika-fillon-jetesimin-e-disa-projekteve-ne-komunen-tone\/\" \/>\n<meta property=\"og:locale\" content=\"en_US\" \/>\n<meta property=\"og:type\" content=\"article\" \/>\n<meta property=\"og:title\" content=\"Agjencia Turke p\u00ebr Zhvillim dhe Bashk\u00ebpunim Nd\u00ebrkomb\u00ebtar\u00eb TIKA fillon jet\u00ebsimin e disa projekteve n\u00eb Komun\u00ebn ton\u00eb - Lajme nga Ulqini\" \/>\n<meta property=\"og:description\" content=\"Sot n\u00eb Kabinetin e Kryetarit t\u00eb Komun\u00ebs s\u00eb Ulqinit Fatmir Gjeka u n\u00ebnshkrua Protokoli i bashk\u00ebpunimit nd\u00ebrmjet Agjencis\u00eb Turke p\u00ebr Zhvillim dhe\" \/>\n<meta property=\"og:url\" content=\"https:\/\/www.visit-ulcinj.com\/blog\/2016\/01\/26\/agjencia-turke-per-zhvillim-dhe-bashkepunim-nderkombetare-tika-fillon-jetesimin-e-disa-projekteve-ne-komunen-tone\/\" \/>\n<meta property=\"og:site_name\" content=\"Lajme nga Ulqini\" \/>\n<meta property=\"article:published_time\" content=\"2016-01-26T15:43:59+00:00\" \/>\n<meta property=\"og:image\" content=\"http:\/\/www.visit-ulcinj.com\/blog\/wp-content\/uploads\/2016\/01\/TIKA-ULQIN-GJEKA.jpg\" \/>\n<meta name=\"twitter:label1\" content=\"Written by\" \/>\n\t<meta name=\"twitter:data1\" content=\"ulqini\" \/>\n\t<meta name=\"twitter:label2\" content=\"Est. reading time\" \/>\n\t<meta name=\"twitter:data2\" content=\"1 minute\" \/>\n<script type=\"application\/ld+json\" class=\"yoast-schema-graph\">{\"@context\":\"https:\/\/schema.org\",\"@graph\":[{\"@type\":\"WebSite\",\"@id\":\"https:\/\/www.visit-ulcinj.com\/blog\/#website\",\"url\":\"https:\/\/www.visit-ulcinj.com\/blog\/\",\"name\":\"Lajme nga Ulqini\",\"description\":\"Lajme,Vijesti,Ulqini,Ulqin,Crna Gora,Mali i Zi\",\"potentialAction\":[{\"@type\":\"SearchAction\",\"target\":{\"@type\":\"EntryPoint\",\"urlTemplate\":\"https:\/\/www.visit-ulcinj.com\/blog\/?s={search_term_string}\"},\"query-input\":\"required name=search_term_string\"}],\"inLanguage\":\"en-US\"},{\"@type\":\"ImageObject\",\"inLanguage\":\"en-US\",\"@id\":\"https:\/\/www.visit-ulcinj.com\/blog\/2016\/01\/26\/agjencia-turke-per-zhvillim-dhe-bashkepunim-nderkombetare-tika-fillon-jetesimin-e-disa-projekteve-ne-komunen-tone\/#primaryimage\",\"url\":\"https:\/\/www.visit-ulcinj.com\/blog\/wp-content\/uploads\/2016\/01\/TIKA-ULQIN-GJEKA.jpg\",\"contentUrl\":\"https:\/\/www.visit-ulcinj.com\/blog\/wp-content\/uploads\/2016\/01\/TIKA-ULQIN-GJEKA.jpg\",\"width\":960,\"height\":720},{\"@type\":\"WebPage\",\"@id\":\"https:\/\/www.visit-ulcinj.com\/blog\/2016\/01\/26\/agjencia-turke-per-zhvillim-dhe-bashkepunim-nderkombetare-tika-fillon-jetesimin-e-disa-projekteve-ne-komunen-tone\/#webpage\",\"url\":\"https:\/\/www.visit-ulcinj.com\/blog\/2016\/01\/26\/agjencia-turke-per-zhvillim-dhe-bashkepunim-nderkombetare-tika-fillon-jetesimin-e-disa-projekteve-ne-komunen-tone\/\",\"name\":\"Agjencia Turke p\u00ebr Zhvillim dhe Bashk\u00ebpunim Nd\u00ebrkomb\u00ebtar\u00eb TIKA fillon jet\u00ebsimin e disa projekteve n\u00eb Komun\u00ebn ton\u00eb - Lajme nga Ulqini\",\"isPartOf\":{\"@id\":\"https:\/\/www.visit-ulcinj.com\/blog\/#website\"},\"primaryImageOfPage\":{\"@id\":\"https:\/\/www.visit-ulcinj.com\/blog\/2016\/01\/26\/agjencia-turke-per-zhvillim-dhe-bashkepunim-nderkombetare-tika-fillon-jetesimin-e-disa-projekteve-ne-komunen-tone\/#primaryimage\"},\"datePublished\":\"2016-01-26T15:43:59+00:00\",\"dateModified\":\"2016-01-26T15:43:59+00:00\",\"author\":{\"@id\":\"https:\/\/www.visit-ulcinj.com\/blog\/#\/schema\/person\/dcab619c614d3038751c63bc2aadc06d\"},\"description\":\"Sot n\u00eb Kabinetin e Kryetarit t\u00eb Komun\u00ebs s\u00eb Ulqinit Fatmir Gjeka u n\u00ebnshkrua Protokoli i bashk\u00ebpunimit nd\u00ebrmjet Agjencis\u00eb Turke p\u00ebr Zhvillim dhe\",\"breadcrumb\":{\"@id\":\"https:\/\/www.visit-ulcinj.com\/blog\/2016\/01\/26\/agjencia-turke-per-zhvillim-dhe-bashkepunim-nderkombetare-tika-fillon-jetesimin-e-disa-projekteve-ne-komunen-tone\/#breadcrumb\"},\"inLanguage\":\"en-US\",\"potentialAction\":[{\"@type\":\"ReadAction\",\"target\":[\"https:\/\/www.visit-ulcinj.com\/blog\/2016\/01\/26\/agjencia-turke-per-zhvillim-dhe-bashkepunim-nderkombetare-tika-fillon-jetesimin-e-disa-projekteve-ne-komunen-tone\/\"]}]},{\"@type\":\"BreadcrumbList\",\"@id\":\"https:\/\/www.visit-ulcinj.com\/blog\/2016\/01\/26\/agjencia-turke-per-zhvillim-dhe-bashkepunim-nderkombetare-tika-fillon-jetesimin-e-disa-projekteve-ne-komunen-tone\/#breadcrumb\",\"itemListElement\":[{\"@type\":\"ListItem\",\"position\":1,\"name\":\"Agjencia Turke p\u00ebr Zhvillim dhe Bashk\u00ebpunim Nd\u00ebrkomb\u00ebtar\u00eb TIKA fillon jet\u00ebsimin e disa projekteve n\u00eb Komun\u00ebn ton\u00eb\"}]},{\"@type\":\"Person\",\"@id\":\"https:\/\/www.visit-ulcinj.com\/blog\/#\/schema\/person\/dcab619c614d3038751c63bc2aadc06d\",\"name\":\"ulqini\",\"sameAs\":[\"http:\/\/www.visit-ulcinj.com\"],\"url\":\"https:\/\/www.visit-ulcinj.com\/blog\/author\/admin\/\"}]}<\/script>\n<!-- \/ Yoast SEO plugin. -->","yoast_head_json":{"title":"Agjencia Turke p\u00ebr Zhvillim dhe Bashk\u00ebpunim Nd\u00ebrkomb\u00ebtar\u00eb TIKA fillon jet\u00ebsimin e disa projekteve n\u00eb Komun\u00ebn ton\u00eb - Lajme nga Ulqini","description":"Sot n\u00eb Kabinetin e Kryetarit t\u00eb Komun\u00ebs s\u00eb Ulqinit Fatmir Gjeka u n\u00ebnshkrua Protokoli i bashk\u00ebpunimit nd\u00ebrmjet Agjencis\u00eb Turke p\u00ebr Zhvillim dhe","robots":{"index":"index","follow":"follow","max-snippet":"max-snippet:-1","max-image-preview":"max-image-preview:large","max-video-preview":"max-video-preview:-1"},"canonical":"https:\/\/www.visit-ulcinj.com\/blog\/2016\/01\/26\/agjencia-turke-per-zhvillim-dhe-bashkepunim-nderkombetare-tika-fillon-jetesimin-e-disa-projekteve-ne-komunen-tone\/","og_locale":"en_US","og_type":"article","og_title":"Agjencia Turke p\u00ebr Zhvillim dhe Bashk\u00ebpunim Nd\u00ebrkomb\u00ebtar\u00eb TIKA fillon jet\u00ebsimin e disa projekteve n\u00eb Komun\u00ebn ton\u00eb - Lajme nga Ulqini","og_description":"Sot n\u00eb Kabinetin e Kryetarit t\u00eb Komun\u00ebs s\u00eb Ulqinit Fatmir Gjeka u n\u00ebnshkrua Protokoli i bashk\u00ebpunimit nd\u00ebrmjet Agjencis\u00eb Turke p\u00ebr Zhvillim dhe","og_url":"https:\/\/www.visit-ulcinj.com\/blog\/2016\/01\/26\/agjencia-turke-per-zhvillim-dhe-bashkepunim-nderkombetare-tika-fillon-jetesimin-e-disa-projekteve-ne-komunen-tone\/","og_site_name":"Lajme nga Ulqini","article_published_time":"2016-01-26T15:43:59+00:00","og_image":[{"url":"http:\/\/www.visit-ulcinj.com\/blog\/wp-content\/uploads\/2016\/01\/TIKA-ULQIN-GJEKA.jpg"}],"twitter_misc":{"Written by":"ulqini","Est. reading time":"1 minute"},"schema":{"@context":"https:\/\/schema.org","@graph":[{"@type":"WebSite","@id":"https:\/\/www.visit-ulcinj.com\/blog\/#website","url":"https:\/\/www.visit-ulcinj.com\/blog\/","name":"Lajme nga Ulqini","description":"Lajme,Vijesti,Ulqini,Ulqin,Crna Gora,Mali i Zi","potentialAction":[{"@type":"SearchAction","target":{"@type":"EntryPoint","urlTemplate":"https:\/\/www.visit-ulcinj.com\/blog\/?s={search_term_string}"},"query-input":"required name=search_term_string"}],"inLanguage":"en-US"},{"@type":"ImageObject","inLanguage":"en-US","@id":"https:\/\/www.visit-ulcinj.com\/blog\/2016\/01\/26\/agjencia-turke-per-zhvillim-dhe-bashkepunim-nderkombetare-tika-fillon-jetesimin-e-disa-projekteve-ne-komunen-tone\/#primaryimage","url":"https:\/\/www.visit-ulcinj.com\/blog\/wp-content\/uploads\/2016\/01\/TIKA-ULQIN-GJEKA.jpg","contentUrl":"https:\/\/www.visit-ulcinj.com\/blog\/wp-content\/uploads\/2016\/01\/TIKA-ULQIN-GJEKA.jpg","width":960,"height":720},{"@type":"WebPage","@id":"https:\/\/www.visit-ulcinj.com\/blog\/2016\/01\/26\/agjencia-turke-per-zhvillim-dhe-bashkepunim-nderkombetare-tika-fillon-jetesimin-e-disa-projekteve-ne-komunen-tone\/#webpage","url":"https:\/\/www.visit-ulcinj.com\/blog\/2016\/01\/26\/agjencia-turke-per-zhvillim-dhe-bashkepunim-nderkombetare-tika-fillon-jetesimin-e-disa-projekteve-ne-komunen-tone\/","name":"Agjencia Turke p\u00ebr Zhvillim dhe Bashk\u00ebpunim Nd\u00ebrkomb\u00ebtar\u00eb TIKA fillon jet\u00ebsimin e disa projekteve n\u00eb Komun\u00ebn ton\u00eb - Lajme nga Ulqini","isPartOf":{"@id":"https:\/\/www.visit-ulcinj.com\/blog\/#website"},"primaryImageOfPage":{"@id":"https:\/\/www.visit-ulcinj.com\/blog\/2016\/01\/26\/agjencia-turke-per-zhvillim-dhe-bashkepunim-nderkombetare-tika-fillon-jetesimin-e-disa-projekteve-ne-komunen-tone\/#primaryimage"},"datePublished":"2016-01-26T15:43:59+00:00","dateModified":"2016-01-26T15:43:59+00:00","author":{"@id":"https:\/\/www.visit-ulcinj.com\/blog\/#\/schema\/person\/dcab619c614d3038751c63bc2aadc06d"},"description":"Sot n\u00eb Kabinetin e Kryetarit t\u00eb Komun\u00ebs s\u00eb Ulqinit Fatmir Gjeka u n\u00ebnshkrua Protokoli i bashk\u00ebpunimit nd\u00ebrmjet Agjencis\u00eb Turke p\u00ebr Zhvillim dhe","breadcrumb":{"@id":"https:\/\/www.visit-ulcinj.com\/blog\/2016\/01\/26\/agjencia-turke-per-zhvillim-dhe-bashkepunim-nderkombetare-tika-fillon-jetesimin-e-disa-projekteve-ne-komunen-tone\/#breadcrumb"},"inLanguage":"en-US","potentialAction":[{"@type":"ReadAction","target":["https:\/\/www.visit-ulcinj.com\/blog\/2016\/01\/26\/agjencia-turke-per-zhvillim-dhe-bashkepunim-nderkombetare-tika-fillon-jetesimin-e-disa-projekteve-ne-komunen-tone\/"]}]},{"@type":"BreadcrumbList","@id":"https:\/\/www.visit-ulcinj.com\/blog\/2016\/01\/26\/agjencia-turke-per-zhvillim-dhe-bashkepunim-nderkombetare-tika-fillon-jetesimin-e-disa-projekteve-ne-komunen-tone\/#breadcrumb","itemListElement":[{"@type":"ListItem","position":1,"name":"Agjencia Turke p\u00ebr Zhvillim dhe Bashk\u00ebpunim Nd\u00ebrkomb\u00ebtar\u00eb TIKA fillon jet\u00ebsimin e disa projekteve n\u00eb Komun\u00ebn ton\u00eb"}]},{"@type":"Person","@id":"https:\/\/www.visit-ulcinj.com\/blog\/#\/schema\/person\/dcab619c614d3038751c63bc2aadc06d","name":"ulqini","sameAs":["http:\/\/www.visit-ulcinj.com"],"url":"https:\/\/www.visit-ulcinj.com\/blog\/author\/admin\/"}]}},"jetpack_featured_media_url":"","jetpack_sharing_enabled":true,"jetpack_shortlink":"https:\/\/wp.me\/pe6lTn-ow7","_links":{"self":[{"href":"https:\/\/www.visit-ulcinj.com\/blog\/wp-json\/wp\/v2\/posts\/94247"}],"collection":[{"href":"https:\/\/www.visit-ulcinj.com\/blog\/wp-json\/wp\/v2\/posts"}],"about":[{"href":"https:\/\/www.visit-ulcinj.com\/blog\/wp-json\/wp\/v2\/types\/post"}],"author":[{"embeddable":true,"href":"https:\/\/www.visit-ulcinj.com\/blog\/wp-json\/wp\/v2\/users\/1"}],"replies":[{"embeddable":true,"href":"https:\/\/www.visit-ulcinj.com\/blog\/wp-json\/wp\/v2\/comments?post=94247"}],"version-history":[{"count":1,"href":"https:\/\/www.visit-ulcinj.com\/blog\/wp-json\/wp\/v2\/posts\/94247\/revisions"}],"predecessor-version":[{"id":94249,"href":"https:\/\/www.visit-ulcinj.com\/blog\/wp-json\/wp\/v2\/posts\/94247\/revisions\/94249"}],"wp:attachment":[{"href":"https:\/\/www.visit-ulcinj.com\/blog\/wp-json\/wp\/v2\/media?parent=94247"}],"wp:term":[{"taxonomy":"category","embeddable":true,"href":"https:\/\/www.visit-ulcinj.com\/blog\/wp-json\/wp\/v2\/categories?post=94247"},{"taxonomy":"post_tag","embeddable":true,"href":"https:\/\/www.visit-ulcinj.com\/blog\/wp-json\/wp\/v2\/tags?post=94247"}],"curies":[{"name":"wp","href":"https:\/\/api.w.org\/{rel}","templated":true}]}}