{"id":94253,"date":"2016-01-27T15:22:47","date_gmt":"2016-01-27T14:22:47","guid":{"rendered":"http:\/\/www.visit-ulcinj.com\/blog\/?p=94253"},"modified":"2016-01-28T16:50:58","modified_gmt":"2016-01-28T15:50:58","slug":"bombe-e-ndertimit-ne-komunen-e-ulqinit","status":"publish","type":"post","link":"https:\/\/www.visit-ulcinj.com\/blog\/2016\/01\/27\/bombe-e-ndertimit-ne-komunen-e-ulqinit\/","title":{"rendered":"Bomb\u00eb e nd\u00ebrtimit n\u00eb komunen e Ulqinit"},"content":{"rendered":"<p><a href=\"http:\/\/www.visit-ulcinj.com\/blog\/wp-content\/uploads\/2016\/01\/Ulqini-Foto.jpg\"><img loading=\"lazy\" class=\"alignleft wp-image-94254\" src=\"http:\/\/www.visit-ulcinj.com\/blog\/wp-content\/uploads\/2016\/01\/Ulqini-Foto.jpg\" alt=\"Ulqini-Foto\" width=\"508\" height=\"280\" srcset=\"https:\/\/www.visit-ulcinj.com\/blog\/wp-content\/uploads\/2016\/01\/Ulqini-Foto.jpg 960w, https:\/\/www.visit-ulcinj.com\/blog\/wp-content\/uploads\/2016\/01\/Ulqini-Foto-300x166.jpg 300w\" sizes=\"(max-width: 508px) 100vw, 508px\" \/><\/a>N\u00eb territorin e komun\u00ebs s\u00eb Ulqinit momentalisht nd\u00ebrtohet ose rind\u00ebrtohen rreth 150 objekte. Kaq nuk \u00ebsht\u00eb punuar as n\u00eb koh\u00ebn e t\u00eb ashtuquajturit bumit ekonomik gjat\u00eb viteve 2006-2009, transmeton portali Ul.info.<\/p>\n<p>Q\u00eb sezoni nd\u00ebrtimor \u00ebsht\u00eb n\u00eb kulmin e tij mund t\u00eb shihet m\u00eb s\u00eb miri n\u00eb Kala ose p\u00ebrgjat\u00eb bulevardit \u201cTeuta\u201d ku katet e rinj mbijn\u00eb si k\u00ebrpudhat pas shiut. Shum\u00ebkush nd\u00ebrton nj\u00eb kat, dikush dy, e ka nga ato q\u00eb nd\u00ebrtojn\u00eb tre kate t\u00eb reja. Sikur t\u00eb ishin lego kube.<\/p>\n<p>Nd\u00ebrtimi do t\u00eb ishte akoma m\u00eb i madh sikur institucionet e Komun\u00ebs s\u00eb Ulqinit t\u00eb kryejn\u00eb m\u00eb mir\u00eb pun\u00ebt e veta dhe m\u00eb shpejt t\u00eb miratojn\u00eb planet urbanistike.<\/p>\n<p>Edhe arka e qytetit do t\u00eb ishte m\u00eb plot\u00eb, sidomos n\u00ebse dihet se vet\u00ebm n\u00eb baz\u00eb t\u00eb tatimit n\u00eb patundshm\u00ebri t\u00eb pa paguar, kompanit\u00eb dhe qytetar\u00ebt i kan\u00eb borxh qeverisjes lokale rreth shtat\u00eb milion euro.<\/p>\n","protected":false},"excerpt":{"rendered":"<p>N\u00eb territorin e komun\u00ebs s\u00eb Ulqinit momentalisht nd\u00ebrtohet ose rind\u00ebrtohen rreth 150 objekte. Kaq nuk \u00ebsht\u00eb punuar as n\u00eb koh\u00ebn e t\u00eb ashtuquajturit bumit ekonomik gjat\u00eb viteve 2006-2009, transmeton portali Ul.info. Q\u00eb sezoni nd\u00ebrtimor \u00ebsht\u00eb n\u00eb kulmin e tij mund t\u00eb shihet m\u00eb s\u00eb miri n\u00eb Kala ose p\u00ebrgjat\u00eb bulevardit \u201cTeuta\u201d ku katet e rinj [&hellip;]<\/p>\n","protected":false},"author":1,"featured_media":0,"comment_status":"closed","ping_status":"closed","sticky":false,"template":"","format":"standard","meta":{"spay_email":"","jetpack_publicize_message":"","jetpack_is_tweetstorm":false,"jetpack_publicize_feature_enabled":true},"categories":[1,12],"tags":[],"jetpack_publicize_connections":[],"yoast_head":"<!-- This site is optimized with the Yoast SEO plugin v19.1 - https:\/\/yoast.com\/wordpress\/plugins\/seo\/ -->\n<title>Bomb\u00eb e nd\u00ebrtimit n\u00eb komunen e Ulqinit - Lajme nga Ulqini<\/title>\n<meta name=\"description\" content=\"N\u00eb territorin e komun\u00ebs s\u00eb Ulqinit momentalisht nd\u00ebrtohet ose rind\u00ebrtohen rreth 150 objekte. Kaq nuk \u00ebsht\u00eb punuar as n\u00eb koh\u00ebn e t\u00eb ashtuquajturit bumit\" \/>\n<meta name=\"robots\" content=\"index, follow, max-snippet:-1, max-image-preview:large, max-video-preview:-1\" \/>\n<link rel=\"canonical\" href=\"https:\/\/www.visit-ulcinj.com\/blog\/2016\/01\/27\/bombe-e-ndertimit-ne-komunen-e-ulqinit\/\" \/>\n<meta property=\"og:locale\" content=\"en_US\" \/>\n<meta property=\"og:type\" content=\"article\" \/>\n<meta property=\"og:title\" content=\"Bomb\u00eb e nd\u00ebrtimit n\u00eb komunen e Ulqinit - Lajme nga Ulqini\" \/>\n<meta property=\"og:description\" content=\"N\u00eb territorin e komun\u00ebs s\u00eb Ulqinit momentalisht nd\u00ebrtohet ose rind\u00ebrtohen rreth 150 objekte. Kaq nuk \u00ebsht\u00eb punuar as n\u00eb koh\u00ebn e t\u00eb ashtuquajturit bumit\" \/>\n<meta property=\"og:url\" content=\"https:\/\/www.visit-ulcinj.com\/blog\/2016\/01\/27\/bombe-e-ndertimit-ne-komunen-e-ulqinit\/\" \/>\n<meta property=\"og:site_name\" content=\"Lajme nga Ulqini\" \/>\n<meta property=\"article:published_time\" content=\"2016-01-27T14:22:47+00:00\" \/>\n<meta property=\"article:modified_time\" content=\"2016-01-28T15:50:58+00:00\" \/>\n<meta property=\"og:image\" content=\"http:\/\/www.visit-ulcinj.com\/blog\/wp-content\/uploads\/2016\/01\/Ulqini-Foto.jpg\" \/>\n<meta name=\"twitter:label1\" content=\"Written by\" \/>\n\t<meta name=\"twitter:data1\" content=\"ulqini\" \/>\n\t<meta name=\"twitter:label2\" content=\"Est. reading time\" \/>\n\t<meta name=\"twitter:data2\" content=\"1 minute\" \/>\n<script type=\"application\/ld+json\" class=\"yoast-schema-graph\">{\"@context\":\"https:\/\/schema.org\",\"@graph\":[{\"@type\":\"WebSite\",\"@id\":\"https:\/\/www.visit-ulcinj.com\/blog\/#website\",\"url\":\"https:\/\/www.visit-ulcinj.com\/blog\/\",\"name\":\"Lajme nga Ulqini\",\"description\":\"Lajme,Vijesti,Ulqini,Ulqin,Crna Gora,Mali i Zi\",\"potentialAction\":[{\"@type\":\"SearchAction\",\"target\":{\"@type\":\"EntryPoint\",\"urlTemplate\":\"https:\/\/www.visit-ulcinj.com\/blog\/?s={search_term_string}\"},\"query-input\":\"required name=search_term_string\"}],\"inLanguage\":\"en-US\"},{\"@type\":\"ImageObject\",\"inLanguage\":\"en-US\",\"@id\":\"https:\/\/www.visit-ulcinj.com\/blog\/2016\/01\/27\/bombe-e-ndertimit-ne-komunen-e-ulqinit\/#primaryimage\",\"url\":\"https:\/\/www.visit-ulcinj.com\/blog\/wp-content\/uploads\/2016\/01\/Ulqini-Foto.jpg\",\"contentUrl\":\"https:\/\/www.visit-ulcinj.com\/blog\/wp-content\/uploads\/2016\/01\/Ulqini-Foto.jpg\",\"width\":960,\"height\":530},{\"@type\":\"WebPage\",\"@id\":\"https:\/\/www.visit-ulcinj.com\/blog\/2016\/01\/27\/bombe-e-ndertimit-ne-komunen-e-ulqinit\/#webpage\",\"url\":\"https:\/\/www.visit-ulcinj.com\/blog\/2016\/01\/27\/bombe-e-ndertimit-ne-komunen-e-ulqinit\/\",\"name\":\"Bomb\u00eb e nd\u00ebrtimit n\u00eb komunen e Ulqinit - Lajme nga Ulqini\",\"isPartOf\":{\"@id\":\"https:\/\/www.visit-ulcinj.com\/blog\/#website\"},\"primaryImageOfPage\":{\"@id\":\"https:\/\/www.visit-ulcinj.com\/blog\/2016\/01\/27\/bombe-e-ndertimit-ne-komunen-e-ulqinit\/#primaryimage\"},\"datePublished\":\"2016-01-27T14:22:47+00:00\",\"dateModified\":\"2016-01-28T15:50:58+00:00\",\"author\":{\"@id\":\"https:\/\/www.visit-ulcinj.com\/blog\/#\/schema\/person\/dcab619c614d3038751c63bc2aadc06d\"},\"description\":\"N\u00eb territorin e komun\u00ebs s\u00eb Ulqinit momentalisht nd\u00ebrtohet ose rind\u00ebrtohen rreth 150 objekte. Kaq nuk \u00ebsht\u00eb punuar as n\u00eb koh\u00ebn e t\u00eb ashtuquajturit bumit\",\"breadcrumb\":{\"@id\":\"https:\/\/www.visit-ulcinj.com\/blog\/2016\/01\/27\/bombe-e-ndertimit-ne-komunen-e-ulqinit\/#breadcrumb\"},\"inLanguage\":\"en-US\",\"potentialAction\":[{\"@type\":\"ReadAction\",\"target\":[\"https:\/\/www.visit-ulcinj.com\/blog\/2016\/01\/27\/bombe-e-ndertimit-ne-komunen-e-ulqinit\/\"]}]},{\"@type\":\"BreadcrumbList\",\"@id\":\"https:\/\/www.visit-ulcinj.com\/blog\/2016\/01\/27\/bombe-e-ndertimit-ne-komunen-e-ulqinit\/#breadcrumb\",\"itemListElement\":[{\"@type\":\"ListItem\",\"position\":1,\"name\":\"Bomb\u00eb e nd\u00ebrtimit n\u00eb komunen e Ulqinit\"}]},{\"@type\":\"Person\",\"@id\":\"https:\/\/www.visit-ulcinj.com\/blog\/#\/schema\/person\/dcab619c614d3038751c63bc2aadc06d\",\"name\":\"ulqini\",\"sameAs\":[\"http:\/\/www.visit-ulcinj.com\"],\"url\":\"https:\/\/www.visit-ulcinj.com\/blog\/author\/admin\/\"}]}<\/script>\n<!-- \/ Yoast SEO plugin. -->","yoast_head_json":{"title":"Bomb\u00eb e nd\u00ebrtimit n\u00eb komunen e Ulqinit - Lajme nga Ulqini","description":"N\u00eb territorin e komun\u00ebs s\u00eb Ulqinit momentalisht nd\u00ebrtohet ose rind\u00ebrtohen rreth 150 objekte. Kaq nuk \u00ebsht\u00eb punuar as n\u00eb koh\u00ebn e t\u00eb ashtuquajturit bumit","robots":{"index":"index","follow":"follow","max-snippet":"max-snippet:-1","max-image-preview":"max-image-preview:large","max-video-preview":"max-video-preview:-1"},"canonical":"https:\/\/www.visit-ulcinj.com\/blog\/2016\/01\/27\/bombe-e-ndertimit-ne-komunen-e-ulqinit\/","og_locale":"en_US","og_type":"article","og_title":"Bomb\u00eb e nd\u00ebrtimit n\u00eb komunen e Ulqinit - Lajme nga Ulqini","og_description":"N\u00eb territorin e komun\u00ebs s\u00eb Ulqinit momentalisht nd\u00ebrtohet ose rind\u00ebrtohen rreth 150 objekte. Kaq nuk \u00ebsht\u00eb punuar as n\u00eb koh\u00ebn e t\u00eb ashtuquajturit bumit","og_url":"https:\/\/www.visit-ulcinj.com\/blog\/2016\/01\/27\/bombe-e-ndertimit-ne-komunen-e-ulqinit\/","og_site_name":"Lajme nga Ulqini","article_published_time":"2016-01-27T14:22:47+00:00","article_modified_time":"2016-01-28T15:50:58+00:00","og_image":[{"url":"http:\/\/www.visit-ulcinj.com\/blog\/wp-content\/uploads\/2016\/01\/Ulqini-Foto.jpg"}],"twitter_misc":{"Written by":"ulqini","Est. reading time":"1 minute"},"schema":{"@context":"https:\/\/schema.org","@graph":[{"@type":"WebSite","@id":"https:\/\/www.visit-ulcinj.com\/blog\/#website","url":"https:\/\/www.visit-ulcinj.com\/blog\/","name":"Lajme nga Ulqini","description":"Lajme,Vijesti,Ulqini,Ulqin,Crna Gora,Mali i Zi","potentialAction":[{"@type":"SearchAction","target":{"@type":"EntryPoint","urlTemplate":"https:\/\/www.visit-ulcinj.com\/blog\/?s={search_term_string}"},"query-input":"required name=search_term_string"}],"inLanguage":"en-US"},{"@type":"ImageObject","inLanguage":"en-US","@id":"https:\/\/www.visit-ulcinj.com\/blog\/2016\/01\/27\/bombe-e-ndertimit-ne-komunen-e-ulqinit\/#primaryimage","url":"https:\/\/www.visit-ulcinj.com\/blog\/wp-content\/uploads\/2016\/01\/Ulqini-Foto.jpg","contentUrl":"https:\/\/www.visit-ulcinj.com\/blog\/wp-content\/uploads\/2016\/01\/Ulqini-Foto.jpg","width":960,"height":530},{"@type":"WebPage","@id":"https:\/\/www.visit-ulcinj.com\/blog\/2016\/01\/27\/bombe-e-ndertimit-ne-komunen-e-ulqinit\/#webpage","url":"https:\/\/www.visit-ulcinj.com\/blog\/2016\/01\/27\/bombe-e-ndertimit-ne-komunen-e-ulqinit\/","name":"Bomb\u00eb e nd\u00ebrtimit n\u00eb komunen e Ulqinit - Lajme nga Ulqini","isPartOf":{"@id":"https:\/\/www.visit-ulcinj.com\/blog\/#website"},"primaryImageOfPage":{"@id":"https:\/\/www.visit-ulcinj.com\/blog\/2016\/01\/27\/bombe-e-ndertimit-ne-komunen-e-ulqinit\/#primaryimage"},"datePublished":"2016-01-27T14:22:47+00:00","dateModified":"2016-01-28T15:50:58+00:00","author":{"@id":"https:\/\/www.visit-ulcinj.com\/blog\/#\/schema\/person\/dcab619c614d3038751c63bc2aadc06d"},"description":"N\u00eb territorin e komun\u00ebs s\u00eb Ulqinit momentalisht nd\u00ebrtohet ose rind\u00ebrtohen rreth 150 objekte. Kaq nuk \u00ebsht\u00eb punuar as n\u00eb koh\u00ebn e t\u00eb ashtuquajturit bumit","breadcrumb":{"@id":"https:\/\/www.visit-ulcinj.com\/blog\/2016\/01\/27\/bombe-e-ndertimit-ne-komunen-e-ulqinit\/#breadcrumb"},"inLanguage":"en-US","potentialAction":[{"@type":"ReadAction","target":["https:\/\/www.visit-ulcinj.com\/blog\/2016\/01\/27\/bombe-e-ndertimit-ne-komunen-e-ulqinit\/"]}]},{"@type":"BreadcrumbList","@id":"https:\/\/www.visit-ulcinj.com\/blog\/2016\/01\/27\/bombe-e-ndertimit-ne-komunen-e-ulqinit\/#breadcrumb","itemListElement":[{"@type":"ListItem","position":1,"name":"Bomb\u00eb e nd\u00ebrtimit n\u00eb komunen e Ulqinit"}]},{"@type":"Person","@id":"https:\/\/www.visit-ulcinj.com\/blog\/#\/schema\/person\/dcab619c614d3038751c63bc2aadc06d","name":"ulqini","sameAs":["http:\/\/www.visit-ulcinj.com"],"url":"https:\/\/www.visit-ulcinj.com\/blog\/author\/admin\/"}]}},"jetpack_featured_media_url":"","jetpack_sharing_enabled":true,"jetpack_shortlink":"https:\/\/wp.me\/pe6lTn-owd","_links":{"self":[{"href":"https:\/\/www.visit-ulcinj.com\/blog\/wp-json\/wp\/v2\/posts\/94253"}],"collection":[{"href":"https:\/\/www.visit-ulcinj.com\/blog\/wp-json\/wp\/v2\/posts"}],"about":[{"href":"https:\/\/www.visit-ulcinj.com\/blog\/wp-json\/wp\/v2\/types\/post"}],"author":[{"embeddable":true,"href":"https:\/\/www.visit-ulcinj.com\/blog\/wp-json\/wp\/v2\/users\/1"}],"replies":[{"embeddable":true,"href":"https:\/\/www.visit-ulcinj.com\/blog\/wp-json\/wp\/v2\/comments?post=94253"}],"version-history":[{"count":1,"href":"https:\/\/www.visit-ulcinj.com\/blog\/wp-json\/wp\/v2\/posts\/94253\/revisions"}],"predecessor-version":[{"id":94255,"href":"https:\/\/www.visit-ulcinj.com\/blog\/wp-json\/wp\/v2\/posts\/94253\/revisions\/94255"}],"wp:attachment":[{"href":"https:\/\/www.visit-ulcinj.com\/blog\/wp-json\/wp\/v2\/media?parent=94253"}],"wp:term":[{"taxonomy":"category","embeddable":true,"href":"https:\/\/www.visit-ulcinj.com\/blog\/wp-json\/wp\/v2\/categories?post=94253"},{"taxonomy":"post_tag","embeddable":true,"href":"https:\/\/www.visit-ulcinj.com\/blog\/wp-json\/wp\/v2\/tags?post=94253"}],"curies":[{"name":"wp","href":"https:\/\/api.w.org\/{rel}","templated":true}]}}