{"id":94256,"date":"2016-01-27T19:30:14","date_gmt":"2016-01-27T18:30:14","guid":{"rendered":"http:\/\/www.visit-ulcinj.com\/blog\/?p=94256"},"modified":"2016-01-27T19:30:14","modified_gmt":"2016-01-27T18:30:14","slug":"ekspozite-fotografike-photography-exhibition-jetlir-kovaci","status":"publish","type":"post","link":"https:\/\/www.visit-ulcinj.com\/blog\/2016\/01\/27\/ekspozite-fotografike-photography-exhibition-jetlir-kovaci\/","title":{"rendered":"Ekspozit\u00eb Fotografike \/ Photography Exhibition &#8211; Jetlir Kova\u00e7i"},"content":{"rendered":"<p><span class=\"fsl\"><a href=\"http:\/\/www.visit-ulcinj.com\/blog\/wp-content\/uploads\/2016\/01\/Ekspozit\u00eb-Fotografike-Photography-Exhibition-Jetlir-Kovaci.jpg\"><img loading=\"lazy\" class=\"alignleft wp-image-94257\" src=\"http:\/\/www.visit-ulcinj.com\/blog\/wp-content\/uploads\/2016\/01\/Ekspozit\u00eb-Fotografike-Photography-Exhibition-Jetlir-Kovaci.jpg\" alt=\"Ekspozit\u00eb Fotografike -Photography Exhibition - Jetlir Kovaci\" width=\"508\" height=\"675\" srcset=\"https:\/\/www.visit-ulcinj.com\/blog\/wp-content\/uploads\/2016\/01\/Ekspozit\u00eb-Fotografike-Photography-Exhibition-Jetlir-Kovaci.jpg 723w, https:\/\/www.visit-ulcinj.com\/blog\/wp-content\/uploads\/2016\/01\/Ekspozit\u00eb-Fotografike-Photography-Exhibition-Jetlir-Kovaci-226x300.jpg 226w\" sizes=\"(max-width: 508px) 100vw, 508px\" \/><\/a>T\u00eb organizosh ekspozit\u00eb t\u00eb fotografive do t\u00eb thot\u00eb t\u00eb ekspozosh bot\u00ebn shpirt\u00ebrore tuajen, emocionet dhe t\u00eb thuash at\u00eb q\u00eb s&#8217;e thua dot me fjal\u00eb, sepse fotografia \u00ebsht\u00eb art, \u00ebsht\u00eb pasqyrim i bot\u00ebs s\u00eb brendshme t\u00eb autorit, \u00ebsht\u00eb komunikim me auditorin, por pa fjal\u00eb. <\/span><\/p>\n<p><span class=\"fsl\">Pasionin tim p\u00ebr fotografin\u00eb, p\u00ebr t\u00eb bukur\u00ebn, d\u00ebshiroj ta konkretizoj me nj\u00eb ekspozit\u00eb t\u00eb fotografive q\u00eb ka p\u00ebr q\u00ebllim ekspozimin e t\u00eb bukur\u00ebs nga k\u00ebndv\u00ebshtrime t\u00eb ndryshme. Aktivitetet e k\u00ebtilla jan\u00eb t\u00eb domosdoshme, t\u00eb mir\u00ebseardhura, n\u00eb funksion t\u00eb njohjes me nj\u00ebri tjetrin dhe t\u00eb unifikimit t\u00eb bot\u00ebs shpirt\u00ebrore. N\u00eb k\u00ebt\u00eb ekspozit\u00eb do t\u00eb sjell imazhe t\u00eb ndryshme, gjithandej, ku syri u mishrua me t\u00eb bukur\u00ebn dhe ku troku i ecjes u ndal n\u00eb hap, n\u00eb vend, p\u00ebr t\u00eb shkrepur aparatim tim! <\/span><\/p>\n<p><span class=\"fsl\">Ne vijm\u00eb nga vende t\u00eb ndryshme, nga shtresa t\u00eb ndryshme sociale, nga kultura t\u00eb ndryshme dhe qellimi i k\u00ebsaj ekspozite \u00ebsht\u00eb q\u00eb p\u00ebr nj\u00eb moment t\u00eb ndjehemi t\u00eb gjith\u00eb t\u00eb barabart\u00eb! Le t\u00eb jet\u00eb kjo ekspozit\u00eb dhe Qendra Kulturore e Ulqinit si pik\u00ebtakim i t\u00eb gjith\u00eb dashamir\u00ebsve t\u00eb artit, le t\u00eb flasim me nj\u00ebri tjetrin p\u00ebrmes imazheve t\u00eb bukura q\u00eb transmeton fotografia!<\/span><\/p>\n<p><a href=\"https:\/\/www.facebook.com\/events\/827826913993441\/\" target=\"_blank\"><strong>Jetlir Liri Kova\u00e7i ju ben ftes\u00eb n\u00eb:<span class=\"_5v1l _11s4\">Ekspozit\u00eb Fotografike \/ Photography Exhibition &#8211; Jetlir Kova\u00e7i<\/span><\/strong><\/a><\/p>\n","protected":false},"excerpt":{"rendered":"<p>T\u00eb organizosh ekspozit\u00eb t\u00eb fotografive do t\u00eb thot\u00eb t\u00eb ekspozosh bot\u00ebn shpirt\u00ebrore tuajen, emocionet dhe t\u00eb thuash at\u00eb q\u00eb s&#8217;e thua dot me fjal\u00eb, sepse fotografia \u00ebsht\u00eb art, \u00ebsht\u00eb pasqyrim i bot\u00ebs s\u00eb brendshme t\u00eb autorit, \u00ebsht\u00eb komunikim me auditorin, por pa fjal\u00eb. Pasionin tim p\u00ebr fotografin\u00eb, p\u00ebr t\u00eb bukur\u00ebn, d\u00ebshiroj ta konkretizoj me nj\u00eb [&hellip;]<\/p>\n","protected":false},"author":1,"featured_media":0,"comment_status":"closed","ping_status":"closed","sticky":false,"template":"","format":"standard","meta":{"spay_email":"","jetpack_publicize_message":"","jetpack_is_tweetstorm":false,"jetpack_publicize_feature_enabled":true},"categories":[4],"tags":[],"jetpack_publicize_connections":[],"yoast_head":"<!-- This site is optimized with the Yoast SEO plugin v19.1 - https:\/\/yoast.com\/wordpress\/plugins\/seo\/ -->\n<title>Ekspozit\u00eb Fotografike \/ Photography Exhibition - Jetlir Kova\u00e7i - Lajme nga Ulqini<\/title>\n<meta name=\"description\" content=\"T\u00eb organizosh ekspozit\u00eb t\u00eb fotografive do t\u00eb thot\u00eb t\u00eb ekspozosh bot\u00ebn shpirt\u00ebrore tuajen, emocionet dhe t\u00eb thuash at\u00eb q\u00eb s&#039;e thua dot me fjal\u00eb, sepse\" \/>\n<meta name=\"robots\" content=\"index, follow, max-snippet:-1, max-image-preview:large, max-video-preview:-1\" \/>\n<link rel=\"canonical\" href=\"https:\/\/www.visit-ulcinj.com\/blog\/2016\/01\/27\/ekspozite-fotografike-photography-exhibition-jetlir-kovaci\/\" \/>\n<meta property=\"og:locale\" content=\"en_US\" \/>\n<meta property=\"og:type\" content=\"article\" \/>\n<meta property=\"og:title\" content=\"Ekspozit\u00eb Fotografike \/ Photography Exhibition - Jetlir Kova\u00e7i - Lajme nga Ulqini\" \/>\n<meta property=\"og:description\" content=\"T\u00eb organizosh ekspozit\u00eb t\u00eb fotografive do t\u00eb thot\u00eb t\u00eb ekspozosh bot\u00ebn shpirt\u00ebrore tuajen, emocionet dhe t\u00eb thuash at\u00eb q\u00eb s&#039;e thua dot me fjal\u00eb, sepse\" \/>\n<meta property=\"og:url\" content=\"https:\/\/www.visit-ulcinj.com\/blog\/2016\/01\/27\/ekspozite-fotografike-photography-exhibition-jetlir-kovaci\/\" \/>\n<meta property=\"og:site_name\" content=\"Lajme nga Ulqini\" \/>\n<meta property=\"article:published_time\" content=\"2016-01-27T18:30:14+00:00\" \/>\n<meta name=\"twitter:label1\" content=\"Written by\" \/>\n\t<meta name=\"twitter:data1\" content=\"ulqini\" \/>\n\t<meta name=\"twitter:label2\" content=\"Est. reading time\" \/>\n\t<meta name=\"twitter:data2\" content=\"1 minute\" \/>\n<script type=\"application\/ld+json\" class=\"yoast-schema-graph\">{\"@context\":\"https:\/\/schema.org\",\"@graph\":[{\"@type\":\"WebSite\",\"@id\":\"https:\/\/www.visit-ulcinj.com\/blog\/#website\",\"url\":\"https:\/\/www.visit-ulcinj.com\/blog\/\",\"name\":\"Lajme nga Ulqini\",\"description\":\"Lajme,Vijesti,Ulqini,Ulqin,Crna Gora,Mali i Zi\",\"potentialAction\":[{\"@type\":\"SearchAction\",\"target\":{\"@type\":\"EntryPoint\",\"urlTemplate\":\"https:\/\/www.visit-ulcinj.com\/blog\/?s={search_term_string}\"},\"query-input\":\"required name=search_term_string\"}],\"inLanguage\":\"en-US\"},{\"@type\":\"WebPage\",\"@id\":\"https:\/\/www.visit-ulcinj.com\/blog\/2016\/01\/27\/ekspozite-fotografike-photography-exhibition-jetlir-kovaci\/#webpage\",\"url\":\"https:\/\/www.visit-ulcinj.com\/blog\/2016\/01\/27\/ekspozite-fotografike-photography-exhibition-jetlir-kovaci\/\",\"name\":\"Ekspozit\u00eb Fotografike \/ Photography Exhibition - Jetlir Kova\u00e7i - Lajme nga Ulqini\",\"isPartOf\":{\"@id\":\"https:\/\/www.visit-ulcinj.com\/blog\/#website\"},\"datePublished\":\"2016-01-27T18:30:14+00:00\",\"dateModified\":\"2016-01-27T18:30:14+00:00\",\"author\":{\"@id\":\"https:\/\/www.visit-ulcinj.com\/blog\/#\/schema\/person\/dcab619c614d3038751c63bc2aadc06d\"},\"description\":\"T\u00eb organizosh ekspozit\u00eb t\u00eb fotografive do t\u00eb thot\u00eb t\u00eb ekspozosh bot\u00ebn shpirt\u00ebrore tuajen, emocionet dhe t\u00eb thuash at\u00eb q\u00eb s'e thua dot me fjal\u00eb, sepse\",\"breadcrumb\":{\"@id\":\"https:\/\/www.visit-ulcinj.com\/blog\/2016\/01\/27\/ekspozite-fotografike-photography-exhibition-jetlir-kovaci\/#breadcrumb\"},\"inLanguage\":\"en-US\",\"potentialAction\":[{\"@type\":\"ReadAction\",\"target\":[\"https:\/\/www.visit-ulcinj.com\/blog\/2016\/01\/27\/ekspozite-fotografike-photography-exhibition-jetlir-kovaci\/\"]}]},{\"@type\":\"BreadcrumbList\",\"@id\":\"https:\/\/www.visit-ulcinj.com\/blog\/2016\/01\/27\/ekspozite-fotografike-photography-exhibition-jetlir-kovaci\/#breadcrumb\",\"itemListElement\":[{\"@type\":\"ListItem\",\"position\":1,\"name\":\"Ekspozit\u00eb Fotografike \/ Photography Exhibition &#8211; Jetlir Kova\u00e7i\"}]},{\"@type\":\"Person\",\"@id\":\"https:\/\/www.visit-ulcinj.com\/blog\/#\/schema\/person\/dcab619c614d3038751c63bc2aadc06d\",\"name\":\"ulqini\",\"sameAs\":[\"http:\/\/www.visit-ulcinj.com\"],\"url\":\"https:\/\/www.visit-ulcinj.com\/blog\/author\/admin\/\"}]}<\/script>\n<!-- \/ Yoast SEO plugin. -->","yoast_head_json":{"title":"Ekspozit\u00eb Fotografike \/ Photography Exhibition - Jetlir Kova\u00e7i - Lajme nga Ulqini","description":"T\u00eb organizosh ekspozit\u00eb t\u00eb fotografive do t\u00eb thot\u00eb t\u00eb ekspozosh bot\u00ebn shpirt\u00ebrore tuajen, emocionet dhe t\u00eb thuash at\u00eb q\u00eb s'e thua dot me fjal\u00eb, sepse","robots":{"index":"index","follow":"follow","max-snippet":"max-snippet:-1","max-image-preview":"max-image-preview:large","max-video-preview":"max-video-preview:-1"},"canonical":"https:\/\/www.visit-ulcinj.com\/blog\/2016\/01\/27\/ekspozite-fotografike-photography-exhibition-jetlir-kovaci\/","og_locale":"en_US","og_type":"article","og_title":"Ekspozit\u00eb Fotografike \/ Photography Exhibition - Jetlir Kova\u00e7i - Lajme nga Ulqini","og_description":"T\u00eb organizosh ekspozit\u00eb t\u00eb fotografive do t\u00eb thot\u00eb t\u00eb ekspozosh bot\u00ebn shpirt\u00ebrore tuajen, emocionet dhe t\u00eb thuash at\u00eb q\u00eb s'e thua dot me fjal\u00eb, sepse","og_url":"https:\/\/www.visit-ulcinj.com\/blog\/2016\/01\/27\/ekspozite-fotografike-photography-exhibition-jetlir-kovaci\/","og_site_name":"Lajme nga Ulqini","article_published_time":"2016-01-27T18:30:14+00:00","twitter_misc":{"Written by":"ulqini","Est. reading time":"1 minute"},"schema":{"@context":"https:\/\/schema.org","@graph":[{"@type":"WebSite","@id":"https:\/\/www.visit-ulcinj.com\/blog\/#website","url":"https:\/\/www.visit-ulcinj.com\/blog\/","name":"Lajme nga Ulqini","description":"Lajme,Vijesti,Ulqini,Ulqin,Crna Gora,Mali i Zi","potentialAction":[{"@type":"SearchAction","target":{"@type":"EntryPoint","urlTemplate":"https:\/\/www.visit-ulcinj.com\/blog\/?s={search_term_string}"},"query-input":"required name=search_term_string"}],"inLanguage":"en-US"},{"@type":"WebPage","@id":"https:\/\/www.visit-ulcinj.com\/blog\/2016\/01\/27\/ekspozite-fotografike-photography-exhibition-jetlir-kovaci\/#webpage","url":"https:\/\/www.visit-ulcinj.com\/blog\/2016\/01\/27\/ekspozite-fotografike-photography-exhibition-jetlir-kovaci\/","name":"Ekspozit\u00eb Fotografike \/ Photography Exhibition - Jetlir Kova\u00e7i - Lajme nga Ulqini","isPartOf":{"@id":"https:\/\/www.visit-ulcinj.com\/blog\/#website"},"datePublished":"2016-01-27T18:30:14+00:00","dateModified":"2016-01-27T18:30:14+00:00","author":{"@id":"https:\/\/www.visit-ulcinj.com\/blog\/#\/schema\/person\/dcab619c614d3038751c63bc2aadc06d"},"description":"T\u00eb organizosh ekspozit\u00eb t\u00eb fotografive do t\u00eb thot\u00eb t\u00eb ekspozosh bot\u00ebn shpirt\u00ebrore tuajen, emocionet dhe t\u00eb thuash at\u00eb q\u00eb s'e thua dot me fjal\u00eb, sepse","breadcrumb":{"@id":"https:\/\/www.visit-ulcinj.com\/blog\/2016\/01\/27\/ekspozite-fotografike-photography-exhibition-jetlir-kovaci\/#breadcrumb"},"inLanguage":"en-US","potentialAction":[{"@type":"ReadAction","target":["https:\/\/www.visit-ulcinj.com\/blog\/2016\/01\/27\/ekspozite-fotografike-photography-exhibition-jetlir-kovaci\/"]}]},{"@type":"BreadcrumbList","@id":"https:\/\/www.visit-ulcinj.com\/blog\/2016\/01\/27\/ekspozite-fotografike-photography-exhibition-jetlir-kovaci\/#breadcrumb","itemListElement":[{"@type":"ListItem","position":1,"name":"Ekspozit\u00eb Fotografike \/ Photography Exhibition &#8211; Jetlir Kova\u00e7i"}]},{"@type":"Person","@id":"https:\/\/www.visit-ulcinj.com\/blog\/#\/schema\/person\/dcab619c614d3038751c63bc2aadc06d","name":"ulqini","sameAs":["http:\/\/www.visit-ulcinj.com"],"url":"https:\/\/www.visit-ulcinj.com\/blog\/author\/admin\/"}]}},"jetpack_featured_media_url":"","jetpack_sharing_enabled":true,"jetpack_shortlink":"https:\/\/wp.me\/pe6lTn-owg","_links":{"self":[{"href":"https:\/\/www.visit-ulcinj.com\/blog\/wp-json\/wp\/v2\/posts\/94256"}],"collection":[{"href":"https:\/\/www.visit-ulcinj.com\/blog\/wp-json\/wp\/v2\/posts"}],"about":[{"href":"https:\/\/www.visit-ulcinj.com\/blog\/wp-json\/wp\/v2\/types\/post"}],"author":[{"embeddable":true,"href":"https:\/\/www.visit-ulcinj.com\/blog\/wp-json\/wp\/v2\/users\/1"}],"replies":[{"embeddable":true,"href":"https:\/\/www.visit-ulcinj.com\/blog\/wp-json\/wp\/v2\/comments?post=94256"}],"version-history":[{"count":1,"href":"https:\/\/www.visit-ulcinj.com\/blog\/wp-json\/wp\/v2\/posts\/94256\/revisions"}],"predecessor-version":[{"id":94258,"href":"https:\/\/www.visit-ulcinj.com\/blog\/wp-json\/wp\/v2\/posts\/94256\/revisions\/94258"}],"wp:attachment":[{"href":"https:\/\/www.visit-ulcinj.com\/blog\/wp-json\/wp\/v2\/media?parent=94256"}],"wp:term":[{"taxonomy":"category","embeddable":true,"href":"https:\/\/www.visit-ulcinj.com\/blog\/wp-json\/wp\/v2\/categories?post=94256"},{"taxonomy":"post_tag","embeddable":true,"href":"https:\/\/www.visit-ulcinj.com\/blog\/wp-json\/wp\/v2\/tags?post=94256"}],"curies":[{"name":"wp","href":"https:\/\/api.w.org\/{rel}","templated":true}]}}