{"id":94262,"date":"2016-01-28T16:46:39","date_gmt":"2016-01-28T15:46:39","guid":{"rendered":"http:\/\/www.visit-ulcinj.com\/blog\/?p=94262"},"modified":"2016-02-01T11:52:27","modified_gmt":"2016-02-01T10:52:27","slug":"kallaba-klasa-politike-shqiptare-e-mbane-peng-ulqinin","status":"publish","type":"post","link":"https:\/\/www.visit-ulcinj.com\/blog\/2016\/01\/28\/kallaba-klasa-politike-shqiptare-e-mbane-peng-ulqinin\/","title":{"rendered":"I.Kallaba: Klasa politike shqiptare e mban\u00eb peng Ulqinin"},"content":{"rendered":"<p><a href=\"http:\/\/www.visit-ulcinj.com\/blog\/wp-content\/uploads\/2016\/01\/Ismet-Kallaba.jpg\"><img loading=\"lazy\" class=\"alignleft wp-image-94263\" src=\"http:\/\/www.visit-ulcinj.com\/blog\/wp-content\/uploads\/2016\/01\/Ismet-Kallaba.jpg\" alt=\"Ismet-Kallaba\" width=\"508\" height=\"449\" srcset=\"https:\/\/www.visit-ulcinj.com\/blog\/wp-content\/uploads\/2016\/01\/Ismet-Kallaba.jpg 428w, https:\/\/www.visit-ulcinj.com\/blog\/wp-content\/uploads\/2016\/01\/Ismet-Kallaba-300x265.jpg 300w\" sizes=\"(max-width: 508px) 100vw, 508px\" \/><\/a>Gazetari dhe analisti politik Ismet Kallaba tha se kriza e fundit politike ka treguar edhe nj\u00eb her\u00eb pap\u00ebrgjegjshm\u00ebrin\u00eb e klas\u00ebs politike shqiptare n\u00eb Ulqin.<\/p>\n<p>\u201cPolitika e inateve personale, nj\u00eb ves i njohur i mentalitetit shqiptar, ka b\u00ebr\u00eb q\u00eb ajo t\u00eb marr\u00eb peng fatin e Ulqinit. Por ata q\u00eb kan\u00eb marr\u00eb p\u00ebrgjegj\u00ebsi p\u00ebr ta drejtuar k\u00ebt\u00eb qytet, duhet ta din\u00eb se aq sa \u00ebsht\u00eb privilegj p\u00ebr t\u00eb qen\u00eb n\u00eb krye t\u00eb tij \u00ebsht\u00eb edhe p\u00ebrgjegj\u00ebsi dhe askush nuk guxon t\u00eb luaj\u00eb me Ulqinin dhe qytetar\u00ebt e tij, t\u00eb cil\u00ebt po e humbin dita-dit\u00ebs besimin, nd\u00ebrsa shpresa duket gjithnj\u00eb e m\u00eb e zymt\u00eb\u201d, shkruan Kallaba p\u00ebr \u201cKoha javore\u201d.<\/p>\n<p>Sipas fjal\u00ebve t\u00eb tija, koalicioni qeveris\u00ebs n\u00eb Ulqin, n\u00eb m\u00ebnyr\u00eb figurative, i ngjan\u00eb nj\u00eb \u00e7ifti bashk\u00ebshortor ku secili p\u00ebrpiqet ta tradhtoj\u00eb partnerin.<\/p>\n<p>Ul.info<\/p>\n","protected":false},"excerpt":{"rendered":"<p>Gazetari dhe analisti politik Ismet Kallaba tha se kriza e fundit politike ka treguar edhe nj\u00eb her\u00eb pap\u00ebrgjegjshm\u00ebrin\u00eb e klas\u00ebs politike shqiptare n\u00eb Ulqin. \u201cPolitika e inateve personale, nj\u00eb ves i njohur i mentalitetit shqiptar, ka b\u00ebr\u00eb q\u00eb ajo t\u00eb marr\u00eb peng fatin e Ulqinit. Por ata q\u00eb kan\u00eb marr\u00eb p\u00ebrgjegj\u00ebsi p\u00ebr ta drejtuar k\u00ebt\u00eb [&hellip;]<\/p>\n","protected":false},"author":1,"featured_media":0,"comment_status":"closed","ping_status":"closed","sticky":false,"template":"","format":"standard","meta":{"spay_email":"","jetpack_publicize_message":"","jetpack_is_tweetstorm":false,"jetpack_publicize_feature_enabled":true},"categories":[1],"tags":[],"jetpack_publicize_connections":[],"yoast_head":"<!-- This site is optimized with the Yoast SEO plugin v19.1 - https:\/\/yoast.com\/wordpress\/plugins\/seo\/ -->\n<title>I.Kallaba: Klasa politike shqiptare e mban\u00eb peng Ulqinin - Lajme nga Ulqini<\/title>\n<meta name=\"description\" content=\"Gazetari dhe analisti politik Ismet Kallaba tha se kriza e fundit politike ka treguar edhe nj\u00eb her\u00eb pap\u00ebrgjegjshm\u00ebrin\u00eb e klas\u00ebs politike shqiptare n\u00eb\" \/>\n<meta name=\"robots\" content=\"index, follow, max-snippet:-1, max-image-preview:large, max-video-preview:-1\" \/>\n<link rel=\"canonical\" href=\"https:\/\/www.visit-ulcinj.com\/blog\/2016\/01\/28\/kallaba-klasa-politike-shqiptare-e-mbane-peng-ulqinin\/\" \/>\n<meta property=\"og:locale\" content=\"en_US\" \/>\n<meta property=\"og:type\" content=\"article\" \/>\n<meta property=\"og:title\" content=\"I.Kallaba: Klasa politike shqiptare e mban\u00eb peng Ulqinin - Lajme nga Ulqini\" \/>\n<meta property=\"og:description\" content=\"Gazetari dhe analisti politik Ismet Kallaba tha se kriza e fundit politike ka treguar edhe nj\u00eb her\u00eb pap\u00ebrgjegjshm\u00ebrin\u00eb e klas\u00ebs politike shqiptare n\u00eb\" \/>\n<meta property=\"og:url\" content=\"https:\/\/www.visit-ulcinj.com\/blog\/2016\/01\/28\/kallaba-klasa-politike-shqiptare-e-mbane-peng-ulqinin\/\" \/>\n<meta property=\"og:site_name\" content=\"Lajme nga Ulqini\" \/>\n<meta property=\"article:published_time\" content=\"2016-01-28T15:46:39+00:00\" \/>\n<meta property=\"article:modified_time\" content=\"2016-02-01T10:52:27+00:00\" \/>\n<meta property=\"og:image\" content=\"http:\/\/www.visit-ulcinj.com\/blog\/wp-content\/uploads\/2016\/01\/Ismet-Kallaba.jpg\" \/>\n<meta name=\"twitter:label1\" content=\"Written by\" \/>\n\t<meta name=\"twitter:data1\" content=\"ulqini\" \/>\n\t<meta name=\"twitter:label2\" content=\"Est. reading time\" \/>\n\t<meta name=\"twitter:data2\" content=\"1 minute\" \/>\n<script type=\"application\/ld+json\" class=\"yoast-schema-graph\">{\"@context\":\"https:\/\/schema.org\",\"@graph\":[{\"@type\":\"WebSite\",\"@id\":\"https:\/\/www.visit-ulcinj.com\/blog\/#website\",\"url\":\"https:\/\/www.visit-ulcinj.com\/blog\/\",\"name\":\"Lajme nga Ulqini\",\"description\":\"Lajme,Vijesti,Ulqini,Ulqin,Crna Gora,Mali i Zi\",\"potentialAction\":[{\"@type\":\"SearchAction\",\"target\":{\"@type\":\"EntryPoint\",\"urlTemplate\":\"https:\/\/www.visit-ulcinj.com\/blog\/?s={search_term_string}\"},\"query-input\":\"required name=search_term_string\"}],\"inLanguage\":\"en-US\"},{\"@type\":\"ImageObject\",\"inLanguage\":\"en-US\",\"@id\":\"https:\/\/www.visit-ulcinj.com\/blog\/2016\/01\/28\/kallaba-klasa-politike-shqiptare-e-mbane-peng-ulqinin\/#primaryimage\",\"url\":\"https:\/\/www.visit-ulcinj.com\/blog\/wp-content\/uploads\/2016\/01\/Ismet-Kallaba.jpg\",\"contentUrl\":\"https:\/\/www.visit-ulcinj.com\/blog\/wp-content\/uploads\/2016\/01\/Ismet-Kallaba.jpg\",\"width\":428,\"height\":378},{\"@type\":\"WebPage\",\"@id\":\"https:\/\/www.visit-ulcinj.com\/blog\/2016\/01\/28\/kallaba-klasa-politike-shqiptare-e-mbane-peng-ulqinin\/#webpage\",\"url\":\"https:\/\/www.visit-ulcinj.com\/blog\/2016\/01\/28\/kallaba-klasa-politike-shqiptare-e-mbane-peng-ulqinin\/\",\"name\":\"I.Kallaba: Klasa politike shqiptare e mban\u00eb peng Ulqinin - Lajme nga Ulqini\",\"isPartOf\":{\"@id\":\"https:\/\/www.visit-ulcinj.com\/blog\/#website\"},\"primaryImageOfPage\":{\"@id\":\"https:\/\/www.visit-ulcinj.com\/blog\/2016\/01\/28\/kallaba-klasa-politike-shqiptare-e-mbane-peng-ulqinin\/#primaryimage\"},\"datePublished\":\"2016-01-28T15:46:39+00:00\",\"dateModified\":\"2016-02-01T10:52:27+00:00\",\"author\":{\"@id\":\"https:\/\/www.visit-ulcinj.com\/blog\/#\/schema\/person\/dcab619c614d3038751c63bc2aadc06d\"},\"description\":\"Gazetari dhe analisti politik Ismet Kallaba tha se kriza e fundit politike ka treguar edhe nj\u00eb her\u00eb pap\u00ebrgjegjshm\u00ebrin\u00eb e klas\u00ebs politike shqiptare n\u00eb\",\"breadcrumb\":{\"@id\":\"https:\/\/www.visit-ulcinj.com\/blog\/2016\/01\/28\/kallaba-klasa-politike-shqiptare-e-mbane-peng-ulqinin\/#breadcrumb\"},\"inLanguage\":\"en-US\",\"potentialAction\":[{\"@type\":\"ReadAction\",\"target\":[\"https:\/\/www.visit-ulcinj.com\/blog\/2016\/01\/28\/kallaba-klasa-politike-shqiptare-e-mbane-peng-ulqinin\/\"]}]},{\"@type\":\"BreadcrumbList\",\"@id\":\"https:\/\/www.visit-ulcinj.com\/blog\/2016\/01\/28\/kallaba-klasa-politike-shqiptare-e-mbane-peng-ulqinin\/#breadcrumb\",\"itemListElement\":[{\"@type\":\"ListItem\",\"position\":1,\"name\":\"I.Kallaba: Klasa politike shqiptare e mban\u00eb peng Ulqinin\"}]},{\"@type\":\"Person\",\"@id\":\"https:\/\/www.visit-ulcinj.com\/blog\/#\/schema\/person\/dcab619c614d3038751c63bc2aadc06d\",\"name\":\"ulqini\",\"sameAs\":[\"http:\/\/www.visit-ulcinj.com\"],\"url\":\"https:\/\/www.visit-ulcinj.com\/blog\/author\/admin\/\"}]}<\/script>\n<!-- \/ Yoast SEO plugin. -->","yoast_head_json":{"title":"I.Kallaba: Klasa politike shqiptare e mban\u00eb peng Ulqinin - Lajme nga Ulqini","description":"Gazetari dhe analisti politik Ismet Kallaba tha se kriza e fundit politike ka treguar edhe nj\u00eb her\u00eb pap\u00ebrgjegjshm\u00ebrin\u00eb e klas\u00ebs politike shqiptare n\u00eb","robots":{"index":"index","follow":"follow","max-snippet":"max-snippet:-1","max-image-preview":"max-image-preview:large","max-video-preview":"max-video-preview:-1"},"canonical":"https:\/\/www.visit-ulcinj.com\/blog\/2016\/01\/28\/kallaba-klasa-politike-shqiptare-e-mbane-peng-ulqinin\/","og_locale":"en_US","og_type":"article","og_title":"I.Kallaba: Klasa politike shqiptare e mban\u00eb peng Ulqinin - Lajme nga Ulqini","og_description":"Gazetari dhe analisti politik Ismet Kallaba tha se kriza e fundit politike ka treguar edhe nj\u00eb her\u00eb pap\u00ebrgjegjshm\u00ebrin\u00eb e klas\u00ebs politike shqiptare n\u00eb","og_url":"https:\/\/www.visit-ulcinj.com\/blog\/2016\/01\/28\/kallaba-klasa-politike-shqiptare-e-mbane-peng-ulqinin\/","og_site_name":"Lajme nga Ulqini","article_published_time":"2016-01-28T15:46:39+00:00","article_modified_time":"2016-02-01T10:52:27+00:00","og_image":[{"url":"http:\/\/www.visit-ulcinj.com\/blog\/wp-content\/uploads\/2016\/01\/Ismet-Kallaba.jpg"}],"twitter_misc":{"Written by":"ulqini","Est. reading time":"1 minute"},"schema":{"@context":"https:\/\/schema.org","@graph":[{"@type":"WebSite","@id":"https:\/\/www.visit-ulcinj.com\/blog\/#website","url":"https:\/\/www.visit-ulcinj.com\/blog\/","name":"Lajme nga Ulqini","description":"Lajme,Vijesti,Ulqini,Ulqin,Crna Gora,Mali i Zi","potentialAction":[{"@type":"SearchAction","target":{"@type":"EntryPoint","urlTemplate":"https:\/\/www.visit-ulcinj.com\/blog\/?s={search_term_string}"},"query-input":"required name=search_term_string"}],"inLanguage":"en-US"},{"@type":"ImageObject","inLanguage":"en-US","@id":"https:\/\/www.visit-ulcinj.com\/blog\/2016\/01\/28\/kallaba-klasa-politike-shqiptare-e-mbane-peng-ulqinin\/#primaryimage","url":"https:\/\/www.visit-ulcinj.com\/blog\/wp-content\/uploads\/2016\/01\/Ismet-Kallaba.jpg","contentUrl":"https:\/\/www.visit-ulcinj.com\/blog\/wp-content\/uploads\/2016\/01\/Ismet-Kallaba.jpg","width":428,"height":378},{"@type":"WebPage","@id":"https:\/\/www.visit-ulcinj.com\/blog\/2016\/01\/28\/kallaba-klasa-politike-shqiptare-e-mbane-peng-ulqinin\/#webpage","url":"https:\/\/www.visit-ulcinj.com\/blog\/2016\/01\/28\/kallaba-klasa-politike-shqiptare-e-mbane-peng-ulqinin\/","name":"I.Kallaba: Klasa politike shqiptare e mban\u00eb peng Ulqinin - Lajme nga Ulqini","isPartOf":{"@id":"https:\/\/www.visit-ulcinj.com\/blog\/#website"},"primaryImageOfPage":{"@id":"https:\/\/www.visit-ulcinj.com\/blog\/2016\/01\/28\/kallaba-klasa-politike-shqiptare-e-mbane-peng-ulqinin\/#primaryimage"},"datePublished":"2016-01-28T15:46:39+00:00","dateModified":"2016-02-01T10:52:27+00:00","author":{"@id":"https:\/\/www.visit-ulcinj.com\/blog\/#\/schema\/person\/dcab619c614d3038751c63bc2aadc06d"},"description":"Gazetari dhe analisti politik Ismet Kallaba tha se kriza e fundit politike ka treguar edhe nj\u00eb her\u00eb pap\u00ebrgjegjshm\u00ebrin\u00eb e klas\u00ebs politike shqiptare n\u00eb","breadcrumb":{"@id":"https:\/\/www.visit-ulcinj.com\/blog\/2016\/01\/28\/kallaba-klasa-politike-shqiptare-e-mbane-peng-ulqinin\/#breadcrumb"},"inLanguage":"en-US","potentialAction":[{"@type":"ReadAction","target":["https:\/\/www.visit-ulcinj.com\/blog\/2016\/01\/28\/kallaba-klasa-politike-shqiptare-e-mbane-peng-ulqinin\/"]}]},{"@type":"BreadcrumbList","@id":"https:\/\/www.visit-ulcinj.com\/blog\/2016\/01\/28\/kallaba-klasa-politike-shqiptare-e-mbane-peng-ulqinin\/#breadcrumb","itemListElement":[{"@type":"ListItem","position":1,"name":"I.Kallaba: Klasa politike shqiptare e mban\u00eb peng Ulqinin"}]},{"@type":"Person","@id":"https:\/\/www.visit-ulcinj.com\/blog\/#\/schema\/person\/dcab619c614d3038751c63bc2aadc06d","name":"ulqini","sameAs":["http:\/\/www.visit-ulcinj.com"],"url":"https:\/\/www.visit-ulcinj.com\/blog\/author\/admin\/"}]}},"jetpack_featured_media_url":"","jetpack_sharing_enabled":true,"jetpack_shortlink":"https:\/\/wp.me\/pe6lTn-owm","_links":{"self":[{"href":"https:\/\/www.visit-ulcinj.com\/blog\/wp-json\/wp\/v2\/posts\/94262"}],"collection":[{"href":"https:\/\/www.visit-ulcinj.com\/blog\/wp-json\/wp\/v2\/posts"}],"about":[{"href":"https:\/\/www.visit-ulcinj.com\/blog\/wp-json\/wp\/v2\/types\/post"}],"author":[{"embeddable":true,"href":"https:\/\/www.visit-ulcinj.com\/blog\/wp-json\/wp\/v2\/users\/1"}],"replies":[{"embeddable":true,"href":"https:\/\/www.visit-ulcinj.com\/blog\/wp-json\/wp\/v2\/comments?post=94262"}],"version-history":[{"count":1,"href":"https:\/\/www.visit-ulcinj.com\/blog\/wp-json\/wp\/v2\/posts\/94262\/revisions"}],"predecessor-version":[{"id":94264,"href":"https:\/\/www.visit-ulcinj.com\/blog\/wp-json\/wp\/v2\/posts\/94262\/revisions\/94264"}],"wp:attachment":[{"href":"https:\/\/www.visit-ulcinj.com\/blog\/wp-json\/wp\/v2\/media?parent=94262"}],"wp:term":[{"taxonomy":"category","embeddable":true,"href":"https:\/\/www.visit-ulcinj.com\/blog\/wp-json\/wp\/v2\/categories?post=94262"},{"taxonomy":"post_tag","embeddable":true,"href":"https:\/\/www.visit-ulcinj.com\/blog\/wp-json\/wp\/v2\/tags?post=94262"}],"curies":[{"name":"wp","href":"https:\/\/api.w.org\/{rel}","templated":true}]}}