{"id":94267,"date":"2016-01-28T17:45:51","date_gmt":"2016-01-28T16:45:51","guid":{"rendered":"http:\/\/www.visit-ulcinj.com\/blog\/?p=94267"},"modified":"2016-01-28T18:25:31","modified_gmt":"2016-01-28T17:25:31","slug":"si-u-shpetua-nga-deputetet-shqiptare-qeveria-e-malit-te-zi","status":"publish","type":"post","link":"https:\/\/www.visit-ulcinj.com\/blog\/2016\/01\/28\/si-u-shpetua-nga-deputetet-shqiptare-qeveria-e-malit-te-zi\/","title":{"rendered":"Si u shpetua nga deputet\u00ebt shqiptar\u00eb qeveria e Malit t\u00eb Zi &#8211; Video"},"content":{"rendered":"<p><a href=\"http:\/\/www.visit-ulcinj.com\/blog\/wp-content\/uploads\/2014\/12\/Genci-Nimanbegu-Gjeloshaj.jpg\"><img loading=\"lazy\" class=\"alignleft wp-image-87334\" src=\"http:\/\/www.visit-ulcinj.com\/blog\/wp-content\/uploads\/2014\/12\/Genci-Nimanbegu-Gjeloshaj.jpg\" alt=\"Genci-Nimanbegu-Gjeloshaj\" width=\"508\" height=\"338\" srcset=\"https:\/\/www.visit-ulcinj.com\/blog\/wp-content\/uploads\/2014\/12\/Genci-Nimanbegu-Gjeloshaj.jpg 900w, https:\/\/www.visit-ulcinj.com\/blog\/wp-content\/uploads\/2014\/12\/Genci-Nimanbegu-Gjeloshaj-300x199.jpg 300w\" sizes=\"(max-width: 508px) 100vw, 508px\" \/><\/a>Parlamenti i Malit t\u00eb Zi e ka vazhduar dje debatin\u00a0 p\u00ebr vot\u00ebbesimin e qeveris\u00eb. P\u00ebr propozimin e kryeministrit Millo Gjukanoviq deputet\u00ebt do t\u00eb duhej t\u00eb votojn\u00eb sot. T\u00eb p\u00ebrkujtojm\u00eb se diskutimin e djesh\u00ebm n\u00eb Parlament e ka sh\u00ebnuar debati nd\u00ebrmjet liderit t\u00eb PDS Gjukanoviq me kryetarin e PSD Ranko Krivokapiq, kurse n\u00eb sh\u00ebnjest\u00ebr ishte korrupsioni politik dhe udh\u00ebheqja e politik\u00ebs n\u00eb vitet e 90-ta. P\u00ebrfaq\u00ebsuesi i partive shqiptare n\u00eb parlament Genc Nimanbegu ka theksuar se FORCA, edhe pse e p\u00ebrkrah PDS, nuk e liron k\u00ebt\u00eb parti nga vendimet dhe privatizimet e dob\u00ebta. Iniciativa p\u00ebr vot\u00ebbesimin qeveris\u00eb \u00ebsht\u00eb e bazuar n\u00eb ligj dhe e drejt\u00eb politike. Vot\u00ebbesimi vjen pas ftes\u00ebs p\u00ebr n\u00eb NATO. Nuk ka pasur ngecje n\u00eb t\u00eb drejtat, ka theksuar Nimanbegu duke kumtuar se K\u00ebshilli qendror nj\u00ebz\u00ebri ka vendosur q\u00eb t\u00eb p\u00ebrkrah qeverin\u00eb e kryeministrit Gjukanoviq. Kurse, para disa dit\u00ebve kryetari i Partis\u00eb Demokratike Fatmir Gjeka ka deklaruar se deputetit n\u00eb Parlamentin shtet\u00ebror t\u00eb zgjedhur nga lista e koalicionit q\u00eb ai e udh\u00ebhoqi, Nik Gjeloshajt, iu rekomandua q\u00eb t\u00eb votoj\u00eb pro besimit t\u00eb Qeveris\u00eb s\u00eb Malit t\u00eb Zi. Por, sipas burimeve t\u00eb portalit Mal\u00ebsia.ME nga kryesia e Alternativ\u00ebs Shqiptare, m\u00ebsohet se deputeti Nik Gjeloshaj do t\u00eb votoj\u00eb kund\u00ebr qeveris\u00eb n\u00eb Parlamentin e Mali t\u00eb Zi. Ai sot nuk ishte n\u00eb parlament, kur kryetari i Kuvendit, Ranko Krivokapiq e ftoi ta marr\u00eb fjal\u00ebn.<\/p>\n<p>Gjukanoviq ka theksuar se nuk do ta kuptoj\u00eb si tradhti faktin se PDS nuk do t\u00eb p\u00ebrkrahi qeverin\u00eb aktuale t\u00eb Malit t\u00eb Zi. Ai ka theksuar se edhe pavar\u00ebsia, stabiliteti dhe integrimet\u00a0 n\u00eb UE dhe n\u00eb NATO nuk do t\u00eb sillen n\u00eb pyetje, pa marr\u00eb para sysh rezultatin e votimit. Kryetari i Malit t\u00eb Zi Pozitiv Darko Pajoviq ka vler\u00ebsuar se prioritet i shtetit jan\u00eb integrimet n\u00eb NATO dhe ratifikimi i marr\u00ebveshjeve me vendet an\u00ebtare.<\/p>\n<p>Edhe pse dy udh\u00ebheq\u00ebs ky\u00e7 t\u00eb shtetit theksojn\u00eb se procesi i integrimeve n\u00eb NATO ka p\u00ebrfunduar, Pajoviq konsideron se nuk \u00ebsht\u00eb ashtu, sepse procesi i ratifikimit \u00ebsht\u00eb proces shum\u00eb i r\u00ebnd\u00ebsish\u00ebm. Lideri i\u00a0 DEMOS-it Miodrag Lekiq\u00a0 ka propozuar q\u00eb \u00e7do deputet t\u00eb deklarohet se si do t\u00eb votoj\u00eb. Deputetja e Malit t\u00eb Zi Pozitiv Azra Jasaviq ka theksuar se plani t\u00eb cilin kjo parti e ka ofruar si zgjidhje p\u00ebr dalje nga kriza politike ofron q\u00eb t\u00eb mos ket\u00eb ndarje n\u00eb \u201cne\u201d dhe \u201cju\u201d se t\u00eb gjith\u00eb qytetar\u00ebt duhet t\u00eb jen\u00eb \u201cton\u00ebt\u201d dhe se q\u00eb n\u00eb Mal t\u00eb Zi t\u00eb mos jen\u00eb \u201cdy Mal t\u00eb Zi\u201d. Ajo ka theksuar se Mali i Zi Pozitiv do t\u00eb sjell vendim t\u00eb drejt\u00eb dhe se do t\u00eb votojn\u00eb sipas nd\u00ebrgjegjes.<\/p>\n<p>Deputetja e PSP Daniella Markoviq ka theksuar se n\u00eb sken\u00eb gjat\u00eb tri dit\u00ebve t\u00eb kaluara ka qen\u00eb polemika nd\u00ebrmjet PDS dhe PSD duke shtuar se PSP nuk do t\u00eb jet\u00eb avokat i asnj\u00ebr\u00ebs parti. Deputetja e PSP Daniella Markoviq ka theksuar se n\u00eb sken\u00eb gjat\u00eb tri dit\u00ebve t\u00eb kaluara ka qen\u00eb polemika nd\u00ebrmjet PDS dhe PSD duke shtuar se PSP nuk do t\u00eb jet\u00eb avokat i asnj\u00ebr\u00ebs parti. Q\u00eb Qeveria t\u00eb fitoj\u00eb p\u00ebrkrahjen, duhet q\u00eb n\u00eb parlament ta p\u00ebrkrahin 41 deputet.<\/p>\n<p>RTCG<\/p>\n<!--YouTube Error: bad URL entered-->\n","protected":false},"excerpt":{"rendered":"<p>Parlamenti i Malit t\u00eb Zi e ka vazhduar dje debatin\u00a0 p\u00ebr vot\u00ebbesimin e qeveris\u00eb. P\u00ebr propozimin e kryeministrit Millo Gjukanoviq deputet\u00ebt do t\u00eb duhej t\u00eb votojn\u00eb sot. T\u00eb p\u00ebrkujtojm\u00eb se diskutimin e djesh\u00ebm n\u00eb Parlament e ka sh\u00ebnuar debati nd\u00ebrmjet liderit t\u00eb PDS Gjukanoviq me kryetarin e PSD Ranko Krivokapiq, kurse n\u00eb sh\u00ebnjest\u00ebr ishte korrupsioni [&hellip;]<\/p>\n","protected":false},"author":1,"featured_media":0,"comment_status":"closed","ping_status":"closed","sticky":false,"template":"","format":"standard","meta":{"spay_email":"","jetpack_publicize_message":"","jetpack_is_tweetstorm":false,"jetpack_publicize_feature_enabled":true},"categories":[6950],"tags":[],"jetpack_publicize_connections":[],"yoast_head":"<!-- This site is optimized with the Yoast SEO plugin v19.1 - https:\/\/yoast.com\/wordpress\/plugins\/seo\/ -->\n<title>Si u shpetua nga deputet\u00ebt shqiptar\u00eb qeveria e Malit t\u00eb Zi - Video - Lajme nga Ulqini<\/title>\n<meta name=\"description\" content=\"Parlamenti i Malit t\u00eb Zi e ka vazhduar dje debatin\u00a0 p\u00ebr vot\u00ebbesimin e qeveris\u00eb. P\u00ebr propozimin e kryeministrit Millo Gjukanoviq deputet\u00ebt do t\u00eb duhej t\u00eb\" \/>\n<meta name=\"robots\" content=\"index, follow, max-snippet:-1, max-image-preview:large, max-video-preview:-1\" \/>\n<link rel=\"canonical\" href=\"https:\/\/www.visit-ulcinj.com\/blog\/2016\/01\/28\/si-u-shpetua-nga-deputetet-shqiptare-qeveria-e-malit-te-zi\/\" \/>\n<meta property=\"og:locale\" content=\"en_US\" \/>\n<meta property=\"og:type\" content=\"article\" \/>\n<meta property=\"og:title\" content=\"Si u shpetua nga deputet\u00ebt shqiptar\u00eb qeveria e Malit t\u00eb Zi - Video - Lajme nga Ulqini\" \/>\n<meta property=\"og:description\" content=\"Parlamenti i Malit t\u00eb Zi e ka vazhduar dje debatin\u00a0 p\u00ebr vot\u00ebbesimin e qeveris\u00eb. P\u00ebr propozimin e kryeministrit Millo Gjukanoviq deputet\u00ebt do t\u00eb duhej t\u00eb\" \/>\n<meta property=\"og:url\" content=\"https:\/\/www.visit-ulcinj.com\/blog\/2016\/01\/28\/si-u-shpetua-nga-deputetet-shqiptare-qeveria-e-malit-te-zi\/\" \/>\n<meta property=\"og:site_name\" content=\"Lajme nga Ulqini\" \/>\n<meta property=\"article:published_time\" content=\"2016-01-28T16:45:51+00:00\" \/>\n<meta property=\"article:modified_time\" content=\"2016-01-28T17:25:31+00:00\" \/>\n<meta property=\"og:image\" content=\"http:\/\/www.visit-ulcinj.com\/blog\/wp-content\/uploads\/2014\/12\/Genci-Nimanbegu-Gjeloshaj.jpg\" \/>\n<meta name=\"twitter:label1\" content=\"Written by\" \/>\n\t<meta name=\"twitter:data1\" content=\"ulqini\" \/>\n\t<meta name=\"twitter:label2\" content=\"Est. reading time\" \/>\n\t<meta name=\"twitter:data2\" content=\"3 minutes\" \/>\n<script type=\"application\/ld+json\" class=\"yoast-schema-graph\">{\"@context\":\"https:\/\/schema.org\",\"@graph\":[{\"@type\":\"WebSite\",\"@id\":\"https:\/\/www.visit-ulcinj.com\/blog\/#website\",\"url\":\"https:\/\/www.visit-ulcinj.com\/blog\/\",\"name\":\"Lajme nga Ulqini\",\"description\":\"Lajme,Vijesti,Ulqini,Ulqin,Crna Gora,Mali i Zi\",\"potentialAction\":[{\"@type\":\"SearchAction\",\"target\":{\"@type\":\"EntryPoint\",\"urlTemplate\":\"https:\/\/www.visit-ulcinj.com\/blog\/?s={search_term_string}\"},\"query-input\":\"required name=search_term_string\"}],\"inLanguage\":\"en-US\"},{\"@type\":\"ImageObject\",\"inLanguage\":\"en-US\",\"@id\":\"https:\/\/www.visit-ulcinj.com\/blog\/2016\/01\/28\/si-u-shpetua-nga-deputetet-shqiptare-qeveria-e-malit-te-zi\/#primaryimage\",\"url\":\"https:\/\/www.visit-ulcinj.com\/blog\/wp-content\/uploads\/2014\/12\/Genci-Nimanbegu-Gjeloshaj.jpg\",\"contentUrl\":\"https:\/\/www.visit-ulcinj.com\/blog\/wp-content\/uploads\/2014\/12\/Genci-Nimanbegu-Gjeloshaj.jpg\",\"width\":900,\"height\":598},{\"@type\":\"WebPage\",\"@id\":\"https:\/\/www.visit-ulcinj.com\/blog\/2016\/01\/28\/si-u-shpetua-nga-deputetet-shqiptare-qeveria-e-malit-te-zi\/#webpage\",\"url\":\"https:\/\/www.visit-ulcinj.com\/blog\/2016\/01\/28\/si-u-shpetua-nga-deputetet-shqiptare-qeveria-e-malit-te-zi\/\",\"name\":\"Si u shpetua nga deputet\u00ebt shqiptar\u00eb qeveria e Malit t\u00eb Zi - Video - Lajme nga Ulqini\",\"isPartOf\":{\"@id\":\"https:\/\/www.visit-ulcinj.com\/blog\/#website\"},\"primaryImageOfPage\":{\"@id\":\"https:\/\/www.visit-ulcinj.com\/blog\/2016\/01\/28\/si-u-shpetua-nga-deputetet-shqiptare-qeveria-e-malit-te-zi\/#primaryimage\"},\"datePublished\":\"2016-01-28T16:45:51+00:00\",\"dateModified\":\"2016-01-28T17:25:31+00:00\",\"author\":{\"@id\":\"https:\/\/www.visit-ulcinj.com\/blog\/#\/schema\/person\/dcab619c614d3038751c63bc2aadc06d\"},\"description\":\"Parlamenti i Malit t\u00eb Zi e ka vazhduar dje debatin\u00a0 p\u00ebr vot\u00ebbesimin e qeveris\u00eb. P\u00ebr propozimin e kryeministrit Millo Gjukanoviq deputet\u00ebt do t\u00eb duhej t\u00eb\",\"breadcrumb\":{\"@id\":\"https:\/\/www.visit-ulcinj.com\/blog\/2016\/01\/28\/si-u-shpetua-nga-deputetet-shqiptare-qeveria-e-malit-te-zi\/#breadcrumb\"},\"inLanguage\":\"en-US\",\"potentialAction\":[{\"@type\":\"ReadAction\",\"target\":[\"https:\/\/www.visit-ulcinj.com\/blog\/2016\/01\/28\/si-u-shpetua-nga-deputetet-shqiptare-qeveria-e-malit-te-zi\/\"]}]},{\"@type\":\"BreadcrumbList\",\"@id\":\"https:\/\/www.visit-ulcinj.com\/blog\/2016\/01\/28\/si-u-shpetua-nga-deputetet-shqiptare-qeveria-e-malit-te-zi\/#breadcrumb\",\"itemListElement\":[{\"@type\":\"ListItem\",\"position\":1,\"name\":\"Si u shpetua nga deputet\u00ebt shqiptar\u00eb qeveria e Malit t\u00eb Zi &#8211; Video\"}]},{\"@type\":\"Person\",\"@id\":\"https:\/\/www.visit-ulcinj.com\/blog\/#\/schema\/person\/dcab619c614d3038751c63bc2aadc06d\",\"name\":\"ulqini\",\"sameAs\":[\"http:\/\/www.visit-ulcinj.com\"],\"url\":\"https:\/\/www.visit-ulcinj.com\/blog\/author\/admin\/\"}]}<\/script>\n<!-- \/ Yoast SEO plugin. -->","yoast_head_json":{"title":"Si u shpetua nga deputet\u00ebt shqiptar\u00eb qeveria e Malit t\u00eb Zi - Video - Lajme nga Ulqini","description":"Parlamenti i Malit t\u00eb Zi e ka vazhduar dje debatin\u00a0 p\u00ebr vot\u00ebbesimin e qeveris\u00eb. P\u00ebr propozimin e kryeministrit Millo Gjukanoviq deputet\u00ebt do t\u00eb duhej t\u00eb","robots":{"index":"index","follow":"follow","max-snippet":"max-snippet:-1","max-image-preview":"max-image-preview:large","max-video-preview":"max-video-preview:-1"},"canonical":"https:\/\/www.visit-ulcinj.com\/blog\/2016\/01\/28\/si-u-shpetua-nga-deputetet-shqiptare-qeveria-e-malit-te-zi\/","og_locale":"en_US","og_type":"article","og_title":"Si u shpetua nga deputet\u00ebt shqiptar\u00eb qeveria e Malit t\u00eb Zi - Video - Lajme nga Ulqini","og_description":"Parlamenti i Malit t\u00eb Zi e ka vazhduar dje debatin\u00a0 p\u00ebr vot\u00ebbesimin e qeveris\u00eb. P\u00ebr propozimin e kryeministrit Millo Gjukanoviq deputet\u00ebt do t\u00eb duhej t\u00eb","og_url":"https:\/\/www.visit-ulcinj.com\/blog\/2016\/01\/28\/si-u-shpetua-nga-deputetet-shqiptare-qeveria-e-malit-te-zi\/","og_site_name":"Lajme nga Ulqini","article_published_time":"2016-01-28T16:45:51+00:00","article_modified_time":"2016-01-28T17:25:31+00:00","og_image":[{"url":"http:\/\/www.visit-ulcinj.com\/blog\/wp-content\/uploads\/2014\/12\/Genci-Nimanbegu-Gjeloshaj.jpg"}],"twitter_misc":{"Written by":"ulqini","Est. reading time":"3 minutes"},"schema":{"@context":"https:\/\/schema.org","@graph":[{"@type":"WebSite","@id":"https:\/\/www.visit-ulcinj.com\/blog\/#website","url":"https:\/\/www.visit-ulcinj.com\/blog\/","name":"Lajme nga Ulqini","description":"Lajme,Vijesti,Ulqini,Ulqin,Crna Gora,Mali i Zi","potentialAction":[{"@type":"SearchAction","target":{"@type":"EntryPoint","urlTemplate":"https:\/\/www.visit-ulcinj.com\/blog\/?s={search_term_string}"},"query-input":"required name=search_term_string"}],"inLanguage":"en-US"},{"@type":"ImageObject","inLanguage":"en-US","@id":"https:\/\/www.visit-ulcinj.com\/blog\/2016\/01\/28\/si-u-shpetua-nga-deputetet-shqiptare-qeveria-e-malit-te-zi\/#primaryimage","url":"https:\/\/www.visit-ulcinj.com\/blog\/wp-content\/uploads\/2014\/12\/Genci-Nimanbegu-Gjeloshaj.jpg","contentUrl":"https:\/\/www.visit-ulcinj.com\/blog\/wp-content\/uploads\/2014\/12\/Genci-Nimanbegu-Gjeloshaj.jpg","width":900,"height":598},{"@type":"WebPage","@id":"https:\/\/www.visit-ulcinj.com\/blog\/2016\/01\/28\/si-u-shpetua-nga-deputetet-shqiptare-qeveria-e-malit-te-zi\/#webpage","url":"https:\/\/www.visit-ulcinj.com\/blog\/2016\/01\/28\/si-u-shpetua-nga-deputetet-shqiptare-qeveria-e-malit-te-zi\/","name":"Si u shpetua nga deputet\u00ebt shqiptar\u00eb qeveria e Malit t\u00eb Zi - Video - Lajme nga Ulqini","isPartOf":{"@id":"https:\/\/www.visit-ulcinj.com\/blog\/#website"},"primaryImageOfPage":{"@id":"https:\/\/www.visit-ulcinj.com\/blog\/2016\/01\/28\/si-u-shpetua-nga-deputetet-shqiptare-qeveria-e-malit-te-zi\/#primaryimage"},"datePublished":"2016-01-28T16:45:51+00:00","dateModified":"2016-01-28T17:25:31+00:00","author":{"@id":"https:\/\/www.visit-ulcinj.com\/blog\/#\/schema\/person\/dcab619c614d3038751c63bc2aadc06d"},"description":"Parlamenti i Malit t\u00eb Zi e ka vazhduar dje debatin\u00a0 p\u00ebr vot\u00ebbesimin e qeveris\u00eb. P\u00ebr propozimin e kryeministrit Millo Gjukanoviq deputet\u00ebt do t\u00eb duhej t\u00eb","breadcrumb":{"@id":"https:\/\/www.visit-ulcinj.com\/blog\/2016\/01\/28\/si-u-shpetua-nga-deputetet-shqiptare-qeveria-e-malit-te-zi\/#breadcrumb"},"inLanguage":"en-US","potentialAction":[{"@type":"ReadAction","target":["https:\/\/www.visit-ulcinj.com\/blog\/2016\/01\/28\/si-u-shpetua-nga-deputetet-shqiptare-qeveria-e-malit-te-zi\/"]}]},{"@type":"BreadcrumbList","@id":"https:\/\/www.visit-ulcinj.com\/blog\/2016\/01\/28\/si-u-shpetua-nga-deputetet-shqiptare-qeveria-e-malit-te-zi\/#breadcrumb","itemListElement":[{"@type":"ListItem","position":1,"name":"Si u shpetua nga deputet\u00ebt shqiptar\u00eb qeveria e Malit t\u00eb Zi &#8211; Video"}]},{"@type":"Person","@id":"https:\/\/www.visit-ulcinj.com\/blog\/#\/schema\/person\/dcab619c614d3038751c63bc2aadc06d","name":"ulqini","sameAs":["http:\/\/www.visit-ulcinj.com"],"url":"https:\/\/www.visit-ulcinj.com\/blog\/author\/admin\/"}]}},"jetpack_featured_media_url":"","jetpack_sharing_enabled":true,"jetpack_shortlink":"https:\/\/wp.me\/pe6lTn-owr","_links":{"self":[{"href":"https:\/\/www.visit-ulcinj.com\/blog\/wp-json\/wp\/v2\/posts\/94267"}],"collection":[{"href":"https:\/\/www.visit-ulcinj.com\/blog\/wp-json\/wp\/v2\/posts"}],"about":[{"href":"https:\/\/www.visit-ulcinj.com\/blog\/wp-json\/wp\/v2\/types\/post"}],"author":[{"embeddable":true,"href":"https:\/\/www.visit-ulcinj.com\/blog\/wp-json\/wp\/v2\/users\/1"}],"replies":[{"embeddable":true,"href":"https:\/\/www.visit-ulcinj.com\/blog\/wp-json\/wp\/v2\/comments?post=94267"}],"version-history":[{"count":3,"href":"https:\/\/www.visit-ulcinj.com\/blog\/wp-json\/wp\/v2\/posts\/94267\/revisions"}],"predecessor-version":[{"id":94270,"href":"https:\/\/www.visit-ulcinj.com\/blog\/wp-json\/wp\/v2\/posts\/94267\/revisions\/94270"}],"wp:attachment":[{"href":"https:\/\/www.visit-ulcinj.com\/blog\/wp-json\/wp\/v2\/media?parent=94267"}],"wp:term":[{"taxonomy":"category","embeddable":true,"href":"https:\/\/www.visit-ulcinj.com\/blog\/wp-json\/wp\/v2\/categories?post=94267"},{"taxonomy":"post_tag","embeddable":true,"href":"https:\/\/www.visit-ulcinj.com\/blog\/wp-json\/wp\/v2\/tags?post=94267"}],"curies":[{"name":"wp","href":"https:\/\/api.w.org\/{rel}","templated":true}]}}