{"id":94278,"date":"2016-01-31T17:15:59","date_gmt":"2016-01-31T16:15:59","guid":{"rendered":"http:\/\/www.visit-ulcinj.com\/blog\/?p=94278"},"modified":"2016-02-01T11:51:53","modified_gmt":"2016-02-01T10:51:53","slug":"fitues-per-cmimin-pena-e-flakes-jan-poetet-basri-capriqi-e-halil-matoshi","status":"publish","type":"post","link":"https:\/\/www.visit-ulcinj.com\/blog\/2016\/01\/31\/fitues-per-cmimin-pena-e-flakes-jan-poetet-basri-capriqi-e-halil-matoshi\/","title":{"rendered":"Fitues p\u00ebr \u00e7mimin &#8216;Pena e Flak\u00ebs&#8217; jan poet\u00ebt Basri \u00c7apriqi e Halil Matoshi"},"content":{"rendered":"<p><strong><a href=\"http:\/\/www.visit-ulcinj.com\/blog\/wp-content\/uploads\/2016\/01\/basri-\u00e7apriqi-halil-matoshi.jpg\"><img loading=\"lazy\" class=\"alignleft wp-image-94279\" src=\"http:\/\/www.visit-ulcinj.com\/blog\/wp-content\/uploads\/2016\/01\/basri-\u00e7apriqi-halil-matoshi.jpg\" alt=\"basri-\u00e7apriqi-halil-matoshi\" width=\"508\" height=\"330\" srcset=\"https:\/\/www.visit-ulcinj.com\/blog\/wp-content\/uploads\/2016\/01\/basri-\u00e7apriqi-halil-matoshi.jpg 570w, https:\/\/www.visit-ulcinj.com\/blog\/wp-content\/uploads\/2016\/01\/basri-\u00e7apriqi-halil-matoshi-300x195.jpg 300w\" sizes=\"(max-width: 508px) 100vw, 508px\" \/><\/a>Poet\u00ebt Basri \u00c7apriqi dhe Halil Matoshi. e ndan\u00eb \u00e7mimin-poezia m\u00eb e mir\u00eb e lexuar n\u00eb Or\u00ebn e Madhe Letrare \u201cPena e Flak\u00ebs 2016 \u201d, n\u00eb t\u00eb cil\u00ebn aktivitet letrar t\u00eb manifestimit \u201cFlaka e Janarit 2016\u201d, punimet e tyre i kan\u00eb lexuar krijues nga pjes\u00eb t\u00eb ndryshme t\u00eb Kosov\u00ebs, nga Shqip\u00ebria, Maqedonia e Lugina e Preshev\u00ebs.<\/strong><\/p>\n<p>P\u00ebrndryshe, \u201cPena e Flak\u00ebs\u201d, iu p\u00ebrkushtua shkrimtarit t\u00eb shquar gjilanas, Beqir Musliut, n\u00eb 20 vjetorin e shkuarjes s\u00eb tij n\u00eb amshim q\u00eb, koincidoi edhe me 25 vjetorin e themelimit t\u00eb k\u00ebtij Manifestimi, pjes\u00eb e t\u00eb cilit ishte edhe n\u00eb aktin themelues e, edhe n\u00eb pes\u00eb manifestime, radhazi ( 1992 &#8211; 1996 ). P\u00ebr t\u00eb foli sdudijuesi dhe kritiku Prend Buzhala.<\/p>\n<p>Nd\u00ebrkoh\u00eb, pas Or\u00ebs s\u00eb Madhe letrare u b\u00eb edhe shpallja e rezultateve t\u00eb konkursit shp\u00ebrblyes n\u00eb poezi dhe proz\u00eb.<\/p>\n<p>Juria e konkursit letrar \u201cFlaka e janarit\u201d 2016 n\u00eb p\u00ebrb\u00ebrje: Sinan Sadiku, Albina Idrizi dhe Aziz Mustafa vler\u00ebsoi se konkursi letrar ishte tejet i suksessh\u00ebm. Me k\u00ebt\u00eb rast nj\u00ebri nga ta Sinan Sadiku tha se n\u00eb konkurs kishin ardhur 81 poezi, rreth nj\u00eb e treta e t\u00eb cilave me vlera t\u00eb mir\u00ebfillta artistike, nd\u00ebrsa gjysma e tyre jan\u00eb ve\u00e7uar n\u00eb rrethin e ngusht\u00eb p\u00ebr shp\u00ebrblime.<\/p>\n<p>\u201cJuria \u00ebsht\u00eb e k\u00ebnaqur me nivelin artistik t\u00eb poezive dhe konsideron se ka prurje t\u00eb reja edhe sa i p\u00ebrket gjuh\u00ebs poetike, edhe sa i p\u00ebrket ritmit dhe nd\u00ebrtimit t\u00eb vargjeve e edhe sa u p\u00ebrket ideve, temave dhe shprehjes emocionale\u201d, tha ai.<\/p>\n<p>Sipas tij, pas leximit, rileximit, dhe vler\u00ebsimit t\u00eb poezive nga secili an\u00ebtar ve\u00e7 e ve\u00e7, juria \u00ebsht\u00eb takuar dhe pas propozimeve, diskutimeve e arsyetimeve n\u00eb m\u00ebnyr\u00eb unanime ka vendos t\u00eb shp\u00ebrblehen poezit\u00eb:<br \/>\n<strong>1. Vendi i par\u00eb, \u201cRrena m\u00eb e bukur&#8230;\u201d, shifra \u201c\u00cbndrra `16\u201d<br \/>\n2. Vendi i dyt\u00eb, \u201cGardhi\u201d, shifra \u201cShuej\u201d<br \/>\n3. Vendi i tret\u00eb, \u201cN`am\u00eb t\u00eb fjalve\u201d, shifra \u201cBlina\u201d<\/strong><\/p>\n<p>Sadiku ka th\u00ebn\u00eb po ashtu se n\u00eb konkurs kishin konkurruar krijues me 35 tregime. \u201cVler\u00ebsojm\u00eb se \u00ebsht\u00eb ruajtur niveli i viteve t\u00eb kaluara edhe sa i p\u00ebrket sasis\u00eb e edhe sa i p\u00ebrket cil\u00ebsis\u00eb\u201d, tha ai.<\/p>\n<p>Juria ka vendos t\u00eb shp\u00ebrblehen tregimet:<br \/>\n<strong>1. Vendi i par\u00eb, \u201cLet\u00ebr nga larg\u201d, shifra, \u201cArtemisa 2016\u201d<br \/>\n2. Vendin e dyt\u00eb e ndajn\u00eb tregimet: \u201cDhimbje e bardh\u00eb\u201d, shifra \u201cPengu i jet\u00ebs\u201d dhe \u201cNjeriu i marr\u00eb\u201d, shifra \u201cSheshi pa lule\u201d<br \/>\n3. Vendi i tret\u00eb, \u201cKok\u00ebn tuaj do ta hani\u201d, shifra \u201cLisi i ahut\u201d<\/strong>\u201cPo ju njoftoj se jan\u00eb eliminuar disa poezi dhe tregime p\u00ebr shkak se nuk u jan\u00eb p\u00ebrmbajtur kritereve t\u00eb konkursit. Konkretisht jan\u00eb eliminuar pes\u00eb poezi, sepse e kan\u00eb tejkaluar duksh\u00ebm numrin e vargjeve t\u00eb parapara n\u00eb\u00a0konkurs. Po ashtu jan\u00eb eliminuar dy tregime, nj\u00ebri p\u00ebr arsye se autorja n\u00eb vend t\u00eb shifr\u00ebs e ka sh\u00ebnuar emrin dhe tjetri p\u00ebr arsye se e ka tejkaluar numrin e faqeve\u201d, tha tutje Sadiku.\u00a0P\u00ebrndryshe, p\u00ebr botim n\u00eb revist\u00ebn letrare \u2013 kulturore \u201cAgmia\u201d propozohen poezit\u00eb: \u201cSag\u00eb p\u00ebr Doruntin\u00ebn, shifra \u201cKonstandini\u201d; \u201cKoha ime e arnuar\u201d, shifra \u201cKrizantema\u201d; \u201cAra \u2013 mara\u201d, shifra \u201cFlaka e janarit \u2013 2016\u201d; \u201cT`braktisunit\u201d, shifra \u201cMoza\u201d; \u201cPrishtina\u201d, shifra \u201cMakoti\u201d; \u201cMisteri\u201d, shifra \u201cAndy\u201d; \u201cI mbrojtur nga vetja, ju dhe t\u00eb tjer\u00ebt\u201d, shifra \u201cMonologu\u201d; \u201cBised\u00eb me nj\u00eb grua t\u00eb palumtur\u201d, shifra \u201cFaqja 97 e ditarit\u201d dhe \u201cIkon\u00eb flijimi\u201d, shifra \u201cJeta\u201d.<\/p>\n<p>Po ashtu p\u00ebr botim propozohen tregimet: \u201cMa kujto buz\u00ebqeshjen cic\u00ebrim\u00eb\u201d, shifra \u201cCic\u00ebrima\u201d, \u201cP\u00ebrtej lart\u00ebsive\u201d, shifra \u201cDardani\u201d dhe \u201cT\u00eb dashurosh ilirishte\u201d, shifra \u201cFyelli ilirik\u201d.<\/p>\n<p>KultPlus<\/p>\n<p><strong>Dy poezit\u00eb fituese t\u00eb \u00c7mimit &#8220;PENA E FLAK\u00cbS&#8221;, <\/strong><br \/>\n<strong> n\u00eb pjes\u00ebn letrare t\u00eb Manifestimit &#8220;Flaka e Janarit&#8217; 2016<\/strong><\/p>\n<p><strong>Halil MATOSHI<\/strong><\/p>\n<div class=\"text_exposed_show\">Udh\u00ebtimi i shpat\u00ebs s\u00eb Sk\u00ebnderbeut &#8211; Magna Carta(Gjergj Kastrioti, 1405 \u2013 17 January 1468)<\/p>\n<p>Me avionin Austria Airlines pshtjellun n\u2019coh\u00eb kadifje<br \/>\nMe bussines class po udh\u00ebtonte nji hajmali<br \/>\nMe t\u00eb cil\u00ebn arbnit e tremshin ligshtimin e tyne<\/p>\n<p>Ajo asht \u00e7udia e mbram\u00eb Made in Arbnia<br \/>\nDhe ka nji histori tregtie antikitetesh<\/p>\n<p>Arbnit i kishin bamun votra zjarmi zemrat e tyne<br \/>\nE kur i frynin \u00e7elte pranver\u00eb e hekurt<br \/>\nPastaj si nji syth mbiu shpat\u00eb e Sk\u00ebnderbeut<\/p>\n<p>Kryezoti ish i padoksh\u00ebm \u2013 bu\u00e7im\u00eb<br \/>\nVezullonte n\u2019Shkamm t\u2019Rodosit e n\u2019Berat, n\u2019Kruj\u00eb e Albulen\u00eb<br \/>\n\u2013 mbillte rrfe e vet\u00eb rrfe ishte<br \/>\nNdezte zemra q\u00eb shkreptinin fije shprese<br \/>\nP\u00ebr me kan\u00eb t\u2019lir\u00eb<\/p>\n<p>Ngjizun kur gjaku n\u2019dej\u00eb t\u2019arbn\u00ebvet po ndizej<br \/>\nPo shkrinte minierat\u2026<br \/>\nN\u00ebn maz\u00ebn e dheut arbnit po lypnin Magna Carta\u2019n* e tyne<br \/>\nT\u2019vorrueme a pluhun t\u2019bame nder patkoj<br \/>\nA n\u2019shtiza flamujsh me gjysm\u00eb han\u00eb<br \/>\nPapandehun nji dit\u00eb bu\u00e7ima pushoi \u2013 termet u ba n\u2019Arbni<br \/>\nEthet e Kryezotit shemben burrat e dheut<br \/>\nIa shkulen flokun qiellit<br \/>\nsi Leka i\u2019p\u00ebrhan\u00eb\u2026<\/p>\n<p>Dhe ata than\u00eb se u nda shpirti p\u2019ej k\u00ebrcit<br \/>\nShpata n\u2019vetim\u00eb t\u2019ngrime u shndrrue<br \/>\nDhe kshtjellat \u2018i dergj\u00eb i rr\u00ebnoi nji nga nji<\/p>\n<p>Tok\u00ebn s\u2019e mbajt\u00ebn kamb\u00ebt e u rrokullis<br \/>\nBashk\u00eb me qiellin<br \/>\nNd\u00ebrruen vendet e tyne<br \/>\nDhe ktu zuni fill atdheu qielluer i tyne<\/p>\n<p>Kur mbi Arbni e pan\u00eb gjysm\u00ebhan\u00ebn e zbehun<br \/>\nFlak\u00ebt i shuen nder votra<br \/>\nE fjal\u00ebt u sos\u00ebn tuj i lshue vend mortit<\/p>\n<p>Arbnit mbet\u00ebt midis-midisit<br \/>\nT\u2019varun n\u2019hajmalin\u00eb e tyne<br \/>\nT\u2019cil\u00ebs ju lut\u00ebn e i besuen deri n\u2019Rilindje<\/p>\n<p>Ikon\u00eb n\u2019kish\u00ebn e djegun &#8211; lutja e tyne<br \/>\nSefte u shfaq shpata vizllim\u00eb<br \/>\nMasanej nga palca e asaj vetime<br \/>\narbnit krijuen Sk\u00ebnderben\u00eb&#8230;<\/p>\n<p>* Magna Carta, gjithashtu e quajtur Magna Carta Libertatum ose Karta e Madhe e Lirive t\u00eb Anglis\u00eb, \u00ebsht\u00eb statuti i Angevin\u00ebve, l\u00ebshuar fillimisht n\u00eb latinisht n\u00eb vitin 1215, p\u00ebrkthyer n\u00eb premisa &#8211; frengjisht n\u00eb fillim t\u00eb 1219, dhe e ribotueme ma von\u00eb n\u00eb shekullit 13 n\u00eb versionet e modifikueme.<\/p>\n<p><strong>Basri \u00c7APRIQI<\/strong><\/p>\n<p><strong>TERRI<\/strong><\/p>\n<p>Kam zgjatur duart<br \/>\nKam ecur mbi rer\u00eb<br \/>\nMe gjet<br \/>\nPortokallen e humbur<br \/>\nTe nj\u00eb breg q\u00eb e hante uji<br \/>\nGjith\u00eb nat\u00ebn e lume<\/p>\n<p>Ne nj\u00eb shteg q\u00eb<br \/>\nS\u2019e shoh un\u00eb<br \/>\nHyn\u00eb gjith\u00eb ai z\u00eb<br \/>\nQ\u00eb ul\u00ebt nga qielli<\/p>\n<p>Ku mund t\u00eb hapet<br \/>\nKjo zbraz\u00ebti<br \/>\nMe mbush\u00eb pak shpirtin<br \/>\ndrit\u00eb<\/p>\n<p>Portokallia q\u00eb s\u2019shihet dot<br \/>\nShtrydh pa ja da<br \/>\nPika t\u00eb \u00ebmbla mbi buz\u00ebt e egra<br \/>\nT\u2019atij bregu q\u00eb hante uji<\/p>\n<p>Kur u ngrit terri lart aq lart portokallen<br \/>\nSa s preket m\u00eb me dor\u00eb as me sy<br \/>\nNj\u00eb z\u00eb q\u00eb vjen nga larg<br \/>\nKish shtrydhur portokallen q\u00eb mbaja n\u00eb shuplake<\/p>\n<p>( Gjilan, 30 Kallnor 2016 )<\/p>\n<\/div>\n","protected":false},"excerpt":{"rendered":"<p>Poet\u00ebt Basri \u00c7apriqi dhe Halil Matoshi. e ndan\u00eb \u00e7mimin-poezia m\u00eb e mir\u00eb e lexuar n\u00eb Or\u00ebn e Madhe Letrare \u201cPena e Flak\u00ebs 2016 \u201d, n\u00eb t\u00eb cil\u00ebn aktivitet letrar t\u00eb manifestimit \u201cFlaka e Janarit 2016\u201d, punimet e tyre i kan\u00eb lexuar krijues nga pjes\u00eb t\u00eb ndryshme t\u00eb Kosov\u00ebs, nga Shqip\u00ebria, Maqedonia e Lugina e Preshev\u00ebs. [&hellip;]<\/p>\n","protected":false},"author":1,"featured_media":0,"comment_status":"closed","ping_status":"closed","sticky":false,"template":"","format":"standard","meta":{"spay_email":"","jetpack_publicize_message":"","jetpack_is_tweetstorm":false,"jetpack_publicize_feature_enabled":true},"categories":[4,1],"tags":[],"jetpack_publicize_connections":[],"yoast_head":"<!-- This site is optimized with the Yoast SEO plugin v19.1 - https:\/\/yoast.com\/wordpress\/plugins\/seo\/ -->\n<title>Fitues p\u00ebr \u00e7mimin &#039;Pena e Flak\u00ebs&#039; jan poet\u00ebt Basri \u00c7apriqi e Halil Matoshi - Lajme nga Ulqini<\/title>\n<meta name=\"description\" content=\"Poet\u00ebt Basri \u00c7apriqi dhe Halil Matoshi. e ndan\u00eb \u00e7mimin-poezia m\u00eb e mir\u00eb e lexuar n\u00eb Or\u00ebn e Madhe Letrare \u201cPena e Flak\u00ebs 2016 \u201d, n\u00eb t\u00eb cil\u00ebn aktivitet\" \/>\n<meta name=\"robots\" content=\"index, follow, max-snippet:-1, max-image-preview:large, max-video-preview:-1\" \/>\n<link rel=\"canonical\" href=\"https:\/\/www.visit-ulcinj.com\/blog\/2016\/01\/31\/fitues-per-cmimin-pena-e-flakes-jan-poetet-basri-capriqi-e-halil-matoshi\/\" \/>\n<meta property=\"og:locale\" content=\"en_US\" \/>\n<meta property=\"og:type\" content=\"article\" \/>\n<meta property=\"og:title\" content=\"Fitues p\u00ebr \u00e7mimin &#039;Pena e Flak\u00ebs&#039; jan poet\u00ebt Basri \u00c7apriqi e Halil Matoshi - Lajme nga Ulqini\" \/>\n<meta property=\"og:description\" content=\"Poet\u00ebt Basri \u00c7apriqi dhe Halil Matoshi. e ndan\u00eb \u00e7mimin-poezia m\u00eb e mir\u00eb e lexuar n\u00eb Or\u00ebn e Madhe Letrare \u201cPena e Flak\u00ebs 2016 \u201d, n\u00eb t\u00eb cil\u00ebn aktivitet\" \/>\n<meta property=\"og:url\" content=\"https:\/\/www.visit-ulcinj.com\/blog\/2016\/01\/31\/fitues-per-cmimin-pena-e-flakes-jan-poetet-basri-capriqi-e-halil-matoshi\/\" \/>\n<meta property=\"og:site_name\" content=\"Lajme nga Ulqini\" \/>\n<meta property=\"article:published_time\" content=\"2016-01-31T16:15:59+00:00\" \/>\n<meta property=\"article:modified_time\" content=\"2016-02-01T10:51:53+00:00\" \/>\n<meta name=\"twitter:label1\" content=\"Written by\" \/>\n\t<meta name=\"twitter:data1\" content=\"ulqini\" \/>\n\t<meta name=\"twitter:label2\" content=\"Est. reading time\" \/>\n\t<meta name=\"twitter:data2\" content=\"5 minutes\" \/>\n<script type=\"application\/ld+json\" class=\"yoast-schema-graph\">{\"@context\":\"https:\/\/schema.org\",\"@graph\":[{\"@type\":\"WebSite\",\"@id\":\"https:\/\/www.visit-ulcinj.com\/blog\/#website\",\"url\":\"https:\/\/www.visit-ulcinj.com\/blog\/\",\"name\":\"Lajme nga Ulqini\",\"description\":\"Lajme,Vijesti,Ulqini,Ulqin,Crna Gora,Mali i Zi\",\"potentialAction\":[{\"@type\":\"SearchAction\",\"target\":{\"@type\":\"EntryPoint\",\"urlTemplate\":\"https:\/\/www.visit-ulcinj.com\/blog\/?s={search_term_string}\"},\"query-input\":\"required name=search_term_string\"}],\"inLanguage\":\"en-US\"},{\"@type\":\"WebPage\",\"@id\":\"https:\/\/www.visit-ulcinj.com\/blog\/2016\/01\/31\/fitues-per-cmimin-pena-e-flakes-jan-poetet-basri-capriqi-e-halil-matoshi\/#webpage\",\"url\":\"https:\/\/www.visit-ulcinj.com\/blog\/2016\/01\/31\/fitues-per-cmimin-pena-e-flakes-jan-poetet-basri-capriqi-e-halil-matoshi\/\",\"name\":\"Fitues p\u00ebr \u00e7mimin 'Pena e Flak\u00ebs' jan poet\u00ebt Basri \u00c7apriqi e Halil Matoshi - Lajme nga Ulqini\",\"isPartOf\":{\"@id\":\"https:\/\/www.visit-ulcinj.com\/blog\/#website\"},\"datePublished\":\"2016-01-31T16:15:59+00:00\",\"dateModified\":\"2016-02-01T10:51:53+00:00\",\"author\":{\"@id\":\"https:\/\/www.visit-ulcinj.com\/blog\/#\/schema\/person\/dcab619c614d3038751c63bc2aadc06d\"},\"description\":\"Poet\u00ebt Basri \u00c7apriqi dhe Halil Matoshi. e ndan\u00eb \u00e7mimin-poezia m\u00eb e mir\u00eb e lexuar n\u00eb Or\u00ebn e Madhe Letrare \u201cPena e Flak\u00ebs 2016 \u201d, n\u00eb t\u00eb cil\u00ebn aktivitet\",\"breadcrumb\":{\"@id\":\"https:\/\/www.visit-ulcinj.com\/blog\/2016\/01\/31\/fitues-per-cmimin-pena-e-flakes-jan-poetet-basri-capriqi-e-halil-matoshi\/#breadcrumb\"},\"inLanguage\":\"en-US\",\"potentialAction\":[{\"@type\":\"ReadAction\",\"target\":[\"https:\/\/www.visit-ulcinj.com\/blog\/2016\/01\/31\/fitues-per-cmimin-pena-e-flakes-jan-poetet-basri-capriqi-e-halil-matoshi\/\"]}]},{\"@type\":\"BreadcrumbList\",\"@id\":\"https:\/\/www.visit-ulcinj.com\/blog\/2016\/01\/31\/fitues-per-cmimin-pena-e-flakes-jan-poetet-basri-capriqi-e-halil-matoshi\/#breadcrumb\",\"itemListElement\":[{\"@type\":\"ListItem\",\"position\":1,\"name\":\"Fitues p\u00ebr \u00e7mimin &#8216;Pena e Flak\u00ebs&#8217; jan poet\u00ebt Basri \u00c7apriqi e Halil Matoshi\"}]},{\"@type\":\"Person\",\"@id\":\"https:\/\/www.visit-ulcinj.com\/blog\/#\/schema\/person\/dcab619c614d3038751c63bc2aadc06d\",\"name\":\"ulqini\",\"sameAs\":[\"http:\/\/www.visit-ulcinj.com\"],\"url\":\"https:\/\/www.visit-ulcinj.com\/blog\/author\/admin\/\"}]}<\/script>\n<!-- \/ Yoast SEO plugin. -->","yoast_head_json":{"title":"Fitues p\u00ebr \u00e7mimin 'Pena e Flak\u00ebs' jan poet\u00ebt Basri \u00c7apriqi e Halil Matoshi - Lajme nga Ulqini","description":"Poet\u00ebt Basri \u00c7apriqi dhe Halil Matoshi. e ndan\u00eb \u00e7mimin-poezia m\u00eb e mir\u00eb e lexuar n\u00eb Or\u00ebn e Madhe Letrare \u201cPena e Flak\u00ebs 2016 \u201d, n\u00eb t\u00eb cil\u00ebn aktivitet","robots":{"index":"index","follow":"follow","max-snippet":"max-snippet:-1","max-image-preview":"max-image-preview:large","max-video-preview":"max-video-preview:-1"},"canonical":"https:\/\/www.visit-ulcinj.com\/blog\/2016\/01\/31\/fitues-per-cmimin-pena-e-flakes-jan-poetet-basri-capriqi-e-halil-matoshi\/","og_locale":"en_US","og_type":"article","og_title":"Fitues p\u00ebr \u00e7mimin 'Pena e Flak\u00ebs' jan poet\u00ebt Basri \u00c7apriqi e Halil Matoshi - Lajme nga Ulqini","og_description":"Poet\u00ebt Basri \u00c7apriqi dhe Halil Matoshi. e ndan\u00eb \u00e7mimin-poezia m\u00eb e mir\u00eb e lexuar n\u00eb Or\u00ebn e Madhe Letrare \u201cPena e Flak\u00ebs 2016 \u201d, n\u00eb t\u00eb cil\u00ebn aktivitet","og_url":"https:\/\/www.visit-ulcinj.com\/blog\/2016\/01\/31\/fitues-per-cmimin-pena-e-flakes-jan-poetet-basri-capriqi-e-halil-matoshi\/","og_site_name":"Lajme nga Ulqini","article_published_time":"2016-01-31T16:15:59+00:00","article_modified_time":"2016-02-01T10:51:53+00:00","twitter_misc":{"Written by":"ulqini","Est. reading time":"5 minutes"},"schema":{"@context":"https:\/\/schema.org","@graph":[{"@type":"WebSite","@id":"https:\/\/www.visit-ulcinj.com\/blog\/#website","url":"https:\/\/www.visit-ulcinj.com\/blog\/","name":"Lajme nga Ulqini","description":"Lajme,Vijesti,Ulqini,Ulqin,Crna Gora,Mali i Zi","potentialAction":[{"@type":"SearchAction","target":{"@type":"EntryPoint","urlTemplate":"https:\/\/www.visit-ulcinj.com\/blog\/?s={search_term_string}"},"query-input":"required name=search_term_string"}],"inLanguage":"en-US"},{"@type":"WebPage","@id":"https:\/\/www.visit-ulcinj.com\/blog\/2016\/01\/31\/fitues-per-cmimin-pena-e-flakes-jan-poetet-basri-capriqi-e-halil-matoshi\/#webpage","url":"https:\/\/www.visit-ulcinj.com\/blog\/2016\/01\/31\/fitues-per-cmimin-pena-e-flakes-jan-poetet-basri-capriqi-e-halil-matoshi\/","name":"Fitues p\u00ebr \u00e7mimin 'Pena e Flak\u00ebs' jan poet\u00ebt Basri \u00c7apriqi e Halil Matoshi - Lajme nga Ulqini","isPartOf":{"@id":"https:\/\/www.visit-ulcinj.com\/blog\/#website"},"datePublished":"2016-01-31T16:15:59+00:00","dateModified":"2016-02-01T10:51:53+00:00","author":{"@id":"https:\/\/www.visit-ulcinj.com\/blog\/#\/schema\/person\/dcab619c614d3038751c63bc2aadc06d"},"description":"Poet\u00ebt Basri \u00c7apriqi dhe Halil Matoshi. e ndan\u00eb \u00e7mimin-poezia m\u00eb e mir\u00eb e lexuar n\u00eb Or\u00ebn e Madhe Letrare \u201cPena e Flak\u00ebs 2016 \u201d, n\u00eb t\u00eb cil\u00ebn aktivitet","breadcrumb":{"@id":"https:\/\/www.visit-ulcinj.com\/blog\/2016\/01\/31\/fitues-per-cmimin-pena-e-flakes-jan-poetet-basri-capriqi-e-halil-matoshi\/#breadcrumb"},"inLanguage":"en-US","potentialAction":[{"@type":"ReadAction","target":["https:\/\/www.visit-ulcinj.com\/blog\/2016\/01\/31\/fitues-per-cmimin-pena-e-flakes-jan-poetet-basri-capriqi-e-halil-matoshi\/"]}]},{"@type":"BreadcrumbList","@id":"https:\/\/www.visit-ulcinj.com\/blog\/2016\/01\/31\/fitues-per-cmimin-pena-e-flakes-jan-poetet-basri-capriqi-e-halil-matoshi\/#breadcrumb","itemListElement":[{"@type":"ListItem","position":1,"name":"Fitues p\u00ebr \u00e7mimin &#8216;Pena e Flak\u00ebs&#8217; jan poet\u00ebt Basri \u00c7apriqi e Halil Matoshi"}]},{"@type":"Person","@id":"https:\/\/www.visit-ulcinj.com\/blog\/#\/schema\/person\/dcab619c614d3038751c63bc2aadc06d","name":"ulqini","sameAs":["http:\/\/www.visit-ulcinj.com"],"url":"https:\/\/www.visit-ulcinj.com\/blog\/author\/admin\/"}]}},"jetpack_featured_media_url":"","jetpack_sharing_enabled":true,"jetpack_shortlink":"https:\/\/wp.me\/pe6lTn-owC","_links":{"self":[{"href":"https:\/\/www.visit-ulcinj.com\/blog\/wp-json\/wp\/v2\/posts\/94278"}],"collection":[{"href":"https:\/\/www.visit-ulcinj.com\/blog\/wp-json\/wp\/v2\/posts"}],"about":[{"href":"https:\/\/www.visit-ulcinj.com\/blog\/wp-json\/wp\/v2\/types\/post"}],"author":[{"embeddable":true,"href":"https:\/\/www.visit-ulcinj.com\/blog\/wp-json\/wp\/v2\/users\/1"}],"replies":[{"embeddable":true,"href":"https:\/\/www.visit-ulcinj.com\/blog\/wp-json\/wp\/v2\/comments?post=94278"}],"version-history":[{"count":4,"href":"https:\/\/www.visit-ulcinj.com\/blog\/wp-json\/wp\/v2\/posts\/94278\/revisions"}],"predecessor-version":[{"id":94287,"href":"https:\/\/www.visit-ulcinj.com\/blog\/wp-json\/wp\/v2\/posts\/94278\/revisions\/94287"}],"wp:attachment":[{"href":"https:\/\/www.visit-ulcinj.com\/blog\/wp-json\/wp\/v2\/media?parent=94278"}],"wp:term":[{"taxonomy":"category","embeddable":true,"href":"https:\/\/www.visit-ulcinj.com\/blog\/wp-json\/wp\/v2\/categories?post=94278"},{"taxonomy":"post_tag","embeddable":true,"href":"https:\/\/www.visit-ulcinj.com\/blog\/wp-json\/wp\/v2\/tags?post=94278"}],"curies":[{"name":"wp","href":"https:\/\/api.w.org\/{rel}","templated":true}]}}