{"id":94288,"date":"2016-02-01T17:33:10","date_gmt":"2016-02-01T16:33:10","guid":{"rendered":"http:\/\/www.visit-ulcinj.com\/blog\/?p=94288"},"modified":"2016-02-01T17:33:10","modified_gmt":"2016-02-01T16:33:10","slug":"omer-barjaktari-poslanici-iz-ulcinja-nemaju-opravdanje-za-podrsku-vladi","status":"publish","type":"post","link":"https:\/\/www.visit-ulcinj.com\/blog\/2016\/02\/01\/omer-barjaktari-poslanici-iz-ulcinja-nemaju-opravdanje-za-podrsku-vladi\/","title":{"rendered":"Omer Barjaktari: Poslanici iz Ulcinja nemaju opravdanje za podr\u0161ku Vladi"},"content":{"rendered":"<p><a href=\"http:\/\/www.visit-ulcinj.com\/blog\/wp-content\/uploads\/2016\/02\/Omer-Bajraktari-ulcinj-ulqin.jpg\"><img loading=\"lazy\" class=\"alignleft wp-image-94289\" src=\"http:\/\/www.visit-ulcinj.com\/blog\/wp-content\/uploads\/2016\/02\/Omer-Bajraktari-ulcinj-ulqin.jpg\" alt=\"Omer Bajraktari-ulcinj-ulqin\" width=\"508\" height=\"456\" srcset=\"https:\/\/www.visit-ulcinj.com\/blog\/wp-content\/uploads\/2016\/02\/Omer-Bajraktari-ulcinj-ulqin.jpg 881w, https:\/\/www.visit-ulcinj.com\/blog\/wp-content\/uploads\/2016\/02\/Omer-Bajraktari-ulcinj-ulqin-300x269.jpg 300w\" sizes=\"(max-width: 508px) 100vw, 508px\" \/><\/a>Predsjednik Gra\u0111anskog pokreta\u00a0URA u Ulcinju\u00a0Omer Barjaktari saop\u0161tio je da je\u00a0neobja\u0161njivo da poslanici i stranke sa sjedi\u0161tem u Ulcinju mogu da daju povjerenje Vladi u izbornoj godini, pred sami kraj njenog mandata.<\/p>\n<p>Kako je naveo, samo deset minuta \u0161etnje po Ulcinju\u00a0je dovoljno da se obi\u010dan gra\u0111anin uvjeri da &#8220;ova Vlada nije ni\u0161ta uradila za Ulcinj&#8221;.<\/p>\n<p>&#8220;Ako se samo ovla\u0161 zna problem Solane, jasno je da ova Vlada ne zaslu\u017euje povjerenje nijednog Ulcinjanina. Na vol\u0161eban na\u010din 15 miliona m2 prirodnog bogatstva i trud vi\u0161e generacija radnika tog najstarijeg preduze\u0107a u ovoj op\u0161tini treba da se poklone ko zna kome!?\u00a0Jo\u0161 je mo\u017eda eklatantniji problem Valdanosa, za koji je javno ova Vlada tokom 25 godina priznala da ne \u017eeli da ga rije\u0161i. Poslanici iz Ulcinja koji daju povjerenje ovoj Vladi samo poku\u0161avaju da manipuli\u0161u nama da \u0107e ba\u0161 oni to pitanje regulisati u okviru trgovine sa koli\u010dinom betona i broja kreveta i u lavirintu prostornih planova koje radi tako\u0111e ova Vlada za taj jedinstven prostor&#8221;, saop\u0161tio je Barjaktari.<\/p>\n<p>Dodaje da su sve privatizacije u Ulcinju bile neuspje\u0161ne, i da se na tome stalo bez ijednog signala i volje da se taj problem.<\/p>\n<p>&#8220;Svi znamo da op\u0161tina Ulcinj ima najmanje ingerencija nad svojom teritorijom nego bilo koja druga op\u0161tina u Crnoj Gori zbog raznih zakona. I sada tu istu Vladu, koja je stvorila takav sistem, treba podr\u017eati.\u00a0Obja\u0161njenje da zbog evroatlatntskih intergracija mora da se glasa za povjerenje ovoj Vladi je smije\u0161no. Sama \u010dinjenica da su ambasadori najzna\u010dajnijih zemalja\u00a0\u010dlanica EU i NATO otvoreno i javno na strani gra\u0111ana Ulcinja u vezi ovih \u017eivotnih problema, razbija u parampar\u010dad tu tezu.\u00a0Zbog ovih, ali drugih problema koji su u korpusu socio-ekonomskih, pravnih, demografskih i drugih problema, ova Vlada nije zaslu\u017eila povjerenje Ulcinjana.\u00a0Zato punu odgovornost za stanje u Ulcinju dijele Vlada i oni koji je bezuslovno podr\u017eavaju.\u00a0I na kraju pitanje &#8211; \u0161ta preostaje poslanicima i strankama koje su podr\u017eale Vladu ako ona odlu\u010di da je za kupovinu Solane na berzi za 800.000 eura pla\u0107ena pravi\u010dna naknada, i u Valdanosu nacrta vile i hotele? Kakav \u0107e tada imati izgovor?&#8221;, zaklju\u010dio je Barjaktari.<\/p>\n<p><strong>Izvor: Vijesti Online<\/strong><\/p>\n","protected":false},"excerpt":{"rendered":"<p>Predsjednik Gra\u0111anskog pokreta\u00a0URA u Ulcinju\u00a0Omer Barjaktari saop\u0161tio je da je\u00a0neobja\u0161njivo da poslanici i stranke sa sjedi\u0161tem u Ulcinju mogu da daju povjerenje Vladi u izbornoj godini, pred sami kraj njenog mandata. Kako je naveo, samo deset minuta \u0161etnje po Ulcinju\u00a0je dovoljno da se obi\u010dan gra\u0111anin uvjeri da &#8220;ova Vlada nije ni\u0161ta uradila za Ulcinj&#8221;. &#8220;Ako [&hellip;]<\/p>\n","protected":false},"author":1,"featured_media":0,"comment_status":"closed","ping_status":"closed","sticky":false,"template":"","format":"standard","meta":{"spay_email":"","jetpack_publicize_message":"","jetpack_is_tweetstorm":false,"jetpack_publicize_feature_enabled":true},"categories":[8337],"tags":[],"jetpack_publicize_connections":[],"yoast_head":"<!-- This site is optimized with the Yoast SEO plugin v19.1 - https:\/\/yoast.com\/wordpress\/plugins\/seo\/ -->\n<title>Omer Barjaktari: Poslanici iz Ulcinja nemaju opravdanje za podr\u0161ku Vladi - Lajme nga Ulqini<\/title>\n<meta name=\"description\" content=\"Predsjednik Gra\u0111anskog pokreta\u00a0URA u Ulcinju\u00a0Omer Barjaktari saop\u0161tio je da je\u00a0neobja\u0161njivo da poslanici i stranke sa sjedi\u0161tem u Ulcinju mogu da daju\" \/>\n<meta name=\"robots\" content=\"index, follow, max-snippet:-1, max-image-preview:large, max-video-preview:-1\" \/>\n<link rel=\"canonical\" href=\"https:\/\/www.visit-ulcinj.com\/blog\/2016\/02\/01\/omer-barjaktari-poslanici-iz-ulcinja-nemaju-opravdanje-za-podrsku-vladi\/\" \/>\n<meta property=\"og:locale\" content=\"en_US\" \/>\n<meta property=\"og:type\" content=\"article\" \/>\n<meta property=\"og:title\" content=\"Omer Barjaktari: Poslanici iz Ulcinja nemaju opravdanje za podr\u0161ku Vladi - Lajme nga Ulqini\" \/>\n<meta property=\"og:description\" content=\"Predsjednik Gra\u0111anskog pokreta\u00a0URA u Ulcinju\u00a0Omer Barjaktari saop\u0161tio je da je\u00a0neobja\u0161njivo da poslanici i stranke sa sjedi\u0161tem u Ulcinju mogu da daju\" \/>\n<meta property=\"og:url\" content=\"https:\/\/www.visit-ulcinj.com\/blog\/2016\/02\/01\/omer-barjaktari-poslanici-iz-ulcinja-nemaju-opravdanje-za-podrsku-vladi\/\" \/>\n<meta property=\"og:site_name\" content=\"Lajme nga Ulqini\" \/>\n<meta property=\"article:published_time\" content=\"2016-02-01T16:33:10+00:00\" \/>\n<meta property=\"og:image\" content=\"http:\/\/www.visit-ulcinj.com\/blog\/wp-content\/uploads\/2016\/02\/Omer-Bajraktari-ulcinj-ulqin.jpg\" \/>\n<meta name=\"twitter:label1\" content=\"Written by\" \/>\n\t<meta name=\"twitter:data1\" content=\"ulqini\" \/>\n\t<meta name=\"twitter:label2\" content=\"Est. reading time\" \/>\n\t<meta name=\"twitter:data2\" content=\"2 minutes\" \/>\n<script type=\"application\/ld+json\" class=\"yoast-schema-graph\">{\"@context\":\"https:\/\/schema.org\",\"@graph\":[{\"@type\":\"WebSite\",\"@id\":\"https:\/\/www.visit-ulcinj.com\/blog\/#website\",\"url\":\"https:\/\/www.visit-ulcinj.com\/blog\/\",\"name\":\"Lajme nga Ulqini\",\"description\":\"Lajme,Vijesti,Ulqini,Ulqin,Crna Gora,Mali i Zi\",\"potentialAction\":[{\"@type\":\"SearchAction\",\"target\":{\"@type\":\"EntryPoint\",\"urlTemplate\":\"https:\/\/www.visit-ulcinj.com\/blog\/?s={search_term_string}\"},\"query-input\":\"required name=search_term_string\"}],\"inLanguage\":\"en-US\"},{\"@type\":\"ImageObject\",\"inLanguage\":\"en-US\",\"@id\":\"https:\/\/www.visit-ulcinj.com\/blog\/2016\/02\/01\/omer-barjaktari-poslanici-iz-ulcinja-nemaju-opravdanje-za-podrsku-vladi\/#primaryimage\",\"url\":\"https:\/\/www.visit-ulcinj.com\/blog\/wp-content\/uploads\/2016\/02\/Omer-Bajraktari-ulcinj-ulqin.jpg\",\"contentUrl\":\"https:\/\/www.visit-ulcinj.com\/blog\/wp-content\/uploads\/2016\/02\/Omer-Bajraktari-ulcinj-ulqin.jpg\",\"width\":881,\"height\":791},{\"@type\":\"WebPage\",\"@id\":\"https:\/\/www.visit-ulcinj.com\/blog\/2016\/02\/01\/omer-barjaktari-poslanici-iz-ulcinja-nemaju-opravdanje-za-podrsku-vladi\/#webpage\",\"url\":\"https:\/\/www.visit-ulcinj.com\/blog\/2016\/02\/01\/omer-barjaktari-poslanici-iz-ulcinja-nemaju-opravdanje-za-podrsku-vladi\/\",\"name\":\"Omer Barjaktari: Poslanici iz Ulcinja nemaju opravdanje za podr\u0161ku Vladi - Lajme nga Ulqini\",\"isPartOf\":{\"@id\":\"https:\/\/www.visit-ulcinj.com\/blog\/#website\"},\"primaryImageOfPage\":{\"@id\":\"https:\/\/www.visit-ulcinj.com\/blog\/2016\/02\/01\/omer-barjaktari-poslanici-iz-ulcinja-nemaju-opravdanje-za-podrsku-vladi\/#primaryimage\"},\"datePublished\":\"2016-02-01T16:33:10+00:00\",\"dateModified\":\"2016-02-01T16:33:10+00:00\",\"author\":{\"@id\":\"https:\/\/www.visit-ulcinj.com\/blog\/#\/schema\/person\/dcab619c614d3038751c63bc2aadc06d\"},\"description\":\"Predsjednik Gra\u0111anskog pokreta\u00a0URA u Ulcinju\u00a0Omer Barjaktari saop\u0161tio je da je\u00a0neobja\u0161njivo da poslanici i stranke sa sjedi\u0161tem u Ulcinju mogu da daju\",\"breadcrumb\":{\"@id\":\"https:\/\/www.visit-ulcinj.com\/blog\/2016\/02\/01\/omer-barjaktari-poslanici-iz-ulcinja-nemaju-opravdanje-za-podrsku-vladi\/#breadcrumb\"},\"inLanguage\":\"en-US\",\"potentialAction\":[{\"@type\":\"ReadAction\",\"target\":[\"https:\/\/www.visit-ulcinj.com\/blog\/2016\/02\/01\/omer-barjaktari-poslanici-iz-ulcinja-nemaju-opravdanje-za-podrsku-vladi\/\"]}]},{\"@type\":\"BreadcrumbList\",\"@id\":\"https:\/\/www.visit-ulcinj.com\/blog\/2016\/02\/01\/omer-barjaktari-poslanici-iz-ulcinja-nemaju-opravdanje-za-podrsku-vladi\/#breadcrumb\",\"itemListElement\":[{\"@type\":\"ListItem\",\"position\":1,\"name\":\"Omer Barjaktari: Poslanici iz Ulcinja nemaju opravdanje za podr\u0161ku Vladi\"}]},{\"@type\":\"Person\",\"@id\":\"https:\/\/www.visit-ulcinj.com\/blog\/#\/schema\/person\/dcab619c614d3038751c63bc2aadc06d\",\"name\":\"ulqini\",\"sameAs\":[\"http:\/\/www.visit-ulcinj.com\"],\"url\":\"https:\/\/www.visit-ulcinj.com\/blog\/author\/admin\/\"}]}<\/script>\n<!-- \/ Yoast SEO plugin. -->","yoast_head_json":{"title":"Omer Barjaktari: Poslanici iz Ulcinja nemaju opravdanje za podr\u0161ku Vladi - Lajme nga Ulqini","description":"Predsjednik Gra\u0111anskog pokreta\u00a0URA u Ulcinju\u00a0Omer Barjaktari saop\u0161tio je da je\u00a0neobja\u0161njivo da poslanici i stranke sa sjedi\u0161tem u Ulcinju mogu da daju","robots":{"index":"index","follow":"follow","max-snippet":"max-snippet:-1","max-image-preview":"max-image-preview:large","max-video-preview":"max-video-preview:-1"},"canonical":"https:\/\/www.visit-ulcinj.com\/blog\/2016\/02\/01\/omer-barjaktari-poslanici-iz-ulcinja-nemaju-opravdanje-za-podrsku-vladi\/","og_locale":"en_US","og_type":"article","og_title":"Omer Barjaktari: Poslanici iz Ulcinja nemaju opravdanje za podr\u0161ku Vladi - Lajme nga Ulqini","og_description":"Predsjednik Gra\u0111anskog pokreta\u00a0URA u Ulcinju\u00a0Omer Barjaktari saop\u0161tio je da je\u00a0neobja\u0161njivo da poslanici i stranke sa sjedi\u0161tem u Ulcinju mogu da daju","og_url":"https:\/\/www.visit-ulcinj.com\/blog\/2016\/02\/01\/omer-barjaktari-poslanici-iz-ulcinja-nemaju-opravdanje-za-podrsku-vladi\/","og_site_name":"Lajme nga Ulqini","article_published_time":"2016-02-01T16:33:10+00:00","og_image":[{"url":"http:\/\/www.visit-ulcinj.com\/blog\/wp-content\/uploads\/2016\/02\/Omer-Bajraktari-ulcinj-ulqin.jpg"}],"twitter_misc":{"Written by":"ulqini","Est. reading time":"2 minutes"},"schema":{"@context":"https:\/\/schema.org","@graph":[{"@type":"WebSite","@id":"https:\/\/www.visit-ulcinj.com\/blog\/#website","url":"https:\/\/www.visit-ulcinj.com\/blog\/","name":"Lajme nga Ulqini","description":"Lajme,Vijesti,Ulqini,Ulqin,Crna Gora,Mali i Zi","potentialAction":[{"@type":"SearchAction","target":{"@type":"EntryPoint","urlTemplate":"https:\/\/www.visit-ulcinj.com\/blog\/?s={search_term_string}"},"query-input":"required name=search_term_string"}],"inLanguage":"en-US"},{"@type":"ImageObject","inLanguage":"en-US","@id":"https:\/\/www.visit-ulcinj.com\/blog\/2016\/02\/01\/omer-barjaktari-poslanici-iz-ulcinja-nemaju-opravdanje-za-podrsku-vladi\/#primaryimage","url":"https:\/\/www.visit-ulcinj.com\/blog\/wp-content\/uploads\/2016\/02\/Omer-Bajraktari-ulcinj-ulqin.jpg","contentUrl":"https:\/\/www.visit-ulcinj.com\/blog\/wp-content\/uploads\/2016\/02\/Omer-Bajraktari-ulcinj-ulqin.jpg","width":881,"height":791},{"@type":"WebPage","@id":"https:\/\/www.visit-ulcinj.com\/blog\/2016\/02\/01\/omer-barjaktari-poslanici-iz-ulcinja-nemaju-opravdanje-za-podrsku-vladi\/#webpage","url":"https:\/\/www.visit-ulcinj.com\/blog\/2016\/02\/01\/omer-barjaktari-poslanici-iz-ulcinja-nemaju-opravdanje-za-podrsku-vladi\/","name":"Omer Barjaktari: Poslanici iz Ulcinja nemaju opravdanje za podr\u0161ku Vladi - Lajme nga Ulqini","isPartOf":{"@id":"https:\/\/www.visit-ulcinj.com\/blog\/#website"},"primaryImageOfPage":{"@id":"https:\/\/www.visit-ulcinj.com\/blog\/2016\/02\/01\/omer-barjaktari-poslanici-iz-ulcinja-nemaju-opravdanje-za-podrsku-vladi\/#primaryimage"},"datePublished":"2016-02-01T16:33:10+00:00","dateModified":"2016-02-01T16:33:10+00:00","author":{"@id":"https:\/\/www.visit-ulcinj.com\/blog\/#\/schema\/person\/dcab619c614d3038751c63bc2aadc06d"},"description":"Predsjednik Gra\u0111anskog pokreta\u00a0URA u Ulcinju\u00a0Omer Barjaktari saop\u0161tio je da je\u00a0neobja\u0161njivo da poslanici i stranke sa sjedi\u0161tem u Ulcinju mogu da daju","breadcrumb":{"@id":"https:\/\/www.visit-ulcinj.com\/blog\/2016\/02\/01\/omer-barjaktari-poslanici-iz-ulcinja-nemaju-opravdanje-za-podrsku-vladi\/#breadcrumb"},"inLanguage":"en-US","potentialAction":[{"@type":"ReadAction","target":["https:\/\/www.visit-ulcinj.com\/blog\/2016\/02\/01\/omer-barjaktari-poslanici-iz-ulcinja-nemaju-opravdanje-za-podrsku-vladi\/"]}]},{"@type":"BreadcrumbList","@id":"https:\/\/www.visit-ulcinj.com\/blog\/2016\/02\/01\/omer-barjaktari-poslanici-iz-ulcinja-nemaju-opravdanje-za-podrsku-vladi\/#breadcrumb","itemListElement":[{"@type":"ListItem","position":1,"name":"Omer Barjaktari: Poslanici iz Ulcinja nemaju opravdanje za podr\u0161ku Vladi"}]},{"@type":"Person","@id":"https:\/\/www.visit-ulcinj.com\/blog\/#\/schema\/person\/dcab619c614d3038751c63bc2aadc06d","name":"ulqini","sameAs":["http:\/\/www.visit-ulcinj.com"],"url":"https:\/\/www.visit-ulcinj.com\/blog\/author\/admin\/"}]}},"jetpack_featured_media_url":"","jetpack_sharing_enabled":true,"jetpack_shortlink":"https:\/\/wp.me\/pe6lTn-owM","_links":{"self":[{"href":"https:\/\/www.visit-ulcinj.com\/blog\/wp-json\/wp\/v2\/posts\/94288"}],"collection":[{"href":"https:\/\/www.visit-ulcinj.com\/blog\/wp-json\/wp\/v2\/posts"}],"about":[{"href":"https:\/\/www.visit-ulcinj.com\/blog\/wp-json\/wp\/v2\/types\/post"}],"author":[{"embeddable":true,"href":"https:\/\/www.visit-ulcinj.com\/blog\/wp-json\/wp\/v2\/users\/1"}],"replies":[{"embeddable":true,"href":"https:\/\/www.visit-ulcinj.com\/blog\/wp-json\/wp\/v2\/comments?post=94288"}],"version-history":[{"count":1,"href":"https:\/\/www.visit-ulcinj.com\/blog\/wp-json\/wp\/v2\/posts\/94288\/revisions"}],"predecessor-version":[{"id":94290,"href":"https:\/\/www.visit-ulcinj.com\/blog\/wp-json\/wp\/v2\/posts\/94288\/revisions\/94290"}],"wp:attachment":[{"href":"https:\/\/www.visit-ulcinj.com\/blog\/wp-json\/wp\/v2\/media?parent=94288"}],"wp:term":[{"taxonomy":"category","embeddable":true,"href":"https:\/\/www.visit-ulcinj.com\/blog\/wp-json\/wp\/v2\/categories?post=94288"},{"taxonomy":"post_tag","embeddable":true,"href":"https:\/\/www.visit-ulcinj.com\/blog\/wp-json\/wp\/v2\/tags?post=94288"}],"curies":[{"name":"wp","href":"https:\/\/api.w.org\/{rel}","templated":true}]}}