{"id":94291,"date":"2016-02-01T17:45:01","date_gmt":"2016-02-01T16:45:01","guid":{"rendered":"http:\/\/www.visit-ulcinj.com\/blog\/?p=94291"},"modified":"2016-02-01T17:45:01","modified_gmt":"2016-02-01T16:45:01","slug":"bajraktari-ben-pergjegjes-politikanet-ulqinak-dhe-qeverin-e-malit-te-zi-per-ulqinin","status":"publish","type":"post","link":"https:\/\/www.visit-ulcinj.com\/blog\/2016\/02\/01\/bajraktari-ben-pergjegjes-politikanet-ulqinak-dhe-qeverin-e-malit-te-zi-per-ulqinin\/","title":{"rendered":"Bajraktari b\u00ebn p\u00ebrgjegj\u00ebs politikan\u00ebt ulqinak dhe qeverin e Malit te Zi p\u00ebr Ulqinin"},"content":{"rendered":"<p><a href=\"http:\/\/www.visit-ulcinj.com\/blog\/wp-content\/uploads\/2016\/02\/Omer-Bajraktari-ulqin.jpg\"><img loading=\"lazy\" class=\"alignleft wp-image-94292\" src=\"http:\/\/www.visit-ulcinj.com\/blog\/wp-content\/uploads\/2016\/02\/Omer-Bajraktari-ulqin.jpg\" alt=\"Omer Bajraktari-ulqin\" width=\"508\" height=\"319\" srcset=\"https:\/\/www.visit-ulcinj.com\/blog\/wp-content\/uploads\/2016\/02\/Omer-Bajraktari-ulqin.jpg 560w, https:\/\/www.visit-ulcinj.com\/blog\/wp-content\/uploads\/2016\/02\/Omer-Bajraktari-ulqin-300x189.jpg 300w\" sizes=\"(max-width: 508px) 100vw, 508px\" \/><\/a>\u00cbsht\u00eb e pashpjegueshme p\u00ebr ne nga K\u00ebshilli komunal i URA-s\u00eb q\u00eb deputet\u00ebt dhe partit\u00eb me seli n\u00eb Ulqin, n\u00eb vitin zgjedhor, sakt\u00ebsisht n\u00eb p\u00ebrfundim t\u00eb mandatit, mund t\u2019i japin besimin qeveris\u00eb.<\/p>\n<p>Sepse, jan\u00eb t\u00eb mjaftuesh\u00ebm vet\u00ebm dhjet\u00eb minuta sh\u00ebtitje n\u00eb qytet q\u00eb qytetari i thjesht\u00eb t\u00eb bindet se kjo qeveri n\u00eb Ulqin nuk b\u00ebri asgj\u00eb. P\u00ebrkundrazi!<\/p>\n<p>Pra, arsye p\u00ebr vendim t\u00eb kund\u00ebrt ka shum\u00eb, e un\u00eb do ti ceki shkurtimisht vet\u00ebm disa.<\/p>\n<p>N\u00ebse t\u00eb pakt\u00ebn sip\u00ebrfaq\u00ebsisht e njohim problemin e Kripores, \u00ebsht\u00eb m\u00eb se e qart\u00eb q\u00eb kjo Qeveri nuk meriton besimin e asnj\u00ebrit nga Ulqini. N\u00eb m\u00ebnyre misterioze 15 milion m2 t\u00eb pasuris\u00eb natyrore dhe mundi i shum\u00eb gjeneratave t\u00eb pun\u00ebtor\u00ebve t\u00eb k\u00ebsaj nd\u00ebrmarrje m\u00eb t\u00eb vjet\u00ebr n\u00eb qytet, duhet t\u2019i dhurohen kush e di se kujt!?<\/p>\n<p>Nj\u00eb problem ndoshta m\u00eb i duksh\u00ebm \u00ebsht\u00eb Valdanosi, p\u00ebr t\u00eb cilin Qeveria n\u00eb k\u00ebto 25 vite ka pranuar se nuk d\u00ebshiron ta zgjidh. Deputet\u00ebt nga Ulqini q\u00eb ia japin besimin k\u00ebsaj qeverie ve\u00e7se d\u00ebshirojn\u00eb t\u00eb manipulojn\u00eb me neve, q\u00eb pik\u00ebrisht ato do ta rregullojn\u00eb k\u00ebt\u00eb \u00e7\u00ebshtje p\u00ebrmes tregtis\u00eb me sasin\u00eb e betonit dhe numrin e krevateve n\u00eb labirintin e planeve hap\u00ebsinore t\u00eb cil\u00ebt i punon pik\u00ebrisht kjo qeveri p\u00ebr k\u00ebt\u00eb zon\u00eb unike.<\/p>\n<p>Tre, zinxhiri i problemeve rreth privatizimit n\u00eb komun\u00ebn ton\u00eb. Vet\u00eb fakti q\u00eb t\u00eb gjith\u00eb privatizimet n\u00eb Ulqin ishin t\u00eb pasuksesshme, q\u00eb \u00e7do gj\u00eb \u00ebsht\u00eb ndaluar, duke mos dh\u00ebn\u00eb asnj\u00eb sinjal dhe vullnet q\u00eb ky problem, t\u00eb cilin e vetkrijuan, d\u00ebshirojn\u00eb ta zgjidhin, flet mjaftuesh\u00ebm.<\/p>\n<p>P\u00ebr m\u00eb tep\u00ebr, t\u00eb gjith\u00eb e dim\u00eb q\u00eb komuna e Ulqinit, p\u00ebr shkak t\u00eb ligjeve t\u00eb ndryshme, ka m\u00eb s\u00eb paku kompetenca n\u00eb territorin e saj nga \u00e7do komun\u00eb tjet\u00ebr n\u00eb Mal t\u00eb Zi. Tani, po k\u00ebt\u00eb Qeveri, e cila krijoi k\u00ebt\u00eb sistem, duhet mb\u00ebshtetur. \u00c7do koment \u00ebsht\u00eb i tep\u00ebrt.<\/p>\n<p>Shpjegimi se p\u00ebr shkak t\u00eb integrimeve euro-atlantike duhet t\u00eb votohet p\u00ebr besimin e Qeveris\u00eb \u00ebsht\u00eb qesharak. Vet\u00eb fakti se ambasador\u00ebt m\u00eb me r\u00ebnd\u00ebsi t\u00eb shteteve an\u00ebtare t\u00eb BE-s\u00eb dhe NATO-s\u00eb hapur dhe publikisht jan\u00eb n\u00eb an\u00ebn e qytetar\u00ebve t\u00eb Ulqinit sa i p\u00ebrket k\u00ebtyre problemeve jetike, e thyen n\u00eb copa tez\u00ebn e tyre.<\/p>\n<p>Jam i sigurt se p\u00ebr shkak t\u00eb k\u00ebtyre problemeve, por edhe atyre q\u00eb b\u00ebjn\u00eb pjes\u00eb n\u00eb korpusin socio-ekonomik, juridik, demografik dhe t\u00eb tjer\u00eb, kjo Qeveri nuk e meritoi besimi e Ulqinak\u00ebve.<\/p>\n<p>Prandaj, p\u00ebrgjegj\u00ebsi t\u00eb plot\u00eb p\u00ebr gjendjen n\u00eb Ulqin e ndan\u00eb Qeveria dhe ato q\u00eb e mb\u00ebshtesin pa kushte.<\/p>\n<p>N\u00eb fund pyes: \u00e7far\u00eb i mbetet deputet\u00ebve dhe partive q\u00eb e mb\u00ebshtet\u00ebn Qeverin\u00eb, n\u00ebse ajo vendos\u00eb q\u00eb p\u00ebr blerjen e Kripores n\u00eb burs\u00eb p\u00ebr 800 mij\u00eb euro \u00ebsht\u00eb paguar \u00e7mimi i drejt\u00eb, apo n\u00ebse n\u00eb Valdanos projekton vila dhe hotele? \u00c7far\u00eb justifikimi do t\u00eb ken\u00eb at\u00ebher\u00eb ?<\/p>\n<p>Ul.info<\/p>\n","protected":false},"excerpt":{"rendered":"<p>\u00cbsht\u00eb e pashpjegueshme p\u00ebr ne nga K\u00ebshilli komunal i URA-s\u00eb q\u00eb deputet\u00ebt dhe partit\u00eb me seli n\u00eb Ulqin, n\u00eb vitin zgjedhor, sakt\u00ebsisht n\u00eb p\u00ebrfundim t\u00eb mandatit, mund t\u2019i japin besimin qeveris\u00eb. Sepse, jan\u00eb t\u00eb mjaftuesh\u00ebm vet\u00ebm dhjet\u00eb minuta sh\u00ebtitje n\u00eb qytet q\u00eb qytetari i thjesht\u00eb t\u00eb bindet se kjo qeveri n\u00eb Ulqin nuk b\u00ebri asgj\u00eb. [&hellip;]<\/p>\n","protected":false},"author":1,"featured_media":0,"comment_status":"closed","ping_status":"closed","sticky":false,"template":"","format":"standard","meta":{"spay_email":"","jetpack_publicize_message":"","jetpack_is_tweetstorm":false,"jetpack_publicize_feature_enabled":true},"categories":[6],"tags":[],"jetpack_publicize_connections":[],"yoast_head":"<!-- This site is optimized with the Yoast SEO plugin v19.1 - https:\/\/yoast.com\/wordpress\/plugins\/seo\/ -->\n<title>Bajraktari b\u00ebn p\u00ebrgjegj\u00ebs politikan\u00ebt ulqinak dhe qeverin e Malit te Zi p\u00ebr Ulqinin - Lajme nga Ulqini<\/title>\n<meta name=\"description\" content=\"\u00cbsht\u00eb e pashpjegueshme p\u00ebr ne nga K\u00ebshilli komunal i URA-s\u00eb q\u00eb deputet\u00ebt dhe partit\u00eb me seli n\u00eb Ulqin, n\u00eb vitin zgjedhor, sakt\u00ebsisht n\u00eb p\u00ebrfundim t\u00eb\" \/>\n<meta name=\"robots\" content=\"index, follow, max-snippet:-1, max-image-preview:large, max-video-preview:-1\" \/>\n<link rel=\"canonical\" href=\"https:\/\/www.visit-ulcinj.com\/blog\/2016\/02\/01\/bajraktari-ben-pergjegjes-politikanet-ulqinak-dhe-qeverin-e-malit-te-zi-per-ulqinin\/\" \/>\n<meta property=\"og:locale\" content=\"en_US\" \/>\n<meta property=\"og:type\" content=\"article\" \/>\n<meta property=\"og:title\" content=\"Bajraktari b\u00ebn p\u00ebrgjegj\u00ebs politikan\u00ebt ulqinak dhe qeverin e Malit te Zi p\u00ebr Ulqinin - Lajme nga Ulqini\" \/>\n<meta property=\"og:description\" content=\"\u00cbsht\u00eb e pashpjegueshme p\u00ebr ne nga K\u00ebshilli komunal i URA-s\u00eb q\u00eb deputet\u00ebt dhe partit\u00eb me seli n\u00eb Ulqin, n\u00eb vitin zgjedhor, sakt\u00ebsisht n\u00eb p\u00ebrfundim t\u00eb\" \/>\n<meta property=\"og:url\" content=\"https:\/\/www.visit-ulcinj.com\/blog\/2016\/02\/01\/bajraktari-ben-pergjegjes-politikanet-ulqinak-dhe-qeverin-e-malit-te-zi-per-ulqinin\/\" \/>\n<meta property=\"og:site_name\" content=\"Lajme nga Ulqini\" \/>\n<meta property=\"article:published_time\" content=\"2016-02-01T16:45:01+00:00\" \/>\n<meta property=\"og:image\" content=\"http:\/\/www.visit-ulcinj.com\/blog\/wp-content\/uploads\/2016\/02\/Omer-Bajraktari-ulqin.jpg\" \/>\n<meta name=\"twitter:label1\" content=\"Written by\" \/>\n\t<meta name=\"twitter:data1\" content=\"ulqini\" \/>\n\t<meta name=\"twitter:label2\" content=\"Est. reading time\" \/>\n\t<meta name=\"twitter:data2\" content=\"3 minutes\" \/>\n<script type=\"application\/ld+json\" class=\"yoast-schema-graph\">{\"@context\":\"https:\/\/schema.org\",\"@graph\":[{\"@type\":\"WebSite\",\"@id\":\"https:\/\/www.visit-ulcinj.com\/blog\/#website\",\"url\":\"https:\/\/www.visit-ulcinj.com\/blog\/\",\"name\":\"Lajme nga Ulqini\",\"description\":\"Lajme,Vijesti,Ulqini,Ulqin,Crna Gora,Mali i Zi\",\"potentialAction\":[{\"@type\":\"SearchAction\",\"target\":{\"@type\":\"EntryPoint\",\"urlTemplate\":\"https:\/\/www.visit-ulcinj.com\/blog\/?s={search_term_string}\"},\"query-input\":\"required name=search_term_string\"}],\"inLanguage\":\"en-US\"},{\"@type\":\"ImageObject\",\"inLanguage\":\"en-US\",\"@id\":\"https:\/\/www.visit-ulcinj.com\/blog\/2016\/02\/01\/bajraktari-ben-pergjegjes-politikanet-ulqinak-dhe-qeverin-e-malit-te-zi-per-ulqinin\/#primaryimage\",\"url\":\"https:\/\/www.visit-ulcinj.com\/blog\/wp-content\/uploads\/2016\/02\/Omer-Bajraktari-ulqin.jpg\",\"contentUrl\":\"https:\/\/www.visit-ulcinj.com\/blog\/wp-content\/uploads\/2016\/02\/Omer-Bajraktari-ulqin.jpg\",\"width\":560,\"height\":352},{\"@type\":\"WebPage\",\"@id\":\"https:\/\/www.visit-ulcinj.com\/blog\/2016\/02\/01\/bajraktari-ben-pergjegjes-politikanet-ulqinak-dhe-qeverin-e-malit-te-zi-per-ulqinin\/#webpage\",\"url\":\"https:\/\/www.visit-ulcinj.com\/blog\/2016\/02\/01\/bajraktari-ben-pergjegjes-politikanet-ulqinak-dhe-qeverin-e-malit-te-zi-per-ulqinin\/\",\"name\":\"Bajraktari b\u00ebn p\u00ebrgjegj\u00ebs politikan\u00ebt ulqinak dhe qeverin e Malit te Zi p\u00ebr Ulqinin - Lajme nga Ulqini\",\"isPartOf\":{\"@id\":\"https:\/\/www.visit-ulcinj.com\/blog\/#website\"},\"primaryImageOfPage\":{\"@id\":\"https:\/\/www.visit-ulcinj.com\/blog\/2016\/02\/01\/bajraktari-ben-pergjegjes-politikanet-ulqinak-dhe-qeverin-e-malit-te-zi-per-ulqinin\/#primaryimage\"},\"datePublished\":\"2016-02-01T16:45:01+00:00\",\"dateModified\":\"2016-02-01T16:45:01+00:00\",\"author\":{\"@id\":\"https:\/\/www.visit-ulcinj.com\/blog\/#\/schema\/person\/dcab619c614d3038751c63bc2aadc06d\"},\"description\":\"\u00cbsht\u00eb e pashpjegueshme p\u00ebr ne nga K\u00ebshilli komunal i URA-s\u00eb q\u00eb deputet\u00ebt dhe partit\u00eb me seli n\u00eb Ulqin, n\u00eb vitin zgjedhor, sakt\u00ebsisht n\u00eb p\u00ebrfundim t\u00eb\",\"breadcrumb\":{\"@id\":\"https:\/\/www.visit-ulcinj.com\/blog\/2016\/02\/01\/bajraktari-ben-pergjegjes-politikanet-ulqinak-dhe-qeverin-e-malit-te-zi-per-ulqinin\/#breadcrumb\"},\"inLanguage\":\"en-US\",\"potentialAction\":[{\"@type\":\"ReadAction\",\"target\":[\"https:\/\/www.visit-ulcinj.com\/blog\/2016\/02\/01\/bajraktari-ben-pergjegjes-politikanet-ulqinak-dhe-qeverin-e-malit-te-zi-per-ulqinin\/\"]}]},{\"@type\":\"BreadcrumbList\",\"@id\":\"https:\/\/www.visit-ulcinj.com\/blog\/2016\/02\/01\/bajraktari-ben-pergjegjes-politikanet-ulqinak-dhe-qeverin-e-malit-te-zi-per-ulqinin\/#breadcrumb\",\"itemListElement\":[{\"@type\":\"ListItem\",\"position\":1,\"name\":\"Bajraktari b\u00ebn p\u00ebrgjegj\u00ebs politikan\u00ebt ulqinak dhe qeverin e Malit te Zi p\u00ebr Ulqinin\"}]},{\"@type\":\"Person\",\"@id\":\"https:\/\/www.visit-ulcinj.com\/blog\/#\/schema\/person\/dcab619c614d3038751c63bc2aadc06d\",\"name\":\"ulqini\",\"sameAs\":[\"http:\/\/www.visit-ulcinj.com\"],\"url\":\"https:\/\/www.visit-ulcinj.com\/blog\/author\/admin\/\"}]}<\/script>\n<!-- \/ Yoast SEO plugin. -->","yoast_head_json":{"title":"Bajraktari b\u00ebn p\u00ebrgjegj\u00ebs politikan\u00ebt ulqinak dhe qeverin e Malit te Zi p\u00ebr Ulqinin - Lajme nga Ulqini","description":"\u00cbsht\u00eb e pashpjegueshme p\u00ebr ne nga K\u00ebshilli komunal i URA-s\u00eb q\u00eb deputet\u00ebt dhe partit\u00eb me seli n\u00eb Ulqin, n\u00eb vitin zgjedhor, sakt\u00ebsisht n\u00eb p\u00ebrfundim t\u00eb","robots":{"index":"index","follow":"follow","max-snippet":"max-snippet:-1","max-image-preview":"max-image-preview:large","max-video-preview":"max-video-preview:-1"},"canonical":"https:\/\/www.visit-ulcinj.com\/blog\/2016\/02\/01\/bajraktari-ben-pergjegjes-politikanet-ulqinak-dhe-qeverin-e-malit-te-zi-per-ulqinin\/","og_locale":"en_US","og_type":"article","og_title":"Bajraktari b\u00ebn p\u00ebrgjegj\u00ebs politikan\u00ebt ulqinak dhe qeverin e Malit te Zi p\u00ebr Ulqinin - Lajme nga Ulqini","og_description":"\u00cbsht\u00eb e pashpjegueshme p\u00ebr ne nga K\u00ebshilli komunal i URA-s\u00eb q\u00eb deputet\u00ebt dhe partit\u00eb me seli n\u00eb Ulqin, n\u00eb vitin zgjedhor, sakt\u00ebsisht n\u00eb p\u00ebrfundim t\u00eb","og_url":"https:\/\/www.visit-ulcinj.com\/blog\/2016\/02\/01\/bajraktari-ben-pergjegjes-politikanet-ulqinak-dhe-qeverin-e-malit-te-zi-per-ulqinin\/","og_site_name":"Lajme nga Ulqini","article_published_time":"2016-02-01T16:45:01+00:00","og_image":[{"url":"http:\/\/www.visit-ulcinj.com\/blog\/wp-content\/uploads\/2016\/02\/Omer-Bajraktari-ulqin.jpg"}],"twitter_misc":{"Written by":"ulqini","Est. reading time":"3 minutes"},"schema":{"@context":"https:\/\/schema.org","@graph":[{"@type":"WebSite","@id":"https:\/\/www.visit-ulcinj.com\/blog\/#website","url":"https:\/\/www.visit-ulcinj.com\/blog\/","name":"Lajme nga Ulqini","description":"Lajme,Vijesti,Ulqini,Ulqin,Crna Gora,Mali i Zi","potentialAction":[{"@type":"SearchAction","target":{"@type":"EntryPoint","urlTemplate":"https:\/\/www.visit-ulcinj.com\/blog\/?s={search_term_string}"},"query-input":"required name=search_term_string"}],"inLanguage":"en-US"},{"@type":"ImageObject","inLanguage":"en-US","@id":"https:\/\/www.visit-ulcinj.com\/blog\/2016\/02\/01\/bajraktari-ben-pergjegjes-politikanet-ulqinak-dhe-qeverin-e-malit-te-zi-per-ulqinin\/#primaryimage","url":"https:\/\/www.visit-ulcinj.com\/blog\/wp-content\/uploads\/2016\/02\/Omer-Bajraktari-ulqin.jpg","contentUrl":"https:\/\/www.visit-ulcinj.com\/blog\/wp-content\/uploads\/2016\/02\/Omer-Bajraktari-ulqin.jpg","width":560,"height":352},{"@type":"WebPage","@id":"https:\/\/www.visit-ulcinj.com\/blog\/2016\/02\/01\/bajraktari-ben-pergjegjes-politikanet-ulqinak-dhe-qeverin-e-malit-te-zi-per-ulqinin\/#webpage","url":"https:\/\/www.visit-ulcinj.com\/blog\/2016\/02\/01\/bajraktari-ben-pergjegjes-politikanet-ulqinak-dhe-qeverin-e-malit-te-zi-per-ulqinin\/","name":"Bajraktari b\u00ebn p\u00ebrgjegj\u00ebs politikan\u00ebt ulqinak dhe qeverin e Malit te Zi p\u00ebr Ulqinin - Lajme nga Ulqini","isPartOf":{"@id":"https:\/\/www.visit-ulcinj.com\/blog\/#website"},"primaryImageOfPage":{"@id":"https:\/\/www.visit-ulcinj.com\/blog\/2016\/02\/01\/bajraktari-ben-pergjegjes-politikanet-ulqinak-dhe-qeverin-e-malit-te-zi-per-ulqinin\/#primaryimage"},"datePublished":"2016-02-01T16:45:01+00:00","dateModified":"2016-02-01T16:45:01+00:00","author":{"@id":"https:\/\/www.visit-ulcinj.com\/blog\/#\/schema\/person\/dcab619c614d3038751c63bc2aadc06d"},"description":"\u00cbsht\u00eb e pashpjegueshme p\u00ebr ne nga K\u00ebshilli komunal i URA-s\u00eb q\u00eb deputet\u00ebt dhe partit\u00eb me seli n\u00eb Ulqin, n\u00eb vitin zgjedhor, sakt\u00ebsisht n\u00eb p\u00ebrfundim t\u00eb","breadcrumb":{"@id":"https:\/\/www.visit-ulcinj.com\/blog\/2016\/02\/01\/bajraktari-ben-pergjegjes-politikanet-ulqinak-dhe-qeverin-e-malit-te-zi-per-ulqinin\/#breadcrumb"},"inLanguage":"en-US","potentialAction":[{"@type":"ReadAction","target":["https:\/\/www.visit-ulcinj.com\/blog\/2016\/02\/01\/bajraktari-ben-pergjegjes-politikanet-ulqinak-dhe-qeverin-e-malit-te-zi-per-ulqinin\/"]}]},{"@type":"BreadcrumbList","@id":"https:\/\/www.visit-ulcinj.com\/blog\/2016\/02\/01\/bajraktari-ben-pergjegjes-politikanet-ulqinak-dhe-qeverin-e-malit-te-zi-per-ulqinin\/#breadcrumb","itemListElement":[{"@type":"ListItem","position":1,"name":"Bajraktari b\u00ebn p\u00ebrgjegj\u00ebs politikan\u00ebt ulqinak dhe qeverin e Malit te Zi p\u00ebr Ulqinin"}]},{"@type":"Person","@id":"https:\/\/www.visit-ulcinj.com\/blog\/#\/schema\/person\/dcab619c614d3038751c63bc2aadc06d","name":"ulqini","sameAs":["http:\/\/www.visit-ulcinj.com"],"url":"https:\/\/www.visit-ulcinj.com\/blog\/author\/admin\/"}]}},"jetpack_featured_media_url":"","jetpack_sharing_enabled":true,"jetpack_shortlink":"https:\/\/wp.me\/pe6lTn-owP","_links":{"self":[{"href":"https:\/\/www.visit-ulcinj.com\/blog\/wp-json\/wp\/v2\/posts\/94291"}],"collection":[{"href":"https:\/\/www.visit-ulcinj.com\/blog\/wp-json\/wp\/v2\/posts"}],"about":[{"href":"https:\/\/www.visit-ulcinj.com\/blog\/wp-json\/wp\/v2\/types\/post"}],"author":[{"embeddable":true,"href":"https:\/\/www.visit-ulcinj.com\/blog\/wp-json\/wp\/v2\/users\/1"}],"replies":[{"embeddable":true,"href":"https:\/\/www.visit-ulcinj.com\/blog\/wp-json\/wp\/v2\/comments?post=94291"}],"version-history":[{"count":1,"href":"https:\/\/www.visit-ulcinj.com\/blog\/wp-json\/wp\/v2\/posts\/94291\/revisions"}],"predecessor-version":[{"id":94293,"href":"https:\/\/www.visit-ulcinj.com\/blog\/wp-json\/wp\/v2\/posts\/94291\/revisions\/94293"}],"wp:attachment":[{"href":"https:\/\/www.visit-ulcinj.com\/blog\/wp-json\/wp\/v2\/media?parent=94291"}],"wp:term":[{"taxonomy":"category","embeddable":true,"href":"https:\/\/www.visit-ulcinj.com\/blog\/wp-json\/wp\/v2\/categories?post=94291"},{"taxonomy":"post_tag","embeddable":true,"href":"https:\/\/www.visit-ulcinj.com\/blog\/wp-json\/wp\/v2\/tags?post=94291"}],"curies":[{"name":"wp","href":"https:\/\/api.w.org\/{rel}","templated":true}]}}