{"id":94294,"date":"2016-02-01T18:04:22","date_gmt":"2016-02-01T17:04:22","guid":{"rendered":"http:\/\/www.visit-ulcinj.com\/blog\/?p=94294"},"modified":"2016-02-01T18:04:22","modified_gmt":"2016-02-01T17:04:22","slug":"green-home-puset-e-naftes-ne-ulqin-rrezikojn-banoret-dhe-zonen-bregdetare","status":"publish","type":"post","link":"https:\/\/www.visit-ulcinj.com\/blog\/2016\/02\/01\/green-home-puset-e-naftes-ne-ulqin-rrezikojn-banoret-dhe-zonen-bregdetare\/","title":{"rendered":"Green Home: Puset e naft\u00ebs n\u00eb Ulqin rrezikojn banor\u00ebt dhe zon\u00ebn bregdetare"},"content":{"rendered":"<p><a href=\"http:\/\/www.visit-ulcinj.com\/blog\/wp-content\/uploads\/2012\/10\/reg-naftna-platforma.jpg\"><img loading=\"lazy\" class=\"alignleft wp-image-64489\" src=\"http:\/\/www.visit-ulcinj.com\/blog\/wp-content\/uploads\/2012\/10\/reg-naftna-platforma.jpg\" alt=\"reg-naftna-platforma\" width=\"508\" height=\"263\" srcset=\"https:\/\/www.visit-ulcinj.com\/blog\/wp-content\/uploads\/2012\/10\/reg-naftna-platforma.jpg 800w, https:\/\/www.visit-ulcinj.com\/blog\/wp-content\/uploads\/2012\/10\/reg-naftna-platforma-300x155.jpg 300w\" sizes=\"(max-width: 508px) 100vw, 508px\" \/><\/a>\u201cShqyrtimi publik p\u00ebr Draftin e studimit t\u00eb vler\u00ebsimit strategjik t\u00eb ndikimit t\u00eb hulumtimit t\u00eb naft\u00ebs dhe gazit n\u00eb n\u00ebndet \u00ebsht\u00eb n\u00eb vijim, por informimi i mir\u00eb p\u00ebr pasojat e ndikimit n\u00eb mjedisin jet\u00ebsor dhe cil\u00ebsin\u00eb e jet\u00ebs s\u00eb qytetar\u00ebve nuk po b\u00ebhet. Grupet m\u00eb t\u00eb ndjeshme akoma nuk jan\u00eb t\u00eb njoftuara me pasojat elementare t\u00eb cilat hulumtimi i naft\u00ebs dhe gazit i sjell me vete. Nd\u00ebrsa pasojat akute jan\u00eb t\u00eb shumta dhe n\u00ebnkuptojn\u00eb prej devastimit t\u00eb fondit t\u00eb peshqve e deri tek turizmi si deg\u00eb ky\u00e7e ekonomike\u201d, thuhet n\u00eb kumtes\u00ebn e OJQ Green Home.<\/p>\n<p>Si\u00e7 shtohet, k\u00ebt\u00eb projekt duhet ndalur plot\u00ebsisht dhe t\u00eb ndalohet hulumtimi i m\u00ebtejm\u00eb i naft\u00ebs dhe gazit nga n\u00ebndeti.<\/p>\n<p>\u201cProjekti rrezikon t\u00eb shkat\u00ebrroj\u00eb t\u00eb mir\u00ebn natyrore ky\u00e7e n\u00eb t\u00eb cil\u00ebn me dekada \u00ebsht\u00eb bazuar zhvillimi i Malit t\u00eb Zi dhe n\u00eb m\u00ebnyr\u00eb t\u00eb drejtp\u00ebrdrejt rrezikon kategorin\u00eb Kushtetuese t\u00eb s\u00eb drejt\u00ebs p\u00ebr mjedis t\u00eb sh\u00ebndetsh\u00ebm dhe t\u00eb mbrojtur natyror t\u00eb qytetar\u00ebve dhe shtetit ekologjik\u201d, p\u00ebrfundojn\u00eb nga kjo organizat\u00eb.<\/p>\n<p>Ul.info<\/p>\n","protected":false},"excerpt":{"rendered":"<p>\u201cShqyrtimi publik p\u00ebr Draftin e studimit t\u00eb vler\u00ebsimit strategjik t\u00eb ndikimit t\u00eb hulumtimit t\u00eb naft\u00ebs dhe gazit n\u00eb n\u00ebndet \u00ebsht\u00eb n\u00eb vijim, por informimi i mir\u00eb p\u00ebr pasojat e ndikimit n\u00eb mjedisin jet\u00ebsor dhe cil\u00ebsin\u00eb e jet\u00ebs s\u00eb qytetar\u00ebve nuk po b\u00ebhet. Grupet m\u00eb t\u00eb ndjeshme akoma nuk jan\u00eb t\u00eb njoftuara me pasojat elementare t\u00eb [&hellip;]<\/p>\n","protected":false},"author":1,"featured_media":0,"comment_status":"closed","ping_status":"closed","sticky":false,"template":"","format":"standard","meta":{"spay_email":"","jetpack_publicize_message":"","jetpack_is_tweetstorm":false,"jetpack_publicize_feature_enabled":true},"categories":[12],"tags":[],"jetpack_publicize_connections":[],"yoast_head":"<!-- This site is optimized with the Yoast SEO plugin v19.1 - https:\/\/yoast.com\/wordpress\/plugins\/seo\/ -->\n<title>Green Home: Puset e naft\u00ebs n\u00eb Ulqin rrezikojn banor\u00ebt dhe zon\u00ebn bregdetare - Lajme nga Ulqini<\/title>\n<meta name=\"description\" content=\"\u201cShqyrtimi publik p\u00ebr Draftin e studimit t\u00eb vler\u00ebsimit strategjik t\u00eb ndikimit t\u00eb hulumtimit t\u00eb naft\u00ebs dhe gazit n\u00eb n\u00ebndet \u00ebsht\u00eb n\u00eb vijim, por informimi i\" \/>\n<meta name=\"robots\" content=\"index, follow, max-snippet:-1, max-image-preview:large, max-video-preview:-1\" \/>\n<link rel=\"canonical\" href=\"https:\/\/www.visit-ulcinj.com\/blog\/2016\/02\/01\/green-home-puset-e-naftes-ne-ulqin-rrezikojn-banoret-dhe-zonen-bregdetare\/\" \/>\n<meta property=\"og:locale\" content=\"en_US\" \/>\n<meta property=\"og:type\" content=\"article\" \/>\n<meta property=\"og:title\" content=\"Green Home: Puset e naft\u00ebs n\u00eb Ulqin rrezikojn banor\u00ebt dhe zon\u00ebn bregdetare - Lajme nga Ulqini\" \/>\n<meta property=\"og:description\" content=\"\u201cShqyrtimi publik p\u00ebr Draftin e studimit t\u00eb vler\u00ebsimit strategjik t\u00eb ndikimit t\u00eb hulumtimit t\u00eb naft\u00ebs dhe gazit n\u00eb n\u00ebndet \u00ebsht\u00eb n\u00eb vijim, por informimi i\" \/>\n<meta property=\"og:url\" content=\"https:\/\/www.visit-ulcinj.com\/blog\/2016\/02\/01\/green-home-puset-e-naftes-ne-ulqin-rrezikojn-banoret-dhe-zonen-bregdetare\/\" \/>\n<meta property=\"og:site_name\" content=\"Lajme nga Ulqini\" \/>\n<meta property=\"article:published_time\" content=\"2016-02-01T17:04:22+00:00\" \/>\n<meta property=\"og:image\" content=\"http:\/\/www.visit-ulcinj.com\/blog\/wp-content\/uploads\/2012\/10\/reg-naftna-platforma.jpg\" \/>\n<meta name=\"twitter:label1\" content=\"Written by\" \/>\n\t<meta name=\"twitter:data1\" content=\"ulqini\" \/>\n\t<meta name=\"twitter:label2\" content=\"Est. reading time\" \/>\n\t<meta name=\"twitter:data2\" content=\"1 minute\" \/>\n<script type=\"application\/ld+json\" class=\"yoast-schema-graph\">{\"@context\":\"https:\/\/schema.org\",\"@graph\":[{\"@type\":\"WebSite\",\"@id\":\"https:\/\/www.visit-ulcinj.com\/blog\/#website\",\"url\":\"https:\/\/www.visit-ulcinj.com\/blog\/\",\"name\":\"Lajme nga Ulqini\",\"description\":\"Lajme,Vijesti,Ulqini,Ulqin,Crna Gora,Mali i Zi\",\"potentialAction\":[{\"@type\":\"SearchAction\",\"target\":{\"@type\":\"EntryPoint\",\"urlTemplate\":\"https:\/\/www.visit-ulcinj.com\/blog\/?s={search_term_string}\"},\"query-input\":\"required name=search_term_string\"}],\"inLanguage\":\"en-US\"},{\"@type\":\"ImageObject\",\"inLanguage\":\"en-US\",\"@id\":\"https:\/\/www.visit-ulcinj.com\/blog\/2016\/02\/01\/green-home-puset-e-naftes-ne-ulqin-rrezikojn-banoret-dhe-zonen-bregdetare\/#primaryimage\",\"url\":\"https:\/\/www.visit-ulcinj.com\/blog\/wp-content\/uploads\/2012\/10\/reg-naftna-platforma.jpg\",\"contentUrl\":\"https:\/\/www.visit-ulcinj.com\/blog\/wp-content\/uploads\/2012\/10\/reg-naftna-platforma.jpg\",\"width\":\"800\",\"height\":\"414\"},{\"@type\":\"WebPage\",\"@id\":\"https:\/\/www.visit-ulcinj.com\/blog\/2016\/02\/01\/green-home-puset-e-naftes-ne-ulqin-rrezikojn-banoret-dhe-zonen-bregdetare\/#webpage\",\"url\":\"https:\/\/www.visit-ulcinj.com\/blog\/2016\/02\/01\/green-home-puset-e-naftes-ne-ulqin-rrezikojn-banoret-dhe-zonen-bregdetare\/\",\"name\":\"Green Home: Puset e naft\u00ebs n\u00eb Ulqin rrezikojn banor\u00ebt dhe zon\u00ebn bregdetare - Lajme nga Ulqini\",\"isPartOf\":{\"@id\":\"https:\/\/www.visit-ulcinj.com\/blog\/#website\"},\"primaryImageOfPage\":{\"@id\":\"https:\/\/www.visit-ulcinj.com\/blog\/2016\/02\/01\/green-home-puset-e-naftes-ne-ulqin-rrezikojn-banoret-dhe-zonen-bregdetare\/#primaryimage\"},\"datePublished\":\"2016-02-01T17:04:22+00:00\",\"dateModified\":\"2016-02-01T17:04:22+00:00\",\"author\":{\"@id\":\"https:\/\/www.visit-ulcinj.com\/blog\/#\/schema\/person\/dcab619c614d3038751c63bc2aadc06d\"},\"description\":\"\u201cShqyrtimi publik p\u00ebr Draftin e studimit t\u00eb vler\u00ebsimit strategjik t\u00eb ndikimit t\u00eb hulumtimit t\u00eb naft\u00ebs dhe gazit n\u00eb n\u00ebndet \u00ebsht\u00eb n\u00eb vijim, por informimi i\",\"breadcrumb\":{\"@id\":\"https:\/\/www.visit-ulcinj.com\/blog\/2016\/02\/01\/green-home-puset-e-naftes-ne-ulqin-rrezikojn-banoret-dhe-zonen-bregdetare\/#breadcrumb\"},\"inLanguage\":\"en-US\",\"potentialAction\":[{\"@type\":\"ReadAction\",\"target\":[\"https:\/\/www.visit-ulcinj.com\/blog\/2016\/02\/01\/green-home-puset-e-naftes-ne-ulqin-rrezikojn-banoret-dhe-zonen-bregdetare\/\"]}]},{\"@type\":\"BreadcrumbList\",\"@id\":\"https:\/\/www.visit-ulcinj.com\/blog\/2016\/02\/01\/green-home-puset-e-naftes-ne-ulqin-rrezikojn-banoret-dhe-zonen-bregdetare\/#breadcrumb\",\"itemListElement\":[{\"@type\":\"ListItem\",\"position\":1,\"name\":\"Green Home: Puset e naft\u00ebs n\u00eb Ulqin rrezikojn banor\u00ebt dhe zon\u00ebn bregdetare\"}]},{\"@type\":\"Person\",\"@id\":\"https:\/\/www.visit-ulcinj.com\/blog\/#\/schema\/person\/dcab619c614d3038751c63bc2aadc06d\",\"name\":\"ulqini\",\"sameAs\":[\"http:\/\/www.visit-ulcinj.com\"],\"url\":\"https:\/\/www.visit-ulcinj.com\/blog\/author\/admin\/\"}]}<\/script>\n<!-- \/ Yoast SEO plugin. -->","yoast_head_json":{"title":"Green Home: Puset e naft\u00ebs n\u00eb Ulqin rrezikojn banor\u00ebt dhe zon\u00ebn bregdetare - Lajme nga Ulqini","description":"\u201cShqyrtimi publik p\u00ebr Draftin e studimit t\u00eb vler\u00ebsimit strategjik t\u00eb ndikimit t\u00eb hulumtimit t\u00eb naft\u00ebs dhe gazit n\u00eb n\u00ebndet \u00ebsht\u00eb n\u00eb vijim, por informimi i","robots":{"index":"index","follow":"follow","max-snippet":"max-snippet:-1","max-image-preview":"max-image-preview:large","max-video-preview":"max-video-preview:-1"},"canonical":"https:\/\/www.visit-ulcinj.com\/blog\/2016\/02\/01\/green-home-puset-e-naftes-ne-ulqin-rrezikojn-banoret-dhe-zonen-bregdetare\/","og_locale":"en_US","og_type":"article","og_title":"Green Home: Puset e naft\u00ebs n\u00eb Ulqin rrezikojn banor\u00ebt dhe zon\u00ebn bregdetare - Lajme nga Ulqini","og_description":"\u201cShqyrtimi publik p\u00ebr Draftin e studimit t\u00eb vler\u00ebsimit strategjik t\u00eb ndikimit t\u00eb hulumtimit t\u00eb naft\u00ebs dhe gazit n\u00eb n\u00ebndet \u00ebsht\u00eb n\u00eb vijim, por informimi i","og_url":"https:\/\/www.visit-ulcinj.com\/blog\/2016\/02\/01\/green-home-puset-e-naftes-ne-ulqin-rrezikojn-banoret-dhe-zonen-bregdetare\/","og_site_name":"Lajme nga Ulqini","article_published_time":"2016-02-01T17:04:22+00:00","og_image":[{"url":"http:\/\/www.visit-ulcinj.com\/blog\/wp-content\/uploads\/2012\/10\/reg-naftna-platforma.jpg"}],"twitter_misc":{"Written by":"ulqini","Est. reading time":"1 minute"},"schema":{"@context":"https:\/\/schema.org","@graph":[{"@type":"WebSite","@id":"https:\/\/www.visit-ulcinj.com\/blog\/#website","url":"https:\/\/www.visit-ulcinj.com\/blog\/","name":"Lajme nga Ulqini","description":"Lajme,Vijesti,Ulqini,Ulqin,Crna Gora,Mali i Zi","potentialAction":[{"@type":"SearchAction","target":{"@type":"EntryPoint","urlTemplate":"https:\/\/www.visit-ulcinj.com\/blog\/?s={search_term_string}"},"query-input":"required name=search_term_string"}],"inLanguage":"en-US"},{"@type":"ImageObject","inLanguage":"en-US","@id":"https:\/\/www.visit-ulcinj.com\/blog\/2016\/02\/01\/green-home-puset-e-naftes-ne-ulqin-rrezikojn-banoret-dhe-zonen-bregdetare\/#primaryimage","url":"https:\/\/www.visit-ulcinj.com\/blog\/wp-content\/uploads\/2012\/10\/reg-naftna-platforma.jpg","contentUrl":"https:\/\/www.visit-ulcinj.com\/blog\/wp-content\/uploads\/2012\/10\/reg-naftna-platforma.jpg","width":"800","height":"414"},{"@type":"WebPage","@id":"https:\/\/www.visit-ulcinj.com\/blog\/2016\/02\/01\/green-home-puset-e-naftes-ne-ulqin-rrezikojn-banoret-dhe-zonen-bregdetare\/#webpage","url":"https:\/\/www.visit-ulcinj.com\/blog\/2016\/02\/01\/green-home-puset-e-naftes-ne-ulqin-rrezikojn-banoret-dhe-zonen-bregdetare\/","name":"Green Home: Puset e naft\u00ebs n\u00eb Ulqin rrezikojn banor\u00ebt dhe zon\u00ebn bregdetare - Lajme nga Ulqini","isPartOf":{"@id":"https:\/\/www.visit-ulcinj.com\/blog\/#website"},"primaryImageOfPage":{"@id":"https:\/\/www.visit-ulcinj.com\/blog\/2016\/02\/01\/green-home-puset-e-naftes-ne-ulqin-rrezikojn-banoret-dhe-zonen-bregdetare\/#primaryimage"},"datePublished":"2016-02-01T17:04:22+00:00","dateModified":"2016-02-01T17:04:22+00:00","author":{"@id":"https:\/\/www.visit-ulcinj.com\/blog\/#\/schema\/person\/dcab619c614d3038751c63bc2aadc06d"},"description":"\u201cShqyrtimi publik p\u00ebr Draftin e studimit t\u00eb vler\u00ebsimit strategjik t\u00eb ndikimit t\u00eb hulumtimit t\u00eb naft\u00ebs dhe gazit n\u00eb n\u00ebndet \u00ebsht\u00eb n\u00eb vijim, por informimi i","breadcrumb":{"@id":"https:\/\/www.visit-ulcinj.com\/blog\/2016\/02\/01\/green-home-puset-e-naftes-ne-ulqin-rrezikojn-banoret-dhe-zonen-bregdetare\/#breadcrumb"},"inLanguage":"en-US","potentialAction":[{"@type":"ReadAction","target":["https:\/\/www.visit-ulcinj.com\/blog\/2016\/02\/01\/green-home-puset-e-naftes-ne-ulqin-rrezikojn-banoret-dhe-zonen-bregdetare\/"]}]},{"@type":"BreadcrumbList","@id":"https:\/\/www.visit-ulcinj.com\/blog\/2016\/02\/01\/green-home-puset-e-naftes-ne-ulqin-rrezikojn-banoret-dhe-zonen-bregdetare\/#breadcrumb","itemListElement":[{"@type":"ListItem","position":1,"name":"Green Home: Puset e naft\u00ebs n\u00eb Ulqin rrezikojn banor\u00ebt dhe zon\u00ebn bregdetare"}]},{"@type":"Person","@id":"https:\/\/www.visit-ulcinj.com\/blog\/#\/schema\/person\/dcab619c614d3038751c63bc2aadc06d","name":"ulqini","sameAs":["http:\/\/www.visit-ulcinj.com"],"url":"https:\/\/www.visit-ulcinj.com\/blog\/author\/admin\/"}]}},"jetpack_featured_media_url":"","jetpack_sharing_enabled":true,"jetpack_shortlink":"https:\/\/wp.me\/pe6lTn-owS","_links":{"self":[{"href":"https:\/\/www.visit-ulcinj.com\/blog\/wp-json\/wp\/v2\/posts\/94294"}],"collection":[{"href":"https:\/\/www.visit-ulcinj.com\/blog\/wp-json\/wp\/v2\/posts"}],"about":[{"href":"https:\/\/www.visit-ulcinj.com\/blog\/wp-json\/wp\/v2\/types\/post"}],"author":[{"embeddable":true,"href":"https:\/\/www.visit-ulcinj.com\/blog\/wp-json\/wp\/v2\/users\/1"}],"replies":[{"embeddable":true,"href":"https:\/\/www.visit-ulcinj.com\/blog\/wp-json\/wp\/v2\/comments?post=94294"}],"version-history":[{"count":1,"href":"https:\/\/www.visit-ulcinj.com\/blog\/wp-json\/wp\/v2\/posts\/94294\/revisions"}],"predecessor-version":[{"id":94295,"href":"https:\/\/www.visit-ulcinj.com\/blog\/wp-json\/wp\/v2\/posts\/94294\/revisions\/94295"}],"wp:attachment":[{"href":"https:\/\/www.visit-ulcinj.com\/blog\/wp-json\/wp\/v2\/media?parent=94294"}],"wp:term":[{"taxonomy":"category","embeddable":true,"href":"https:\/\/www.visit-ulcinj.com\/blog\/wp-json\/wp\/v2\/categories?post=94294"},{"taxonomy":"post_tag","embeddable":true,"href":"https:\/\/www.visit-ulcinj.com\/blog\/wp-json\/wp\/v2\/tags?post=94294"}],"curies":[{"name":"wp","href":"https:\/\/api.w.org\/{rel}","templated":true}]}}